{"id":73059,"date":"2026-02-28T12:33:59","date_gmt":"2026-02-28T10:33:59","guid":{"rendered":"https:\/\/lesvolcansnews.net\/?p=73059"},"modified":"2026-02-28T12:35:00","modified_gmt":"2026-02-28T10:35:00","slug":"73059-2","status":"publish","type":"post","link":"https:\/\/lesvolcansnews.net\/?p=73059","title":{"rendered":"Tensions au Moyen-Orient : l\u2019Iran riposte aux frappes isra\u00e9lo-am\u00e9ricaines, plusieurs cibles touch\u00e9es"},"content":{"rendered":"<p><strong>T\u00e9h\u00e9ran a annonc\u00e9 samedi 28 f\u00e9vrier une riposte \u00ab ferme \u00bb apr\u00e8s des frappes am\u00e9ricaines et isra\u00e9liennes sur son territoire, marquant une escalade majeure au Moyen-Orient, ont indiqu\u00e9 les m\u00e9dias internationaux.<\/strong><\/p>\n<p>Selon le Corps des Gardiens de la R\u00e9volution, \u00ab la premi\u00e8re vague d\u2019attaques massives de missiles et de drones lanc\u00e9es par la R\u00e9publique islamique d\u2019Iran contre les territoires occup\u00e9s a commenc\u00e9 \u00bb.<\/p>\n<p>Le pr\u00e9sident am\u00e9ricain Donald Trump a annonc\u00e9 que les \u00c9tats-Unis avaient lanc\u00e9 des \u00ab op\u00e9rations de combat majeures \u00bb contre l\u2019Iran dans le cadre d\u2019une action conjointe avec Isra\u00ebl, selon des m\u00e9dias am\u00e9ricains. En r\u00e9ponse, l\u2019arm\u00e9e isra\u00e9lienne a d\u00e9clar\u00e9 avoir d\u00e9tect\u00e9 des tirs de missiles en provenance d\u2019Iran.<\/p>\n<p>Le minist\u00e8re isra\u00e9lien de la D\u00e9fense a pr\u00e9venu que \u00ab une attaque de missiles et de drones contre l\u2019\u00c9tat d\u2019Isra\u00ebl et sa population civile est attendue dans un avenir imm\u00e9diat \u00bb et a instaur\u00e9 un \u00ab \u00e9tat d\u2019urgence sp\u00e9cial et imm\u00e9diat \u00bb dans tout le pays. Des explosions ont \u00e9t\u00e9 entendues \u00e0 J\u00e9rusalem, o\u00f9 les sir\u00e8nes d\u2019alerte retentissaient et les habitants ont re\u00e7u des notifications sur leurs t\u00e9l\u00e9phones indiquant une \u00ab alerte extr\u00eamement grave \u00bb.<\/p>\n<p>Plus t\u00f4t dans la journ\u00e9e, le minist\u00e8re isra\u00e9lien de la D\u00e9fense avait d\u00e9clar\u00e9 avoir lanc\u00e9 une \u00ab frappe pr\u00e9ventive \u00bb contre l\u2019Iran, alors que les tensions sur le programme nucl\u00e9aire iranien restent vives.<\/p>\n<p>\u00c0 T\u00e9h\u00e9ran, deux fortes d\u00e9tonations ont \u00e9t\u00e9 entendues par des journalistes de l\u2019AFP, accompagn\u00e9es de panaches de fum\u00e9e dans le centre et l\u2019est de la capitale. Des explosions ont \u00e9galement \u00e9t\u00e9 signal\u00e9es \u00e0 Ispahan et dans d\u2019autres villes iraniennes.<\/p>\n<p>La situation a provoqu\u00e9 des secousses diplomatiques internationales. Le gouvernement britannique a d\u00e9clar\u00e9 ne pas vouloir \u00ab voir la situation s\u2019aggraver et d\u00e9g\u00e9n\u00e9rer en un conflit r\u00e9gional plus large \u00bb, ajoutant : \u00ab Nous disposons d&#8217;une s\u00e9rie de capacit\u00e9s d\u00e9fensives dans la r\u00e9gion que nous avons r\u00e9cemment renforc\u00e9es. Nous sommes pr\u00eats \u00e0 prot\u00e9ger nos int\u00e9r\u00eats et la s\u00e9curit\u00e9 de nos ressortissants est notre priorit\u00e9. \u00bb<\/p>\n<p>Le minist\u00e8re iranien des Affaires \u00e9trang\u00e8res a soulign\u00e9 que \u00ab les forces arm\u00e9es de la R\u00e9publique islamique r\u00e9pondront fermement aux agresseurs \u00bb et que T\u00e9h\u00e9ran avait fait \u00ab tout le n\u00e9cessaire pour \u00e9viter la guerre \u00bb. Le communiqu\u00e9 a insist\u00e9 : \u00ab De m\u00eame que nous \u00e9tions pr\u00eats \u00e0 n\u00e9gocier, nous sommes aujourd&#8217;hui plus que jamais pr\u00e9par\u00e9s \u00e0 d\u00e9fendre la nation iranienne. \u00bb<\/p>\n<p>La crise a \u00e9galement touch\u00e9 d\u2019autres pays de la r\u00e9gion : des explosions ont \u00e9t\u00e9 entendues \u00e0 Ryad, en Arabie saoudite, alors que des bases am\u00e9ricaines \u00e0 Bahre\u00efn et au Qatar ont \u00e9t\u00e9 cibl\u00e9es. Cette escalade intervient quelques jours apr\u00e8s une troisi\u00e8me session de n\u00e9gociations sur le programme nucl\u00e9aire iranien, laissant planer un risque important de conflit r\u00e9gional.<\/p>\n<p>La R\u00e9daction<\/p>\n","protected":false},"excerpt":{"rendered":"<p>T\u00e9h\u00e9ran a annonc\u00e9 samedi 28 f\u00e9vrier une riposte \u00ab ferme \u00bb apr\u00e8s des frappes am\u00e9ricaines et isra\u00e9liennes sur son territoire, marquant une escalade majeure au Moyen-Orient, ont indiqu\u00e9 les m\u00e9dias<\/p>\n","protected":false},"author":14,"featured_media":73061,"comment_status":"open","ping_status":"open","sticky":false,"template":"","format":"standard","meta":{"footnotes":""},"categories":[1],"tags":[],"class_list":["post-73059","post","type-post","status-publish","format-standard","has-post-thumbnail","hentry","category-actualite"],"yoast_head":"<!-- This site is optimized with the Yoast SEO plugin v27.3 - https:\/\/yoast.com\/product\/yoast-seo-wordpress\/ -->\n<title>Tensions au Moyen-Orient : l\u2019Iran riposte aux frappes isra\u00e9lo-am\u00e9ricaines, plusieurs cibles touch\u00e9es - LES VOLCANS NEWS<\/title>\n<meta name=\"robots\" content=\"index, follow, max-snippet:-1, max-image-preview:large, max-video-preview:-1\" \/>\n<link rel=\"canonical\" href=\"https:\/\/lesvolcansnews.net\/?p=73059\" \/>\n<meta property=\"og:locale\" content=\"fr_FR\" \/>\n<meta property=\"og:type\" content=\"article\" \/>\n<meta property=\"og:title\" content=\"Tensions au Moyen-Orient : l\u2019Iran riposte aux frappes isra\u00e9lo-am\u00e9ricaines, plusieurs cibles touch\u00e9es - LES VOLCANS NEWS\" \/>\n<meta property=\"og:description\" content=\"T\u00e9h\u00e9ran a annonc\u00e9 samedi 28 f\u00e9vrier une riposte \u00ab ferme \u00bb apr\u00e8s des frappes am\u00e9ricaines et isra\u00e9liennes sur son territoire, marquant une escalade majeure au Moyen-Orient, ont indiqu\u00e9 les m\u00e9dias\" \/>\n<meta property=\"og:url\" content=\"https:\/\/lesvolcansnews.net\/?p=73059\" \/>\n<meta property=\"og:site_name\" content=\"LES VOLCANS NEWS\" \/>\n<meta property=\"article:published_time\" content=\"2026-02-28T10:33:59+00:00\" \/>\n<meta property=\"article:modified_time\" content=\"2026-02-28T10:35:00+00:00\" \/>\n<meta property=\"og:image\" content=\"https:\/\/lesvolcansnews.net\/wp-content\/uploads\/2026\/02\/FB_IMG_1772272618542.jpg\" \/>\n\t<meta property=\"og:image:width\" content=\"1024\" \/>\n\t<meta property=\"og:image:height\" content=\"720\" \/>\n\t<meta property=\"og:image:type\" content=\"image\/jpeg\" \/>\n<meta name=\"author\" content=\"R\u00e9daction - Les Volcans News\" \/>\n<meta name=\"twitter:card\" content=\"summary_large_image\" \/>\n<meta name=\"twitter:label1\" content=\"\u00c9crit par\" \/>\n\t<meta name=\"twitter:data1\" content=\"R\u00e9daction - Les Volcans News\" \/>\n\t<meta name=\"twitter:label2\" content=\"Dur\u00e9e de lecture estim\u00e9e\" \/>\n\t<meta name=\"twitter:data2\" content=\"3 minutes\" \/>\n<script type=\"application\/ld+json\" class=\"yoast-schema-graph\">{\"@context\":\"https:\\\/\\\/schema.org\",\"@graph\":[{\"@type\":\"Article\",\"@id\":\"https:\\\/\\\/lesvolcansnews.net\\\/?p=73059#article\",\"isPartOf\":{\"@id\":\"https:\\\/\\\/lesvolcansnews.net\\\/?p=73059\"},\"author\":{\"name\":\"R\u00e9daction - Les Volcans News\",\"@id\":\"https:\\\/\\\/lesvolcansnews.net\\\/#\\\/schema\\\/person\\\/82c8bed2e77879ecf6cca63441f57354\"},\"headline\":\"Tensions au Moyen-Orient : l\u2019Iran riposte aux frappes isra\u00e9lo-am\u00e9ricaines, plusieurs cibles touch\u00e9es\",\"datePublished\":\"2026-02-28T10:33:59+00:00\",\"dateModified\":\"2026-02-28T10:35:00+00:00\",\"mainEntityOfPage\":{\"@id\":\"https:\\\/\\\/lesvolcansnews.net\\\/?p=73059\"},\"wordCount\":534,\"commentCount\":0,\"image\":{\"@id\":\"https:\\\/\\\/lesvolcansnews.net\\\/?p=73059#primaryimage\"},\"thumbnailUrl\":\"https:\\\/\\\/lesvolcansnews.net\\\/wp-content\\\/uploads\\\/2026\\\/02\\\/FB_IMG_1772272618542.jpg\",\"articleSection\":[\"ACTUALIT\u00c9\"],\"inLanguage\":\"fr-FR\",\"potentialAction\":[{\"@type\":\"CommentAction\",\"name\":\"Comment\",\"target\":[\"https:\\\/\\\/lesvolcansnews.net\\\/?p=73059#respond\"]}]},{\"@type\":\"WebPage\",\"@id\":\"https:\\\/\\\/lesvolcansnews.net\\\/?p=73059\",\"url\":\"https:\\\/\\\/lesvolcansnews.net\\\/?p=73059\",\"name\":\"Tensions au Moyen-Orient : l\u2019Iran riposte aux frappes isra\u00e9lo-am\u00e9ricaines, plusieurs cibles touch\u00e9es - LES VOLCANS NEWS\",\"isPartOf\":{\"@id\":\"https:\\\/\\\/lesvolcansnews.net\\\/#website\"},\"primaryImageOfPage\":{\"@id\":\"https:\\\/\\\/lesvolcansnews.net\\\/?p=73059#primaryimage\"},\"image\":{\"@id\":\"https:\\\/\\\/lesvolcansnews.net\\\/?p=73059#primaryimage\"},\"thumbnailUrl\":\"https:\\\/\\\/lesvolcansnews.net\\\/wp-content\\\/uploads\\\/2026\\\/02\\\/FB_IMG_1772272618542.jpg\",\"datePublished\":\"2026-02-28T10:33:59+00:00\",\"dateModified\":\"2026-02-28T10:35:00+00:00\",\"author\":{\"@id\":\"https:\\\/\\\/lesvolcansnews.net\\\/#\\\/schema\\\/person\\\/82c8bed2e77879ecf6cca63441f57354\"},\"breadcrumb\":{\"@id\":\"https:\\\/\\\/lesvolcansnews.net\\\/?p=73059#breadcrumb\"},\"inLanguage\":\"fr-FR\",\"potentialAction\":[{\"@type\":\"ReadAction\",\"target\":[\"https:\\\/\\\/lesvolcansnews.net\\\/?p=73059\"]}]},{\"@type\":\"ImageObject\",\"inLanguage\":\"fr-FR\",\"@id\":\"https:\\\/\\\/lesvolcansnews.net\\\/?p=73059#primaryimage\",\"url\":\"https:\\\/\\\/lesvolcansnews.net\\\/wp-content\\\/uploads\\\/2026\\\/02\\\/FB_IMG_1772272618542.jpg\",\"contentUrl\":\"https:\\\/\\\/lesvolcansnews.net\\\/wp-content\\\/uploads\\\/2026\\\/02\\\/FB_IMG_1772272618542.jpg\",\"width\":1024,\"height\":720},{\"@type\":\"BreadcrumbList\",\"@id\":\"https:\\\/\\\/lesvolcansnews.net\\\/?p=73059#breadcrumb\",\"itemListElement\":[{\"@type\":\"ListItem\",\"position\":1,\"name\":\"Accueil\",\"item\":\"https:\\\/\\\/lesvolcansnews.net\\\/\"},{\"@type\":\"ListItem\",\"position\":2,\"name\":\"Tensions au Moyen-Orient : l\u2019Iran riposte aux frappes isra\u00e9lo-am\u00e9ricaines, plusieurs cibles touch\u00e9es\"}]},{\"@type\":\"WebSite\",\"@id\":\"https:\\\/\\\/lesvolcansnews.net\\\/#website\",\"url\":\"https:\\\/\\\/lesvolcansnews.net\\\/\",\"name\":\"LES VOLCANS NEWS\",\"description\":\"L&#039;INFORMATION C&#039;EST NOUS\",\"potentialAction\":[{\"@type\":\"SearchAction\",\"target\":{\"@type\":\"EntryPoint\",\"urlTemplate\":\"https:\\\/\\\/lesvolcansnews.net\\\/?s={search_term_string}\"},\"query-input\":{\"@type\":\"PropertyValueSpecification\",\"valueRequired\":true,\"valueName\":\"search_term_string\"}}],\"inLanguage\":\"fr-FR\"},{\"@type\":\"Person\",\"@id\":\"https:\\\/\\\/lesvolcansnews.net\\\/#\\\/schema\\\/person\\\/82c8bed2e77879ecf6cca63441f57354\",\"name\":\"R\u00e9daction - Les Volcans News\",\"image\":{\"@type\":\"ImageObject\",\"inLanguage\":\"fr-FR\",\"@id\":\"https:\\\/\\\/secure.gravatar.com\\\/avatar\\\/8408942dd851e8a9c09f3d382a661bc05d2b3cd9002139bc1795b9528cdc6c80?s=96&d=mm&r=g\",\"url\":\"https:\\\/\\\/secure.gravatar.com\\\/avatar\\\/8408942dd851e8a9c09f3d382a661bc05d2b3cd9002139bc1795b9528cdc6c80?s=96&d=mm&r=g\",\"contentUrl\":\"https:\\\/\\\/secure.gravatar.com\\\/avatar\\\/8408942dd851e8a9c09f3d382a661bc05d2b3cd9002139bc1795b9528cdc6c80?s=96&d=mm&r=g\",\"caption\":\"R\u00e9daction - Les Volcans News\"},\"url\":\"https:\\\/\\\/lesvolcansnews.net\\\/?author=14\"}]}<\/script>\n<!-- \/ Yoast SEO plugin. -->","yoast_head_json":{"title":"Tensions au Moyen-Orient : l\u2019Iran riposte aux frappes isra\u00e9lo-am\u00e9ricaines, plusieurs cibles touch\u00e9es - LES VOLCANS NEWS","robots":{"index":"index","follow":"follow","max-snippet":"max-snippet:-1","max-image-preview":"max-image-preview:large","max-video-preview":"max-video-preview:-1"},"canonical":"https:\/\/lesvolcansnews.net\/?p=73059","og_locale":"fr_FR","og_type":"article","og_title":"Tensions au Moyen-Orient : l\u2019Iran riposte aux frappes isra\u00e9lo-am\u00e9ricaines, plusieurs cibles touch\u00e9es - LES VOLCANS NEWS","og_description":"T\u00e9h\u00e9ran a annonc\u00e9 samedi 28 f\u00e9vrier une riposte \u00ab ferme \u00bb apr\u00e8s des frappes am\u00e9ricaines et isra\u00e9liennes sur son territoire, marquant une escalade majeure au Moyen-Orient, ont indiqu\u00e9 les m\u00e9dias","og_url":"https:\/\/lesvolcansnews.net\/?p=73059","og_site_name":"LES VOLCANS NEWS","article_published_time":"2026-02-28T10:33:59+00:00","article_modified_time":"2026-02-28T10:35:00+00:00","og_image":[{"width":1024,"height":720,"url":"https:\/\/lesvolcansnews.net\/wp-content\/uploads\/2026\/02\/FB_IMG_1772272618542.jpg","type":"image\/jpeg"}],"author":"R\u00e9daction - Les Volcans News","twitter_card":"summary_large_image","twitter_misc":{"\u00c9crit par":"R\u00e9daction - Les Volcans News","Dur\u00e9e de lecture estim\u00e9e":"3 minutes"},"schema":{"@context":"https:\/\/schema.org","@graph":[{"@type":"Article","@id":"https:\/\/lesvolcansnews.net\/?p=73059#article","isPartOf":{"@id":"https:\/\/lesvolcansnews.net\/?p=73059"},"author":{"name":"R\u00e9daction - Les Volcans News","@id":"https:\/\/lesvolcansnews.net\/#\/schema\/person\/82c8bed2e77879ecf6cca63441f57354"},"headline":"Tensions au Moyen-Orient : l\u2019Iran riposte aux frappes isra\u00e9lo-am\u00e9ricaines, plusieurs cibles touch\u00e9es","datePublished":"2026-02-28T10:33:59+00:00","dateModified":"2026-02-28T10:35:00+00:00","mainEntityOfPage":{"@id":"https:\/\/lesvolcansnews.net\/?p=73059"},"wordCount":534,"commentCount":0,"image":{"@id":"https:\/\/lesvolcansnews.net\/?p=73059#primaryimage"},"thumbnailUrl":"https:\/\/lesvolcansnews.net\/wp-content\/uploads\/2026\/02\/FB_IMG_1772272618542.jpg","articleSection":["ACTUALIT\u00c9"],"inLanguage":"fr-FR","potentialAction":[{"@type":"CommentAction","name":"Comment","target":["https:\/\/lesvolcansnews.net\/?p=73059#respond"]}]},{"@type":"WebPage","@id":"https:\/\/lesvolcansnews.net\/?p=73059","url":"https:\/\/lesvolcansnews.net\/?p=73059","name":"Tensions au Moyen-Orient : l\u2019Iran riposte aux frappes isra\u00e9lo-am\u00e9ricaines, plusieurs cibles touch\u00e9es - LES VOLCANS NEWS","isPartOf":{"@id":"https:\/\/lesvolcansnews.net\/#website"},"primaryImageOfPage":{"@id":"https:\/\/lesvolcansnews.net\/?p=73059#primaryimage"},"image":{"@id":"https:\/\/lesvolcansnews.net\/?p=73059#primaryimage"},"thumbnailUrl":"https:\/\/lesvolcansnews.net\/wp-content\/uploads\/2026\/02\/FB_IMG_1772272618542.jpg","datePublished":"2026-02-28T10:33:59+00:00","dateModified":"2026-02-28T10:35:00+00:00","author":{"@id":"https:\/\/lesvolcansnews.net\/#\/schema\/person\/82c8bed2e77879ecf6cca63441f57354"},"breadcrumb":{"@id":"https:\/\/lesvolcansnews.net\/?p=73059#breadcrumb"},"inLanguage":"fr-FR","potentialAction":[{"@type":"ReadAction","target":["https:\/\/lesvolcansnews.net\/?p=73059"]}]},{"@type":"ImageObject","inLanguage":"fr-FR","@id":"https:\/\/lesvolcansnews.net\/?p=73059#primaryimage","url":"https:\/\/lesvolcansnews.net\/wp-content\/uploads\/2026\/02\/FB_IMG_1772272618542.jpg","contentUrl":"https:\/\/lesvolcansnews.net\/wp-content\/uploads\/2026\/02\/FB_IMG_1772272618542.jpg","width":1024,"height":720},{"@type":"BreadcrumbList","@id":"https:\/\/lesvolcansnews.net\/?p=73059#breadcrumb","itemListElement":[{"@type":"ListItem","position":1,"name":"Accueil","item":"https:\/\/lesvolcansnews.net\/"},{"@type":"ListItem","position":2,"name":"Tensions au Moyen-Orient : l\u2019Iran riposte aux frappes isra\u00e9lo-am\u00e9ricaines, plusieurs cibles touch\u00e9es"}]},{"@type":"WebSite","@id":"https:\/\/lesvolcansnews.net\/#website","url":"https:\/\/lesvolcansnews.net\/","name":"LES VOLCANS NEWS","description":"L&#039;INFORMATION C&#039;EST NOUS","potentialAction":[{"@type":"SearchAction","target":{"@type":"EntryPoint","urlTemplate":"https:\/\/lesvolcansnews.net\/?s={search_term_string}"},"query-input":{"@type":"PropertyValueSpecification","valueRequired":true,"valueName":"search_term_string"}}],"inLanguage":"fr-FR"},{"@type":"Person","@id":"https:\/\/lesvolcansnews.net\/#\/schema\/person\/82c8bed2e77879ecf6cca63441f57354","name":"R\u00e9daction - Les Volcans News","image":{"@type":"ImageObject","inLanguage":"fr-FR","@id":"https:\/\/secure.gravatar.com\/avatar\/8408942dd851e8a9c09f3d382a661bc05d2b3cd9002139bc1795b9528cdc6c80?s=96&d=mm&r=g","url":"https:\/\/secure.gravatar.com\/avatar\/8408942dd851e8a9c09f3d382a661bc05d2b3cd9002139bc1795b9528cdc6c80?s=96&d=mm&r=g","contentUrl":"https:\/\/secure.gravatar.com\/avatar\/8408942dd851e8a9c09f3d382a661bc05d2b3cd9002139bc1795b9528cdc6c80?s=96&d=mm&r=g","caption":"R\u00e9daction - Les Volcans News"},"url":"https:\/\/lesvolcansnews.net\/?author=14"}]}},"_links":{"self":[{"href":"https:\/\/lesvolcansnews.net\/index.php?rest_route=\/wp\/v2\/posts\/73059","targetHints":{"allow":["GET"]}}],"collection":[{"href":"https:\/\/lesvolcansnews.net\/index.php?rest_route=\/wp\/v2\/posts"}],"about":[{"href":"https:\/\/lesvolcansnews.net\/index.php?rest_route=\/wp\/v2\/types\/post"}],"author":[{"embeddable":true,"href":"https:\/\/lesvolcansnews.net\/index.php?rest_route=\/wp\/v2\/users\/14"}],"replies":[{"embeddable":true,"href":"https:\/\/lesvolcansnews.net\/index.php?rest_route=%2Fwp%2Fv2%2Fcomments&post=73059"}],"version-history":[{"count":2,"href":"https:\/\/lesvolcansnews.net\/index.php?rest_route=\/wp\/v2\/posts\/73059\/revisions"}],"predecessor-version":[{"id":73063,"href":"https:\/\/lesvolcansnews.net\/index.php?rest_route=\/wp\/v2\/posts\/73059\/revisions\/73063"}],"wp:featuredmedia":[{"embeddable":true,"href":"https:\/\/lesvolcansnews.net\/index.php?rest_route=\/wp\/v2\/media\/73061"}],"wp:attachment":[{"href":"https:\/\/lesvolcansnews.net\/index.php?rest_route=%2Fwp%2Fv2%2Fmedia&parent=73059"}],"wp:term":[{"taxonomy":"category","embeddable":true,"href":"https:\/\/lesvolcansnews.net\/index.php?rest_route=%2Fwp%2Fv2%2Fcategories&post=73059"},{"taxonomy":"post_tag","embeddable":true,"href":"https:\/\/lesvolcansnews.net\/index.php?rest_route=%2Fwp%2Fv2%2Ftags&post=73059"}],"curies":[{"name":"wp","href":"https:\/\/api.w.org\/{rel}","templated":true}]}}