{"id":73033,"date":"2026-02-27T23:56:44","date_gmt":"2026-02-27T21:56:44","guid":{"rendered":"https:\/\/lesvolcansnews.net\/?p=73033"},"modified":"2026-02-27T23:56:44","modified_gmt":"2026-02-27T21:56:44","slug":"rdc-le-ministre-congolais-des-droits-humains-mobilise-la-diaspora-a-ottawa-et-appelle-a-des-sanctions-contre-kigali","status":"publish","type":"post","link":"https:\/\/lesvolcansnews.net\/?p=73033","title":{"rendered":"RDC : le ministre congolais des Droits humains mobilise la diaspora \u00e0 Ottawa et appelle \u00e0 des sanctions contre Kigali"},"content":{"rendered":"<p><strong>\u00a0Le ministre des Droits humains de la R\u00e9publique d\u00e9mocratique du Congo, Samuel Mbemba Kabuya, a rencontr\u00e9 jeudi 26 f\u00e9vrier la diaspora congolaise \u00e0 l\u2019ambassade de la RDC \u00e0 Ottawa afin de mobiliser un soutien international face \u00e0 la crise s\u00e9curitaire et humanitaire dans l\u2019Est du pays<\/strong>.<\/p>\n<p>Selon la publication du minist\u00e8re, cette rencontre s\u2019inscrit dans une offensive diplomatique visant \u00e0 sensibiliser l\u2019opinion internationale sur la situation dans les zones sous occupation et \u00e0 pr\u00e9parer le lancement d\u2019une s\u00e9rie d\u2019activit\u00e9s de grande envergure destin\u00e9es \u00e0 obtenir la reconnaissance des g\u00e9nocides commis contre les populations congolaises.<\/p>\n<p>Au cours des \u00e9changes, le ministre a pr\u00e9sent\u00e9 le rapport du gouvernement sur l\u2019\u00e9tat des droits humains dans les villes de Goma, Bukavu et leurs environs, \u00e9voquant notamment plus de 17 000 cas d\u2019atteintes \u00e0 la vie et \u00e0 l\u2019int\u00e9grit\u00e9 physique enregistr\u00e9s en une ann\u00e9e d\u2019occupation.<\/p>\n<p>\u00ab Le silence, dans le cas de la RDC, n\u2019est pas synonyme de neutralit\u00e9 mais de complicit\u00e9 \u00bb, a d\u00e9clar\u00e9 Samuel Mbemba devant les membres de la diaspora, les appelant \u00e0 jouer \u00ab un r\u00f4le actif dans la d\u00e9fense de la cause de la RDC \u00e0 l\u2019international \u00bb.<\/p>\n<p>Il a \u00e9galement exhort\u00e9 la communaut\u00e9 congolaise au Canada \u00e0 soutenir les efforts entrepris par le pr\u00e9sident F\u00e9lix Tshisekedi et le gouvernement dirig\u00e9 par la Premi\u00e8re ministre Judith Suminwa Tuluka.<\/p>\n<p>En marge du segment de haut niveau du Conseil des droits de l\u2019homme des Nations Unies, qui s\u2019est cl\u00f4tur\u00e9 le 25 mars \u00e0 Gen\u00e8ve, le ministre a pr\u00e9sent\u00e9 aux m\u00e9dias internationaux accr\u00e9dit\u00e9s aupr\u00e8s des Nations Unies le rapport publi\u00e9 le 21 f\u00e9vrier 2026 sur les exactions attribu\u00e9es au Rwanda et \u00e0 ses alli\u00e9s du M23 dans l\u2019Est de la RDC.<\/p>\n<p>Samuel Mbemba a appel\u00e9 la communaut\u00e9 internationale \u00e0 adopter des sanctions contre le pr\u00e9sident rwandais Paul Kagame, accusant Kigali de soutenir l\u2019occupation de territoires congolais.<\/p>\n<p>\u00ab Ce qui se passe aujourd\u2019hui d\u00e9passe l\u2019entendement. La communaut\u00e9 internationale doit agir \u00bb, a-t-il affirm\u00e9.<\/p>\n<p>Parmi les donn\u00e9es mises en avant par le minist\u00e8re figurent :<\/p>\n<ul>\n<li>Une femme viol\u00e9e toutes les quatre minutes, selon le rapport.<\/li>\n<li>17 015 atteintes \u00e0 la vie et \u00e0 l\u2019int\u00e9grit\u00e9 physique document\u00e9es en douze mois.<\/li>\n<li>Environ 7 millions de d\u00e9plac\u00e9s forc\u00e9s \u00e0 travers le pays.<\/li>\n<\/ul>\n<p>Le ministre a \u00e9galement d\u00e9nonc\u00e9 des pillages syst\u00e9matiques de minerais au Nord-Kivu et au Sud-Kivu, citant en particulier les mines de Rubaya, o\u00f9, selon lui, 30 000 exploitants artisanaux seraient contraints de produire chacun trois kilogrammes de coltan par jour au profit des forces d\u2019occupation.<\/p>\n<p>D\u2019apr\u00e8s les estimations avanc\u00e9es par le minist\u00e8re, ce syst\u00e8me repr\u00e9senterait un manque \u00e0 gagner de plus de deux milliards de dollars par an pour la RDC sur le seul site de Rubaya.<\/p>\n<p>Les autorit\u00e9s rwandaises n\u2019avaient pas r\u00e9agi dans l\u2019imm\u00e9diat \u00e0 ces accusations. Kigali a, par le pass\u00e9, rejet\u00e9 toute implication directe dans le conflit \u00e0 l\u2019Est de la RDC.<\/p>\n<p>La r\u00e9daction<\/p>\n","protected":false},"excerpt":{"rendered":"<p>\u00a0Le ministre des Droits humains de la R\u00e9publique d\u00e9mocratique du Congo, Samuel Mbemba Kabuya, a rencontr\u00e9 jeudi 26 f\u00e9vrier la diaspora congolaise \u00e0 l\u2019ambassade de la RDC \u00e0 Ottawa afin<\/p>\n","protected":false},"author":14,"featured_media":73034,"comment_status":"open","ping_status":"open","sticky":false,"template":"","format":"standard","meta":{"footnotes":""},"categories":[27],"tags":[],"class_list":["post-73033","post","type-post","status-publish","format-standard","has-post-thumbnail","hentry","category-politique"],"yoast_head":"<!-- This site is optimized with the Yoast SEO plugin v27.5 - https:\/\/yoast.com\/product\/yoast-seo-wordpress\/ -->\n<title>RDC : le ministre congolais des Droits humains mobilise la diaspora \u00e0 Ottawa et appelle \u00e0 des sanctions contre Kigali - LES VOLCANS NEWS<\/title>\n<meta name=\"robots\" content=\"index, follow, max-snippet:-1, max-image-preview:large, max-video-preview:-1\" \/>\n<link rel=\"canonical\" href=\"https:\/\/lesvolcansnews.net\/?p=73033\" \/>\n<meta property=\"og:locale\" content=\"fr_FR\" \/>\n<meta property=\"og:type\" content=\"article\" \/>\n<meta property=\"og:title\" content=\"RDC : le ministre congolais des Droits humains mobilise la diaspora \u00e0 Ottawa et appelle \u00e0 des sanctions contre Kigali - LES VOLCANS NEWS\" \/>\n<meta property=\"og:description\" content=\"\u00a0Le ministre des Droits humains de la R\u00e9publique d\u00e9mocratique du Congo, Samuel Mbemba Kabuya, a rencontr\u00e9 jeudi 26 f\u00e9vrier la diaspora congolaise \u00e0 l\u2019ambassade de la RDC \u00e0 Ottawa afin\" \/>\n<meta property=\"og:url\" content=\"https:\/\/lesvolcansnews.net\/?p=73033\" \/>\n<meta property=\"og:site_name\" content=\"LES VOLCANS NEWS\" \/>\n<meta property=\"article:published_time\" content=\"2026-02-27T21:56:44+00:00\" \/>\n<meta property=\"og:image\" content=\"https:\/\/lesvolcansnews.net\/wp-content\/uploads\/2026\/02\/20260227_225613.jpg\" \/>\n\t<meta property=\"og:image:width\" content=\"1080\" \/>\n\t<meta property=\"og:image:height\" content=\"720\" \/>\n\t<meta property=\"og:image:type\" content=\"image\/jpeg\" \/>\n<meta name=\"author\" content=\"R\u00e9daction - Les Volcans News\" \/>\n<meta name=\"twitter:card\" content=\"summary_large_image\" \/>\n<meta name=\"twitter:label1\" content=\"\u00c9crit par\" \/>\n\t<meta name=\"twitter:data1\" content=\"R\u00e9daction - Les Volcans News\" \/>\n\t<meta name=\"twitter:label2\" content=\"Dur\u00e9e de lecture estim\u00e9e\" \/>\n\t<meta name=\"twitter:data2\" content=\"3 minutes\" \/>\n<script type=\"application\/ld+json\" class=\"yoast-schema-graph\">{\"@context\":\"https:\\\/\\\/schema.org\",\"@graph\":[{\"@type\":\"Article\",\"@id\":\"https:\\\/\\\/lesvolcansnews.net\\\/?p=73033#article\",\"isPartOf\":{\"@id\":\"https:\\\/\\\/lesvolcansnews.net\\\/?p=73033\"},\"author\":{\"name\":\"R\u00e9daction - Les Volcans News\",\"@id\":\"https:\\\/\\\/lesvolcansnews.net\\\/#\\\/schema\\\/person\\\/82c8bed2e77879ecf6cca63441f57354\"},\"headline\":\"RDC : le ministre congolais des Droits humains mobilise la diaspora \u00e0 Ottawa et appelle \u00e0 des sanctions contre Kigali\",\"datePublished\":\"2026-02-27T21:56:44+00:00\",\"mainEntityOfPage\":{\"@id\":\"https:\\\/\\\/lesvolcansnews.net\\\/?p=73033\"},\"wordCount\":525,\"commentCount\":0,\"image\":{\"@id\":\"https:\\\/\\\/lesvolcansnews.net\\\/?p=73033#primaryimage\"},\"thumbnailUrl\":\"https:\\\/\\\/lesvolcansnews.net\\\/wp-content\\\/uploads\\\/2026\\\/02\\\/20260227_225613.jpg\",\"articleSection\":[\"POLITIQUE\"],\"inLanguage\":\"fr-FR\",\"potentialAction\":[{\"@type\":\"CommentAction\",\"name\":\"Comment\",\"target\":[\"https:\\\/\\\/lesvolcansnews.net\\\/?p=73033#respond\"]}]},{\"@type\":\"WebPage\",\"@id\":\"https:\\\/\\\/lesvolcansnews.net\\\/?p=73033\",\"url\":\"https:\\\/\\\/lesvolcansnews.net\\\/?p=73033\",\"name\":\"RDC : le ministre congolais des Droits humains mobilise la diaspora \u00e0 Ottawa et appelle \u00e0 des sanctions contre Kigali - LES VOLCANS NEWS\",\"isPartOf\":{\"@id\":\"https:\\\/\\\/lesvolcansnews.net\\\/#website\"},\"primaryImageOfPage\":{\"@id\":\"https:\\\/\\\/lesvolcansnews.net\\\/?p=73033#primaryimage\"},\"image\":{\"@id\":\"https:\\\/\\\/lesvolcansnews.net\\\/?p=73033#primaryimage\"},\"thumbnailUrl\":\"https:\\\/\\\/lesvolcansnews.net\\\/wp-content\\\/uploads\\\/2026\\\/02\\\/20260227_225613.jpg\",\"datePublished\":\"2026-02-27T21:56:44+00:00\",\"author\":{\"@id\":\"https:\\\/\\\/lesvolcansnews.net\\\/#\\\/schema\\\/person\\\/82c8bed2e77879ecf6cca63441f57354\"},\"breadcrumb\":{\"@id\":\"https:\\\/\\\/lesvolcansnews.net\\\/?p=73033#breadcrumb\"},\"inLanguage\":\"fr-FR\",\"potentialAction\":[{\"@type\":\"ReadAction\",\"target\":[\"https:\\\/\\\/lesvolcansnews.net\\\/?p=73033\"]}]},{\"@type\":\"ImageObject\",\"inLanguage\":\"fr-FR\",\"@id\":\"https:\\\/\\\/lesvolcansnews.net\\\/?p=73033#primaryimage\",\"url\":\"https:\\\/\\\/lesvolcansnews.net\\\/wp-content\\\/uploads\\\/2026\\\/02\\\/20260227_225613.jpg\",\"contentUrl\":\"https:\\\/\\\/lesvolcansnews.net\\\/wp-content\\\/uploads\\\/2026\\\/02\\\/20260227_225613.jpg\",\"width\":1080,\"height\":720},{\"@type\":\"BreadcrumbList\",\"@id\":\"https:\\\/\\\/lesvolcansnews.net\\\/?p=73033#breadcrumb\",\"itemListElement\":[{\"@type\":\"ListItem\",\"position\":1,\"name\":\"Accueil\",\"item\":\"https:\\\/\\\/lesvolcansnews.net\\\/\"},{\"@type\":\"ListItem\",\"position\":2,\"name\":\"RDC : le ministre congolais des Droits humains mobilise la diaspora \u00e0 Ottawa et appelle \u00e0 des sanctions contre Kigali\"}]},{\"@type\":\"WebSite\",\"@id\":\"https:\\\/\\\/lesvolcansnews.net\\\/#website\",\"url\":\"https:\\\/\\\/lesvolcansnews.net\\\/\",\"name\":\"LES VOLCANS NEWS\",\"description\":\"L&#039;INFORMATION C&#039;EST NOUS\",\"potentialAction\":[{\"@type\":\"SearchAction\",\"target\":{\"@type\":\"EntryPoint\",\"urlTemplate\":\"https:\\\/\\\/lesvolcansnews.net\\\/?s={search_term_string}\"},\"query-input\":{\"@type\":\"PropertyValueSpecification\",\"valueRequired\":true,\"valueName\":\"search_term_string\"}}],\"inLanguage\":\"fr-FR\"},{\"@type\":\"Person\",\"@id\":\"https:\\\/\\\/lesvolcansnews.net\\\/#\\\/schema\\\/person\\\/82c8bed2e77879ecf6cca63441f57354\",\"name\":\"R\u00e9daction - Les Volcans News\",\"image\":{\"@type\":\"ImageObject\",\"inLanguage\":\"fr-FR\",\"@id\":\"https:\\\/\\\/secure.gravatar.com\\\/avatar\\\/8408942dd851e8a9c09f3d382a661bc05d2b3cd9002139bc1795b9528cdc6c80?s=96&d=mm&r=g\",\"url\":\"https:\\\/\\\/secure.gravatar.com\\\/avatar\\\/8408942dd851e8a9c09f3d382a661bc05d2b3cd9002139bc1795b9528cdc6c80?s=96&d=mm&r=g\",\"contentUrl\":\"https:\\\/\\\/secure.gravatar.com\\\/avatar\\\/8408942dd851e8a9c09f3d382a661bc05d2b3cd9002139bc1795b9528cdc6c80?s=96&d=mm&r=g\",\"caption\":\"R\u00e9daction - Les Volcans News\"},\"url\":\"https:\\\/\\\/lesvolcansnews.net\\\/?author=14\"}]}<\/script>\n<!-- \/ Yoast SEO plugin. -->","yoast_head_json":{"title":"RDC : le ministre congolais des Droits humains mobilise la diaspora \u00e0 Ottawa et appelle \u00e0 des sanctions contre Kigali - LES VOLCANS NEWS","robots":{"index":"index","follow":"follow","max-snippet":"max-snippet:-1","max-image-preview":"max-image-preview:large","max-video-preview":"max-video-preview:-1"},"canonical":"https:\/\/lesvolcansnews.net\/?p=73033","og_locale":"fr_FR","og_type":"article","og_title":"RDC : le ministre congolais des Droits humains mobilise la diaspora \u00e0 Ottawa et appelle \u00e0 des sanctions contre Kigali - LES VOLCANS NEWS","og_description":"\u00a0Le ministre des Droits humains de la R\u00e9publique d\u00e9mocratique du Congo, Samuel Mbemba Kabuya, a rencontr\u00e9 jeudi 26 f\u00e9vrier la diaspora congolaise \u00e0 l\u2019ambassade de la RDC \u00e0 Ottawa afin","og_url":"https:\/\/lesvolcansnews.net\/?p=73033","og_site_name":"LES VOLCANS NEWS","article_published_time":"2026-02-27T21:56:44+00:00","og_image":[{"width":1080,"height":720,"url":"https:\/\/lesvolcansnews.net\/wp-content\/uploads\/2026\/02\/20260227_225613.jpg","type":"image\/jpeg"}],"author":"R\u00e9daction - Les Volcans News","twitter_card":"summary_large_image","twitter_misc":{"\u00c9crit par":"R\u00e9daction - Les Volcans News","Dur\u00e9e de lecture estim\u00e9e":"3 minutes"},"schema":{"@context":"https:\/\/schema.org","@graph":[{"@type":"Article","@id":"https:\/\/lesvolcansnews.net\/?p=73033#article","isPartOf":{"@id":"https:\/\/lesvolcansnews.net\/?p=73033"},"author":{"name":"R\u00e9daction - Les Volcans News","@id":"https:\/\/lesvolcansnews.net\/#\/schema\/person\/82c8bed2e77879ecf6cca63441f57354"},"headline":"RDC : le ministre congolais des Droits humains mobilise la diaspora \u00e0 Ottawa et appelle \u00e0 des sanctions contre Kigali","datePublished":"2026-02-27T21:56:44+00:00","mainEntityOfPage":{"@id":"https:\/\/lesvolcansnews.net\/?p=73033"},"wordCount":525,"commentCount":0,"image":{"@id":"https:\/\/lesvolcansnews.net\/?p=73033#primaryimage"},"thumbnailUrl":"https:\/\/lesvolcansnews.net\/wp-content\/uploads\/2026\/02\/20260227_225613.jpg","articleSection":["POLITIQUE"],"inLanguage":"fr-FR","potentialAction":[{"@type":"CommentAction","name":"Comment","target":["https:\/\/lesvolcansnews.net\/?p=73033#respond"]}]},{"@type":"WebPage","@id":"https:\/\/lesvolcansnews.net\/?p=73033","url":"https:\/\/lesvolcansnews.net\/?p=73033","name":"RDC : le ministre congolais des Droits humains mobilise la diaspora \u00e0 Ottawa et appelle \u00e0 des sanctions contre Kigali - LES VOLCANS NEWS","isPartOf":{"@id":"https:\/\/lesvolcansnews.net\/#website"},"primaryImageOfPage":{"@id":"https:\/\/lesvolcansnews.net\/?p=73033#primaryimage"},"image":{"@id":"https:\/\/lesvolcansnews.net\/?p=73033#primaryimage"},"thumbnailUrl":"https:\/\/lesvolcansnews.net\/wp-content\/uploads\/2026\/02\/20260227_225613.jpg","datePublished":"2026-02-27T21:56:44+00:00","author":{"@id":"https:\/\/lesvolcansnews.net\/#\/schema\/person\/82c8bed2e77879ecf6cca63441f57354"},"breadcrumb":{"@id":"https:\/\/lesvolcansnews.net\/?p=73033#breadcrumb"},"inLanguage":"fr-FR","potentialAction":[{"@type":"ReadAction","target":["https:\/\/lesvolcansnews.net\/?p=73033"]}]},{"@type":"ImageObject","inLanguage":"fr-FR","@id":"https:\/\/lesvolcansnews.net\/?p=73033#primaryimage","url":"https:\/\/lesvolcansnews.net\/wp-content\/uploads\/2026\/02\/20260227_225613.jpg","contentUrl":"https:\/\/lesvolcansnews.net\/wp-content\/uploads\/2026\/02\/20260227_225613.jpg","width":1080,"height":720},{"@type":"BreadcrumbList","@id":"https:\/\/lesvolcansnews.net\/?p=73033#breadcrumb","itemListElement":[{"@type":"ListItem","position":1,"name":"Accueil","item":"https:\/\/lesvolcansnews.net\/"},{"@type":"ListItem","position":2,"name":"RDC : le ministre congolais des Droits humains mobilise la diaspora \u00e0 Ottawa et appelle \u00e0 des sanctions contre Kigali"}]},{"@type":"WebSite","@id":"https:\/\/lesvolcansnews.net\/#website","url":"https:\/\/lesvolcansnews.net\/","name":"LES VOLCANS NEWS","description":"L&#039;INFORMATION C&#039;EST NOUS","potentialAction":[{"@type":"SearchAction","target":{"@type":"EntryPoint","urlTemplate":"https:\/\/lesvolcansnews.net\/?s={search_term_string}"},"query-input":{"@type":"PropertyValueSpecification","valueRequired":true,"valueName":"search_term_string"}}],"inLanguage":"fr-FR"},{"@type":"Person","@id":"https:\/\/lesvolcansnews.net\/#\/schema\/person\/82c8bed2e77879ecf6cca63441f57354","name":"R\u00e9daction - Les Volcans News","image":{"@type":"ImageObject","inLanguage":"fr-FR","@id":"https:\/\/secure.gravatar.com\/avatar\/8408942dd851e8a9c09f3d382a661bc05d2b3cd9002139bc1795b9528cdc6c80?s=96&d=mm&r=g","url":"https:\/\/secure.gravatar.com\/avatar\/8408942dd851e8a9c09f3d382a661bc05d2b3cd9002139bc1795b9528cdc6c80?s=96&d=mm&r=g","contentUrl":"https:\/\/secure.gravatar.com\/avatar\/8408942dd851e8a9c09f3d382a661bc05d2b3cd9002139bc1795b9528cdc6c80?s=96&d=mm&r=g","caption":"R\u00e9daction - Les Volcans News"},"url":"https:\/\/lesvolcansnews.net\/?author=14"}]}},"_links":{"self":[{"href":"https:\/\/lesvolcansnews.net\/index.php?rest_route=\/wp\/v2\/posts\/73033","targetHints":{"allow":["GET"]}}],"collection":[{"href":"https:\/\/lesvolcansnews.net\/index.php?rest_route=\/wp\/v2\/posts"}],"about":[{"href":"https:\/\/lesvolcansnews.net\/index.php?rest_route=\/wp\/v2\/types\/post"}],"author":[{"embeddable":true,"href":"https:\/\/lesvolcansnews.net\/index.php?rest_route=\/wp\/v2\/users\/14"}],"replies":[{"embeddable":true,"href":"https:\/\/lesvolcansnews.net\/index.php?rest_route=%2Fwp%2Fv2%2Fcomments&post=73033"}],"version-history":[{"count":1,"href":"https:\/\/lesvolcansnews.net\/index.php?rest_route=\/wp\/v2\/posts\/73033\/revisions"}],"predecessor-version":[{"id":73035,"href":"https:\/\/lesvolcansnews.net\/index.php?rest_route=\/wp\/v2\/posts\/73033\/revisions\/73035"}],"wp:featuredmedia":[{"embeddable":true,"href":"https:\/\/lesvolcansnews.net\/index.php?rest_route=\/wp\/v2\/media\/73034"}],"wp:attachment":[{"href":"https:\/\/lesvolcansnews.net\/index.php?rest_route=%2Fwp%2Fv2%2Fmedia&parent=73033"}],"wp:term":[{"taxonomy":"category","embeddable":true,"href":"https:\/\/lesvolcansnews.net\/index.php?rest_route=%2Fwp%2Fv2%2Fcategories&post=73033"},{"taxonomy":"post_tag","embeddable":true,"href":"https:\/\/lesvolcansnews.net\/index.php?rest_route=%2Fwp%2Fv2%2Ftags&post=73033"}],"curies":[{"name":"wp","href":"https:\/\/api.w.org\/{rel}","templated":true}]}}