{"id":73010,"date":"2026-02-27T16:28:16","date_gmt":"2026-02-27T14:28:16","guid":{"rendered":"https:\/\/lesvolcansnews.net\/?p=73010"},"modified":"2026-02-27T19:00:04","modified_gmt":"2026-02-27T17:00:04","slug":"27-fevrier-journee-mondiale-des-ong-un-role-crucial-dans-lest-de-la-rdc","status":"publish","type":"post","link":"https:\/\/lesvolcansnews.net\/?p=73010","title":{"rendered":"27 f\u00e9vrier : Journ\u00e9e mondiale des ONG, un r\u00f4le vital dans l\u2019Est de la RDC"},"content":{"rendered":"<p>&nbsp;<\/p>\n<p><strong>Chaque 27 f\u00e9vrier, le monde c\u00e9l\u00e8bre la Journ\u00e9e mondiale des organisations non gouvernementales (ONG), afin de saluer leur contribution au d\u00e9veloppement, \u00e0 l\u2019assistance humanitaire et \u00e0 la promotion des droits humains. Cette ann\u00e9e, leur r\u00f4le appara\u00eet particuli\u00e8rement crucial dans l\u2019Est de la R\u00e9publique d\u00e9mocratique du Congo, une r\u00e9gion confront\u00e9e \u00e0 une crise s\u00e9curitaire persistante et \u00e0 des besoins humanitaires accrus.<\/strong><\/p>\n<p>Depuis plusieurs mois, les conflits arm\u00e9s dans les provinces du Nord et Sud-Kivu ont provoqu\u00e9 des d\u00e9placements massifs de populations, des pertes en vies humaines et la destruction d\u2019infrastructures essentielles. Dans ce contexte, les ONG jouent un r\u00f4le de premier plan : elles assurent la protection des civils, apportent une assistance alimentaire et sanitaire, soutiennent les enfants et les femmes vuln\u00e9rables, et participent \u00e0 la reconstruction des communaut\u00e9s affect\u00e9es.<\/p>\n<p>Cependant, ces organisations doivent faire face \u00e0 de nombreux d\u00e9fis. La r\u00e9cente d\u00e9cision de suspendre le financement de l\u2019USAID, l\u2019une des principales agences de soutien international, complique encore davantage leur travail. Selon Hobereau KITUMAINI, Directeur ex\u00e9cutif de l\u2019ONG ICOPREN-RDC :<\/p>\n<p>\u00ab La suspension de l\u2019aide am\u00e9ricaine est un coup dur pour les organisations humanitaires et de d\u00e9veloppement, et affecte directement les communaut\u00e9s les plus vuln\u00e9rables. Nous sommes profond\u00e9ment d\u00e9\u00e7us par cette d\u00e9cision qui va \u00e0 l\u2019encontre des principes de solidarit\u00e9 et de coop\u00e9ration internationale. \u00bb<\/p>\n<p>\u00ab Malgr\u00e9 cela, nous restons d\u00e9termin\u00e9s \u00e0 poursuivre nos programmes et appelons la communaut\u00e9 internationale \u00e0 nous soutenir pour surmonter cette \u00e9preuve \u00bb, poursuit-il.<\/p>\n<p>Les humanitaires sur le terrain soulignent que cette r\u00e9duction de financement entra\u00eene des retards dans la distribution de vivres, la couverture des soins de sant\u00e9, la protection psychosociale des enfants traumatis\u00e9s par les violences, et la continuit\u00e9 des programmes d\u2019\u00e9ducation et de r\u00e9insertion sociale. \u00ab Dans cette p\u00e9riode de crises multiples, le travail des ONG est indispensable. Elles constituent un pont entre les communaut\u00e9s et les autorit\u00e9s, et permettent de sauver des vies tout en soutenant la r\u00e9silience des populations \u00bb, ajoute Mwethwe Stanislas, acteur social bas\u00e9 au Sud-Kivu.<\/p>\n<p>L\u2019impact de l\u2019aide humanitaire est palpable : elle permet aux familles d\u00e9plac\u00e9es de se nourrir, aux enfants de poursuivre leurs apprentissages, et aux femmes et jeunes de retrouver un minimum de s\u00e9curit\u00e9 et de dignit\u00e9. Sans un soutien constant, ces populations risquent de tomber dans une pr\u00e9carit\u00e9 encore plus profonde, avec des cons\u00e9quences \u00e0 long terme sur leur sant\u00e9, leur \u00e9ducation et leur coh\u00e9sion sociale.<\/p>\n<p>La Journ\u00e9e mondiale des ONG est donc aussi un moment de plaidoyer : elle rappelle aux pouvoirs publics, aux partenaires et \u00e0 la communaut\u00e9 internationale l\u2019importance d\u2019un soutien constant et coordonn\u00e9 pour renforcer l\u2019action humanitaire dans les zones affect\u00e9es par les conflits.<\/p>\n<p>La solidarit\u00e9 internationale reste un pilier pour offrir protection, assistance et espoir aux populations les plus vuln\u00e9rables de l\u2019Est de la RDC.<\/p>\n<p><strong>Yseult Lwango<\/strong><\/p>\n","protected":false},"excerpt":{"rendered":"<p>&nbsp; Chaque 27 f\u00e9vrier, le monde c\u00e9l\u00e8bre la Journ\u00e9e mondiale des organisations non gouvernementales (ONG), afin de saluer leur contribution au d\u00e9veloppement, \u00e0 l\u2019assistance humanitaire et \u00e0 la promotion des<\/p>\n","protected":false},"author":14,"featured_media":73011,"comment_status":"open","ping_status":"open","sticky":false,"template":"","format":"standard","meta":{"footnotes":""},"categories":[9],"tags":[],"class_list":["post-73010","post","type-post","status-publish","format-standard","has-post-thumbnail","hentry","category-societe"],"yoast_head":"<!-- This site is optimized with the Yoast SEO plugin v27.5 - https:\/\/yoast.com\/product\/yoast-seo-wordpress\/ -->\n<title>27 f\u00e9vrier : Journ\u00e9e mondiale des ONG, un r\u00f4le vital dans l\u2019Est de la RDC - LES VOLCANS NEWS<\/title>\n<meta name=\"robots\" content=\"index, follow, max-snippet:-1, max-image-preview:large, max-video-preview:-1\" \/>\n<link rel=\"canonical\" href=\"https:\/\/lesvolcansnews.net\/?p=73010\" \/>\n<meta property=\"og:locale\" content=\"fr_FR\" \/>\n<meta property=\"og:type\" content=\"article\" \/>\n<meta property=\"og:title\" content=\"27 f\u00e9vrier : Journ\u00e9e mondiale des ONG, un r\u00f4le vital dans l\u2019Est de la RDC - LES VOLCANS NEWS\" \/>\n<meta property=\"og:description\" content=\"&nbsp; Chaque 27 f\u00e9vrier, le monde c\u00e9l\u00e8bre la Journ\u00e9e mondiale des organisations non gouvernementales (ONG), afin de saluer leur contribution au d\u00e9veloppement, \u00e0 l\u2019assistance humanitaire et \u00e0 la promotion des\" \/>\n<meta property=\"og:url\" content=\"https:\/\/lesvolcansnews.net\/?p=73010\" \/>\n<meta property=\"og:site_name\" content=\"LES VOLCANS NEWS\" \/>\n<meta property=\"article:published_time\" content=\"2026-02-27T14:28:16+00:00\" \/>\n<meta property=\"article:modified_time\" content=\"2026-02-27T17:00:04+00:00\" \/>\n<meta property=\"og:image\" content=\"https:\/\/lesvolcansnews.net\/wp-content\/uploads\/2026\/02\/IMG-20260227-WA0135.jpg\" \/>\n\t<meta property=\"og:image:width\" content=\"1280\" \/>\n\t<meta property=\"og:image:height\" content=\"731\" \/>\n\t<meta property=\"og:image:type\" content=\"image\/jpeg\" \/>\n<meta name=\"author\" content=\"R\u00e9daction - Les Volcans News\" \/>\n<meta name=\"twitter:card\" content=\"summary_large_image\" \/>\n<meta name=\"twitter:label1\" content=\"\u00c9crit par\" \/>\n\t<meta name=\"twitter:data1\" content=\"R\u00e9daction - Les Volcans News\" \/>\n\t<meta name=\"twitter:label2\" content=\"Dur\u00e9e de lecture estim\u00e9e\" \/>\n\t<meta name=\"twitter:data2\" content=\"3 minutes\" \/>\n<script type=\"application\/ld+json\" class=\"yoast-schema-graph\">{\"@context\":\"https:\\\/\\\/schema.org\",\"@graph\":[{\"@type\":\"Article\",\"@id\":\"https:\\\/\\\/lesvolcansnews.net\\\/?p=73010#article\",\"isPartOf\":{\"@id\":\"https:\\\/\\\/lesvolcansnews.net\\\/?p=73010\"},\"author\":{\"name\":\"R\u00e9daction - Les Volcans News\",\"@id\":\"https:\\\/\\\/lesvolcansnews.net\\\/#\\\/schema\\\/person\\\/82c8bed2e77879ecf6cca63441f57354\"},\"headline\":\"27 f\u00e9vrier : Journ\u00e9e mondiale des ONG, un r\u00f4le vital dans l\u2019Est de la RDC\",\"datePublished\":\"2026-02-27T14:28:16+00:00\",\"dateModified\":\"2026-02-27T17:00:04+00:00\",\"mainEntityOfPage\":{\"@id\":\"https:\\\/\\\/lesvolcansnews.net\\\/?p=73010\"},\"wordCount\":520,\"commentCount\":0,\"image\":{\"@id\":\"https:\\\/\\\/lesvolcansnews.net\\\/?p=73010#primaryimage\"},\"thumbnailUrl\":\"https:\\\/\\\/lesvolcansnews.net\\\/wp-content\\\/uploads\\\/2026\\\/02\\\/IMG-20260227-WA0135.jpg\",\"articleSection\":[\"SOCIET\u00c9\"],\"inLanguage\":\"fr-FR\",\"potentialAction\":[{\"@type\":\"CommentAction\",\"name\":\"Comment\",\"target\":[\"https:\\\/\\\/lesvolcansnews.net\\\/?p=73010#respond\"]}]},{\"@type\":\"WebPage\",\"@id\":\"https:\\\/\\\/lesvolcansnews.net\\\/?p=73010\",\"url\":\"https:\\\/\\\/lesvolcansnews.net\\\/?p=73010\",\"name\":\"27 f\u00e9vrier : Journ\u00e9e mondiale des ONG, un r\u00f4le vital dans l\u2019Est de la RDC - LES VOLCANS NEWS\",\"isPartOf\":{\"@id\":\"https:\\\/\\\/lesvolcansnews.net\\\/#website\"},\"primaryImageOfPage\":{\"@id\":\"https:\\\/\\\/lesvolcansnews.net\\\/?p=73010#primaryimage\"},\"image\":{\"@id\":\"https:\\\/\\\/lesvolcansnews.net\\\/?p=73010#primaryimage\"},\"thumbnailUrl\":\"https:\\\/\\\/lesvolcansnews.net\\\/wp-content\\\/uploads\\\/2026\\\/02\\\/IMG-20260227-WA0135.jpg\",\"datePublished\":\"2026-02-27T14:28:16+00:00\",\"dateModified\":\"2026-02-27T17:00:04+00:00\",\"author\":{\"@id\":\"https:\\\/\\\/lesvolcansnews.net\\\/#\\\/schema\\\/person\\\/82c8bed2e77879ecf6cca63441f57354\"},\"breadcrumb\":{\"@id\":\"https:\\\/\\\/lesvolcansnews.net\\\/?p=73010#breadcrumb\"},\"inLanguage\":\"fr-FR\",\"potentialAction\":[{\"@type\":\"ReadAction\",\"target\":[\"https:\\\/\\\/lesvolcansnews.net\\\/?p=73010\"]}]},{\"@type\":\"ImageObject\",\"inLanguage\":\"fr-FR\",\"@id\":\"https:\\\/\\\/lesvolcansnews.net\\\/?p=73010#primaryimage\",\"url\":\"https:\\\/\\\/lesvolcansnews.net\\\/wp-content\\\/uploads\\\/2026\\\/02\\\/IMG-20260227-WA0135.jpg\",\"contentUrl\":\"https:\\\/\\\/lesvolcansnews.net\\\/wp-content\\\/uploads\\\/2026\\\/02\\\/IMG-20260227-WA0135.jpg\",\"width\":1280,\"height\":731},{\"@type\":\"BreadcrumbList\",\"@id\":\"https:\\\/\\\/lesvolcansnews.net\\\/?p=73010#breadcrumb\",\"itemListElement\":[{\"@type\":\"ListItem\",\"position\":1,\"name\":\"Accueil\",\"item\":\"https:\\\/\\\/lesvolcansnews.net\\\/\"},{\"@type\":\"ListItem\",\"position\":2,\"name\":\"27 f\u00e9vrier : Journ\u00e9e mondiale des ONG, un r\u00f4le vital dans l\u2019Est de la RDC\"}]},{\"@type\":\"WebSite\",\"@id\":\"https:\\\/\\\/lesvolcansnews.net\\\/#website\",\"url\":\"https:\\\/\\\/lesvolcansnews.net\\\/\",\"name\":\"LES VOLCANS NEWS\",\"description\":\"L&#039;INFORMATION C&#039;EST NOUS\",\"potentialAction\":[{\"@type\":\"SearchAction\",\"target\":{\"@type\":\"EntryPoint\",\"urlTemplate\":\"https:\\\/\\\/lesvolcansnews.net\\\/?s={search_term_string}\"},\"query-input\":{\"@type\":\"PropertyValueSpecification\",\"valueRequired\":true,\"valueName\":\"search_term_string\"}}],\"inLanguage\":\"fr-FR\"},{\"@type\":\"Person\",\"@id\":\"https:\\\/\\\/lesvolcansnews.net\\\/#\\\/schema\\\/person\\\/82c8bed2e77879ecf6cca63441f57354\",\"name\":\"R\u00e9daction - Les Volcans News\",\"image\":{\"@type\":\"ImageObject\",\"inLanguage\":\"fr-FR\",\"@id\":\"https:\\\/\\\/secure.gravatar.com\\\/avatar\\\/8408942dd851e8a9c09f3d382a661bc05d2b3cd9002139bc1795b9528cdc6c80?s=96&d=mm&r=g\",\"url\":\"https:\\\/\\\/secure.gravatar.com\\\/avatar\\\/8408942dd851e8a9c09f3d382a661bc05d2b3cd9002139bc1795b9528cdc6c80?s=96&d=mm&r=g\",\"contentUrl\":\"https:\\\/\\\/secure.gravatar.com\\\/avatar\\\/8408942dd851e8a9c09f3d382a661bc05d2b3cd9002139bc1795b9528cdc6c80?s=96&d=mm&r=g\",\"caption\":\"R\u00e9daction - Les Volcans News\"},\"url\":\"https:\\\/\\\/lesvolcansnews.net\\\/?author=14\"}]}<\/script>\n<!-- \/ Yoast SEO plugin. -->","yoast_head_json":{"title":"27 f\u00e9vrier : Journ\u00e9e mondiale des ONG, un r\u00f4le vital dans l\u2019Est de la RDC - LES VOLCANS NEWS","robots":{"index":"index","follow":"follow","max-snippet":"max-snippet:-1","max-image-preview":"max-image-preview:large","max-video-preview":"max-video-preview:-1"},"canonical":"https:\/\/lesvolcansnews.net\/?p=73010","og_locale":"fr_FR","og_type":"article","og_title":"27 f\u00e9vrier : Journ\u00e9e mondiale des ONG, un r\u00f4le vital dans l\u2019Est de la RDC - LES VOLCANS NEWS","og_description":"&nbsp; Chaque 27 f\u00e9vrier, le monde c\u00e9l\u00e8bre la Journ\u00e9e mondiale des organisations non gouvernementales (ONG), afin de saluer leur contribution au d\u00e9veloppement, \u00e0 l\u2019assistance humanitaire et \u00e0 la promotion des","og_url":"https:\/\/lesvolcansnews.net\/?p=73010","og_site_name":"LES VOLCANS NEWS","article_published_time":"2026-02-27T14:28:16+00:00","article_modified_time":"2026-02-27T17:00:04+00:00","og_image":[{"width":1280,"height":731,"url":"https:\/\/lesvolcansnews.net\/wp-content\/uploads\/2026\/02\/IMG-20260227-WA0135.jpg","type":"image\/jpeg"}],"author":"R\u00e9daction - Les Volcans News","twitter_card":"summary_large_image","twitter_misc":{"\u00c9crit par":"R\u00e9daction - Les Volcans News","Dur\u00e9e de lecture estim\u00e9e":"3 minutes"},"schema":{"@context":"https:\/\/schema.org","@graph":[{"@type":"Article","@id":"https:\/\/lesvolcansnews.net\/?p=73010#article","isPartOf":{"@id":"https:\/\/lesvolcansnews.net\/?p=73010"},"author":{"name":"R\u00e9daction - Les Volcans News","@id":"https:\/\/lesvolcansnews.net\/#\/schema\/person\/82c8bed2e77879ecf6cca63441f57354"},"headline":"27 f\u00e9vrier : Journ\u00e9e mondiale des ONG, un r\u00f4le vital dans l\u2019Est de la RDC","datePublished":"2026-02-27T14:28:16+00:00","dateModified":"2026-02-27T17:00:04+00:00","mainEntityOfPage":{"@id":"https:\/\/lesvolcansnews.net\/?p=73010"},"wordCount":520,"commentCount":0,"image":{"@id":"https:\/\/lesvolcansnews.net\/?p=73010#primaryimage"},"thumbnailUrl":"https:\/\/lesvolcansnews.net\/wp-content\/uploads\/2026\/02\/IMG-20260227-WA0135.jpg","articleSection":["SOCIET\u00c9"],"inLanguage":"fr-FR","potentialAction":[{"@type":"CommentAction","name":"Comment","target":["https:\/\/lesvolcansnews.net\/?p=73010#respond"]}]},{"@type":"WebPage","@id":"https:\/\/lesvolcansnews.net\/?p=73010","url":"https:\/\/lesvolcansnews.net\/?p=73010","name":"27 f\u00e9vrier : Journ\u00e9e mondiale des ONG, un r\u00f4le vital dans l\u2019Est de la RDC - LES VOLCANS NEWS","isPartOf":{"@id":"https:\/\/lesvolcansnews.net\/#website"},"primaryImageOfPage":{"@id":"https:\/\/lesvolcansnews.net\/?p=73010#primaryimage"},"image":{"@id":"https:\/\/lesvolcansnews.net\/?p=73010#primaryimage"},"thumbnailUrl":"https:\/\/lesvolcansnews.net\/wp-content\/uploads\/2026\/02\/IMG-20260227-WA0135.jpg","datePublished":"2026-02-27T14:28:16+00:00","dateModified":"2026-02-27T17:00:04+00:00","author":{"@id":"https:\/\/lesvolcansnews.net\/#\/schema\/person\/82c8bed2e77879ecf6cca63441f57354"},"breadcrumb":{"@id":"https:\/\/lesvolcansnews.net\/?p=73010#breadcrumb"},"inLanguage":"fr-FR","potentialAction":[{"@type":"ReadAction","target":["https:\/\/lesvolcansnews.net\/?p=73010"]}]},{"@type":"ImageObject","inLanguage":"fr-FR","@id":"https:\/\/lesvolcansnews.net\/?p=73010#primaryimage","url":"https:\/\/lesvolcansnews.net\/wp-content\/uploads\/2026\/02\/IMG-20260227-WA0135.jpg","contentUrl":"https:\/\/lesvolcansnews.net\/wp-content\/uploads\/2026\/02\/IMG-20260227-WA0135.jpg","width":1280,"height":731},{"@type":"BreadcrumbList","@id":"https:\/\/lesvolcansnews.net\/?p=73010#breadcrumb","itemListElement":[{"@type":"ListItem","position":1,"name":"Accueil","item":"https:\/\/lesvolcansnews.net\/"},{"@type":"ListItem","position":2,"name":"27 f\u00e9vrier : Journ\u00e9e mondiale des ONG, un r\u00f4le vital dans l\u2019Est de la RDC"}]},{"@type":"WebSite","@id":"https:\/\/lesvolcansnews.net\/#website","url":"https:\/\/lesvolcansnews.net\/","name":"LES VOLCANS NEWS","description":"L&#039;INFORMATION C&#039;EST NOUS","potentialAction":[{"@type":"SearchAction","target":{"@type":"EntryPoint","urlTemplate":"https:\/\/lesvolcansnews.net\/?s={search_term_string}"},"query-input":{"@type":"PropertyValueSpecification","valueRequired":true,"valueName":"search_term_string"}}],"inLanguage":"fr-FR"},{"@type":"Person","@id":"https:\/\/lesvolcansnews.net\/#\/schema\/person\/82c8bed2e77879ecf6cca63441f57354","name":"R\u00e9daction - Les Volcans News","image":{"@type":"ImageObject","inLanguage":"fr-FR","@id":"https:\/\/secure.gravatar.com\/avatar\/8408942dd851e8a9c09f3d382a661bc05d2b3cd9002139bc1795b9528cdc6c80?s=96&d=mm&r=g","url":"https:\/\/secure.gravatar.com\/avatar\/8408942dd851e8a9c09f3d382a661bc05d2b3cd9002139bc1795b9528cdc6c80?s=96&d=mm&r=g","contentUrl":"https:\/\/secure.gravatar.com\/avatar\/8408942dd851e8a9c09f3d382a661bc05d2b3cd9002139bc1795b9528cdc6c80?s=96&d=mm&r=g","caption":"R\u00e9daction - Les Volcans News"},"url":"https:\/\/lesvolcansnews.net\/?author=14"}]}},"_links":{"self":[{"href":"https:\/\/lesvolcansnews.net\/index.php?rest_route=\/wp\/v2\/posts\/73010","targetHints":{"allow":["GET"]}}],"collection":[{"href":"https:\/\/lesvolcansnews.net\/index.php?rest_route=\/wp\/v2\/posts"}],"about":[{"href":"https:\/\/lesvolcansnews.net\/index.php?rest_route=\/wp\/v2\/types\/post"}],"author":[{"embeddable":true,"href":"https:\/\/lesvolcansnews.net\/index.php?rest_route=\/wp\/v2\/users\/14"}],"replies":[{"embeddable":true,"href":"https:\/\/lesvolcansnews.net\/index.php?rest_route=%2Fwp%2Fv2%2Fcomments&post=73010"}],"version-history":[{"count":3,"href":"https:\/\/lesvolcansnews.net\/index.php?rest_route=\/wp\/v2\/posts\/73010\/revisions"}],"predecessor-version":[{"id":73027,"href":"https:\/\/lesvolcansnews.net\/index.php?rest_route=\/wp\/v2\/posts\/73010\/revisions\/73027"}],"wp:featuredmedia":[{"embeddable":true,"href":"https:\/\/lesvolcansnews.net\/index.php?rest_route=\/wp\/v2\/media\/73011"}],"wp:attachment":[{"href":"https:\/\/lesvolcansnews.net\/index.php?rest_route=%2Fwp%2Fv2%2Fmedia&parent=73010"}],"wp:term":[{"taxonomy":"category","embeddable":true,"href":"https:\/\/lesvolcansnews.net\/index.php?rest_route=%2Fwp%2Fv2%2Fcategories&post=73010"},{"taxonomy":"post_tag","embeddable":true,"href":"https:\/\/lesvolcansnews.net\/index.php?rest_route=%2Fwp%2Fv2%2Ftags&post=73010"}],"curies":[{"name":"wp","href":"https:\/\/api.w.org\/{rel}","templated":true}]}}