{"id":73006,"date":"2026-02-27T16:01:49","date_gmt":"2026-02-27T14:01:49","guid":{"rendered":"https:\/\/lesvolcansnews.net\/?p=73006"},"modified":"2026-02-27T16:01:49","modified_gmt":"2026-02-27T14:01:49","slug":"sud-kivu-la-reprise-des-cours-reste-partielle-dans-les-moyens-plateaux-a-fizi","status":"publish","type":"post","link":"https:\/\/lesvolcansnews.net\/?p=73006","title":{"rendered":"Sud-kivu: la reprise des cours reste partielle dans les moyens plateaux \u00e0 Fizi"},"content":{"rendered":"<p>&nbsp;<\/p>\n<p><strong>Alors que la situation s\u2019est relativement stabilis\u00e9e \u00e0 Uvira, plusieurs \u00e9coles des moyens plateaux de Fizi n\u2019ont toujours pas rouvert leurs portes.<\/strong><\/p>\n<p>Sur l\u2019axe Mwenga, notamment dans le groupement des Bashi Loca, des \u00e9tablissements comme ceux d\u2019Abala et de Bazuri restent inactifs, \u00e9l\u00e8ves et parents dans l\u2019incertitude.<\/p>\n<p>Dans quelques semaines interviendront les\u00a0 \u00e9valuations du deuxi\u00e8me trimestre, un moment cl\u00e9 pour le parcours scolaire des enfants.<\/p>\n<p>Des sources locales \u00e9voquent des raisons li\u00e9es \u00e0 l\u2019ins\u00e9curit\u00e9 persistante dans certaines zones. D\u2019autres parlent d\u2019occupations ponctuelles d\u2019infrastructures scolaires par des hommes arm\u00e9s.<\/p>\n<p>Toutefois, des acteurs communautaires affirment que la r\u00e9alit\u00e9 varie selon les localit\u00e9s et appellent \u00e0 une clarification officielle.<\/p>\n<p>Face \u00e0 cette paralysie partielle, le mouvement citoyen Machozi ya Raia (MCMR) interpelle les autorit\u00e9s comp\u00e9tentes afin que toutes les conditions soient r\u00e9unies pour une reprise effective des activit\u00e9s acad\u00e9miques. Il insiste sur la n\u00e9cessit\u00e9 de s\u00e9curiser les \u00e9coles et de garantir un environnement propice \u00e0 l\u2019apprentissage.<\/p>\n<p>Dans plusieurs familles, l\u2019inqui\u00e9tude grandit. Des parents redoutent un retard accumul\u00e9 difficile \u00e0 rattraper et s\u2019interrogent sur le respect du calendrier scolaire dans cette partie du territoire de Fizi.<\/p>\n<p>La reprise compl\u00e8te des cours demeure donc attendue, dans l\u2019espoir de r\u00e9tablir un fonctionnement normal du syst\u00e8me \u00e9ducatif local.<\/p>\n<p>Redaction<\/p>\n","protected":false},"excerpt":{"rendered":"<p>&nbsp; Alors que la situation s\u2019est relativement stabilis\u00e9e \u00e0 Uvira, plusieurs \u00e9coles des moyens plateaux de Fizi n\u2019ont toujours pas rouvert leurs portes. Sur l\u2019axe Mwenga, notamment dans le groupement<\/p>\n","protected":false},"author":14,"featured_media":73008,"comment_status":"open","ping_status":"open","sticky":false,"template":"","format":"standard","meta":{"footnotes":""},"categories":[30],"tags":[],"class_list":["post-73006","post","type-post","status-publish","format-standard","has-post-thumbnail","hentry","category-education"],"yoast_head":"<!-- This site is optimized with the Yoast SEO plugin v27.5 - https:\/\/yoast.com\/product\/yoast-seo-wordpress\/ -->\n<title>Sud-kivu: la reprise des cours reste partielle dans les moyens plateaux \u00e0 Fizi - LES VOLCANS NEWS<\/title>\n<meta name=\"robots\" content=\"index, follow, max-snippet:-1, max-image-preview:large, max-video-preview:-1\" \/>\n<link rel=\"canonical\" href=\"https:\/\/lesvolcansnews.net\/?p=73006\" \/>\n<meta property=\"og:locale\" content=\"fr_FR\" \/>\n<meta property=\"og:type\" content=\"article\" \/>\n<meta property=\"og:title\" content=\"Sud-kivu: la reprise des cours reste partielle dans les moyens plateaux \u00e0 Fizi - LES VOLCANS NEWS\" \/>\n<meta property=\"og:description\" content=\"&nbsp; Alors que la situation s\u2019est relativement stabilis\u00e9e \u00e0 Uvira, plusieurs \u00e9coles des moyens plateaux de Fizi n\u2019ont toujours pas rouvert leurs portes. Sur l\u2019axe Mwenga, notamment dans le groupement\" \/>\n<meta property=\"og:url\" content=\"https:\/\/lesvolcansnews.net\/?p=73006\" \/>\n<meta property=\"og:site_name\" content=\"LES VOLCANS NEWS\" \/>\n<meta property=\"article:published_time\" content=\"2026-02-27T14:01:49+00:00\" \/>\n<meta property=\"og:image\" content=\"https:\/\/i0.wp.com\/lesvolcansnews.net\/wp-content\/uploads\/2026\/02\/IMG-20260227-WA0116.jpg?fit=828%2C361&ssl=1\" \/>\n\t<meta property=\"og:image:width\" content=\"828\" \/>\n\t<meta property=\"og:image:height\" content=\"361\" \/>\n\t<meta property=\"og:image:type\" content=\"image\/jpeg\" \/>\n<meta name=\"author\" content=\"R\u00e9daction - Les Volcans News\" \/>\n<meta name=\"twitter:card\" content=\"summary_large_image\" \/>\n<meta name=\"twitter:label1\" content=\"\u00c9crit par\" \/>\n\t<meta name=\"twitter:data1\" content=\"R\u00e9daction - Les Volcans News\" \/>\n\t<meta name=\"twitter:label2\" content=\"Dur\u00e9e de lecture estim\u00e9e\" \/>\n\t<meta name=\"twitter:data2\" content=\"2 minutes\" \/>\n<script type=\"application\/ld+json\" class=\"yoast-schema-graph\">{\"@context\":\"https:\\\/\\\/schema.org\",\"@graph\":[{\"@type\":\"Article\",\"@id\":\"https:\\\/\\\/lesvolcansnews.net\\\/?p=73006#article\",\"isPartOf\":{\"@id\":\"https:\\\/\\\/lesvolcansnews.net\\\/?p=73006\"},\"author\":{\"name\":\"R\u00e9daction - Les Volcans News\",\"@id\":\"https:\\\/\\\/lesvolcansnews.net\\\/#\\\/schema\\\/person\\\/82c8bed2e77879ecf6cca63441f57354\"},\"headline\":\"Sud-kivu: la reprise des cours reste partielle dans les moyens plateaux \u00e0 Fizi\",\"datePublished\":\"2026-02-27T14:01:49+00:00\",\"mainEntityOfPage\":{\"@id\":\"https:\\\/\\\/lesvolcansnews.net\\\/?p=73006\"},\"wordCount\":241,\"commentCount\":0,\"image\":{\"@id\":\"https:\\\/\\\/lesvolcansnews.net\\\/?p=73006#primaryimage\"},\"thumbnailUrl\":\"https:\\\/\\\/lesvolcansnews.net\\\/wp-content\\\/uploads\\\/2026\\\/02\\\/IMG-20260227-WA0116.jpg\",\"articleSection\":[\"\u00c9DUCATION\"],\"inLanguage\":\"fr-FR\",\"potentialAction\":[{\"@type\":\"CommentAction\",\"name\":\"Comment\",\"target\":[\"https:\\\/\\\/lesvolcansnews.net\\\/?p=73006#respond\"]}]},{\"@type\":\"WebPage\",\"@id\":\"https:\\\/\\\/lesvolcansnews.net\\\/?p=73006\",\"url\":\"https:\\\/\\\/lesvolcansnews.net\\\/?p=73006\",\"name\":\"Sud-kivu: la reprise des cours reste partielle dans les moyens plateaux \u00e0 Fizi - LES VOLCANS NEWS\",\"isPartOf\":{\"@id\":\"https:\\\/\\\/lesvolcansnews.net\\\/#website\"},\"primaryImageOfPage\":{\"@id\":\"https:\\\/\\\/lesvolcansnews.net\\\/?p=73006#primaryimage\"},\"image\":{\"@id\":\"https:\\\/\\\/lesvolcansnews.net\\\/?p=73006#primaryimage\"},\"thumbnailUrl\":\"https:\\\/\\\/lesvolcansnews.net\\\/wp-content\\\/uploads\\\/2026\\\/02\\\/IMG-20260227-WA0116.jpg\",\"datePublished\":\"2026-02-27T14:01:49+00:00\",\"author\":{\"@id\":\"https:\\\/\\\/lesvolcansnews.net\\\/#\\\/schema\\\/person\\\/82c8bed2e77879ecf6cca63441f57354\"},\"breadcrumb\":{\"@id\":\"https:\\\/\\\/lesvolcansnews.net\\\/?p=73006#breadcrumb\"},\"inLanguage\":\"fr-FR\",\"potentialAction\":[{\"@type\":\"ReadAction\",\"target\":[\"https:\\\/\\\/lesvolcansnews.net\\\/?p=73006\"]}]},{\"@type\":\"ImageObject\",\"inLanguage\":\"fr-FR\",\"@id\":\"https:\\\/\\\/lesvolcansnews.net\\\/?p=73006#primaryimage\",\"url\":\"https:\\\/\\\/lesvolcansnews.net\\\/wp-content\\\/uploads\\\/2026\\\/02\\\/IMG-20260227-WA0116.jpg\",\"contentUrl\":\"https:\\\/\\\/lesvolcansnews.net\\\/wp-content\\\/uploads\\\/2026\\\/02\\\/IMG-20260227-WA0116.jpg\",\"width\":828,\"height\":361},{\"@type\":\"BreadcrumbList\",\"@id\":\"https:\\\/\\\/lesvolcansnews.net\\\/?p=73006#breadcrumb\",\"itemListElement\":[{\"@type\":\"ListItem\",\"position\":1,\"name\":\"Accueil\",\"item\":\"https:\\\/\\\/lesvolcansnews.net\\\/\"},{\"@type\":\"ListItem\",\"position\":2,\"name\":\"Sud-kivu: la reprise des cours reste partielle dans les moyens plateaux \u00e0 Fizi\"}]},{\"@type\":\"WebSite\",\"@id\":\"https:\\\/\\\/lesvolcansnews.net\\\/#website\",\"url\":\"https:\\\/\\\/lesvolcansnews.net\\\/\",\"name\":\"LES VOLCANS NEWS\",\"description\":\"L&#039;INFORMATION C&#039;EST NOUS\",\"potentialAction\":[{\"@type\":\"SearchAction\",\"target\":{\"@type\":\"EntryPoint\",\"urlTemplate\":\"https:\\\/\\\/lesvolcansnews.net\\\/?s={search_term_string}\"},\"query-input\":{\"@type\":\"PropertyValueSpecification\",\"valueRequired\":true,\"valueName\":\"search_term_string\"}}],\"inLanguage\":\"fr-FR\"},{\"@type\":\"Person\",\"@id\":\"https:\\\/\\\/lesvolcansnews.net\\\/#\\\/schema\\\/person\\\/82c8bed2e77879ecf6cca63441f57354\",\"name\":\"R\u00e9daction - Les Volcans News\",\"image\":{\"@type\":\"ImageObject\",\"inLanguage\":\"fr-FR\",\"@id\":\"https:\\\/\\\/secure.gravatar.com\\\/avatar\\\/8408942dd851e8a9c09f3d382a661bc05d2b3cd9002139bc1795b9528cdc6c80?s=96&d=mm&r=g\",\"url\":\"https:\\\/\\\/secure.gravatar.com\\\/avatar\\\/8408942dd851e8a9c09f3d382a661bc05d2b3cd9002139bc1795b9528cdc6c80?s=96&d=mm&r=g\",\"contentUrl\":\"https:\\\/\\\/secure.gravatar.com\\\/avatar\\\/8408942dd851e8a9c09f3d382a661bc05d2b3cd9002139bc1795b9528cdc6c80?s=96&d=mm&r=g\",\"caption\":\"R\u00e9daction - Les Volcans News\"},\"url\":\"https:\\\/\\\/lesvolcansnews.net\\\/?author=14\"}]}<\/script>\n<!-- \/ Yoast SEO plugin. -->","yoast_head_json":{"title":"Sud-kivu: la reprise des cours reste partielle dans les moyens plateaux \u00e0 Fizi - LES VOLCANS NEWS","robots":{"index":"index","follow":"follow","max-snippet":"max-snippet:-1","max-image-preview":"max-image-preview:large","max-video-preview":"max-video-preview:-1"},"canonical":"https:\/\/lesvolcansnews.net\/?p=73006","og_locale":"fr_FR","og_type":"article","og_title":"Sud-kivu: la reprise des cours reste partielle dans les moyens plateaux \u00e0 Fizi - LES VOLCANS NEWS","og_description":"&nbsp; Alors que la situation s\u2019est relativement stabilis\u00e9e \u00e0 Uvira, plusieurs \u00e9coles des moyens plateaux de Fizi n\u2019ont toujours pas rouvert leurs portes. Sur l\u2019axe Mwenga, notamment dans le groupement","og_url":"https:\/\/lesvolcansnews.net\/?p=73006","og_site_name":"LES VOLCANS NEWS","article_published_time":"2026-02-27T14:01:49+00:00","og_image":[{"width":828,"height":361,"url":"https:\/\/i0.wp.com\/lesvolcansnews.net\/wp-content\/uploads\/2026\/02\/IMG-20260227-WA0116.jpg?fit=828%2C361&ssl=1","type":"image\/jpeg"}],"author":"R\u00e9daction - Les Volcans News","twitter_card":"summary_large_image","twitter_misc":{"\u00c9crit par":"R\u00e9daction - Les Volcans News","Dur\u00e9e de lecture estim\u00e9e":"2 minutes"},"schema":{"@context":"https:\/\/schema.org","@graph":[{"@type":"Article","@id":"https:\/\/lesvolcansnews.net\/?p=73006#article","isPartOf":{"@id":"https:\/\/lesvolcansnews.net\/?p=73006"},"author":{"name":"R\u00e9daction - Les Volcans News","@id":"https:\/\/lesvolcansnews.net\/#\/schema\/person\/82c8bed2e77879ecf6cca63441f57354"},"headline":"Sud-kivu: la reprise des cours reste partielle dans les moyens plateaux \u00e0 Fizi","datePublished":"2026-02-27T14:01:49+00:00","mainEntityOfPage":{"@id":"https:\/\/lesvolcansnews.net\/?p=73006"},"wordCount":241,"commentCount":0,"image":{"@id":"https:\/\/lesvolcansnews.net\/?p=73006#primaryimage"},"thumbnailUrl":"https:\/\/lesvolcansnews.net\/wp-content\/uploads\/2026\/02\/IMG-20260227-WA0116.jpg","articleSection":["\u00c9DUCATION"],"inLanguage":"fr-FR","potentialAction":[{"@type":"CommentAction","name":"Comment","target":["https:\/\/lesvolcansnews.net\/?p=73006#respond"]}]},{"@type":"WebPage","@id":"https:\/\/lesvolcansnews.net\/?p=73006","url":"https:\/\/lesvolcansnews.net\/?p=73006","name":"Sud-kivu: la reprise des cours reste partielle dans les moyens plateaux \u00e0 Fizi - LES VOLCANS NEWS","isPartOf":{"@id":"https:\/\/lesvolcansnews.net\/#website"},"primaryImageOfPage":{"@id":"https:\/\/lesvolcansnews.net\/?p=73006#primaryimage"},"image":{"@id":"https:\/\/lesvolcansnews.net\/?p=73006#primaryimage"},"thumbnailUrl":"https:\/\/lesvolcansnews.net\/wp-content\/uploads\/2026\/02\/IMG-20260227-WA0116.jpg","datePublished":"2026-02-27T14:01:49+00:00","author":{"@id":"https:\/\/lesvolcansnews.net\/#\/schema\/person\/82c8bed2e77879ecf6cca63441f57354"},"breadcrumb":{"@id":"https:\/\/lesvolcansnews.net\/?p=73006#breadcrumb"},"inLanguage":"fr-FR","potentialAction":[{"@type":"ReadAction","target":["https:\/\/lesvolcansnews.net\/?p=73006"]}]},{"@type":"ImageObject","inLanguage":"fr-FR","@id":"https:\/\/lesvolcansnews.net\/?p=73006#primaryimage","url":"https:\/\/lesvolcansnews.net\/wp-content\/uploads\/2026\/02\/IMG-20260227-WA0116.jpg","contentUrl":"https:\/\/lesvolcansnews.net\/wp-content\/uploads\/2026\/02\/IMG-20260227-WA0116.jpg","width":828,"height":361},{"@type":"BreadcrumbList","@id":"https:\/\/lesvolcansnews.net\/?p=73006#breadcrumb","itemListElement":[{"@type":"ListItem","position":1,"name":"Accueil","item":"https:\/\/lesvolcansnews.net\/"},{"@type":"ListItem","position":2,"name":"Sud-kivu: la reprise des cours reste partielle dans les moyens plateaux \u00e0 Fizi"}]},{"@type":"WebSite","@id":"https:\/\/lesvolcansnews.net\/#website","url":"https:\/\/lesvolcansnews.net\/","name":"LES VOLCANS NEWS","description":"L&#039;INFORMATION C&#039;EST NOUS","potentialAction":[{"@type":"SearchAction","target":{"@type":"EntryPoint","urlTemplate":"https:\/\/lesvolcansnews.net\/?s={search_term_string}"},"query-input":{"@type":"PropertyValueSpecification","valueRequired":true,"valueName":"search_term_string"}}],"inLanguage":"fr-FR"},{"@type":"Person","@id":"https:\/\/lesvolcansnews.net\/#\/schema\/person\/82c8bed2e77879ecf6cca63441f57354","name":"R\u00e9daction - Les Volcans News","image":{"@type":"ImageObject","inLanguage":"fr-FR","@id":"https:\/\/secure.gravatar.com\/avatar\/8408942dd851e8a9c09f3d382a661bc05d2b3cd9002139bc1795b9528cdc6c80?s=96&d=mm&r=g","url":"https:\/\/secure.gravatar.com\/avatar\/8408942dd851e8a9c09f3d382a661bc05d2b3cd9002139bc1795b9528cdc6c80?s=96&d=mm&r=g","contentUrl":"https:\/\/secure.gravatar.com\/avatar\/8408942dd851e8a9c09f3d382a661bc05d2b3cd9002139bc1795b9528cdc6c80?s=96&d=mm&r=g","caption":"R\u00e9daction - Les Volcans News"},"url":"https:\/\/lesvolcansnews.net\/?author=14"}]}},"_links":{"self":[{"href":"https:\/\/lesvolcansnews.net\/index.php?rest_route=\/wp\/v2\/posts\/73006","targetHints":{"allow":["GET"]}}],"collection":[{"href":"https:\/\/lesvolcansnews.net\/index.php?rest_route=\/wp\/v2\/posts"}],"about":[{"href":"https:\/\/lesvolcansnews.net\/index.php?rest_route=\/wp\/v2\/types\/post"}],"author":[{"embeddable":true,"href":"https:\/\/lesvolcansnews.net\/index.php?rest_route=\/wp\/v2\/users\/14"}],"replies":[{"embeddable":true,"href":"https:\/\/lesvolcansnews.net\/index.php?rest_route=%2Fwp%2Fv2%2Fcomments&post=73006"}],"version-history":[{"count":1,"href":"https:\/\/lesvolcansnews.net\/index.php?rest_route=\/wp\/v2\/posts\/73006\/revisions"}],"predecessor-version":[{"id":73009,"href":"https:\/\/lesvolcansnews.net\/index.php?rest_route=\/wp\/v2\/posts\/73006\/revisions\/73009"}],"wp:featuredmedia":[{"embeddable":true,"href":"https:\/\/lesvolcansnews.net\/index.php?rest_route=\/wp\/v2\/media\/73008"}],"wp:attachment":[{"href":"https:\/\/lesvolcansnews.net\/index.php?rest_route=%2Fwp%2Fv2%2Fmedia&parent=73006"}],"wp:term":[{"taxonomy":"category","embeddable":true,"href":"https:\/\/lesvolcansnews.net\/index.php?rest_route=%2Fwp%2Fv2%2Fcategories&post=73006"},{"taxonomy":"post_tag","embeddable":true,"href":"https:\/\/lesvolcansnews.net\/index.php?rest_route=%2Fwp%2Fv2%2Ftags&post=73006"}],"curies":[{"name":"wp","href":"https:\/\/api.w.org\/{rel}","templated":true}]}}