{"id":72948,"date":"2026-02-26T05:00:31","date_gmt":"2026-02-26T03:00:31","guid":{"rendered":"https:\/\/lesvolcansnews.net\/?p=72948"},"modified":"2026-02-26T05:00:31","modified_gmt":"2026-02-26T03:00:31","slug":"nord-kivu-remise-des-recommandations-du-forum-sur-les-adf-a-beni","status":"publish","type":"post","link":"https:\/\/lesvolcansnews.net\/?p=72948","title":{"rendered":"Nord-Kivu : remise des recommandations du forum sur les ADF \u00e0 Beni"},"content":{"rendered":"<p><strong>\u00a0Les recommandations issues du forum de paix sur la probl\u00e9matique des ADF ont \u00e9t\u00e9 remises tard mercredi soir au pr\u00e9sident de l\u2019Assembl\u00e9e nationale, en s\u00e9jour \u00e0 Beni, au terme de trois jours de travaux initi\u00e9s par le gouverneur du Nord-Kivu sous le haut patronage du pr\u00e9sident F\u00e9lix Tshisekedi<\/strong>.<\/p>\n<p>Organis\u00e9 du 23 au 25 f\u00e9vrier \u00e0 Beni, dans l\u2019est de la R\u00e9publique d\u00e9mocratique du Congo, ce forum a r\u00e9uni des autorit\u00e9s provinciales, des repr\u00e9sentants nationaux, des d\u00e9l\u00e9gu\u00e9s ougandais, des responsables militaires, des chefs coutumiers, la soci\u00e9t\u00e9 civile, ainsi que des partenaires internationaux, autour de la lutte contre les rebelles des Allied Democratic Forces (ADF), accus\u00e9s de massacres r\u00e9p\u00e9t\u00e9s dans la r\u00e9gion.<\/p>\n<p>S\u2019adressant au g\u00e9n\u00e9ral ougandais pr\u00e9sent \u00e0 la cl\u00f4ture, le pr\u00e9sident de l\u2019Assembl\u00e9e nationale a salu\u00e9 l\u2019appui militaire de Kampala aux Forces arm\u00e9es de la RDC (FARDC).<\/p>\n<p>\u00ab G\u00e9n\u00e9ral Mugerwa, je commence par vous remercier pour l\u2019appui que l\u2019arm\u00e9e ougandaise offre aux FARDC pour battre ensemble les ADF, qui sont un ennemi commun \u00e0 nos deux pays. J\u2019ai \u00e9cout\u00e9 tout ce qui a \u00e9t\u00e9 dit, y compris le rapport et toutes les recommandations qui viennent de m\u2019\u00eatre remis. Je vais tout transmettre au pr\u00e9sident de la R\u00e9publique, F\u00e9lix Antoine Tshisekedi, afin que vous ayez tous les moyens n\u00e9cessaires pour qu\u2019une fois pour toutes, le ph\u00e9nom\u00e8ne ADF prenne fin au Nord-Kivu \u00bb, a-t-il d\u00e9clar\u00e9.<\/p>\n<p>Il a f\u00e9licit\u00e9 le gouvernement provincial pour l\u2019initiative du forum, estimant que \u00ab la paix exige la fermet\u00e9 face aux ennemis de la R\u00e9publique \u00bb.<\/p>\n<p>\u00ab Nous avons d\u00e9sormais une feuille de route claire. L\u2019histoire jugera notre capacit\u00e9 \u00e0 prot\u00e9ger notre propre population. Derri\u00e8re nous, il y a des c\u0153urs bris\u00e9s et du d\u00e9sespoir. Je demande \u00e0 chacun de devenir un v\u00e9ritable artisan de la paix \u00bb, a-t-il ajout\u00e9.<\/p>\n<p>Le gouverneur du Nord-Kivu a, pour sa part, soulign\u00e9 que seul un engagement collectif et la mise en \u0153uvre effective des recommandations pourraient conduire \u00e0 l\u2019\u00e9radication d\u00e9finitive des ADF.<\/p>\n<p>\u00ab Qui commence bien finit bien. Pendant trois jours, nous avons analys\u00e9 ensemble le ph\u00e9nom\u00e8ne ADF. Sans limite, nous avons combin\u00e9 des id\u00e9es et des strat\u00e9gies. De l\u2019historique des ADF \u00e0 leurs modes op\u00e9ratoires, de la cartographie au bilan des affres, nous parlons d\u00e9sormais le m\u00eame langage \u00bb, a-t-il d\u00e9clar\u00e9 dans son mot de cl\u00f4ture.<\/p>\n<p>Selon lui, chaque participant devient d\u00e9sormais \u00ab un ambassadeur \u00bb charg\u00e9 de porter la question s\u00e9curitaire aux niveaux national et international afin de mobiliser des solutions multiformes.<\/p>\n<p>\u00ab Les ADF ne sont ni invuln\u00e9rables ni impossibles \u00e0 vaincre. Il est possible de les d\u00e9truire si nous y croyons ensemble comme un seul homme. Refusons que nos champs, nos maisons et nos enfants soient des cibles de ces hommes sans c\u0153ur \u00bb, a-t-il insist\u00e9.<\/p>\n<p>Le repr\u00e9sentant de la d\u00e9l\u00e9gation ougandaise, le g\u00e9n\u00e9ral St\u00e9phane Mugerwa, commandant de division de montagne au sein de l\u2019arm\u00e9e ougandaise, a salu\u00e9 l\u2019organisation du forum et encourag\u00e9 la population \u00e0 collaborer avec les forces engag\u00e9es contre les rebelles.<\/p>\n<p>\u00ab Nous f\u00e9licitons le pr\u00e9sident F\u00e9lix Tshisekedi pour les efforts consentis afin que nous puissions nous battre ensemble contre les ADF. Nous f\u00e9licitons aussi le gouverneur qui a permis que nous r\u00e9fl\u00e9chissions ensemble pour mieux conna\u00eetre qui sont les ADF. Si vous jouez avec l\u2019ADF, ce n\u2019est pas un homme bien, c\u2019est un criminel \u00bb, a-t-il affirm\u00e9.<\/p>\n<p>\u00ab Nous sollicitons que la population donne du courage aux militaires en livrant rapidement des informations, afin que nous puissions suivre et battre l\u2019ennemi en temps r\u00e9el. Nous sommes en train de nous battre, soyez calmes, nous sommes l\u00e0 pour la population \u00bb, a-t-il ajout\u00e9.<\/p>\n<p>Parmi les principales recommandations formul\u00e9es par les pan\u00e9listes figurent : la collaboration sans rel\u00e2che des populations avec les services de s\u00e9curit\u00e9, l\u2019intervention rapide des FARDC en cas d\u2019alerte, ainsi que la dotation en \u00e9quipements ad\u00e9quats aux forces engag\u00e9es dans la traque des ADF.<\/p>\n<p>Le forum a \u00e9galement enregistr\u00e9 la participation de repr\u00e9sentants diplomatiques, dont un d\u00e9l\u00e9gu\u00e9 sp\u00e9cial de l\u2019ambassade de Belgique en RDC, d\u2019une d\u00e9l\u00e9gation politico-militaire ougandaise, de la Mission des Nations unies pour la stabilisation en RDC (MONUSCO), ainsi que de d\u00e9put\u00e9s nationaux et provinciaux et de s\u00e9nateurs.<\/p>\n<p>Les autorit\u00e9s congolaises esp\u00e8rent que la mise en \u0153uvre rapide de cette feuille de route permettra de r\u00e9duire durablement l\u2019ins\u00e9curit\u00e9 dans le territoire de Beni et plus largement au Nord-Kivu, \u00e9picentre des violences attribu\u00e9es aux ADF.<\/p>\n<p>La r\u00e9daction<\/p>\n","protected":false},"excerpt":{"rendered":"<p>\u00a0Les recommandations issues du forum de paix sur la probl\u00e9matique des ADF ont \u00e9t\u00e9 remises tard mercredi soir au pr\u00e9sident de l\u2019Assembl\u00e9e nationale, en s\u00e9jour \u00e0 Beni, au terme de<\/p>\n","protected":false},"author":14,"featured_media":72949,"comment_status":"open","ping_status":"open","sticky":false,"template":"","format":"standard","meta":{"footnotes":""},"categories":[1],"tags":[],"class_list":["post-72948","post","type-post","status-publish","format-standard","has-post-thumbnail","hentry","category-actualite"],"yoast_head":"<!-- This site is optimized with the Yoast SEO plugin v27.5 - https:\/\/yoast.com\/product\/yoast-seo-wordpress\/ -->\n<title>Nord-Kivu : remise des recommandations du forum sur les ADF \u00e0 Beni - LES VOLCANS NEWS<\/title>\n<meta name=\"robots\" content=\"index, follow, max-snippet:-1, max-image-preview:large, max-video-preview:-1\" \/>\n<link rel=\"canonical\" href=\"https:\/\/lesvolcansnews.net\/?p=72948\" \/>\n<meta property=\"og:locale\" content=\"fr_FR\" \/>\n<meta property=\"og:type\" content=\"article\" \/>\n<meta property=\"og:title\" content=\"Nord-Kivu : remise des recommandations du forum sur les ADF \u00e0 Beni - LES VOLCANS NEWS\" \/>\n<meta property=\"og:description\" content=\"\u00a0Les recommandations issues du forum de paix sur la probl\u00e9matique des ADF ont \u00e9t\u00e9 remises tard mercredi soir au pr\u00e9sident de l\u2019Assembl\u00e9e nationale, en s\u00e9jour \u00e0 Beni, au terme de\" \/>\n<meta property=\"og:url\" content=\"https:\/\/lesvolcansnews.net\/?p=72948\" \/>\n<meta property=\"og:site_name\" content=\"LES VOLCANS NEWS\" \/>\n<meta property=\"article:published_time\" content=\"2026-02-26T03:00:31+00:00\" \/>\n<meta property=\"og:image\" content=\"https:\/\/lesvolcansnews.net\/wp-content\/uploads\/2026\/02\/IMG-20260226-WA0001.jpg\" \/>\n\t<meta property=\"og:image:width\" content=\"960\" \/>\n\t<meta property=\"og:image:height\" content=\"432\" \/>\n\t<meta property=\"og:image:type\" content=\"image\/jpeg\" \/>\n<meta name=\"author\" content=\"R\u00e9daction - Les Volcans News\" \/>\n<meta name=\"twitter:card\" content=\"summary_large_image\" \/>\n<meta name=\"twitter:label1\" content=\"\u00c9crit par\" \/>\n\t<meta name=\"twitter:data1\" content=\"R\u00e9daction - Les Volcans News\" \/>\n\t<meta name=\"twitter:label2\" content=\"Dur\u00e9e de lecture estim\u00e9e\" \/>\n\t<meta name=\"twitter:data2\" content=\"4 minutes\" \/>\n<script type=\"application\/ld+json\" class=\"yoast-schema-graph\">{\"@context\":\"https:\\\/\\\/schema.org\",\"@graph\":[{\"@type\":\"Article\",\"@id\":\"https:\\\/\\\/lesvolcansnews.net\\\/?p=72948#article\",\"isPartOf\":{\"@id\":\"https:\\\/\\\/lesvolcansnews.net\\\/?p=72948\"},\"author\":{\"name\":\"R\u00e9daction - Les Volcans News\",\"@id\":\"https:\\\/\\\/lesvolcansnews.net\\\/#\\\/schema\\\/person\\\/82c8bed2e77879ecf6cca63441f57354\"},\"headline\":\"Nord-Kivu : remise des recommandations du forum sur les ADF \u00e0 Beni\",\"datePublished\":\"2026-02-26T03:00:31+00:00\",\"mainEntityOfPage\":{\"@id\":\"https:\\\/\\\/lesvolcansnews.net\\\/?p=72948\"},\"wordCount\":821,\"commentCount\":0,\"image\":{\"@id\":\"https:\\\/\\\/lesvolcansnews.net\\\/?p=72948#primaryimage\"},\"thumbnailUrl\":\"https:\\\/\\\/lesvolcansnews.net\\\/wp-content\\\/uploads\\\/2026\\\/02\\\/IMG-20260226-WA0001.jpg\",\"articleSection\":[\"ACTUALIT\u00c9\"],\"inLanguage\":\"fr-FR\",\"potentialAction\":[{\"@type\":\"CommentAction\",\"name\":\"Comment\",\"target\":[\"https:\\\/\\\/lesvolcansnews.net\\\/?p=72948#respond\"]}]},{\"@type\":\"WebPage\",\"@id\":\"https:\\\/\\\/lesvolcansnews.net\\\/?p=72948\",\"url\":\"https:\\\/\\\/lesvolcansnews.net\\\/?p=72948\",\"name\":\"Nord-Kivu : remise des recommandations du forum sur les ADF \u00e0 Beni - LES VOLCANS NEWS\",\"isPartOf\":{\"@id\":\"https:\\\/\\\/lesvolcansnews.net\\\/#website\"},\"primaryImageOfPage\":{\"@id\":\"https:\\\/\\\/lesvolcansnews.net\\\/?p=72948#primaryimage\"},\"image\":{\"@id\":\"https:\\\/\\\/lesvolcansnews.net\\\/?p=72948#primaryimage\"},\"thumbnailUrl\":\"https:\\\/\\\/lesvolcansnews.net\\\/wp-content\\\/uploads\\\/2026\\\/02\\\/IMG-20260226-WA0001.jpg\",\"datePublished\":\"2026-02-26T03:00:31+00:00\",\"author\":{\"@id\":\"https:\\\/\\\/lesvolcansnews.net\\\/#\\\/schema\\\/person\\\/82c8bed2e77879ecf6cca63441f57354\"},\"breadcrumb\":{\"@id\":\"https:\\\/\\\/lesvolcansnews.net\\\/?p=72948#breadcrumb\"},\"inLanguage\":\"fr-FR\",\"potentialAction\":[{\"@type\":\"ReadAction\",\"target\":[\"https:\\\/\\\/lesvolcansnews.net\\\/?p=72948\"]}]},{\"@type\":\"ImageObject\",\"inLanguage\":\"fr-FR\",\"@id\":\"https:\\\/\\\/lesvolcansnews.net\\\/?p=72948#primaryimage\",\"url\":\"https:\\\/\\\/lesvolcansnews.net\\\/wp-content\\\/uploads\\\/2026\\\/02\\\/IMG-20260226-WA0001.jpg\",\"contentUrl\":\"https:\\\/\\\/lesvolcansnews.net\\\/wp-content\\\/uploads\\\/2026\\\/02\\\/IMG-20260226-WA0001.jpg\",\"width\":960,\"height\":432},{\"@type\":\"BreadcrumbList\",\"@id\":\"https:\\\/\\\/lesvolcansnews.net\\\/?p=72948#breadcrumb\",\"itemListElement\":[{\"@type\":\"ListItem\",\"position\":1,\"name\":\"Accueil\",\"item\":\"https:\\\/\\\/lesvolcansnews.net\\\/\"},{\"@type\":\"ListItem\",\"position\":2,\"name\":\"Nord-Kivu : remise des recommandations du forum sur les ADF \u00e0 Beni\"}]},{\"@type\":\"WebSite\",\"@id\":\"https:\\\/\\\/lesvolcansnews.net\\\/#website\",\"url\":\"https:\\\/\\\/lesvolcansnews.net\\\/\",\"name\":\"LES VOLCANS NEWS\",\"description\":\"L&#039;INFORMATION C&#039;EST NOUS\",\"potentialAction\":[{\"@type\":\"SearchAction\",\"target\":{\"@type\":\"EntryPoint\",\"urlTemplate\":\"https:\\\/\\\/lesvolcansnews.net\\\/?s={search_term_string}\"},\"query-input\":{\"@type\":\"PropertyValueSpecification\",\"valueRequired\":true,\"valueName\":\"search_term_string\"}}],\"inLanguage\":\"fr-FR\"},{\"@type\":\"Person\",\"@id\":\"https:\\\/\\\/lesvolcansnews.net\\\/#\\\/schema\\\/person\\\/82c8bed2e77879ecf6cca63441f57354\",\"name\":\"R\u00e9daction - Les Volcans News\",\"image\":{\"@type\":\"ImageObject\",\"inLanguage\":\"fr-FR\",\"@id\":\"https:\\\/\\\/secure.gravatar.com\\\/avatar\\\/8408942dd851e8a9c09f3d382a661bc05d2b3cd9002139bc1795b9528cdc6c80?s=96&d=mm&r=g\",\"url\":\"https:\\\/\\\/secure.gravatar.com\\\/avatar\\\/8408942dd851e8a9c09f3d382a661bc05d2b3cd9002139bc1795b9528cdc6c80?s=96&d=mm&r=g\",\"contentUrl\":\"https:\\\/\\\/secure.gravatar.com\\\/avatar\\\/8408942dd851e8a9c09f3d382a661bc05d2b3cd9002139bc1795b9528cdc6c80?s=96&d=mm&r=g\",\"caption\":\"R\u00e9daction - Les Volcans News\"},\"url\":\"https:\\\/\\\/lesvolcansnews.net\\\/?author=14\"}]}<\/script>\n<!-- \/ Yoast SEO plugin. -->","yoast_head_json":{"title":"Nord-Kivu : remise des recommandations du forum sur les ADF \u00e0 Beni - LES VOLCANS NEWS","robots":{"index":"index","follow":"follow","max-snippet":"max-snippet:-1","max-image-preview":"max-image-preview:large","max-video-preview":"max-video-preview:-1"},"canonical":"https:\/\/lesvolcansnews.net\/?p=72948","og_locale":"fr_FR","og_type":"article","og_title":"Nord-Kivu : remise des recommandations du forum sur les ADF \u00e0 Beni - LES VOLCANS NEWS","og_description":"\u00a0Les recommandations issues du forum de paix sur la probl\u00e9matique des ADF ont \u00e9t\u00e9 remises tard mercredi soir au pr\u00e9sident de l\u2019Assembl\u00e9e nationale, en s\u00e9jour \u00e0 Beni, au terme de","og_url":"https:\/\/lesvolcansnews.net\/?p=72948","og_site_name":"LES VOLCANS NEWS","article_published_time":"2026-02-26T03:00:31+00:00","og_image":[{"width":960,"height":432,"url":"https:\/\/lesvolcansnews.net\/wp-content\/uploads\/2026\/02\/IMG-20260226-WA0001.jpg","type":"image\/jpeg"}],"author":"R\u00e9daction - Les Volcans News","twitter_card":"summary_large_image","twitter_misc":{"\u00c9crit par":"R\u00e9daction - Les Volcans News","Dur\u00e9e de lecture estim\u00e9e":"4 minutes"},"schema":{"@context":"https:\/\/schema.org","@graph":[{"@type":"Article","@id":"https:\/\/lesvolcansnews.net\/?p=72948#article","isPartOf":{"@id":"https:\/\/lesvolcansnews.net\/?p=72948"},"author":{"name":"R\u00e9daction - Les Volcans News","@id":"https:\/\/lesvolcansnews.net\/#\/schema\/person\/82c8bed2e77879ecf6cca63441f57354"},"headline":"Nord-Kivu : remise des recommandations du forum sur les ADF \u00e0 Beni","datePublished":"2026-02-26T03:00:31+00:00","mainEntityOfPage":{"@id":"https:\/\/lesvolcansnews.net\/?p=72948"},"wordCount":821,"commentCount":0,"image":{"@id":"https:\/\/lesvolcansnews.net\/?p=72948#primaryimage"},"thumbnailUrl":"https:\/\/lesvolcansnews.net\/wp-content\/uploads\/2026\/02\/IMG-20260226-WA0001.jpg","articleSection":["ACTUALIT\u00c9"],"inLanguage":"fr-FR","potentialAction":[{"@type":"CommentAction","name":"Comment","target":["https:\/\/lesvolcansnews.net\/?p=72948#respond"]}]},{"@type":"WebPage","@id":"https:\/\/lesvolcansnews.net\/?p=72948","url":"https:\/\/lesvolcansnews.net\/?p=72948","name":"Nord-Kivu : remise des recommandations du forum sur les ADF \u00e0 Beni - LES VOLCANS NEWS","isPartOf":{"@id":"https:\/\/lesvolcansnews.net\/#website"},"primaryImageOfPage":{"@id":"https:\/\/lesvolcansnews.net\/?p=72948#primaryimage"},"image":{"@id":"https:\/\/lesvolcansnews.net\/?p=72948#primaryimage"},"thumbnailUrl":"https:\/\/lesvolcansnews.net\/wp-content\/uploads\/2026\/02\/IMG-20260226-WA0001.jpg","datePublished":"2026-02-26T03:00:31+00:00","author":{"@id":"https:\/\/lesvolcansnews.net\/#\/schema\/person\/82c8bed2e77879ecf6cca63441f57354"},"breadcrumb":{"@id":"https:\/\/lesvolcansnews.net\/?p=72948#breadcrumb"},"inLanguage":"fr-FR","potentialAction":[{"@type":"ReadAction","target":["https:\/\/lesvolcansnews.net\/?p=72948"]}]},{"@type":"ImageObject","inLanguage":"fr-FR","@id":"https:\/\/lesvolcansnews.net\/?p=72948#primaryimage","url":"https:\/\/lesvolcansnews.net\/wp-content\/uploads\/2026\/02\/IMG-20260226-WA0001.jpg","contentUrl":"https:\/\/lesvolcansnews.net\/wp-content\/uploads\/2026\/02\/IMG-20260226-WA0001.jpg","width":960,"height":432},{"@type":"BreadcrumbList","@id":"https:\/\/lesvolcansnews.net\/?p=72948#breadcrumb","itemListElement":[{"@type":"ListItem","position":1,"name":"Accueil","item":"https:\/\/lesvolcansnews.net\/"},{"@type":"ListItem","position":2,"name":"Nord-Kivu : remise des recommandations du forum sur les ADF \u00e0 Beni"}]},{"@type":"WebSite","@id":"https:\/\/lesvolcansnews.net\/#website","url":"https:\/\/lesvolcansnews.net\/","name":"LES VOLCANS NEWS","description":"L&#039;INFORMATION C&#039;EST NOUS","potentialAction":[{"@type":"SearchAction","target":{"@type":"EntryPoint","urlTemplate":"https:\/\/lesvolcansnews.net\/?s={search_term_string}"},"query-input":{"@type":"PropertyValueSpecification","valueRequired":true,"valueName":"search_term_string"}}],"inLanguage":"fr-FR"},{"@type":"Person","@id":"https:\/\/lesvolcansnews.net\/#\/schema\/person\/82c8bed2e77879ecf6cca63441f57354","name":"R\u00e9daction - Les Volcans News","image":{"@type":"ImageObject","inLanguage":"fr-FR","@id":"https:\/\/secure.gravatar.com\/avatar\/8408942dd851e8a9c09f3d382a661bc05d2b3cd9002139bc1795b9528cdc6c80?s=96&d=mm&r=g","url":"https:\/\/secure.gravatar.com\/avatar\/8408942dd851e8a9c09f3d382a661bc05d2b3cd9002139bc1795b9528cdc6c80?s=96&d=mm&r=g","contentUrl":"https:\/\/secure.gravatar.com\/avatar\/8408942dd851e8a9c09f3d382a661bc05d2b3cd9002139bc1795b9528cdc6c80?s=96&d=mm&r=g","caption":"R\u00e9daction - Les Volcans News"},"url":"https:\/\/lesvolcansnews.net\/?author=14"}]}},"_links":{"self":[{"href":"https:\/\/lesvolcansnews.net\/index.php?rest_route=\/wp\/v2\/posts\/72948","targetHints":{"allow":["GET"]}}],"collection":[{"href":"https:\/\/lesvolcansnews.net\/index.php?rest_route=\/wp\/v2\/posts"}],"about":[{"href":"https:\/\/lesvolcansnews.net\/index.php?rest_route=\/wp\/v2\/types\/post"}],"author":[{"embeddable":true,"href":"https:\/\/lesvolcansnews.net\/index.php?rest_route=\/wp\/v2\/users\/14"}],"replies":[{"embeddable":true,"href":"https:\/\/lesvolcansnews.net\/index.php?rest_route=%2Fwp%2Fv2%2Fcomments&post=72948"}],"version-history":[{"count":1,"href":"https:\/\/lesvolcansnews.net\/index.php?rest_route=\/wp\/v2\/posts\/72948\/revisions"}],"predecessor-version":[{"id":72950,"href":"https:\/\/lesvolcansnews.net\/index.php?rest_route=\/wp\/v2\/posts\/72948\/revisions\/72950"}],"wp:featuredmedia":[{"embeddable":true,"href":"https:\/\/lesvolcansnews.net\/index.php?rest_route=\/wp\/v2\/media\/72949"}],"wp:attachment":[{"href":"https:\/\/lesvolcansnews.net\/index.php?rest_route=%2Fwp%2Fv2%2Fmedia&parent=72948"}],"wp:term":[{"taxonomy":"category","embeddable":true,"href":"https:\/\/lesvolcansnews.net\/index.php?rest_route=%2Fwp%2Fv2%2Fcategories&post=72948"},{"taxonomy":"post_tag","embeddable":true,"href":"https:\/\/lesvolcansnews.net\/index.php?rest_route=%2Fwp%2Fv2%2Ftags&post=72948"}],"curies":[{"name":"wp","href":"https:\/\/api.w.org\/{rel}","templated":true}]}}