{"id":72915,"date":"2026-02-24T17:40:10","date_gmt":"2026-02-24T15:40:10","guid":{"rendered":"https:\/\/lesvolcansnews.net\/?p=72915"},"modified":"2026-02-24T17:40:10","modified_gmt":"2026-02-24T15:40:10","slug":"haut-katanga-sama-lukonde-place-les-processus-de-paix-au-coeur-de-ses-vacances-parlementaires","status":"publish","type":"post","link":"https:\/\/lesvolcansnews.net\/?p=72915","title":{"rendered":"Haut-Katanga : Sama Lukonde place les processus de paix au c\u0153ur de ses vacances parlementaires"},"content":{"rendered":"<p><strong>Les initiatives et processus de paix dans lesquels la R\u00e9publique d\u00e9mocratique du Congo est engag\u00e9e, notamment ceux de Washington et de Doha, figurent au centre des vacances parlementaires du pr\u00e9sident du S\u00e9nat, Jean-Michel Sama Lukonde, dans la province du Haut-Katanga<\/strong>.<\/p>\n<p>\u00c0 sa descente d\u2019avion \u00e0 l\u2019a\u00e9roport international de la Luano, \u00e0 Lubumbashi, Jean-Michel Sama Lukonde a d\u00e9clar\u00e9 que ses vacances parlementaires ne se limitaient pas \u00e0 des \u00e9changes avec les autorit\u00e9s locales.<\/p>\n<p>\u00ab Mes vacances parlementaires ne sont pas seulement une occasion d\u2019\u00e9changer avec les autorit\u00e9s locales afin de m\u2019enqu\u00e9rir de la situation sociale, \u00e9conomique et s\u00e9curitaire mais, aussi, de sensibiliser la population pour le soutien total \u00e0 toutes les initiatives et tous les processus de paix dans lesquels la R\u00e9publique d\u00e9mocratique du Congo est engag\u00e9e, particuli\u00e8rement celui de Washington et de Doha \u00bb, a-t-il affirm\u00e9.<\/p>\n<p>Le pr\u00e9sident du S\u00e9nat a pr\u00e9cis\u00e9 que les vacances parlementaires constituent une exigence constitutionnelle visant \u00e0 maintenir le contact avec les bases et les forces vives de la nation.<\/p>\n<p>\u00ab Les vacances parlementaires sont une exigence de la Constitution pour \u00eatre en contact avec les bases, les forces vives \u00bb, a-t-il soulign\u00e9.<\/p>\n<p>Selon la m\u00eame source parlementaire, les initiatives et processus de paix en cours sont inscrits au programme de la campagne de sensibilisation que le pr\u00e9sident du S\u00e9nat entend mener aupr\u00e8s de la population du Haut-Katanga durant son s\u00e9jour.<\/p>\n<p>Jean-Michel Sama Lukonde a \u00e9galement indiqu\u00e9 que cette d\u00e9marche r\u00e9pondait \u00e0 une attente exprim\u00e9e au plus haut niveau de l\u2019\u00c9tat.<\/p>\n<p>\u00ab Cela nous est demand\u00e9 d\u2019autant plus par le Pr\u00e9sident de la R\u00e9publique qui, dans son r\u00f4le de garant du bon fonctionnement des institutions, insiste sur cette communion avec la population \u00bb, a-t-il d\u00e9clar\u00e9.<\/p>\n<p>\u00c0 son arriv\u00e9e \u00e0 Lubumbashi, il a \u00e9t\u00e9 accueilli par le pr\u00e9sident de l\u2019Assembl\u00e9e provinciale du Haut-Katanga, Michel Kabwe Mwamba, ainsi que par le gouverneur int\u00e9rimaire de la province, Martin Kazembe Shula, qu\u2019il a remerci\u00e9s pour l\u2019accueil chaleureux qui lui a \u00e9t\u00e9 r\u00e9serv\u00e9.<\/p>\n<p>La r\u00e9daction<\/p>\n","protected":false},"excerpt":{"rendered":"<p>Les initiatives et processus de paix dans lesquels la R\u00e9publique d\u00e9mocratique du Congo est engag\u00e9e, notamment ceux de Washington et de Doha, figurent au centre des vacances parlementaires du pr\u00e9sident<\/p>\n","protected":false},"author":14,"featured_media":72916,"comment_status":"open","ping_status":"open","sticky":false,"template":"","format":"standard","meta":{"footnotes":""},"categories":[1],"tags":[],"class_list":["post-72915","post","type-post","status-publish","format-standard","has-post-thumbnail","hentry","category-actualite"],"yoast_head":"<!-- This site is optimized with the Yoast SEO plugin v27.5 - https:\/\/yoast.com\/product\/yoast-seo-wordpress\/ -->\n<title>Haut-Katanga : Sama Lukonde place les processus de paix au c\u0153ur de ses vacances parlementaires - LES VOLCANS NEWS<\/title>\n<meta name=\"robots\" content=\"index, follow, max-snippet:-1, max-image-preview:large, max-video-preview:-1\" \/>\n<link rel=\"canonical\" href=\"https:\/\/lesvolcansnews.net\/?p=72915\" \/>\n<meta property=\"og:locale\" content=\"fr_FR\" \/>\n<meta property=\"og:type\" content=\"article\" \/>\n<meta property=\"og:title\" content=\"Haut-Katanga : Sama Lukonde place les processus de paix au c\u0153ur de ses vacances parlementaires - LES VOLCANS NEWS\" \/>\n<meta property=\"og:description\" content=\"Les initiatives et processus de paix dans lesquels la R\u00e9publique d\u00e9mocratique du Congo est engag\u00e9e, notamment ceux de Washington et de Doha, figurent au centre des vacances parlementaires du pr\u00e9sident\" \/>\n<meta property=\"og:url\" content=\"https:\/\/lesvolcansnews.net\/?p=72915\" \/>\n<meta property=\"og:site_name\" content=\"LES VOLCANS NEWS\" \/>\n<meta property=\"article:published_time\" content=\"2026-02-24T15:40:10+00:00\" \/>\n<meta property=\"og:image\" content=\"https:\/\/lesvolcansnews.net\/wp-content\/uploads\/2026\/02\/IMG-20260224-WA0293.jpg\" \/>\n\t<meta property=\"og:image:width\" content=\"1280\" \/>\n\t<meta property=\"og:image:height\" content=\"720\" \/>\n\t<meta property=\"og:image:type\" content=\"image\/jpeg\" \/>\n<meta name=\"author\" content=\"R\u00e9daction - Les Volcans News\" \/>\n<meta name=\"twitter:card\" content=\"summary_large_image\" \/>\n<meta name=\"twitter:label1\" content=\"\u00c9crit par\" \/>\n\t<meta name=\"twitter:data1\" content=\"R\u00e9daction - Les Volcans News\" \/>\n\t<meta name=\"twitter:label2\" content=\"Dur\u00e9e de lecture estim\u00e9e\" \/>\n\t<meta name=\"twitter:data2\" content=\"2 minutes\" \/>\n<script type=\"application\/ld+json\" class=\"yoast-schema-graph\">{\"@context\":\"https:\\\/\\\/schema.org\",\"@graph\":[{\"@type\":\"Article\",\"@id\":\"https:\\\/\\\/lesvolcansnews.net\\\/?p=72915#article\",\"isPartOf\":{\"@id\":\"https:\\\/\\\/lesvolcansnews.net\\\/?p=72915\"},\"author\":{\"name\":\"R\u00e9daction - Les Volcans News\",\"@id\":\"https:\\\/\\\/lesvolcansnews.net\\\/#\\\/schema\\\/person\\\/82c8bed2e77879ecf6cca63441f57354\"},\"headline\":\"Haut-Katanga : Sama Lukonde place les processus de paix au c\u0153ur de ses vacances parlementaires\",\"datePublished\":\"2026-02-24T15:40:10+00:00\",\"mainEntityOfPage\":{\"@id\":\"https:\\\/\\\/lesvolcansnews.net\\\/?p=72915\"},\"wordCount\":371,\"commentCount\":0,\"image\":{\"@id\":\"https:\\\/\\\/lesvolcansnews.net\\\/?p=72915#primaryimage\"},\"thumbnailUrl\":\"https:\\\/\\\/lesvolcansnews.net\\\/wp-content\\\/uploads\\\/2026\\\/02\\\/IMG-20260224-WA0293.jpg\",\"articleSection\":[\"ACTUALIT\u00c9\"],\"inLanguage\":\"fr-FR\",\"potentialAction\":[{\"@type\":\"CommentAction\",\"name\":\"Comment\",\"target\":[\"https:\\\/\\\/lesvolcansnews.net\\\/?p=72915#respond\"]}]},{\"@type\":\"WebPage\",\"@id\":\"https:\\\/\\\/lesvolcansnews.net\\\/?p=72915\",\"url\":\"https:\\\/\\\/lesvolcansnews.net\\\/?p=72915\",\"name\":\"Haut-Katanga : Sama Lukonde place les processus de paix au c\u0153ur de ses vacances parlementaires - LES VOLCANS NEWS\",\"isPartOf\":{\"@id\":\"https:\\\/\\\/lesvolcansnews.net\\\/#website\"},\"primaryImageOfPage\":{\"@id\":\"https:\\\/\\\/lesvolcansnews.net\\\/?p=72915#primaryimage\"},\"image\":{\"@id\":\"https:\\\/\\\/lesvolcansnews.net\\\/?p=72915#primaryimage\"},\"thumbnailUrl\":\"https:\\\/\\\/lesvolcansnews.net\\\/wp-content\\\/uploads\\\/2026\\\/02\\\/IMG-20260224-WA0293.jpg\",\"datePublished\":\"2026-02-24T15:40:10+00:00\",\"author\":{\"@id\":\"https:\\\/\\\/lesvolcansnews.net\\\/#\\\/schema\\\/person\\\/82c8bed2e77879ecf6cca63441f57354\"},\"breadcrumb\":{\"@id\":\"https:\\\/\\\/lesvolcansnews.net\\\/?p=72915#breadcrumb\"},\"inLanguage\":\"fr-FR\",\"potentialAction\":[{\"@type\":\"ReadAction\",\"target\":[\"https:\\\/\\\/lesvolcansnews.net\\\/?p=72915\"]}]},{\"@type\":\"ImageObject\",\"inLanguage\":\"fr-FR\",\"@id\":\"https:\\\/\\\/lesvolcansnews.net\\\/?p=72915#primaryimage\",\"url\":\"https:\\\/\\\/lesvolcansnews.net\\\/wp-content\\\/uploads\\\/2026\\\/02\\\/IMG-20260224-WA0293.jpg\",\"contentUrl\":\"https:\\\/\\\/lesvolcansnews.net\\\/wp-content\\\/uploads\\\/2026\\\/02\\\/IMG-20260224-WA0293.jpg\",\"width\":1280,\"height\":720},{\"@type\":\"BreadcrumbList\",\"@id\":\"https:\\\/\\\/lesvolcansnews.net\\\/?p=72915#breadcrumb\",\"itemListElement\":[{\"@type\":\"ListItem\",\"position\":1,\"name\":\"Accueil\",\"item\":\"https:\\\/\\\/lesvolcansnews.net\\\/\"},{\"@type\":\"ListItem\",\"position\":2,\"name\":\"Haut-Katanga : Sama Lukonde place les processus de paix au c\u0153ur de ses vacances parlementaires\"}]},{\"@type\":\"WebSite\",\"@id\":\"https:\\\/\\\/lesvolcansnews.net\\\/#website\",\"url\":\"https:\\\/\\\/lesvolcansnews.net\\\/\",\"name\":\"LES VOLCANS NEWS\",\"description\":\"L&#039;INFORMATION C&#039;EST NOUS\",\"potentialAction\":[{\"@type\":\"SearchAction\",\"target\":{\"@type\":\"EntryPoint\",\"urlTemplate\":\"https:\\\/\\\/lesvolcansnews.net\\\/?s={search_term_string}\"},\"query-input\":{\"@type\":\"PropertyValueSpecification\",\"valueRequired\":true,\"valueName\":\"search_term_string\"}}],\"inLanguage\":\"fr-FR\"},{\"@type\":\"Person\",\"@id\":\"https:\\\/\\\/lesvolcansnews.net\\\/#\\\/schema\\\/person\\\/82c8bed2e77879ecf6cca63441f57354\",\"name\":\"R\u00e9daction - Les Volcans News\",\"image\":{\"@type\":\"ImageObject\",\"inLanguage\":\"fr-FR\",\"@id\":\"https:\\\/\\\/secure.gravatar.com\\\/avatar\\\/8408942dd851e8a9c09f3d382a661bc05d2b3cd9002139bc1795b9528cdc6c80?s=96&d=mm&r=g\",\"url\":\"https:\\\/\\\/secure.gravatar.com\\\/avatar\\\/8408942dd851e8a9c09f3d382a661bc05d2b3cd9002139bc1795b9528cdc6c80?s=96&d=mm&r=g\",\"contentUrl\":\"https:\\\/\\\/secure.gravatar.com\\\/avatar\\\/8408942dd851e8a9c09f3d382a661bc05d2b3cd9002139bc1795b9528cdc6c80?s=96&d=mm&r=g\",\"caption\":\"R\u00e9daction - Les Volcans News\"},\"url\":\"https:\\\/\\\/lesvolcansnews.net\\\/?author=14\"}]}<\/script>\n<!-- \/ Yoast SEO plugin. -->","yoast_head_json":{"title":"Haut-Katanga : Sama Lukonde place les processus de paix au c\u0153ur de ses vacances parlementaires - LES VOLCANS NEWS","robots":{"index":"index","follow":"follow","max-snippet":"max-snippet:-1","max-image-preview":"max-image-preview:large","max-video-preview":"max-video-preview:-1"},"canonical":"https:\/\/lesvolcansnews.net\/?p=72915","og_locale":"fr_FR","og_type":"article","og_title":"Haut-Katanga : Sama Lukonde place les processus de paix au c\u0153ur de ses vacances parlementaires - LES VOLCANS NEWS","og_description":"Les initiatives et processus de paix dans lesquels la R\u00e9publique d\u00e9mocratique du Congo est engag\u00e9e, notamment ceux de Washington et de Doha, figurent au centre des vacances parlementaires du pr\u00e9sident","og_url":"https:\/\/lesvolcansnews.net\/?p=72915","og_site_name":"LES VOLCANS NEWS","article_published_time":"2026-02-24T15:40:10+00:00","og_image":[{"width":1280,"height":720,"url":"https:\/\/lesvolcansnews.net\/wp-content\/uploads\/2026\/02\/IMG-20260224-WA0293.jpg","type":"image\/jpeg"}],"author":"R\u00e9daction - Les Volcans News","twitter_card":"summary_large_image","twitter_misc":{"\u00c9crit par":"R\u00e9daction - Les Volcans News","Dur\u00e9e de lecture estim\u00e9e":"2 minutes"},"schema":{"@context":"https:\/\/schema.org","@graph":[{"@type":"Article","@id":"https:\/\/lesvolcansnews.net\/?p=72915#article","isPartOf":{"@id":"https:\/\/lesvolcansnews.net\/?p=72915"},"author":{"name":"R\u00e9daction - Les Volcans News","@id":"https:\/\/lesvolcansnews.net\/#\/schema\/person\/82c8bed2e77879ecf6cca63441f57354"},"headline":"Haut-Katanga : Sama Lukonde place les processus de paix au c\u0153ur de ses vacances parlementaires","datePublished":"2026-02-24T15:40:10+00:00","mainEntityOfPage":{"@id":"https:\/\/lesvolcansnews.net\/?p=72915"},"wordCount":371,"commentCount":0,"image":{"@id":"https:\/\/lesvolcansnews.net\/?p=72915#primaryimage"},"thumbnailUrl":"https:\/\/lesvolcansnews.net\/wp-content\/uploads\/2026\/02\/IMG-20260224-WA0293.jpg","articleSection":["ACTUALIT\u00c9"],"inLanguage":"fr-FR","potentialAction":[{"@type":"CommentAction","name":"Comment","target":["https:\/\/lesvolcansnews.net\/?p=72915#respond"]}]},{"@type":"WebPage","@id":"https:\/\/lesvolcansnews.net\/?p=72915","url":"https:\/\/lesvolcansnews.net\/?p=72915","name":"Haut-Katanga : Sama Lukonde place les processus de paix au c\u0153ur de ses vacances parlementaires - LES VOLCANS NEWS","isPartOf":{"@id":"https:\/\/lesvolcansnews.net\/#website"},"primaryImageOfPage":{"@id":"https:\/\/lesvolcansnews.net\/?p=72915#primaryimage"},"image":{"@id":"https:\/\/lesvolcansnews.net\/?p=72915#primaryimage"},"thumbnailUrl":"https:\/\/lesvolcansnews.net\/wp-content\/uploads\/2026\/02\/IMG-20260224-WA0293.jpg","datePublished":"2026-02-24T15:40:10+00:00","author":{"@id":"https:\/\/lesvolcansnews.net\/#\/schema\/person\/82c8bed2e77879ecf6cca63441f57354"},"breadcrumb":{"@id":"https:\/\/lesvolcansnews.net\/?p=72915#breadcrumb"},"inLanguage":"fr-FR","potentialAction":[{"@type":"ReadAction","target":["https:\/\/lesvolcansnews.net\/?p=72915"]}]},{"@type":"ImageObject","inLanguage":"fr-FR","@id":"https:\/\/lesvolcansnews.net\/?p=72915#primaryimage","url":"https:\/\/lesvolcansnews.net\/wp-content\/uploads\/2026\/02\/IMG-20260224-WA0293.jpg","contentUrl":"https:\/\/lesvolcansnews.net\/wp-content\/uploads\/2026\/02\/IMG-20260224-WA0293.jpg","width":1280,"height":720},{"@type":"BreadcrumbList","@id":"https:\/\/lesvolcansnews.net\/?p=72915#breadcrumb","itemListElement":[{"@type":"ListItem","position":1,"name":"Accueil","item":"https:\/\/lesvolcansnews.net\/"},{"@type":"ListItem","position":2,"name":"Haut-Katanga : Sama Lukonde place les processus de paix au c\u0153ur de ses vacances parlementaires"}]},{"@type":"WebSite","@id":"https:\/\/lesvolcansnews.net\/#website","url":"https:\/\/lesvolcansnews.net\/","name":"LES VOLCANS NEWS","description":"L&#039;INFORMATION C&#039;EST NOUS","potentialAction":[{"@type":"SearchAction","target":{"@type":"EntryPoint","urlTemplate":"https:\/\/lesvolcansnews.net\/?s={search_term_string}"},"query-input":{"@type":"PropertyValueSpecification","valueRequired":true,"valueName":"search_term_string"}}],"inLanguage":"fr-FR"},{"@type":"Person","@id":"https:\/\/lesvolcansnews.net\/#\/schema\/person\/82c8bed2e77879ecf6cca63441f57354","name":"R\u00e9daction - Les Volcans News","image":{"@type":"ImageObject","inLanguage":"fr-FR","@id":"https:\/\/secure.gravatar.com\/avatar\/8408942dd851e8a9c09f3d382a661bc05d2b3cd9002139bc1795b9528cdc6c80?s=96&d=mm&r=g","url":"https:\/\/secure.gravatar.com\/avatar\/8408942dd851e8a9c09f3d382a661bc05d2b3cd9002139bc1795b9528cdc6c80?s=96&d=mm&r=g","contentUrl":"https:\/\/secure.gravatar.com\/avatar\/8408942dd851e8a9c09f3d382a661bc05d2b3cd9002139bc1795b9528cdc6c80?s=96&d=mm&r=g","caption":"R\u00e9daction - Les Volcans News"},"url":"https:\/\/lesvolcansnews.net\/?author=14"}]}},"_links":{"self":[{"href":"https:\/\/lesvolcansnews.net\/index.php?rest_route=\/wp\/v2\/posts\/72915","targetHints":{"allow":["GET"]}}],"collection":[{"href":"https:\/\/lesvolcansnews.net\/index.php?rest_route=\/wp\/v2\/posts"}],"about":[{"href":"https:\/\/lesvolcansnews.net\/index.php?rest_route=\/wp\/v2\/types\/post"}],"author":[{"embeddable":true,"href":"https:\/\/lesvolcansnews.net\/index.php?rest_route=\/wp\/v2\/users\/14"}],"replies":[{"embeddable":true,"href":"https:\/\/lesvolcansnews.net\/index.php?rest_route=%2Fwp%2Fv2%2Fcomments&post=72915"}],"version-history":[{"count":1,"href":"https:\/\/lesvolcansnews.net\/index.php?rest_route=\/wp\/v2\/posts\/72915\/revisions"}],"predecessor-version":[{"id":72917,"href":"https:\/\/lesvolcansnews.net\/index.php?rest_route=\/wp\/v2\/posts\/72915\/revisions\/72917"}],"wp:featuredmedia":[{"embeddable":true,"href":"https:\/\/lesvolcansnews.net\/index.php?rest_route=\/wp\/v2\/media\/72916"}],"wp:attachment":[{"href":"https:\/\/lesvolcansnews.net\/index.php?rest_route=%2Fwp%2Fv2%2Fmedia&parent=72915"}],"wp:term":[{"taxonomy":"category","embeddable":true,"href":"https:\/\/lesvolcansnews.net\/index.php?rest_route=%2Fwp%2Fv2%2Fcategories&post=72915"},{"taxonomy":"post_tag","embeddable":true,"href":"https:\/\/lesvolcansnews.net\/index.php?rest_route=%2Fwp%2Fv2%2Ftags&post=72915"}],"curies":[{"name":"wp","href":"https:\/\/api.w.org\/{rel}","templated":true}]}}