{"id":72899,"date":"2026-02-24T12:04:39","date_gmt":"2026-02-24T10:04:39","guid":{"rendered":"https:\/\/lesvolcansnews.net\/?p=72899"},"modified":"2026-02-24T12:04:39","modified_gmt":"2026-02-24T10:04:39","slug":"forum-sur-la-problematique-des-adf-la-methodologie-est-biaisee-maitre-mungu-akonkwa","status":"publish","type":"post","link":"https:\/\/lesvolcansnews.net\/?p=72899","title":{"rendered":"Forum sur la probl\u00e9matique des ADF : \u00ab La m\u00e9thodologie est biais\u00e9e \u00bb (Ma\u00eetre Mungu Akonkwa)"},"content":{"rendered":"<p>&nbsp;<\/p>\n<p><strong>La ville de Beni, chef-lieu provisoire du Nord-Kivu, vibre depuis ce 23 f\u00e9vrier 2026 au rythme d\u2019un important forum dit de paix consacr\u00e9 \u00e0 la probl\u00e9matique des ADF.<\/strong><\/p>\n<p>Les travaux vont se cl\u00f4turer ce mercredi 25 f\u00e9vrier 2026 et visent \u00e0 \u00e9laborer un plan int\u00e9gr\u00e9 et coh\u00e9rent pour lutter efficacement contre l\u2019activisme de ces pr\u00e9sum\u00e9s combattants ougandais et restaurer durablement la s\u00e9curit\u00e9 dans la r\u00e9gion, selon les organisateurs.<\/p>\n<p>Les participants, issus des institutions publiques, des forces de s\u00e9curit\u00e9, de la soci\u00e9t\u00e9 civile et des partenaires, d\u00e9battent notamment des causes de la recrudescence des attaques, des m\u00e9canismes de protection des civils, des moyens de renforcer la coop\u00e9ration s\u00e9curitaire ainsi que des pistes pour consolider la paix \u00e0 long terme.<\/p>\n<p>Dans une interview accord\u00e9e \u00e0 Les Volcans News.net, Ma\u00eetre Dieu Merci Mungu Akonkwa, coordonnateur provincial de l\u2019ADDCongo\/Nord-Kivu, d\u00e9plore l\u2019absence d\u2019un plan strat\u00e9gique national pour mettre un terme au ph\u00e9nom\u00e8ne ADF dans l\u2019Est de la R\u00e9publique d\u00e9mocratique du Congo.<\/p>\n<p>Il salue l\u2019initiative du gouverneur militaire du Nord-Kivu, qui semble avoir entendu cet appel en organisant un forum provincial sur cette probl\u00e9matique. Toutefois, il estime que la m\u00e9thode adopt\u00e9e para\u00eet inadapt\u00e9e \u00e0 la r\u00e9alit\u00e9 d\u2019une guerre asym\u00e9trique.<\/p>\n<p>\u00ab Monsieur le journaliste, r\u00e9cemment nous \u00e9tions en train de fustiger le fait que la RDC, notre pays, puisse manquer un plan strat\u00e9gique national pour mettre un terme au ph\u00e9nom\u00e8ne ADF qui continue d\u2019endeuiller les paisibles citoyens dans l\u2019Est de la RDC. Nous saluons le fait que le gouverneur militaire de la province du Nord-Kivu nous a suivis et vient d\u2019organiser, \u00e0 Beni, un forum provincial de paix sur la probl\u00e9matique des ADF.<\/p>\n<p>Tout en saluant son intention, nous disons que la m\u00e9thode utilis\u00e9e semble ne pas \u00eatre adapt\u00e9e pour mettre fin \u00e0 une guerre asym\u00e9trique. Vous savez vous-m\u00eames que les ADF m\u00e8nent une guerre asym\u00e9trique et donc la forte mobilisation li\u00e9e \u00e0 ce forum constitue d\u00e9j\u00e0 une mauvaise approche, parce que les ADF sont pr\u00e9sents dans la r\u00e9gion, ici et l\u00e0. En organisant un tel forum, le gouverneur ne conna\u00eet pas r\u00e9ellement les intentions des participants. Ces participants, c\u2019est-\u00e0-dire la Monusco, les politiciens, etc., ont-ils tous la m\u00eame vision ou le m\u00eame objectif d\u2019\u00e9radiquer le ph\u00e9nom\u00e8ne ADF ? Voil\u00e0 pourquoi nous disons que l\u2019intention d\u2019\u00e9radiquer les ADF est bonne, mais la m\u00e9thodologie est biais\u00e9e \u00bb, estime ce juriste.<\/p>\n<p>Face \u00e0 ce scepticisme, cet avocat et acteur politique propose, pour plus d\u2019efficacit\u00e9, que le gouverneur mette en place une \u00e9quipe restreinte compos\u00e9e d\u2019experts et de personnes de confiance. Ce groupe devrait, selon lui, \u00ab \u00e9laborer un plan strat\u00e9gique en toute discr\u00e9tion \u00bb afin d\u2019assurer une mise en \u0153uvre efficace, loin des regards et de la sc\u00e8ne publique.<\/p>\n<p>Pour rappel, c\u2019est depuis 2014 que les pr\u00e9sum\u00e9s ADF commettent des massacres et des exactions contre les populations civiles dans la r\u00e9gion de Beni, au Nord-Kivu, ainsi que dans le territoire d\u2019Irumu, en Ituri. Leur activisme s\u2019est r\u00e9cemment \u00e9tendu au territoire voisin de Lubero, o\u00f9 plusieurs villages et localit\u00e9s du secteur de Bapere ont t\u00e9moign\u00e9 de leur cruaut\u00e9.<\/p>\n<p>\u00c0 ce jour, le nombre de personnes massacr\u00e9es est estim\u00e9 \u00e0 plus de 4 000, selon diff\u00e9rents rapports, dont celui des experts des Nations unies.<\/p>\n<p><em>Victoire Muliwavyo<\/em><\/p>\n","protected":false},"excerpt":{"rendered":"<p>&nbsp; La ville de Beni, chef-lieu provisoire du Nord-Kivu, vibre depuis ce 23 f\u00e9vrier 2026 au rythme d\u2019un important forum dit de paix consacr\u00e9 \u00e0 la probl\u00e9matique des ADF. Les<\/p>\n","protected":false},"author":14,"featured_media":72900,"comment_status":"open","ping_status":"open","sticky":false,"template":"","format":"standard","meta":{"footnotes":""},"categories":[1],"tags":[],"class_list":["post-72899","post","type-post","status-publish","format-standard","has-post-thumbnail","hentry","category-actualite"],"yoast_head":"<!-- This site is optimized with the Yoast SEO plugin v27.5 - https:\/\/yoast.com\/product\/yoast-seo-wordpress\/ -->\n<title>Forum sur la probl\u00e9matique des ADF : \u00ab La m\u00e9thodologie est biais\u00e9e \u00bb (Ma\u00eetre Mungu Akonkwa) - LES VOLCANS NEWS<\/title>\n<meta name=\"robots\" content=\"index, follow, max-snippet:-1, max-image-preview:large, max-video-preview:-1\" \/>\n<link rel=\"canonical\" href=\"https:\/\/lesvolcansnews.net\/?p=72899\" \/>\n<meta property=\"og:locale\" content=\"fr_FR\" \/>\n<meta property=\"og:type\" content=\"article\" \/>\n<meta property=\"og:title\" content=\"Forum sur la probl\u00e9matique des ADF : \u00ab La m\u00e9thodologie est biais\u00e9e \u00bb (Ma\u00eetre Mungu Akonkwa) - LES VOLCANS NEWS\" \/>\n<meta property=\"og:description\" content=\"&nbsp; La ville de Beni, chef-lieu provisoire du Nord-Kivu, vibre depuis ce 23 f\u00e9vrier 2026 au rythme d\u2019un important forum dit de paix consacr\u00e9 \u00e0 la probl\u00e9matique des ADF. Les\" \/>\n<meta property=\"og:url\" content=\"https:\/\/lesvolcansnews.net\/?p=72899\" \/>\n<meta property=\"og:site_name\" content=\"LES VOLCANS NEWS\" \/>\n<meta property=\"article:published_time\" content=\"2026-02-24T10:04:39+00:00\" \/>\n<meta property=\"og:image\" content=\"https:\/\/lesvolcansnews.net\/wp-content\/uploads\/2026\/02\/IMG-20260224-WA0109.jpg\" \/>\n\t<meta property=\"og:image:width\" content=\"1174\" \/>\n\t<meta property=\"og:image:height\" content=\"800\" \/>\n\t<meta property=\"og:image:type\" content=\"image\/jpeg\" \/>\n<meta name=\"author\" content=\"R\u00e9daction - Les Volcans News\" \/>\n<meta name=\"twitter:card\" content=\"summary_large_image\" \/>\n<meta name=\"twitter:label1\" content=\"\u00c9crit par\" \/>\n\t<meta name=\"twitter:data1\" content=\"R\u00e9daction - Les Volcans News\" \/>\n\t<meta name=\"twitter:label2\" content=\"Dur\u00e9e de lecture estim\u00e9e\" \/>\n\t<meta name=\"twitter:data2\" content=\"3 minutes\" \/>\n<script type=\"application\/ld+json\" class=\"yoast-schema-graph\">{\"@context\":\"https:\\\/\\\/schema.org\",\"@graph\":[{\"@type\":\"Article\",\"@id\":\"https:\\\/\\\/lesvolcansnews.net\\\/?p=72899#article\",\"isPartOf\":{\"@id\":\"https:\\\/\\\/lesvolcansnews.net\\\/?p=72899\"},\"author\":{\"name\":\"R\u00e9daction - Les Volcans News\",\"@id\":\"https:\\\/\\\/lesvolcansnews.net\\\/#\\\/schema\\\/person\\\/82c8bed2e77879ecf6cca63441f57354\"},\"headline\":\"Forum sur la probl\u00e9matique des ADF : \u00ab La m\u00e9thodologie est biais\u00e9e \u00bb (Ma\u00eetre Mungu Akonkwa)\",\"datePublished\":\"2026-02-24T10:04:39+00:00\",\"mainEntityOfPage\":{\"@id\":\"https:\\\/\\\/lesvolcansnews.net\\\/?p=72899\"},\"wordCount\":611,\"commentCount\":0,\"image\":{\"@id\":\"https:\\\/\\\/lesvolcansnews.net\\\/?p=72899#primaryimage\"},\"thumbnailUrl\":\"https:\\\/\\\/lesvolcansnews.net\\\/wp-content\\\/uploads\\\/2026\\\/02\\\/IMG-20260224-WA0109.jpg\",\"articleSection\":[\"ACTUALIT\u00c9\"],\"inLanguage\":\"fr-FR\",\"potentialAction\":[{\"@type\":\"CommentAction\",\"name\":\"Comment\",\"target\":[\"https:\\\/\\\/lesvolcansnews.net\\\/?p=72899#respond\"]}]},{\"@type\":\"WebPage\",\"@id\":\"https:\\\/\\\/lesvolcansnews.net\\\/?p=72899\",\"url\":\"https:\\\/\\\/lesvolcansnews.net\\\/?p=72899\",\"name\":\"Forum sur la probl\u00e9matique des ADF : \u00ab La m\u00e9thodologie est biais\u00e9e \u00bb (Ma\u00eetre Mungu Akonkwa) - LES VOLCANS NEWS\",\"isPartOf\":{\"@id\":\"https:\\\/\\\/lesvolcansnews.net\\\/#website\"},\"primaryImageOfPage\":{\"@id\":\"https:\\\/\\\/lesvolcansnews.net\\\/?p=72899#primaryimage\"},\"image\":{\"@id\":\"https:\\\/\\\/lesvolcansnews.net\\\/?p=72899#primaryimage\"},\"thumbnailUrl\":\"https:\\\/\\\/lesvolcansnews.net\\\/wp-content\\\/uploads\\\/2026\\\/02\\\/IMG-20260224-WA0109.jpg\",\"datePublished\":\"2026-02-24T10:04:39+00:00\",\"author\":{\"@id\":\"https:\\\/\\\/lesvolcansnews.net\\\/#\\\/schema\\\/person\\\/82c8bed2e77879ecf6cca63441f57354\"},\"breadcrumb\":{\"@id\":\"https:\\\/\\\/lesvolcansnews.net\\\/?p=72899#breadcrumb\"},\"inLanguage\":\"fr-FR\",\"potentialAction\":[{\"@type\":\"ReadAction\",\"target\":[\"https:\\\/\\\/lesvolcansnews.net\\\/?p=72899\"]}]},{\"@type\":\"ImageObject\",\"inLanguage\":\"fr-FR\",\"@id\":\"https:\\\/\\\/lesvolcansnews.net\\\/?p=72899#primaryimage\",\"url\":\"https:\\\/\\\/lesvolcansnews.net\\\/wp-content\\\/uploads\\\/2026\\\/02\\\/IMG-20260224-WA0109.jpg\",\"contentUrl\":\"https:\\\/\\\/lesvolcansnews.net\\\/wp-content\\\/uploads\\\/2026\\\/02\\\/IMG-20260224-WA0109.jpg\",\"width\":1174,\"height\":800},{\"@type\":\"BreadcrumbList\",\"@id\":\"https:\\\/\\\/lesvolcansnews.net\\\/?p=72899#breadcrumb\",\"itemListElement\":[{\"@type\":\"ListItem\",\"position\":1,\"name\":\"Accueil\",\"item\":\"https:\\\/\\\/lesvolcansnews.net\\\/\"},{\"@type\":\"ListItem\",\"position\":2,\"name\":\"Forum sur la probl\u00e9matique des ADF : \u00ab La m\u00e9thodologie est biais\u00e9e \u00bb (Ma\u00eetre Mungu Akonkwa)\"}]},{\"@type\":\"WebSite\",\"@id\":\"https:\\\/\\\/lesvolcansnews.net\\\/#website\",\"url\":\"https:\\\/\\\/lesvolcansnews.net\\\/\",\"name\":\"LES VOLCANS NEWS\",\"description\":\"L&#039;INFORMATION C&#039;EST NOUS\",\"potentialAction\":[{\"@type\":\"SearchAction\",\"target\":{\"@type\":\"EntryPoint\",\"urlTemplate\":\"https:\\\/\\\/lesvolcansnews.net\\\/?s={search_term_string}\"},\"query-input\":{\"@type\":\"PropertyValueSpecification\",\"valueRequired\":true,\"valueName\":\"search_term_string\"}}],\"inLanguage\":\"fr-FR\"},{\"@type\":\"Person\",\"@id\":\"https:\\\/\\\/lesvolcansnews.net\\\/#\\\/schema\\\/person\\\/82c8bed2e77879ecf6cca63441f57354\",\"name\":\"R\u00e9daction - Les Volcans News\",\"image\":{\"@type\":\"ImageObject\",\"inLanguage\":\"fr-FR\",\"@id\":\"https:\\\/\\\/secure.gravatar.com\\\/avatar\\\/8408942dd851e8a9c09f3d382a661bc05d2b3cd9002139bc1795b9528cdc6c80?s=96&d=mm&r=g\",\"url\":\"https:\\\/\\\/secure.gravatar.com\\\/avatar\\\/8408942dd851e8a9c09f3d382a661bc05d2b3cd9002139bc1795b9528cdc6c80?s=96&d=mm&r=g\",\"contentUrl\":\"https:\\\/\\\/secure.gravatar.com\\\/avatar\\\/8408942dd851e8a9c09f3d382a661bc05d2b3cd9002139bc1795b9528cdc6c80?s=96&d=mm&r=g\",\"caption\":\"R\u00e9daction - Les Volcans News\"},\"url\":\"https:\\\/\\\/lesvolcansnews.net\\\/?author=14\"}]}<\/script>\n<!-- \/ Yoast SEO plugin. -->","yoast_head_json":{"title":"Forum sur la probl\u00e9matique des ADF : \u00ab La m\u00e9thodologie est biais\u00e9e \u00bb (Ma\u00eetre Mungu Akonkwa) - LES VOLCANS NEWS","robots":{"index":"index","follow":"follow","max-snippet":"max-snippet:-1","max-image-preview":"max-image-preview:large","max-video-preview":"max-video-preview:-1"},"canonical":"https:\/\/lesvolcansnews.net\/?p=72899","og_locale":"fr_FR","og_type":"article","og_title":"Forum sur la probl\u00e9matique des ADF : \u00ab La m\u00e9thodologie est biais\u00e9e \u00bb (Ma\u00eetre Mungu Akonkwa) - LES VOLCANS NEWS","og_description":"&nbsp; La ville de Beni, chef-lieu provisoire du Nord-Kivu, vibre depuis ce 23 f\u00e9vrier 2026 au rythme d\u2019un important forum dit de paix consacr\u00e9 \u00e0 la probl\u00e9matique des ADF. Les","og_url":"https:\/\/lesvolcansnews.net\/?p=72899","og_site_name":"LES VOLCANS NEWS","article_published_time":"2026-02-24T10:04:39+00:00","og_image":[{"width":1174,"height":800,"url":"https:\/\/lesvolcansnews.net\/wp-content\/uploads\/2026\/02\/IMG-20260224-WA0109.jpg","type":"image\/jpeg"}],"author":"R\u00e9daction - Les Volcans News","twitter_card":"summary_large_image","twitter_misc":{"\u00c9crit par":"R\u00e9daction - Les Volcans News","Dur\u00e9e de lecture estim\u00e9e":"3 minutes"},"schema":{"@context":"https:\/\/schema.org","@graph":[{"@type":"Article","@id":"https:\/\/lesvolcansnews.net\/?p=72899#article","isPartOf":{"@id":"https:\/\/lesvolcansnews.net\/?p=72899"},"author":{"name":"R\u00e9daction - Les Volcans News","@id":"https:\/\/lesvolcansnews.net\/#\/schema\/person\/82c8bed2e77879ecf6cca63441f57354"},"headline":"Forum sur la probl\u00e9matique des ADF : \u00ab La m\u00e9thodologie est biais\u00e9e \u00bb (Ma\u00eetre Mungu Akonkwa)","datePublished":"2026-02-24T10:04:39+00:00","mainEntityOfPage":{"@id":"https:\/\/lesvolcansnews.net\/?p=72899"},"wordCount":611,"commentCount":0,"image":{"@id":"https:\/\/lesvolcansnews.net\/?p=72899#primaryimage"},"thumbnailUrl":"https:\/\/lesvolcansnews.net\/wp-content\/uploads\/2026\/02\/IMG-20260224-WA0109.jpg","articleSection":["ACTUALIT\u00c9"],"inLanguage":"fr-FR","potentialAction":[{"@type":"CommentAction","name":"Comment","target":["https:\/\/lesvolcansnews.net\/?p=72899#respond"]}]},{"@type":"WebPage","@id":"https:\/\/lesvolcansnews.net\/?p=72899","url":"https:\/\/lesvolcansnews.net\/?p=72899","name":"Forum sur la probl\u00e9matique des ADF : \u00ab La m\u00e9thodologie est biais\u00e9e \u00bb (Ma\u00eetre Mungu Akonkwa) - LES VOLCANS NEWS","isPartOf":{"@id":"https:\/\/lesvolcansnews.net\/#website"},"primaryImageOfPage":{"@id":"https:\/\/lesvolcansnews.net\/?p=72899#primaryimage"},"image":{"@id":"https:\/\/lesvolcansnews.net\/?p=72899#primaryimage"},"thumbnailUrl":"https:\/\/lesvolcansnews.net\/wp-content\/uploads\/2026\/02\/IMG-20260224-WA0109.jpg","datePublished":"2026-02-24T10:04:39+00:00","author":{"@id":"https:\/\/lesvolcansnews.net\/#\/schema\/person\/82c8bed2e77879ecf6cca63441f57354"},"breadcrumb":{"@id":"https:\/\/lesvolcansnews.net\/?p=72899#breadcrumb"},"inLanguage":"fr-FR","potentialAction":[{"@type":"ReadAction","target":["https:\/\/lesvolcansnews.net\/?p=72899"]}]},{"@type":"ImageObject","inLanguage":"fr-FR","@id":"https:\/\/lesvolcansnews.net\/?p=72899#primaryimage","url":"https:\/\/lesvolcansnews.net\/wp-content\/uploads\/2026\/02\/IMG-20260224-WA0109.jpg","contentUrl":"https:\/\/lesvolcansnews.net\/wp-content\/uploads\/2026\/02\/IMG-20260224-WA0109.jpg","width":1174,"height":800},{"@type":"BreadcrumbList","@id":"https:\/\/lesvolcansnews.net\/?p=72899#breadcrumb","itemListElement":[{"@type":"ListItem","position":1,"name":"Accueil","item":"https:\/\/lesvolcansnews.net\/"},{"@type":"ListItem","position":2,"name":"Forum sur la probl\u00e9matique des ADF : \u00ab La m\u00e9thodologie est biais\u00e9e \u00bb (Ma\u00eetre Mungu Akonkwa)"}]},{"@type":"WebSite","@id":"https:\/\/lesvolcansnews.net\/#website","url":"https:\/\/lesvolcansnews.net\/","name":"LES VOLCANS NEWS","description":"L&#039;INFORMATION C&#039;EST NOUS","potentialAction":[{"@type":"SearchAction","target":{"@type":"EntryPoint","urlTemplate":"https:\/\/lesvolcansnews.net\/?s={search_term_string}"},"query-input":{"@type":"PropertyValueSpecification","valueRequired":true,"valueName":"search_term_string"}}],"inLanguage":"fr-FR"},{"@type":"Person","@id":"https:\/\/lesvolcansnews.net\/#\/schema\/person\/82c8bed2e77879ecf6cca63441f57354","name":"R\u00e9daction - Les Volcans News","image":{"@type":"ImageObject","inLanguage":"fr-FR","@id":"https:\/\/secure.gravatar.com\/avatar\/8408942dd851e8a9c09f3d382a661bc05d2b3cd9002139bc1795b9528cdc6c80?s=96&d=mm&r=g","url":"https:\/\/secure.gravatar.com\/avatar\/8408942dd851e8a9c09f3d382a661bc05d2b3cd9002139bc1795b9528cdc6c80?s=96&d=mm&r=g","contentUrl":"https:\/\/secure.gravatar.com\/avatar\/8408942dd851e8a9c09f3d382a661bc05d2b3cd9002139bc1795b9528cdc6c80?s=96&d=mm&r=g","caption":"R\u00e9daction - Les Volcans News"},"url":"https:\/\/lesvolcansnews.net\/?author=14"}]}},"_links":{"self":[{"href":"https:\/\/lesvolcansnews.net\/index.php?rest_route=\/wp\/v2\/posts\/72899","targetHints":{"allow":["GET"]}}],"collection":[{"href":"https:\/\/lesvolcansnews.net\/index.php?rest_route=\/wp\/v2\/posts"}],"about":[{"href":"https:\/\/lesvolcansnews.net\/index.php?rest_route=\/wp\/v2\/types\/post"}],"author":[{"embeddable":true,"href":"https:\/\/lesvolcansnews.net\/index.php?rest_route=\/wp\/v2\/users\/14"}],"replies":[{"embeddable":true,"href":"https:\/\/lesvolcansnews.net\/index.php?rest_route=%2Fwp%2Fv2%2Fcomments&post=72899"}],"version-history":[{"count":1,"href":"https:\/\/lesvolcansnews.net\/index.php?rest_route=\/wp\/v2\/posts\/72899\/revisions"}],"predecessor-version":[{"id":72901,"href":"https:\/\/lesvolcansnews.net\/index.php?rest_route=\/wp\/v2\/posts\/72899\/revisions\/72901"}],"wp:featuredmedia":[{"embeddable":true,"href":"https:\/\/lesvolcansnews.net\/index.php?rest_route=\/wp\/v2\/media\/72900"}],"wp:attachment":[{"href":"https:\/\/lesvolcansnews.net\/index.php?rest_route=%2Fwp%2Fv2%2Fmedia&parent=72899"}],"wp:term":[{"taxonomy":"category","embeddable":true,"href":"https:\/\/lesvolcansnews.net\/index.php?rest_route=%2Fwp%2Fv2%2Fcategories&post=72899"},{"taxonomy":"post_tag","embeddable":true,"href":"https:\/\/lesvolcansnews.net\/index.php?rest_route=%2Fwp%2Fv2%2Ftags&post=72899"}],"curies":[{"name":"wp","href":"https:\/\/api.w.org\/{rel}","templated":true}]}}