{"id":72889,"date":"2026-02-24T10:36:38","date_gmt":"2026-02-24T08:36:38","guid":{"rendered":"https:\/\/lesvolcansnews.net\/?p=72889"},"modified":"2026-02-24T10:36:38","modified_gmt":"2026-02-24T08:36:38","slug":"kavinvira-la-reprise-des-echanges-transfrontaliers-se-consolide-apres-la-reouverture-du-23-fevrier-2026","status":"publish","type":"post","link":"https:\/\/lesvolcansnews.net\/?p=72889","title":{"rendered":"Kavinvira : la reprise des \u00e9changes transfrontaliers se consolide apr\u00e8s la r\u00e9ouverture du 23 f\u00e9vrier 2026"},"content":{"rendered":"<p>&nbsp;<\/p>\n<p><strong>Un jour apr\u00e8s la r\u00e9ouverture officielle du poste frontalier de Kavinvira, intervenue le lundi 23 f\u00e9vrier 2026, les activit\u00e9s ont progressivement repris entre Uvira, en R\u00e9publique d\u00e9mocratique du Congo, et Bujumbura, au Burundi.<\/strong><\/p>\n<p>D\u00e8s les premi\u00e8res heures suivant la lev\u00e9e des restrictions, commer\u00e7ants, transporteurs et voyageurs ont renou\u00e9 avec leurs mouvements habituels sur cet axe strat\u00e9gique, essentiel \u00e0 l\u2019approvisionnement en produits de premi\u00e8re n\u00e9cessit\u00e9 et aux \u00e9changes \u00e9conomiques quotidiens entre les deux villes.<\/p>\n<p>Le poste frontalier \u00e9tait rest\u00e9 ferm\u00e9 pendant pr\u00e8s de deux mois, dans un contexte marqu\u00e9 par des pr\u00e9occupations s\u00e9curitaires dans l\u2019Est de la RDC. Cette suspension temporaire visait notamment \u00e0 renforcer le contr\u00f4le des flux et \u00e0 stabiliser la zone face aux tensions observ\u00e9es ces derni\u00e8res semaines.<\/p>\n<p>\u00c0 ce stade, les services comp\u00e9tents maintiennent des dispositifs de contr\u00f4le afin d\u2019assurer un trafic ordonn\u00e9 et s\u00e9curis\u00e9. Sur le plan \u00e9conomique, la reprise est accueillie avec soulagement par les acteurs locaux, qui avaient vu leurs activit\u00e9s fortement ralenties durant la p\u00e9riode de fermeture.<\/p>\n<p>La r\u00e9ouverture du 23 f\u00e9vrier 2026 marque ainsi une \u00e9tape importante dans la relance des \u00e9changes sur le corridor Gatumba\u2013Kavinvira, consid\u00e9r\u00e9 comme un maillon cl\u00e9 des relations commerciales entre les deux pays. Plus de 10 000 personnes ont travers\u00e9 cette fronti\u00e8re le 23 f\u00e9vrier.<\/p>\n<p>Yseult Lwango<\/p>\n","protected":false},"excerpt":{"rendered":"<p>&nbsp; Un jour apr\u00e8s la r\u00e9ouverture officielle du poste frontalier de Kavinvira, intervenue le lundi 23 f\u00e9vrier 2026, les activit\u00e9s ont progressivement repris entre Uvira, en R\u00e9publique d\u00e9mocratique du Congo,<\/p>\n","protected":false},"author":14,"featured_media":72890,"comment_status":"open","ping_status":"open","sticky":false,"template":"","format":"standard","meta":{"footnotes":""},"categories":[1],"tags":[],"class_list":["post-72889","post","type-post","status-publish","format-standard","has-post-thumbnail","hentry","category-actualite"],"yoast_head":"<!-- This site is optimized with the Yoast SEO plugin v27.5 - https:\/\/yoast.com\/product\/yoast-seo-wordpress\/ -->\n<title>Kavinvira : la reprise des \u00e9changes transfrontaliers se consolide apr\u00e8s la r\u00e9ouverture du 23 f\u00e9vrier 2026 - LES VOLCANS NEWS<\/title>\n<meta name=\"robots\" content=\"index, follow, max-snippet:-1, max-image-preview:large, max-video-preview:-1\" \/>\n<link rel=\"canonical\" href=\"https:\/\/lesvolcansnews.net\/?p=72889\" \/>\n<meta property=\"og:locale\" content=\"fr_FR\" \/>\n<meta property=\"og:type\" content=\"article\" \/>\n<meta property=\"og:title\" content=\"Kavinvira : la reprise des \u00e9changes transfrontaliers se consolide apr\u00e8s la r\u00e9ouverture du 23 f\u00e9vrier 2026 - LES VOLCANS NEWS\" \/>\n<meta property=\"og:description\" content=\"&nbsp; Un jour apr\u00e8s la r\u00e9ouverture officielle du poste frontalier de Kavinvira, intervenue le lundi 23 f\u00e9vrier 2026, les activit\u00e9s ont progressivement repris entre Uvira, en R\u00e9publique d\u00e9mocratique du Congo,\" \/>\n<meta property=\"og:url\" content=\"https:\/\/lesvolcansnews.net\/?p=72889\" \/>\n<meta property=\"og:site_name\" content=\"LES VOLCANS NEWS\" \/>\n<meta property=\"article:published_time\" content=\"2026-02-24T08:36:38+00:00\" \/>\n<meta property=\"og:image\" content=\"https:\/\/lesvolcansnews.net\/wp-content\/uploads\/2026\/02\/20260223_113501.jpg\" \/>\n\t<meta property=\"og:image:width\" content=\"1200\" \/>\n\t<meta property=\"og:image:height\" content=\"900\" \/>\n\t<meta property=\"og:image:type\" content=\"image\/jpeg\" \/>\n<meta name=\"author\" content=\"R\u00e9daction - Les Volcans News\" \/>\n<meta name=\"twitter:card\" content=\"summary_large_image\" \/>\n<meta name=\"twitter:label1\" content=\"\u00c9crit par\" \/>\n\t<meta name=\"twitter:data1\" content=\"R\u00e9daction - Les Volcans News\" \/>\n\t<meta name=\"twitter:label2\" content=\"Dur\u00e9e de lecture estim\u00e9e\" \/>\n\t<meta name=\"twitter:data2\" content=\"1 minute\" \/>\n<script type=\"application\/ld+json\" class=\"yoast-schema-graph\">{\"@context\":\"https:\\\/\\\/schema.org\",\"@graph\":[{\"@type\":\"Article\",\"@id\":\"https:\\\/\\\/lesvolcansnews.net\\\/?p=72889#article\",\"isPartOf\":{\"@id\":\"https:\\\/\\\/lesvolcansnews.net\\\/?p=72889\"},\"author\":{\"name\":\"R\u00e9daction - Les Volcans News\",\"@id\":\"https:\\\/\\\/lesvolcansnews.net\\\/#\\\/schema\\\/person\\\/82c8bed2e77879ecf6cca63441f57354\"},\"headline\":\"Kavinvira : la reprise des \u00e9changes transfrontaliers se consolide apr\u00e8s la r\u00e9ouverture du 23 f\u00e9vrier 2026\",\"datePublished\":\"2026-02-24T08:36:38+00:00\",\"mainEntityOfPage\":{\"@id\":\"https:\\\/\\\/lesvolcansnews.net\\\/?p=72889\"},\"wordCount\":249,\"commentCount\":0,\"image\":{\"@id\":\"https:\\\/\\\/lesvolcansnews.net\\\/?p=72889#primaryimage\"},\"thumbnailUrl\":\"https:\\\/\\\/lesvolcansnews.net\\\/wp-content\\\/uploads\\\/2026\\\/02\\\/20260223_113501.jpg\",\"articleSection\":[\"ACTUALIT\u00c9\"],\"inLanguage\":\"fr-FR\",\"potentialAction\":[{\"@type\":\"CommentAction\",\"name\":\"Comment\",\"target\":[\"https:\\\/\\\/lesvolcansnews.net\\\/?p=72889#respond\"]}]},{\"@type\":\"WebPage\",\"@id\":\"https:\\\/\\\/lesvolcansnews.net\\\/?p=72889\",\"url\":\"https:\\\/\\\/lesvolcansnews.net\\\/?p=72889\",\"name\":\"Kavinvira : la reprise des \u00e9changes transfrontaliers se consolide apr\u00e8s la r\u00e9ouverture du 23 f\u00e9vrier 2026 - LES VOLCANS NEWS\",\"isPartOf\":{\"@id\":\"https:\\\/\\\/lesvolcansnews.net\\\/#website\"},\"primaryImageOfPage\":{\"@id\":\"https:\\\/\\\/lesvolcansnews.net\\\/?p=72889#primaryimage\"},\"image\":{\"@id\":\"https:\\\/\\\/lesvolcansnews.net\\\/?p=72889#primaryimage\"},\"thumbnailUrl\":\"https:\\\/\\\/lesvolcansnews.net\\\/wp-content\\\/uploads\\\/2026\\\/02\\\/20260223_113501.jpg\",\"datePublished\":\"2026-02-24T08:36:38+00:00\",\"author\":{\"@id\":\"https:\\\/\\\/lesvolcansnews.net\\\/#\\\/schema\\\/person\\\/82c8bed2e77879ecf6cca63441f57354\"},\"breadcrumb\":{\"@id\":\"https:\\\/\\\/lesvolcansnews.net\\\/?p=72889#breadcrumb\"},\"inLanguage\":\"fr-FR\",\"potentialAction\":[{\"@type\":\"ReadAction\",\"target\":[\"https:\\\/\\\/lesvolcansnews.net\\\/?p=72889\"]}]},{\"@type\":\"ImageObject\",\"inLanguage\":\"fr-FR\",\"@id\":\"https:\\\/\\\/lesvolcansnews.net\\\/?p=72889#primaryimage\",\"url\":\"https:\\\/\\\/lesvolcansnews.net\\\/wp-content\\\/uploads\\\/2026\\\/02\\\/20260223_113501.jpg\",\"contentUrl\":\"https:\\\/\\\/lesvolcansnews.net\\\/wp-content\\\/uploads\\\/2026\\\/02\\\/20260223_113501.jpg\",\"width\":1200,\"height\":900},{\"@type\":\"BreadcrumbList\",\"@id\":\"https:\\\/\\\/lesvolcansnews.net\\\/?p=72889#breadcrumb\",\"itemListElement\":[{\"@type\":\"ListItem\",\"position\":1,\"name\":\"Accueil\",\"item\":\"https:\\\/\\\/lesvolcansnews.net\\\/\"},{\"@type\":\"ListItem\",\"position\":2,\"name\":\"Kavinvira : la reprise des \u00e9changes transfrontaliers se consolide apr\u00e8s la r\u00e9ouverture du 23 f\u00e9vrier 2026\"}]},{\"@type\":\"WebSite\",\"@id\":\"https:\\\/\\\/lesvolcansnews.net\\\/#website\",\"url\":\"https:\\\/\\\/lesvolcansnews.net\\\/\",\"name\":\"LES VOLCANS NEWS\",\"description\":\"L&#039;INFORMATION C&#039;EST NOUS\",\"potentialAction\":[{\"@type\":\"SearchAction\",\"target\":{\"@type\":\"EntryPoint\",\"urlTemplate\":\"https:\\\/\\\/lesvolcansnews.net\\\/?s={search_term_string}\"},\"query-input\":{\"@type\":\"PropertyValueSpecification\",\"valueRequired\":true,\"valueName\":\"search_term_string\"}}],\"inLanguage\":\"fr-FR\"},{\"@type\":\"Person\",\"@id\":\"https:\\\/\\\/lesvolcansnews.net\\\/#\\\/schema\\\/person\\\/82c8bed2e77879ecf6cca63441f57354\",\"name\":\"R\u00e9daction - Les Volcans News\",\"image\":{\"@type\":\"ImageObject\",\"inLanguage\":\"fr-FR\",\"@id\":\"https:\\\/\\\/secure.gravatar.com\\\/avatar\\\/8408942dd851e8a9c09f3d382a661bc05d2b3cd9002139bc1795b9528cdc6c80?s=96&d=mm&r=g\",\"url\":\"https:\\\/\\\/secure.gravatar.com\\\/avatar\\\/8408942dd851e8a9c09f3d382a661bc05d2b3cd9002139bc1795b9528cdc6c80?s=96&d=mm&r=g\",\"contentUrl\":\"https:\\\/\\\/secure.gravatar.com\\\/avatar\\\/8408942dd851e8a9c09f3d382a661bc05d2b3cd9002139bc1795b9528cdc6c80?s=96&d=mm&r=g\",\"caption\":\"R\u00e9daction - Les Volcans News\"},\"url\":\"https:\\\/\\\/lesvolcansnews.net\\\/?author=14\"}]}<\/script>\n<!-- \/ Yoast SEO plugin. -->","yoast_head_json":{"title":"Kavinvira : la reprise des \u00e9changes transfrontaliers se consolide apr\u00e8s la r\u00e9ouverture du 23 f\u00e9vrier 2026 - LES VOLCANS NEWS","robots":{"index":"index","follow":"follow","max-snippet":"max-snippet:-1","max-image-preview":"max-image-preview:large","max-video-preview":"max-video-preview:-1"},"canonical":"https:\/\/lesvolcansnews.net\/?p=72889","og_locale":"fr_FR","og_type":"article","og_title":"Kavinvira : la reprise des \u00e9changes transfrontaliers se consolide apr\u00e8s la r\u00e9ouverture du 23 f\u00e9vrier 2026 - LES VOLCANS NEWS","og_description":"&nbsp; Un jour apr\u00e8s la r\u00e9ouverture officielle du poste frontalier de Kavinvira, intervenue le lundi 23 f\u00e9vrier 2026, les activit\u00e9s ont progressivement repris entre Uvira, en R\u00e9publique d\u00e9mocratique du Congo,","og_url":"https:\/\/lesvolcansnews.net\/?p=72889","og_site_name":"LES VOLCANS NEWS","article_published_time":"2026-02-24T08:36:38+00:00","og_image":[{"width":1200,"height":900,"url":"https:\/\/lesvolcansnews.net\/wp-content\/uploads\/2026\/02\/20260223_113501.jpg","type":"image\/jpeg"}],"author":"R\u00e9daction - Les Volcans News","twitter_card":"summary_large_image","twitter_misc":{"\u00c9crit par":"R\u00e9daction - Les Volcans News","Dur\u00e9e de lecture estim\u00e9e":"1 minute"},"schema":{"@context":"https:\/\/schema.org","@graph":[{"@type":"Article","@id":"https:\/\/lesvolcansnews.net\/?p=72889#article","isPartOf":{"@id":"https:\/\/lesvolcansnews.net\/?p=72889"},"author":{"name":"R\u00e9daction - Les Volcans News","@id":"https:\/\/lesvolcansnews.net\/#\/schema\/person\/82c8bed2e77879ecf6cca63441f57354"},"headline":"Kavinvira : la reprise des \u00e9changes transfrontaliers se consolide apr\u00e8s la r\u00e9ouverture du 23 f\u00e9vrier 2026","datePublished":"2026-02-24T08:36:38+00:00","mainEntityOfPage":{"@id":"https:\/\/lesvolcansnews.net\/?p=72889"},"wordCount":249,"commentCount":0,"image":{"@id":"https:\/\/lesvolcansnews.net\/?p=72889#primaryimage"},"thumbnailUrl":"https:\/\/lesvolcansnews.net\/wp-content\/uploads\/2026\/02\/20260223_113501.jpg","articleSection":["ACTUALIT\u00c9"],"inLanguage":"fr-FR","potentialAction":[{"@type":"CommentAction","name":"Comment","target":["https:\/\/lesvolcansnews.net\/?p=72889#respond"]}]},{"@type":"WebPage","@id":"https:\/\/lesvolcansnews.net\/?p=72889","url":"https:\/\/lesvolcansnews.net\/?p=72889","name":"Kavinvira : la reprise des \u00e9changes transfrontaliers se consolide apr\u00e8s la r\u00e9ouverture du 23 f\u00e9vrier 2026 - LES VOLCANS NEWS","isPartOf":{"@id":"https:\/\/lesvolcansnews.net\/#website"},"primaryImageOfPage":{"@id":"https:\/\/lesvolcansnews.net\/?p=72889#primaryimage"},"image":{"@id":"https:\/\/lesvolcansnews.net\/?p=72889#primaryimage"},"thumbnailUrl":"https:\/\/lesvolcansnews.net\/wp-content\/uploads\/2026\/02\/20260223_113501.jpg","datePublished":"2026-02-24T08:36:38+00:00","author":{"@id":"https:\/\/lesvolcansnews.net\/#\/schema\/person\/82c8bed2e77879ecf6cca63441f57354"},"breadcrumb":{"@id":"https:\/\/lesvolcansnews.net\/?p=72889#breadcrumb"},"inLanguage":"fr-FR","potentialAction":[{"@type":"ReadAction","target":["https:\/\/lesvolcansnews.net\/?p=72889"]}]},{"@type":"ImageObject","inLanguage":"fr-FR","@id":"https:\/\/lesvolcansnews.net\/?p=72889#primaryimage","url":"https:\/\/lesvolcansnews.net\/wp-content\/uploads\/2026\/02\/20260223_113501.jpg","contentUrl":"https:\/\/lesvolcansnews.net\/wp-content\/uploads\/2026\/02\/20260223_113501.jpg","width":1200,"height":900},{"@type":"BreadcrumbList","@id":"https:\/\/lesvolcansnews.net\/?p=72889#breadcrumb","itemListElement":[{"@type":"ListItem","position":1,"name":"Accueil","item":"https:\/\/lesvolcansnews.net\/"},{"@type":"ListItem","position":2,"name":"Kavinvira : la reprise des \u00e9changes transfrontaliers se consolide apr\u00e8s la r\u00e9ouverture du 23 f\u00e9vrier 2026"}]},{"@type":"WebSite","@id":"https:\/\/lesvolcansnews.net\/#website","url":"https:\/\/lesvolcansnews.net\/","name":"LES VOLCANS NEWS","description":"L&#039;INFORMATION C&#039;EST NOUS","potentialAction":[{"@type":"SearchAction","target":{"@type":"EntryPoint","urlTemplate":"https:\/\/lesvolcansnews.net\/?s={search_term_string}"},"query-input":{"@type":"PropertyValueSpecification","valueRequired":true,"valueName":"search_term_string"}}],"inLanguage":"fr-FR"},{"@type":"Person","@id":"https:\/\/lesvolcansnews.net\/#\/schema\/person\/82c8bed2e77879ecf6cca63441f57354","name":"R\u00e9daction - Les Volcans News","image":{"@type":"ImageObject","inLanguage":"fr-FR","@id":"https:\/\/secure.gravatar.com\/avatar\/8408942dd851e8a9c09f3d382a661bc05d2b3cd9002139bc1795b9528cdc6c80?s=96&d=mm&r=g","url":"https:\/\/secure.gravatar.com\/avatar\/8408942dd851e8a9c09f3d382a661bc05d2b3cd9002139bc1795b9528cdc6c80?s=96&d=mm&r=g","contentUrl":"https:\/\/secure.gravatar.com\/avatar\/8408942dd851e8a9c09f3d382a661bc05d2b3cd9002139bc1795b9528cdc6c80?s=96&d=mm&r=g","caption":"R\u00e9daction - Les Volcans News"},"url":"https:\/\/lesvolcansnews.net\/?author=14"}]}},"_links":{"self":[{"href":"https:\/\/lesvolcansnews.net\/index.php?rest_route=\/wp\/v2\/posts\/72889","targetHints":{"allow":["GET"]}}],"collection":[{"href":"https:\/\/lesvolcansnews.net\/index.php?rest_route=\/wp\/v2\/posts"}],"about":[{"href":"https:\/\/lesvolcansnews.net\/index.php?rest_route=\/wp\/v2\/types\/post"}],"author":[{"embeddable":true,"href":"https:\/\/lesvolcansnews.net\/index.php?rest_route=\/wp\/v2\/users\/14"}],"replies":[{"embeddable":true,"href":"https:\/\/lesvolcansnews.net\/index.php?rest_route=%2Fwp%2Fv2%2Fcomments&post=72889"}],"version-history":[{"count":1,"href":"https:\/\/lesvolcansnews.net\/index.php?rest_route=\/wp\/v2\/posts\/72889\/revisions"}],"predecessor-version":[{"id":72891,"href":"https:\/\/lesvolcansnews.net\/index.php?rest_route=\/wp\/v2\/posts\/72889\/revisions\/72891"}],"wp:featuredmedia":[{"embeddable":true,"href":"https:\/\/lesvolcansnews.net\/index.php?rest_route=\/wp\/v2\/media\/72890"}],"wp:attachment":[{"href":"https:\/\/lesvolcansnews.net\/index.php?rest_route=%2Fwp%2Fv2%2Fmedia&parent=72889"}],"wp:term":[{"taxonomy":"category","embeddable":true,"href":"https:\/\/lesvolcansnews.net\/index.php?rest_route=%2Fwp%2Fv2%2Fcategories&post=72889"},{"taxonomy":"post_tag","embeddable":true,"href":"https:\/\/lesvolcansnews.net\/index.php?rest_route=%2Fwp%2Fv2%2Ftags&post=72889"}],"curies":[{"name":"wp","href":"https:\/\/api.w.org\/{rel}","templated":true}]}}