{"id":72879,"date":"2026-02-23T18:51:08","date_gmt":"2026-02-23T16:51:08","guid":{"rendered":"https:\/\/lesvolcansnews.net\/?p=72879"},"modified":"2026-02-23T18:51:08","modified_gmt":"2026-02-23T16:51:08","slug":"ordonnances-presidentielles-felix-tshisekedi-fait-de-nominations-a-la-tete-des-entreprises-publiques","status":"publish","type":"post","link":"https:\/\/lesvolcansnews.net\/?p=72879","title":{"rendered":"Ordonnances pr\u00e9sidentielles : F\u00e9lix Tshisekedi fait de nominations \u00e0 la t\u00eate des entreprises publiques"},"content":{"rendered":"<p>Ordonnances pr\u00e9sidentielles : F\u00e9lix Tshisekedi lance une vaste vague de nominations \u00e0 la t\u00eate des entreprises publique<\/p>\n<p>Une s\u00e9rie d\u2019ordonnances pr\u00e9sidentielles a act\u00e9 plusieurs nominations et reconductions \u00e0 la direction d\u2019entreprises publiques cl\u00e9s en R\u00e9publique d\u00e9mocratique du Congo, dans les secteurs minier, \u00e9nerg\u00e9tique et a\u00e9rien, consid\u00e9r\u00e9s comme prioritaires pour la relance \u00e9conomique du pays.<\/p>\n<p>&nbsp;<\/p>\n<p>La porte-parole de la pr\u00e9sidence, Tina Salama, a proc\u00e9d\u00e9 \u00e0 la lecture des ordonnances \u00e0 la t\u00e9l\u00e9vision nationale.<\/p>\n<p>&nbsp;<\/p>\n<p>Mines : nouvelles \u00e9quipes \u00e0 la G\u00e9camines, Sakima et SOKIMO<\/p>\n<p>&nbsp;<\/p>\n<p>Au sein de la G\u00e9camines, Baraka Kabemba a \u00e9t\u00e9 nomm\u00e9 directeur g\u00e9n\u00e9ral, tandis que Deogracias Ngele Masudi prend les fonctions de pr\u00e9sident du conseil d\u2019administration.<\/p>\n<p>&nbsp;<\/p>\n<p>Guy Robert Lukama, jusqu\u2019ici pr\u00e9sident du conseil d\u2019administration de la G\u00e9camines, a \u00e9t\u00e9 d\u00e9sign\u00e9 directeur g\u00e9n\u00e9ral de la Soci\u00e9t\u00e9 Aurif\u00e8re de Kilo-Moto (Sakima), active dans l\u2019exploitation aurif\u00e8re dans le nord-est du pays.<\/p>\n<p>&nbsp;<\/p>\n<p>La SOKIMO SA (Soci\u00e9t\u00e9 Mini\u00e8re de Kilo-Moto) a \u00e9galement vu son \u00e9quipe dirigeante renouvel\u00e9e. Kakese Kimaza Fran\u00e7ois en devient le pr\u00e9sident du conseil d\u2019administration, Nzonde Mulundu Yanick le directeur g\u00e9n\u00e9ral et Placide Nkala Basadilwa le directeur g\u00e9n\u00e9ral adjoint.<\/p>\n<p>&nbsp;<\/p>\n<p>Ces changements traduisent, selon les autorit\u00e9s, une volont\u00e9 de renforcer la gouvernance et la performance du secteur extractif, pilier des recettes publiques.<\/p>\n<p>&nbsp;<\/p>\n<p>\u00c9nergie : nouvelle direction \u00e0 l\u2019ARE<\/p>\n<p>&nbsp;<\/p>\n<p>Dans le secteur \u00e9nerg\u00e9tique, Soraya Aziz Souleymane a \u00e9t\u00e9 nomm\u00e9e directrice g\u00e9n\u00e9rale de l\u2019Autorit\u00e9 de R\u00e9gulation du secteur de l\u2019\u00c9lectricit\u00e9 (ARE).<\/p>\n<p>&nbsp;<\/p>\n<p>\u00ab Article premier : sont nomm\u00e9s membres du conseil d\u2019administration de l\u2019Autorit\u00e9 de r\u00e9gulation du secteur de l\u2019\u00e9lectricit\u00e9 (ARE) en RDC : M. Beya Kamba Jean-Marie, Mme Soraya Aziz Souleymane, Mme Sandrine Mubenga Ngalula, M. Jonas Mupanzulu, M. Wilfried Bahati Namuto. Article 2 : sont nomm\u00e9s aux fonctions (\u2026) M. Beya Kamba Jean-Marie, pr\u00e9sident du conseil d\u2019administration ; Mme Soraya Aziz Souleymane, directeur g\u00e9n\u00e9ral ; M. Marco Kuyu, directeur g\u00e9n\u00e9ral adjoint. Article 3 : sont abrog\u00e9es toutes dispositions ant\u00e9rieures \u00bb, a d\u00e9clar\u00e9 Tina Salama.<\/p>\n<p>&nbsp;<\/p>\n<p>Mme Sandrine Mubenga, jusque-l\u00e0 directrice g\u00e9n\u00e9rale, int\u00e8gre le conseil d\u2019administration. M. Beya Kamba Jean-Marie succ\u00e8de \u00e0 Mme Sylvie Odimba \u00e0 la pr\u00e9sidence du conseil d\u2019administration, tandis que Marco Kuyu est maintenu au poste de directeur g\u00e9n\u00e9ral adjoint.<\/p>\n<p>&nbsp;<\/p>\n<p>Ces nominations interviennent apr\u00e8s pr\u00e8s de trois ans de mandat de l\u2019\u00e9quipe sortante, dans un contexte d\u2019ouverture progressive du march\u00e9 de l\u2019\u00e9lectricit\u00e9. L\u2019ARE joue un r\u00f4le central dans la tarification, la d\u00e9livrance des licences et le contr\u00f4le des op\u00e9rateurs.<\/p>\n<p>&nbsp;<\/p>\n<p>Transport a\u00e9rien : reconduction et restructuration \u00e0 la RVA<\/p>\n<p>\u00c0 la R\u00e9gie des Voies A\u00e9riennes (RVA), Kakese Kimaza Tryphon a \u00e9t\u00e9 reconduit en qualit\u00e9 de pr\u00e9sident du conseil d\u2019administration.<\/p>\n<p>&nbsp;<\/p>\n<p>La nouvelle \u00e9quipe de gestion comprend Londole Lokoyi Louis-Blaise comme directeur g\u00e9n\u00e9ral et Futa Tshibamba Vincent comme directeur g\u00e9n\u00e9ral adjoint. En parall\u00e8le, Blaise Londole Lokoy a \u00e9t\u00e9 nomm\u00e9 directeur g\u00e9n\u00e9ral de la RVA SA, confirmant la restructuration en cours au sein de cette entreprise charg\u00e9e de la gestion des infrastructures a\u00e9roportuaires et de la navigation a\u00e9rienne.<\/p>\n<p>&nbsp;<\/p>\n<p>Ces d\u00e9cisions s\u2019inscrivent dans les enjeux de modernisation, de transparence et d\u2019optimisation des entreprises du portefeuille de l\u2019\u00c9tat. Les autorit\u00e9s congolaises consid\u00e8rent les mines, l\u2019\u00e9nergie et le transport a\u00e9rien comme des leviers essentiels pour soutenir la croissance, renforcer la souverainet\u00e9 \u00e9conomique et am\u00e9liorer la gouvernance publique.<\/p>\n<p>&nbsp;<\/p>\n","protected":false},"excerpt":{"rendered":"<p>Ordonnances pr\u00e9sidentielles : F\u00e9lix Tshisekedi lance une vaste vague de nominations \u00e0 la t\u00eate des entreprises publique Une s\u00e9rie d\u2019ordonnances pr\u00e9sidentielles a act\u00e9 plusieurs nominations et reconductions \u00e0 la direction<\/p>\n","protected":false},"author":14,"featured_media":72835,"comment_status":"open","ping_status":"open","sticky":false,"template":"","format":"standard","meta":{"footnotes":""},"categories":[1],"tags":[],"class_list":["post-72879","post","type-post","status-publish","format-standard","has-post-thumbnail","hentry","category-actualite"],"yoast_head":"<!-- This site is optimized with the Yoast SEO plugin v27.3 - https:\/\/yoast.com\/product\/yoast-seo-wordpress\/ -->\n<title>Ordonnances pr\u00e9sidentielles : F\u00e9lix Tshisekedi fait de nominations \u00e0 la t\u00eate des entreprises publiques - LES VOLCANS NEWS<\/title>\n<meta name=\"robots\" content=\"index, follow, max-snippet:-1, max-image-preview:large, max-video-preview:-1\" \/>\n<link rel=\"canonical\" href=\"https:\/\/lesvolcansnews.net\/?p=72879\" \/>\n<meta property=\"og:locale\" content=\"fr_FR\" \/>\n<meta property=\"og:type\" content=\"article\" \/>\n<meta property=\"og:title\" content=\"Ordonnances pr\u00e9sidentielles : F\u00e9lix Tshisekedi fait de nominations \u00e0 la t\u00eate des entreprises publiques - LES VOLCANS NEWS\" \/>\n<meta property=\"og:description\" content=\"Ordonnances pr\u00e9sidentielles : F\u00e9lix Tshisekedi lance une vaste vague de nominations \u00e0 la t\u00eate des entreprises publique Une s\u00e9rie d\u2019ordonnances pr\u00e9sidentielles a act\u00e9 plusieurs nominations et reconductions \u00e0 la direction\" \/>\n<meta property=\"og:url\" content=\"https:\/\/lesvolcansnews.net\/?p=72879\" \/>\n<meta property=\"og:site_name\" content=\"LES VOLCANS NEWS\" \/>\n<meta property=\"article:published_time\" content=\"2026-02-23T16:51:08+00:00\" \/>\n<meta property=\"og:image\" content=\"https:\/\/lesvolcansnews.net\/wp-content\/uploads\/2026\/02\/20260221_131751.jpg\" \/>\n\t<meta property=\"og:image:width\" content=\"1080\" \/>\n\t<meta property=\"og:image:height\" content=\"719\" \/>\n\t<meta property=\"og:image:type\" content=\"image\/jpeg\" \/>\n<meta name=\"author\" content=\"R\u00e9daction - Les Volcans News\" \/>\n<meta name=\"twitter:card\" content=\"summary_large_image\" \/>\n<meta name=\"twitter:label1\" content=\"\u00c9crit par\" \/>\n\t<meta name=\"twitter:data1\" content=\"R\u00e9daction - Les Volcans News\" \/>\n\t<meta name=\"twitter:label2\" content=\"Dur\u00e9e de lecture estim\u00e9e\" \/>\n\t<meta name=\"twitter:data2\" content=\"3 minutes\" \/>\n<script type=\"application\/ld+json\" class=\"yoast-schema-graph\">{\"@context\":\"https:\\\/\\\/schema.org\",\"@graph\":[{\"@type\":\"Article\",\"@id\":\"https:\\\/\\\/lesvolcansnews.net\\\/?p=72879#article\",\"isPartOf\":{\"@id\":\"https:\\\/\\\/lesvolcansnews.net\\\/?p=72879\"},\"author\":{\"name\":\"R\u00e9daction - Les Volcans News\",\"@id\":\"https:\\\/\\\/lesvolcansnews.net\\\/#\\\/schema\\\/person\\\/82c8bed2e77879ecf6cca63441f57354\"},\"headline\":\"Ordonnances pr\u00e9sidentielles : F\u00e9lix Tshisekedi fait de nominations \u00e0 la t\u00eate des entreprises publiques\",\"datePublished\":\"2026-02-23T16:51:08+00:00\",\"mainEntityOfPage\":{\"@id\":\"https:\\\/\\\/lesvolcansnews.net\\\/?p=72879\"},\"wordCount\":634,\"commentCount\":0,\"image\":{\"@id\":\"https:\\\/\\\/lesvolcansnews.net\\\/?p=72879#primaryimage\"},\"thumbnailUrl\":\"https:\\\/\\\/lesvolcansnews.net\\\/wp-content\\\/uploads\\\/2026\\\/02\\\/20260221_131751.jpg\",\"articleSection\":[\"ACTUALIT\u00c9\"],\"inLanguage\":\"fr-FR\",\"potentialAction\":[{\"@type\":\"CommentAction\",\"name\":\"Comment\",\"target\":[\"https:\\\/\\\/lesvolcansnews.net\\\/?p=72879#respond\"]}]},{\"@type\":\"WebPage\",\"@id\":\"https:\\\/\\\/lesvolcansnews.net\\\/?p=72879\",\"url\":\"https:\\\/\\\/lesvolcansnews.net\\\/?p=72879\",\"name\":\"Ordonnances pr\u00e9sidentielles : F\u00e9lix Tshisekedi fait de nominations \u00e0 la t\u00eate des entreprises publiques - LES VOLCANS NEWS\",\"isPartOf\":{\"@id\":\"https:\\\/\\\/lesvolcansnews.net\\\/#website\"},\"primaryImageOfPage\":{\"@id\":\"https:\\\/\\\/lesvolcansnews.net\\\/?p=72879#primaryimage\"},\"image\":{\"@id\":\"https:\\\/\\\/lesvolcansnews.net\\\/?p=72879#primaryimage\"},\"thumbnailUrl\":\"https:\\\/\\\/lesvolcansnews.net\\\/wp-content\\\/uploads\\\/2026\\\/02\\\/20260221_131751.jpg\",\"datePublished\":\"2026-02-23T16:51:08+00:00\",\"author\":{\"@id\":\"https:\\\/\\\/lesvolcansnews.net\\\/#\\\/schema\\\/person\\\/82c8bed2e77879ecf6cca63441f57354\"},\"breadcrumb\":{\"@id\":\"https:\\\/\\\/lesvolcansnews.net\\\/?p=72879#breadcrumb\"},\"inLanguage\":\"fr-FR\",\"potentialAction\":[{\"@type\":\"ReadAction\",\"target\":[\"https:\\\/\\\/lesvolcansnews.net\\\/?p=72879\"]}]},{\"@type\":\"ImageObject\",\"inLanguage\":\"fr-FR\",\"@id\":\"https:\\\/\\\/lesvolcansnews.net\\\/?p=72879#primaryimage\",\"url\":\"https:\\\/\\\/lesvolcansnews.net\\\/wp-content\\\/uploads\\\/2026\\\/02\\\/20260221_131751.jpg\",\"contentUrl\":\"https:\\\/\\\/lesvolcansnews.net\\\/wp-content\\\/uploads\\\/2026\\\/02\\\/20260221_131751.jpg\",\"width\":1080,\"height\":719},{\"@type\":\"BreadcrumbList\",\"@id\":\"https:\\\/\\\/lesvolcansnews.net\\\/?p=72879#breadcrumb\",\"itemListElement\":[{\"@type\":\"ListItem\",\"position\":1,\"name\":\"Accueil\",\"item\":\"https:\\\/\\\/lesvolcansnews.net\\\/\"},{\"@type\":\"ListItem\",\"position\":2,\"name\":\"Ordonnances pr\u00e9sidentielles : F\u00e9lix Tshisekedi fait de nominations \u00e0 la t\u00eate des entreprises publiques\"}]},{\"@type\":\"WebSite\",\"@id\":\"https:\\\/\\\/lesvolcansnews.net\\\/#website\",\"url\":\"https:\\\/\\\/lesvolcansnews.net\\\/\",\"name\":\"LES VOLCANS NEWS\",\"description\":\"L&#039;INFORMATION C&#039;EST NOUS\",\"potentialAction\":[{\"@type\":\"SearchAction\",\"target\":{\"@type\":\"EntryPoint\",\"urlTemplate\":\"https:\\\/\\\/lesvolcansnews.net\\\/?s={search_term_string}\"},\"query-input\":{\"@type\":\"PropertyValueSpecification\",\"valueRequired\":true,\"valueName\":\"search_term_string\"}}],\"inLanguage\":\"fr-FR\"},{\"@type\":\"Person\",\"@id\":\"https:\\\/\\\/lesvolcansnews.net\\\/#\\\/schema\\\/person\\\/82c8bed2e77879ecf6cca63441f57354\",\"name\":\"R\u00e9daction - Les Volcans News\",\"image\":{\"@type\":\"ImageObject\",\"inLanguage\":\"fr-FR\",\"@id\":\"https:\\\/\\\/secure.gravatar.com\\\/avatar\\\/8408942dd851e8a9c09f3d382a661bc05d2b3cd9002139bc1795b9528cdc6c80?s=96&d=mm&r=g\",\"url\":\"https:\\\/\\\/secure.gravatar.com\\\/avatar\\\/8408942dd851e8a9c09f3d382a661bc05d2b3cd9002139bc1795b9528cdc6c80?s=96&d=mm&r=g\",\"contentUrl\":\"https:\\\/\\\/secure.gravatar.com\\\/avatar\\\/8408942dd851e8a9c09f3d382a661bc05d2b3cd9002139bc1795b9528cdc6c80?s=96&d=mm&r=g\",\"caption\":\"R\u00e9daction - Les Volcans News\"},\"url\":\"https:\\\/\\\/lesvolcansnews.net\\\/?author=14\"}]}<\/script>\n<!-- \/ Yoast SEO plugin. -->","yoast_head_json":{"title":"Ordonnances pr\u00e9sidentielles : F\u00e9lix Tshisekedi fait de nominations \u00e0 la t\u00eate des entreprises publiques - LES VOLCANS NEWS","robots":{"index":"index","follow":"follow","max-snippet":"max-snippet:-1","max-image-preview":"max-image-preview:large","max-video-preview":"max-video-preview:-1"},"canonical":"https:\/\/lesvolcansnews.net\/?p=72879","og_locale":"fr_FR","og_type":"article","og_title":"Ordonnances pr\u00e9sidentielles : F\u00e9lix Tshisekedi fait de nominations \u00e0 la t\u00eate des entreprises publiques - LES VOLCANS NEWS","og_description":"Ordonnances pr\u00e9sidentielles : F\u00e9lix Tshisekedi lance une vaste vague de nominations \u00e0 la t\u00eate des entreprises publique Une s\u00e9rie d\u2019ordonnances pr\u00e9sidentielles a act\u00e9 plusieurs nominations et reconductions \u00e0 la direction","og_url":"https:\/\/lesvolcansnews.net\/?p=72879","og_site_name":"LES VOLCANS NEWS","article_published_time":"2026-02-23T16:51:08+00:00","og_image":[{"width":1080,"height":719,"url":"https:\/\/lesvolcansnews.net\/wp-content\/uploads\/2026\/02\/20260221_131751.jpg","type":"image\/jpeg"}],"author":"R\u00e9daction - Les Volcans News","twitter_card":"summary_large_image","twitter_misc":{"\u00c9crit par":"R\u00e9daction - Les Volcans News","Dur\u00e9e de lecture estim\u00e9e":"3 minutes"},"schema":{"@context":"https:\/\/schema.org","@graph":[{"@type":"Article","@id":"https:\/\/lesvolcansnews.net\/?p=72879#article","isPartOf":{"@id":"https:\/\/lesvolcansnews.net\/?p=72879"},"author":{"name":"R\u00e9daction - Les Volcans News","@id":"https:\/\/lesvolcansnews.net\/#\/schema\/person\/82c8bed2e77879ecf6cca63441f57354"},"headline":"Ordonnances pr\u00e9sidentielles : F\u00e9lix Tshisekedi fait de nominations \u00e0 la t\u00eate des entreprises publiques","datePublished":"2026-02-23T16:51:08+00:00","mainEntityOfPage":{"@id":"https:\/\/lesvolcansnews.net\/?p=72879"},"wordCount":634,"commentCount":0,"image":{"@id":"https:\/\/lesvolcansnews.net\/?p=72879#primaryimage"},"thumbnailUrl":"https:\/\/lesvolcansnews.net\/wp-content\/uploads\/2026\/02\/20260221_131751.jpg","articleSection":["ACTUALIT\u00c9"],"inLanguage":"fr-FR","potentialAction":[{"@type":"CommentAction","name":"Comment","target":["https:\/\/lesvolcansnews.net\/?p=72879#respond"]}]},{"@type":"WebPage","@id":"https:\/\/lesvolcansnews.net\/?p=72879","url":"https:\/\/lesvolcansnews.net\/?p=72879","name":"Ordonnances pr\u00e9sidentielles : F\u00e9lix Tshisekedi fait de nominations \u00e0 la t\u00eate des entreprises publiques - LES VOLCANS NEWS","isPartOf":{"@id":"https:\/\/lesvolcansnews.net\/#website"},"primaryImageOfPage":{"@id":"https:\/\/lesvolcansnews.net\/?p=72879#primaryimage"},"image":{"@id":"https:\/\/lesvolcansnews.net\/?p=72879#primaryimage"},"thumbnailUrl":"https:\/\/lesvolcansnews.net\/wp-content\/uploads\/2026\/02\/20260221_131751.jpg","datePublished":"2026-02-23T16:51:08+00:00","author":{"@id":"https:\/\/lesvolcansnews.net\/#\/schema\/person\/82c8bed2e77879ecf6cca63441f57354"},"breadcrumb":{"@id":"https:\/\/lesvolcansnews.net\/?p=72879#breadcrumb"},"inLanguage":"fr-FR","potentialAction":[{"@type":"ReadAction","target":["https:\/\/lesvolcansnews.net\/?p=72879"]}]},{"@type":"ImageObject","inLanguage":"fr-FR","@id":"https:\/\/lesvolcansnews.net\/?p=72879#primaryimage","url":"https:\/\/lesvolcansnews.net\/wp-content\/uploads\/2026\/02\/20260221_131751.jpg","contentUrl":"https:\/\/lesvolcansnews.net\/wp-content\/uploads\/2026\/02\/20260221_131751.jpg","width":1080,"height":719},{"@type":"BreadcrumbList","@id":"https:\/\/lesvolcansnews.net\/?p=72879#breadcrumb","itemListElement":[{"@type":"ListItem","position":1,"name":"Accueil","item":"https:\/\/lesvolcansnews.net\/"},{"@type":"ListItem","position":2,"name":"Ordonnances pr\u00e9sidentielles : F\u00e9lix Tshisekedi fait de nominations \u00e0 la t\u00eate des entreprises publiques"}]},{"@type":"WebSite","@id":"https:\/\/lesvolcansnews.net\/#website","url":"https:\/\/lesvolcansnews.net\/","name":"LES VOLCANS NEWS","description":"L&#039;INFORMATION C&#039;EST NOUS","potentialAction":[{"@type":"SearchAction","target":{"@type":"EntryPoint","urlTemplate":"https:\/\/lesvolcansnews.net\/?s={search_term_string}"},"query-input":{"@type":"PropertyValueSpecification","valueRequired":true,"valueName":"search_term_string"}}],"inLanguage":"fr-FR"},{"@type":"Person","@id":"https:\/\/lesvolcansnews.net\/#\/schema\/person\/82c8bed2e77879ecf6cca63441f57354","name":"R\u00e9daction - Les Volcans News","image":{"@type":"ImageObject","inLanguage":"fr-FR","@id":"https:\/\/secure.gravatar.com\/avatar\/8408942dd851e8a9c09f3d382a661bc05d2b3cd9002139bc1795b9528cdc6c80?s=96&d=mm&r=g","url":"https:\/\/secure.gravatar.com\/avatar\/8408942dd851e8a9c09f3d382a661bc05d2b3cd9002139bc1795b9528cdc6c80?s=96&d=mm&r=g","contentUrl":"https:\/\/secure.gravatar.com\/avatar\/8408942dd851e8a9c09f3d382a661bc05d2b3cd9002139bc1795b9528cdc6c80?s=96&d=mm&r=g","caption":"R\u00e9daction - Les Volcans News"},"url":"https:\/\/lesvolcansnews.net\/?author=14"}]}},"_links":{"self":[{"href":"https:\/\/lesvolcansnews.net\/index.php?rest_route=\/wp\/v2\/posts\/72879","targetHints":{"allow":["GET"]}}],"collection":[{"href":"https:\/\/lesvolcansnews.net\/index.php?rest_route=\/wp\/v2\/posts"}],"about":[{"href":"https:\/\/lesvolcansnews.net\/index.php?rest_route=\/wp\/v2\/types\/post"}],"author":[{"embeddable":true,"href":"https:\/\/lesvolcansnews.net\/index.php?rest_route=\/wp\/v2\/users\/14"}],"replies":[{"embeddable":true,"href":"https:\/\/lesvolcansnews.net\/index.php?rest_route=%2Fwp%2Fv2%2Fcomments&post=72879"}],"version-history":[{"count":1,"href":"https:\/\/lesvolcansnews.net\/index.php?rest_route=\/wp\/v2\/posts\/72879\/revisions"}],"predecessor-version":[{"id":72880,"href":"https:\/\/lesvolcansnews.net\/index.php?rest_route=\/wp\/v2\/posts\/72879\/revisions\/72880"}],"wp:featuredmedia":[{"embeddable":true,"href":"https:\/\/lesvolcansnews.net\/index.php?rest_route=\/wp\/v2\/media\/72835"}],"wp:attachment":[{"href":"https:\/\/lesvolcansnews.net\/index.php?rest_route=%2Fwp%2Fv2%2Fmedia&parent=72879"}],"wp:term":[{"taxonomy":"category","embeddable":true,"href":"https:\/\/lesvolcansnews.net\/index.php?rest_route=%2Fwp%2Fv2%2Fcategories&post=72879"},{"taxonomy":"post_tag","embeddable":true,"href":"https:\/\/lesvolcansnews.net\/index.php?rest_route=%2Fwp%2Fv2%2Ftags&post=72879"}],"curies":[{"name":"wp","href":"https:\/\/api.w.org\/{rel}","templated":true}]}}