{"id":72868,"date":"2026-02-23T14:41:59","date_gmt":"2026-02-23T12:41:59","guid":{"rendered":"https:\/\/lesvolcansnews.net\/?p=72868"},"modified":"2026-02-23T14:41:59","modified_gmt":"2026-02-23T12:41:59","slug":"ituri-le-barreau-suspend-la-participation-des-avocats-aux-audiences-a-mambassa","status":"publish","type":"post","link":"https:\/\/lesvolcansnews.net\/?p=72868","title":{"rendered":"Ituri : Le barreau suspend la participation des avocats aux audiences \u00e0 Mambassa"},"content":{"rendered":"<h2>Ituri : Le barreau suspend la participation des avocats aux audiences apr\u00e8s un incident \u00e0 Mambass<\/h2>\n<p>Le barreau de la province de l\u2019Ituri, dans le nord-est de la R\u00e9publique d\u00e9mocratique du Congo, a d\u00e9cid\u00e9 de suspendre jusqu\u2019\u00e0 nouvel ordre la participation des avocats aux audiences judiciaires, \u00e0 la suite d\u2019un incident survenu le 19 f\u00e9vrier \u00e0 Mambassa entre un avocat et un magistrat, a annonc\u00e9 lundi 23 f\u00e9vrier le b\u00e2tonnier.<\/p>\n<p>\u00ab Nous avons demand\u00e9 aux avocats de suspendre leur participation aux audiences jusqu\u2019\u00e0 ce qu\u2019une audience de flagrance soit organis\u00e9e \u00bb, a d\u00e9clar\u00e9 le b\u00e2tonnier de l\u2019Ituri, Me Joseph Keta, lors d\u2019une d\u00e9claration faite devant le Conseil de l\u2019Ordre.<\/p>\n<p>Selon lui, les faits reproch\u00e9s porteraient sur des \u00ab coups et blessures ou voies de fait \u00bb qui auraient \u00e9t\u00e9 commis alors qu\u2019un avocat exer\u00e7ait ses fonctions dans une instance judiciaire \u00e0 Mambassa.<\/p>\n<p>\u00ab S\u2019il y a r\u00e9ellement coups et blessures ou voies de fait, il y a ce qu\u2019on appelle une proc\u00e9dure de flagrance qui peut \u00eatre organis\u00e9e parce que ce sont des faits flagrants \u00bb, a-t-il expliqu\u00e9.<\/p>\n<p>Me Keta a rappel\u00e9 que lorsqu\u2019un magistrat est mis en cause, il b\u00e9n\u00e9ficie de privil\u00e8ges de juridiction et demeure justiciable devant la Cour d\u2019appel de Bunia.<\/p>\n<p>\u00ab Les magistrats ne sont pas justiciables comme tout le monde. Il faut respecter la proc\u00e9dure pr\u00e9vue par la loi \u00bb, a-t-il pr\u00e9cis\u00e9.<\/p>\n<p>Une audience de flagrance devait initialement \u00eatre organis\u00e9e lundi matin. Toutefois, apr\u00e8s des \u00e9changes avec le premier pr\u00e9sident de la cour d\u2019appel et le parquet g\u00e9n\u00e9ral, il est apparu que le dossier n\u2019\u00e9tait pas encore fix\u00e9.<\/p>\n<p>\u00ab Le dossier n\u2019est pas encore saisi par la Cour. C\u2019est pour cela que le Conseil de l\u2019Ordre s\u2019est r\u00e9uni en urgence pour appr\u00e9cier la situation et prendre une d\u00e9cision \u00bb, a ajout\u00e9 le b\u00e2tonnier.<\/p>\n<p>Concernant la situation du magistrat concern\u00e9, Me Keta a indiqu\u00e9 que celui-ci aurait d\u2019abord \u00e9t\u00e9 maintenu \u00e0 Mambassa avant d\u2019\u00eatre signal\u00e9 \u00e0 Bunia, laissant entendre que l\u2019organisation de l\u2019audience pourrait intervenir devant la Cour d\u2019appel.<\/p>\n<p>Le b\u00e2tonnier a insist\u00e9 sur la n\u00e9cessit\u00e9 d\u2019un respect mutuel entre magistrats et avocats.<\/p>\n<p>\u00ab Les avocats sont des collaborateurs de la justice. Le respect que nous jurons aux juridictions et aux magistrats doit \u00eatre r\u00e9ciproque \u00bb, a-t-il soulign\u00e9.<\/p>\n<p>La reprise des audiences par les avocats reste conditionn\u00e9e \u00e0 l\u2019organisation effective d\u2019une audience de flagrance conform\u00e9ment \u00e0 la proc\u00e9dure l\u00e9gale, a-t-on appris aupr\u00e8s du barreau provincial.<\/p>\n<p>&nbsp;<\/p>\n<p>La r\u00e9daction<\/p>\n","protected":false},"excerpt":{"rendered":"<p>Ituri : Le barreau suspend la participation des avocats aux audiences apr\u00e8s un incident \u00e0 Mambass Le barreau de la province de l\u2019Ituri, dans le nord-est de la R\u00e9publique d\u00e9mocratique<\/p>\n","protected":false},"author":14,"featured_media":72869,"comment_status":"open","ping_status":"open","sticky":false,"template":"","format":"standard","meta":{"footnotes":""},"categories":[51],"tags":[],"class_list":["post-72868","post","type-post","status-publish","format-standard","has-post-thumbnail","hentry","category-justice"],"yoast_head":"<!-- This site is optimized with the Yoast SEO plugin v27.5 - https:\/\/yoast.com\/product\/yoast-seo-wordpress\/ -->\n<title>Ituri : Le barreau suspend la participation des avocats aux audiences \u00e0 Mambassa - LES VOLCANS NEWS<\/title>\n<meta name=\"robots\" content=\"index, follow, max-snippet:-1, max-image-preview:large, max-video-preview:-1\" \/>\n<link rel=\"canonical\" href=\"https:\/\/lesvolcansnews.net\/?p=72868\" \/>\n<meta property=\"og:locale\" content=\"fr_FR\" \/>\n<meta property=\"og:type\" content=\"article\" \/>\n<meta property=\"og:title\" content=\"Ituri : Le barreau suspend la participation des avocats aux audiences \u00e0 Mambassa - LES VOLCANS NEWS\" \/>\n<meta property=\"og:description\" content=\"Ituri : Le barreau suspend la participation des avocats aux audiences apr\u00e8s un incident \u00e0 Mambass Le barreau de la province de l\u2019Ituri, dans le nord-est de la R\u00e9publique d\u00e9mocratique\" \/>\n<meta property=\"og:url\" content=\"https:\/\/lesvolcansnews.net\/?p=72868\" \/>\n<meta property=\"og:site_name\" content=\"LES VOLCANS NEWS\" \/>\n<meta property=\"article:published_time\" content=\"2026-02-23T12:41:59+00:00\" \/>\n<meta property=\"og:image\" content=\"https:\/\/lesvolcansnews.net\/wp-content\/uploads\/2026\/02\/IMG-20260219-WA0239-2.jpg\" \/>\n\t<meta property=\"og:image:width\" content=\"1000\" \/>\n\t<meta property=\"og:image:height\" content=\"667\" \/>\n\t<meta property=\"og:image:type\" content=\"image\/jpeg\" \/>\n<meta name=\"author\" content=\"R\u00e9daction - Les Volcans News\" \/>\n<meta name=\"twitter:card\" content=\"summary_large_image\" \/>\n<meta name=\"twitter:label1\" content=\"\u00c9crit par\" \/>\n\t<meta name=\"twitter:data1\" content=\"R\u00e9daction - Les Volcans News\" \/>\n\t<meta name=\"twitter:label2\" content=\"Dur\u00e9e de lecture estim\u00e9e\" \/>\n\t<meta name=\"twitter:data2\" content=\"2 minutes\" \/>\n<script type=\"application\/ld+json\" class=\"yoast-schema-graph\">{\"@context\":\"https:\\\/\\\/schema.org\",\"@graph\":[{\"@type\":\"Article\",\"@id\":\"https:\\\/\\\/lesvolcansnews.net\\\/?p=72868#article\",\"isPartOf\":{\"@id\":\"https:\\\/\\\/lesvolcansnews.net\\\/?p=72868\"},\"author\":{\"name\":\"R\u00e9daction - Les Volcans News\",\"@id\":\"https:\\\/\\\/lesvolcansnews.net\\\/#\\\/schema\\\/person\\\/82c8bed2e77879ecf6cca63441f57354\"},\"headline\":\"Ituri : Le barreau suspend la participation des avocats aux audiences \u00e0 Mambassa\",\"datePublished\":\"2026-02-23T12:41:59+00:00\",\"mainEntityOfPage\":{\"@id\":\"https:\\\/\\\/lesvolcansnews.net\\\/?p=72868\"},\"wordCount\":455,\"commentCount\":0,\"image\":{\"@id\":\"https:\\\/\\\/lesvolcansnews.net\\\/?p=72868#primaryimage\"},\"thumbnailUrl\":\"https:\\\/\\\/lesvolcansnews.net\\\/wp-content\\\/uploads\\\/2026\\\/02\\\/IMG-20260219-WA0239-2.jpg\",\"articleSection\":[\"JUSTICE\"],\"inLanguage\":\"fr-FR\",\"potentialAction\":[{\"@type\":\"CommentAction\",\"name\":\"Comment\",\"target\":[\"https:\\\/\\\/lesvolcansnews.net\\\/?p=72868#respond\"]}]},{\"@type\":\"WebPage\",\"@id\":\"https:\\\/\\\/lesvolcansnews.net\\\/?p=72868\",\"url\":\"https:\\\/\\\/lesvolcansnews.net\\\/?p=72868\",\"name\":\"Ituri : Le barreau suspend la participation des avocats aux audiences \u00e0 Mambassa - LES VOLCANS NEWS\",\"isPartOf\":{\"@id\":\"https:\\\/\\\/lesvolcansnews.net\\\/#website\"},\"primaryImageOfPage\":{\"@id\":\"https:\\\/\\\/lesvolcansnews.net\\\/?p=72868#primaryimage\"},\"image\":{\"@id\":\"https:\\\/\\\/lesvolcansnews.net\\\/?p=72868#primaryimage\"},\"thumbnailUrl\":\"https:\\\/\\\/lesvolcansnews.net\\\/wp-content\\\/uploads\\\/2026\\\/02\\\/IMG-20260219-WA0239-2.jpg\",\"datePublished\":\"2026-02-23T12:41:59+00:00\",\"author\":{\"@id\":\"https:\\\/\\\/lesvolcansnews.net\\\/#\\\/schema\\\/person\\\/82c8bed2e77879ecf6cca63441f57354\"},\"breadcrumb\":{\"@id\":\"https:\\\/\\\/lesvolcansnews.net\\\/?p=72868#breadcrumb\"},\"inLanguage\":\"fr-FR\",\"potentialAction\":[{\"@type\":\"ReadAction\",\"target\":[\"https:\\\/\\\/lesvolcansnews.net\\\/?p=72868\"]}]},{\"@type\":\"ImageObject\",\"inLanguage\":\"fr-FR\",\"@id\":\"https:\\\/\\\/lesvolcansnews.net\\\/?p=72868#primaryimage\",\"url\":\"https:\\\/\\\/lesvolcansnews.net\\\/wp-content\\\/uploads\\\/2026\\\/02\\\/IMG-20260219-WA0239-2.jpg\",\"contentUrl\":\"https:\\\/\\\/lesvolcansnews.net\\\/wp-content\\\/uploads\\\/2026\\\/02\\\/IMG-20260219-WA0239-2.jpg\",\"width\":1000,\"height\":667},{\"@type\":\"BreadcrumbList\",\"@id\":\"https:\\\/\\\/lesvolcansnews.net\\\/?p=72868#breadcrumb\",\"itemListElement\":[{\"@type\":\"ListItem\",\"position\":1,\"name\":\"Accueil\",\"item\":\"https:\\\/\\\/lesvolcansnews.net\\\/\"},{\"@type\":\"ListItem\",\"position\":2,\"name\":\"Ituri : Le barreau suspend la participation des avocats aux audiences \u00e0 Mambassa\"}]},{\"@type\":\"WebSite\",\"@id\":\"https:\\\/\\\/lesvolcansnews.net\\\/#website\",\"url\":\"https:\\\/\\\/lesvolcansnews.net\\\/\",\"name\":\"LES VOLCANS NEWS\",\"description\":\"L&#039;INFORMATION C&#039;EST NOUS\",\"potentialAction\":[{\"@type\":\"SearchAction\",\"target\":{\"@type\":\"EntryPoint\",\"urlTemplate\":\"https:\\\/\\\/lesvolcansnews.net\\\/?s={search_term_string}\"},\"query-input\":{\"@type\":\"PropertyValueSpecification\",\"valueRequired\":true,\"valueName\":\"search_term_string\"}}],\"inLanguage\":\"fr-FR\"},{\"@type\":\"Person\",\"@id\":\"https:\\\/\\\/lesvolcansnews.net\\\/#\\\/schema\\\/person\\\/82c8bed2e77879ecf6cca63441f57354\",\"name\":\"R\u00e9daction - Les Volcans News\",\"image\":{\"@type\":\"ImageObject\",\"inLanguage\":\"fr-FR\",\"@id\":\"https:\\\/\\\/secure.gravatar.com\\\/avatar\\\/8408942dd851e8a9c09f3d382a661bc05d2b3cd9002139bc1795b9528cdc6c80?s=96&d=mm&r=g\",\"url\":\"https:\\\/\\\/secure.gravatar.com\\\/avatar\\\/8408942dd851e8a9c09f3d382a661bc05d2b3cd9002139bc1795b9528cdc6c80?s=96&d=mm&r=g\",\"contentUrl\":\"https:\\\/\\\/secure.gravatar.com\\\/avatar\\\/8408942dd851e8a9c09f3d382a661bc05d2b3cd9002139bc1795b9528cdc6c80?s=96&d=mm&r=g\",\"caption\":\"R\u00e9daction - Les Volcans News\"},\"url\":\"https:\\\/\\\/lesvolcansnews.net\\\/?author=14\"}]}<\/script>\n<!-- \/ Yoast SEO plugin. -->","yoast_head_json":{"title":"Ituri : Le barreau suspend la participation des avocats aux audiences \u00e0 Mambassa - LES VOLCANS NEWS","robots":{"index":"index","follow":"follow","max-snippet":"max-snippet:-1","max-image-preview":"max-image-preview:large","max-video-preview":"max-video-preview:-1"},"canonical":"https:\/\/lesvolcansnews.net\/?p=72868","og_locale":"fr_FR","og_type":"article","og_title":"Ituri : Le barreau suspend la participation des avocats aux audiences \u00e0 Mambassa - LES VOLCANS NEWS","og_description":"Ituri : Le barreau suspend la participation des avocats aux audiences apr\u00e8s un incident \u00e0 Mambass Le barreau de la province de l\u2019Ituri, dans le nord-est de la R\u00e9publique d\u00e9mocratique","og_url":"https:\/\/lesvolcansnews.net\/?p=72868","og_site_name":"LES VOLCANS NEWS","article_published_time":"2026-02-23T12:41:59+00:00","og_image":[{"width":1000,"height":667,"url":"https:\/\/lesvolcansnews.net\/wp-content\/uploads\/2026\/02\/IMG-20260219-WA0239-2.jpg","type":"image\/jpeg"}],"author":"R\u00e9daction - Les Volcans News","twitter_card":"summary_large_image","twitter_misc":{"\u00c9crit par":"R\u00e9daction - Les Volcans News","Dur\u00e9e de lecture estim\u00e9e":"2 minutes"},"schema":{"@context":"https:\/\/schema.org","@graph":[{"@type":"Article","@id":"https:\/\/lesvolcansnews.net\/?p=72868#article","isPartOf":{"@id":"https:\/\/lesvolcansnews.net\/?p=72868"},"author":{"name":"R\u00e9daction - Les Volcans News","@id":"https:\/\/lesvolcansnews.net\/#\/schema\/person\/82c8bed2e77879ecf6cca63441f57354"},"headline":"Ituri : Le barreau suspend la participation des avocats aux audiences \u00e0 Mambassa","datePublished":"2026-02-23T12:41:59+00:00","mainEntityOfPage":{"@id":"https:\/\/lesvolcansnews.net\/?p=72868"},"wordCount":455,"commentCount":0,"image":{"@id":"https:\/\/lesvolcansnews.net\/?p=72868#primaryimage"},"thumbnailUrl":"https:\/\/lesvolcansnews.net\/wp-content\/uploads\/2026\/02\/IMG-20260219-WA0239-2.jpg","articleSection":["JUSTICE"],"inLanguage":"fr-FR","potentialAction":[{"@type":"CommentAction","name":"Comment","target":["https:\/\/lesvolcansnews.net\/?p=72868#respond"]}]},{"@type":"WebPage","@id":"https:\/\/lesvolcansnews.net\/?p=72868","url":"https:\/\/lesvolcansnews.net\/?p=72868","name":"Ituri : Le barreau suspend la participation des avocats aux audiences \u00e0 Mambassa - LES VOLCANS NEWS","isPartOf":{"@id":"https:\/\/lesvolcansnews.net\/#website"},"primaryImageOfPage":{"@id":"https:\/\/lesvolcansnews.net\/?p=72868#primaryimage"},"image":{"@id":"https:\/\/lesvolcansnews.net\/?p=72868#primaryimage"},"thumbnailUrl":"https:\/\/lesvolcansnews.net\/wp-content\/uploads\/2026\/02\/IMG-20260219-WA0239-2.jpg","datePublished":"2026-02-23T12:41:59+00:00","author":{"@id":"https:\/\/lesvolcansnews.net\/#\/schema\/person\/82c8bed2e77879ecf6cca63441f57354"},"breadcrumb":{"@id":"https:\/\/lesvolcansnews.net\/?p=72868#breadcrumb"},"inLanguage":"fr-FR","potentialAction":[{"@type":"ReadAction","target":["https:\/\/lesvolcansnews.net\/?p=72868"]}]},{"@type":"ImageObject","inLanguage":"fr-FR","@id":"https:\/\/lesvolcansnews.net\/?p=72868#primaryimage","url":"https:\/\/lesvolcansnews.net\/wp-content\/uploads\/2026\/02\/IMG-20260219-WA0239-2.jpg","contentUrl":"https:\/\/lesvolcansnews.net\/wp-content\/uploads\/2026\/02\/IMG-20260219-WA0239-2.jpg","width":1000,"height":667},{"@type":"BreadcrumbList","@id":"https:\/\/lesvolcansnews.net\/?p=72868#breadcrumb","itemListElement":[{"@type":"ListItem","position":1,"name":"Accueil","item":"https:\/\/lesvolcansnews.net\/"},{"@type":"ListItem","position":2,"name":"Ituri : Le barreau suspend la participation des avocats aux audiences \u00e0 Mambassa"}]},{"@type":"WebSite","@id":"https:\/\/lesvolcansnews.net\/#website","url":"https:\/\/lesvolcansnews.net\/","name":"LES VOLCANS NEWS","description":"L&#039;INFORMATION C&#039;EST NOUS","potentialAction":[{"@type":"SearchAction","target":{"@type":"EntryPoint","urlTemplate":"https:\/\/lesvolcansnews.net\/?s={search_term_string}"},"query-input":{"@type":"PropertyValueSpecification","valueRequired":true,"valueName":"search_term_string"}}],"inLanguage":"fr-FR"},{"@type":"Person","@id":"https:\/\/lesvolcansnews.net\/#\/schema\/person\/82c8bed2e77879ecf6cca63441f57354","name":"R\u00e9daction - Les Volcans News","image":{"@type":"ImageObject","inLanguage":"fr-FR","@id":"https:\/\/secure.gravatar.com\/avatar\/8408942dd851e8a9c09f3d382a661bc05d2b3cd9002139bc1795b9528cdc6c80?s=96&d=mm&r=g","url":"https:\/\/secure.gravatar.com\/avatar\/8408942dd851e8a9c09f3d382a661bc05d2b3cd9002139bc1795b9528cdc6c80?s=96&d=mm&r=g","contentUrl":"https:\/\/secure.gravatar.com\/avatar\/8408942dd851e8a9c09f3d382a661bc05d2b3cd9002139bc1795b9528cdc6c80?s=96&d=mm&r=g","caption":"R\u00e9daction - Les Volcans News"},"url":"https:\/\/lesvolcansnews.net\/?author=14"}]}},"_links":{"self":[{"href":"https:\/\/lesvolcansnews.net\/index.php?rest_route=\/wp\/v2\/posts\/72868","targetHints":{"allow":["GET"]}}],"collection":[{"href":"https:\/\/lesvolcansnews.net\/index.php?rest_route=\/wp\/v2\/posts"}],"about":[{"href":"https:\/\/lesvolcansnews.net\/index.php?rest_route=\/wp\/v2\/types\/post"}],"author":[{"embeddable":true,"href":"https:\/\/lesvolcansnews.net\/index.php?rest_route=\/wp\/v2\/users\/14"}],"replies":[{"embeddable":true,"href":"https:\/\/lesvolcansnews.net\/index.php?rest_route=%2Fwp%2Fv2%2Fcomments&post=72868"}],"version-history":[{"count":1,"href":"https:\/\/lesvolcansnews.net\/index.php?rest_route=\/wp\/v2\/posts\/72868\/revisions"}],"predecessor-version":[{"id":72870,"href":"https:\/\/lesvolcansnews.net\/index.php?rest_route=\/wp\/v2\/posts\/72868\/revisions\/72870"}],"wp:featuredmedia":[{"embeddable":true,"href":"https:\/\/lesvolcansnews.net\/index.php?rest_route=\/wp\/v2\/media\/72869"}],"wp:attachment":[{"href":"https:\/\/lesvolcansnews.net\/index.php?rest_route=%2Fwp%2Fv2%2Fmedia&parent=72868"}],"wp:term":[{"taxonomy":"category","embeddable":true,"href":"https:\/\/lesvolcansnews.net\/index.php?rest_route=%2Fwp%2Fv2%2Fcategories&post=72868"},{"taxonomy":"post_tag","embeddable":true,"href":"https:\/\/lesvolcansnews.net\/index.php?rest_route=%2Fwp%2Fv2%2Ftags&post=72868"}],"curies":[{"name":"wp","href":"https:\/\/api.w.org\/{rel}","templated":true}]}}