{"id":72853,"date":"2026-02-22T15:25:07","date_gmt":"2026-02-22T13:25:07","guid":{"rendered":"https:\/\/lesvolcansnews.net\/?p=72853"},"modified":"2026-02-22T15:25:07","modified_gmt":"2026-02-22T13:25:07","slug":"maniema-plus-de-2-500-menages-sans-abri-a-punia-la-societe-civile-lance-un-appel-urgent","status":"publish","type":"post","link":"https:\/\/lesvolcansnews.net\/?p=72853","title":{"rendered":"Maniema : plus de 2.500 m\u00e9nages sans abri \u00e0 Punia, la soci\u00e9t\u00e9 civile lance un appel urgent"},"content":{"rendered":"<p><strong>Au moins 2.533 m\u00e9nages se retrouvent sans abri dans le secteur d\u2019Ulindi, en territoire de Punia, dans la province du Maniema, apr\u00e8s les inondations provoqu\u00e9es par la crue du fleuve Congo et de la rivi\u00e8re Ulindi, ont indiqu\u00e9 dimanche 22 f\u00e9vrier des acteurs de la soci\u00e9t\u00e9 civile locale.<\/strong><\/p>\n<p>\u00ab Nous faisons une alerte aupr\u00e8s du pouvoir public tant provincial que national et aux humanitaires sur la situation des 2.533 m\u00e9nages dont les maisons ont \u00e9t\u00e9 englouties par les eaux et qui se retrouvent sans abri au village Kowe et ses environs, \u00e0 la suite de l\u2019inondation du fleuve Congo et de la rivi\u00e8re Ulindi apr\u00e8s des pluies \u00e0 r\u00e9p\u00e9tition qui se sont abattues dans cette partie de la province du Maniema \u00bb, a d\u00e9clar\u00e9 Jean-Claude Ngoy Belabea, pr\u00e9sident de la soci\u00e9t\u00e9 civile forces vives, antenne de Punia.<\/p>\n<p>Selon lui, un rapport provisoire \u00e9tabli par une mission conjointe compos\u00e9e de membres de la soci\u00e9t\u00e9 civile, des services publics de l\u2019\u00c9tat notamment l\u2019Action humanitaire et la Protection civile\u00a0 ainsi que d\u2019autres leaders locaux descendus sur le terrain pour \u00e9valuer la situation, fait \u00e9tat de 12.665 personnes affect\u00e9es par cette catastrophe naturelle.<\/p>\n<p>\u00ab Plusieurs d\u00e9g\u00e2ts mat\u00e9riels et humains importants ont \u00e9t\u00e9 enregistr\u00e9s. Des \u00e9coles, des structures sanitaires, des champs des paysans, des d\u00e9p\u00f4ts de vivres comme le riz et le ma\u00efs, des sources d\u2019eau potable, des \u00e9tangs piscicoles et des maisons d\u2019habitation ont \u00e9t\u00e9 engloutis ou se sont \u00e9croul\u00e9s sous la pression des eaux \u00bb, a-t-il ajout\u00e9.<\/p>\n<p>Les inondations ont touch\u00e9 trois groupements \u2014 Kasera, Tubila et Ulindi \u2014 dans le secteur d\u2019Ulindi, situ\u00e9 dans la partie nord de la province du Maniema, au centre-est de la R\u00e9publique d\u00e9mocratique du Congo.<\/p>\n<p>D\u2019apr\u00e8s la soci\u00e9t\u00e9 civile, plusieurs familles sinistr\u00e9es ont trouv\u00e9 refuge dans des familles d\u2019accueil, tandis que d\u2019autres passent la nuit \u00e0 la belle \u00e9toile, expos\u00e9es aux intemp\u00e9ries et aux risques accrus de maladies, notamment respiratoires.<\/p>\n<p>Jean-Claude Ngoy Belabea a plaid\u00e9 pour \u00ab une assistance humanitaire d\u2019urgence en vivres et non-vivres \u00bb en faveur des m\u00e9nages affect\u00e9s, appelant \u00e0 la mobilisation des autorit\u00e9s provinciales et nationales, des organisations humanitaires et des personnes de bonne volont\u00e9.<\/p>\n<p>La r\u00e9daction<\/p>\n","protected":false},"excerpt":{"rendered":"<p>Au moins 2.533 m\u00e9nages se retrouvent sans abri dans le secteur d\u2019Ulindi, en territoire de Punia, dans la province du Maniema, apr\u00e8s les inondations provoqu\u00e9es par la crue du fleuve<\/p>\n","protected":false},"author":14,"featured_media":0,"comment_status":"open","ping_status":"open","sticky":false,"template":"","format":"standard","meta":{"footnotes":""},"categories":[67],"tags":[],"class_list":["post-72853","post","type-post","status-publish","format-standard","hentry","category-catastrophe"],"yoast_head":"<!-- This site is optimized with the Yoast SEO plugin v27.5 - https:\/\/yoast.com\/product\/yoast-seo-wordpress\/ -->\n<title>Maniema : plus de 2.500 m\u00e9nages sans abri \u00e0 Punia, la soci\u00e9t\u00e9 civile lance un appel urgent - LES VOLCANS NEWS<\/title>\n<meta name=\"robots\" content=\"index, follow, max-snippet:-1, max-image-preview:large, max-video-preview:-1\" \/>\n<link rel=\"canonical\" href=\"https:\/\/lesvolcansnews.net\/?p=72853\" \/>\n<meta property=\"og:locale\" content=\"fr_FR\" \/>\n<meta property=\"og:type\" content=\"article\" \/>\n<meta property=\"og:title\" content=\"Maniema : plus de 2.500 m\u00e9nages sans abri \u00e0 Punia, la soci\u00e9t\u00e9 civile lance un appel urgent - LES VOLCANS NEWS\" \/>\n<meta property=\"og:description\" content=\"Au moins 2.533 m\u00e9nages se retrouvent sans abri dans le secteur d\u2019Ulindi, en territoire de Punia, dans la province du Maniema, apr\u00e8s les inondations provoqu\u00e9es par la crue du fleuve\" \/>\n<meta property=\"og:url\" content=\"https:\/\/lesvolcansnews.net\/?p=72853\" \/>\n<meta property=\"og:site_name\" content=\"LES VOLCANS NEWS\" \/>\n<meta property=\"article:published_time\" content=\"2026-02-22T13:25:07+00:00\" \/>\n<meta name=\"author\" content=\"R\u00e9daction - Les Volcans News\" \/>\n<meta name=\"twitter:card\" content=\"summary_large_image\" \/>\n<meta name=\"twitter:label1\" content=\"\u00c9crit par\" \/>\n\t<meta name=\"twitter:data1\" content=\"R\u00e9daction - Les Volcans News\" \/>\n\t<meta name=\"twitter:label2\" content=\"Dur\u00e9e de lecture estim\u00e9e\" \/>\n\t<meta name=\"twitter:data2\" content=\"2 minutes\" \/>\n<script type=\"application\/ld+json\" class=\"yoast-schema-graph\">{\"@context\":\"https:\\\/\\\/schema.org\",\"@graph\":[{\"@type\":\"Article\",\"@id\":\"https:\\\/\\\/lesvolcansnews.net\\\/?p=72853#article\",\"isPartOf\":{\"@id\":\"https:\\\/\\\/lesvolcansnews.net\\\/?p=72853\"},\"author\":{\"name\":\"R\u00e9daction - Les Volcans News\",\"@id\":\"https:\\\/\\\/lesvolcansnews.net\\\/#\\\/schema\\\/person\\\/82c8bed2e77879ecf6cca63441f57354\"},\"headline\":\"Maniema : plus de 2.500 m\u00e9nages sans abri \u00e0 Punia, la soci\u00e9t\u00e9 civile lance un appel urgent\",\"datePublished\":\"2026-02-22T13:25:07+00:00\",\"mainEntityOfPage\":{\"@id\":\"https:\\\/\\\/lesvolcansnews.net\\\/?p=72853\"},\"wordCount\":403,\"commentCount\":0,\"articleSection\":[\"CATASTROPHE\"],\"inLanguage\":\"fr-FR\",\"potentialAction\":[{\"@type\":\"CommentAction\",\"name\":\"Comment\",\"target\":[\"https:\\\/\\\/lesvolcansnews.net\\\/?p=72853#respond\"]}]},{\"@type\":\"WebPage\",\"@id\":\"https:\\\/\\\/lesvolcansnews.net\\\/?p=72853\",\"url\":\"https:\\\/\\\/lesvolcansnews.net\\\/?p=72853\",\"name\":\"Maniema : plus de 2.500 m\u00e9nages sans abri \u00e0 Punia, la soci\u00e9t\u00e9 civile lance un appel urgent - LES VOLCANS NEWS\",\"isPartOf\":{\"@id\":\"https:\\\/\\\/lesvolcansnews.net\\\/#website\"},\"datePublished\":\"2026-02-22T13:25:07+00:00\",\"author\":{\"@id\":\"https:\\\/\\\/lesvolcansnews.net\\\/#\\\/schema\\\/person\\\/82c8bed2e77879ecf6cca63441f57354\"},\"breadcrumb\":{\"@id\":\"https:\\\/\\\/lesvolcansnews.net\\\/?p=72853#breadcrumb\"},\"inLanguage\":\"fr-FR\",\"potentialAction\":[{\"@type\":\"ReadAction\",\"target\":[\"https:\\\/\\\/lesvolcansnews.net\\\/?p=72853\"]}]},{\"@type\":\"BreadcrumbList\",\"@id\":\"https:\\\/\\\/lesvolcansnews.net\\\/?p=72853#breadcrumb\",\"itemListElement\":[{\"@type\":\"ListItem\",\"position\":1,\"name\":\"Accueil\",\"item\":\"https:\\\/\\\/lesvolcansnews.net\\\/\"},{\"@type\":\"ListItem\",\"position\":2,\"name\":\"Maniema : plus de 2.500 m\u00e9nages sans abri \u00e0 Punia, la soci\u00e9t\u00e9 civile lance un appel urgent\"}]},{\"@type\":\"WebSite\",\"@id\":\"https:\\\/\\\/lesvolcansnews.net\\\/#website\",\"url\":\"https:\\\/\\\/lesvolcansnews.net\\\/\",\"name\":\"LES VOLCANS NEWS\",\"description\":\"L&#039;INFORMATION C&#039;EST NOUS\",\"potentialAction\":[{\"@type\":\"SearchAction\",\"target\":{\"@type\":\"EntryPoint\",\"urlTemplate\":\"https:\\\/\\\/lesvolcansnews.net\\\/?s={search_term_string}\"},\"query-input\":{\"@type\":\"PropertyValueSpecification\",\"valueRequired\":true,\"valueName\":\"search_term_string\"}}],\"inLanguage\":\"fr-FR\"},{\"@type\":\"Person\",\"@id\":\"https:\\\/\\\/lesvolcansnews.net\\\/#\\\/schema\\\/person\\\/82c8bed2e77879ecf6cca63441f57354\",\"name\":\"R\u00e9daction - Les Volcans News\",\"image\":{\"@type\":\"ImageObject\",\"inLanguage\":\"fr-FR\",\"@id\":\"https:\\\/\\\/secure.gravatar.com\\\/avatar\\\/8408942dd851e8a9c09f3d382a661bc05d2b3cd9002139bc1795b9528cdc6c80?s=96&d=mm&r=g\",\"url\":\"https:\\\/\\\/secure.gravatar.com\\\/avatar\\\/8408942dd851e8a9c09f3d382a661bc05d2b3cd9002139bc1795b9528cdc6c80?s=96&d=mm&r=g\",\"contentUrl\":\"https:\\\/\\\/secure.gravatar.com\\\/avatar\\\/8408942dd851e8a9c09f3d382a661bc05d2b3cd9002139bc1795b9528cdc6c80?s=96&d=mm&r=g\",\"caption\":\"R\u00e9daction - Les Volcans News\"},\"url\":\"https:\\\/\\\/lesvolcansnews.net\\\/?author=14\"}]}<\/script>\n<!-- \/ Yoast SEO plugin. -->","yoast_head_json":{"title":"Maniema : plus de 2.500 m\u00e9nages sans abri \u00e0 Punia, la soci\u00e9t\u00e9 civile lance un appel urgent - LES VOLCANS NEWS","robots":{"index":"index","follow":"follow","max-snippet":"max-snippet:-1","max-image-preview":"max-image-preview:large","max-video-preview":"max-video-preview:-1"},"canonical":"https:\/\/lesvolcansnews.net\/?p=72853","og_locale":"fr_FR","og_type":"article","og_title":"Maniema : plus de 2.500 m\u00e9nages sans abri \u00e0 Punia, la soci\u00e9t\u00e9 civile lance un appel urgent - LES VOLCANS NEWS","og_description":"Au moins 2.533 m\u00e9nages se retrouvent sans abri dans le secteur d\u2019Ulindi, en territoire de Punia, dans la province du Maniema, apr\u00e8s les inondations provoqu\u00e9es par la crue du fleuve","og_url":"https:\/\/lesvolcansnews.net\/?p=72853","og_site_name":"LES VOLCANS NEWS","article_published_time":"2026-02-22T13:25:07+00:00","author":"R\u00e9daction - Les Volcans News","twitter_card":"summary_large_image","twitter_misc":{"\u00c9crit par":"R\u00e9daction - Les Volcans News","Dur\u00e9e de lecture estim\u00e9e":"2 minutes"},"schema":{"@context":"https:\/\/schema.org","@graph":[{"@type":"Article","@id":"https:\/\/lesvolcansnews.net\/?p=72853#article","isPartOf":{"@id":"https:\/\/lesvolcansnews.net\/?p=72853"},"author":{"name":"R\u00e9daction - Les Volcans News","@id":"https:\/\/lesvolcansnews.net\/#\/schema\/person\/82c8bed2e77879ecf6cca63441f57354"},"headline":"Maniema : plus de 2.500 m\u00e9nages sans abri \u00e0 Punia, la soci\u00e9t\u00e9 civile lance un appel urgent","datePublished":"2026-02-22T13:25:07+00:00","mainEntityOfPage":{"@id":"https:\/\/lesvolcansnews.net\/?p=72853"},"wordCount":403,"commentCount":0,"articleSection":["CATASTROPHE"],"inLanguage":"fr-FR","potentialAction":[{"@type":"CommentAction","name":"Comment","target":["https:\/\/lesvolcansnews.net\/?p=72853#respond"]}]},{"@type":"WebPage","@id":"https:\/\/lesvolcansnews.net\/?p=72853","url":"https:\/\/lesvolcansnews.net\/?p=72853","name":"Maniema : plus de 2.500 m\u00e9nages sans abri \u00e0 Punia, la soci\u00e9t\u00e9 civile lance un appel urgent - LES VOLCANS NEWS","isPartOf":{"@id":"https:\/\/lesvolcansnews.net\/#website"},"datePublished":"2026-02-22T13:25:07+00:00","author":{"@id":"https:\/\/lesvolcansnews.net\/#\/schema\/person\/82c8bed2e77879ecf6cca63441f57354"},"breadcrumb":{"@id":"https:\/\/lesvolcansnews.net\/?p=72853#breadcrumb"},"inLanguage":"fr-FR","potentialAction":[{"@type":"ReadAction","target":["https:\/\/lesvolcansnews.net\/?p=72853"]}]},{"@type":"BreadcrumbList","@id":"https:\/\/lesvolcansnews.net\/?p=72853#breadcrumb","itemListElement":[{"@type":"ListItem","position":1,"name":"Accueil","item":"https:\/\/lesvolcansnews.net\/"},{"@type":"ListItem","position":2,"name":"Maniema : plus de 2.500 m\u00e9nages sans abri \u00e0 Punia, la soci\u00e9t\u00e9 civile lance un appel urgent"}]},{"@type":"WebSite","@id":"https:\/\/lesvolcansnews.net\/#website","url":"https:\/\/lesvolcansnews.net\/","name":"LES VOLCANS NEWS","description":"L&#039;INFORMATION C&#039;EST NOUS","potentialAction":[{"@type":"SearchAction","target":{"@type":"EntryPoint","urlTemplate":"https:\/\/lesvolcansnews.net\/?s={search_term_string}"},"query-input":{"@type":"PropertyValueSpecification","valueRequired":true,"valueName":"search_term_string"}}],"inLanguage":"fr-FR"},{"@type":"Person","@id":"https:\/\/lesvolcansnews.net\/#\/schema\/person\/82c8bed2e77879ecf6cca63441f57354","name":"R\u00e9daction - Les Volcans News","image":{"@type":"ImageObject","inLanguage":"fr-FR","@id":"https:\/\/secure.gravatar.com\/avatar\/8408942dd851e8a9c09f3d382a661bc05d2b3cd9002139bc1795b9528cdc6c80?s=96&d=mm&r=g","url":"https:\/\/secure.gravatar.com\/avatar\/8408942dd851e8a9c09f3d382a661bc05d2b3cd9002139bc1795b9528cdc6c80?s=96&d=mm&r=g","contentUrl":"https:\/\/secure.gravatar.com\/avatar\/8408942dd851e8a9c09f3d382a661bc05d2b3cd9002139bc1795b9528cdc6c80?s=96&d=mm&r=g","caption":"R\u00e9daction - Les Volcans News"},"url":"https:\/\/lesvolcansnews.net\/?author=14"}]}},"_links":{"self":[{"href":"https:\/\/lesvolcansnews.net\/index.php?rest_route=\/wp\/v2\/posts\/72853","targetHints":{"allow":["GET"]}}],"collection":[{"href":"https:\/\/lesvolcansnews.net\/index.php?rest_route=\/wp\/v2\/posts"}],"about":[{"href":"https:\/\/lesvolcansnews.net\/index.php?rest_route=\/wp\/v2\/types\/post"}],"author":[{"embeddable":true,"href":"https:\/\/lesvolcansnews.net\/index.php?rest_route=\/wp\/v2\/users\/14"}],"replies":[{"embeddable":true,"href":"https:\/\/lesvolcansnews.net\/index.php?rest_route=%2Fwp%2Fv2%2Fcomments&post=72853"}],"version-history":[{"count":1,"href":"https:\/\/lesvolcansnews.net\/index.php?rest_route=\/wp\/v2\/posts\/72853\/revisions"}],"predecessor-version":[{"id":72854,"href":"https:\/\/lesvolcansnews.net\/index.php?rest_route=\/wp\/v2\/posts\/72853\/revisions\/72854"}],"wp:attachment":[{"href":"https:\/\/lesvolcansnews.net\/index.php?rest_route=%2Fwp%2Fv2%2Fmedia&parent=72853"}],"wp:term":[{"taxonomy":"category","embeddable":true,"href":"https:\/\/lesvolcansnews.net\/index.php?rest_route=%2Fwp%2Fv2%2Fcategories&post=72853"},{"taxonomy":"post_tag","embeddable":true,"href":"https:\/\/lesvolcansnews.net\/index.php?rest_route=%2Fwp%2Fv2%2Ftags&post=72853"}],"curies":[{"name":"wp","href":"https:\/\/api.w.org\/{rel}","templated":true}]}}