{"id":72848,"date":"2026-02-22T09:50:24","date_gmt":"2026-02-22T07:50:24","guid":{"rendered":"https:\/\/lesvolcansnews.net\/?p=72848"},"modified":"2026-02-22T09:50:24","modified_gmt":"2026-02-22T07:50:24","slug":"sud-kivu-dimanche-agite-a-kavumu-pres-de-bukavu","status":"publish","type":"post","link":"https:\/\/lesvolcansnews.net\/?p=72848","title":{"rendered":"Sud-kivu : dimanche agit\u00e9 \u00e0 Kavumu pr\u00e8s de Bukavu"},"content":{"rendered":"<p>&nbsp;<\/p>\n<p><strong>Un calme pr\u00e9caire observ\u00e9 depuis le samedi 21 f\u00e9vrier 2026 dans la province du Sud-Kivu a \u00e9t\u00e9 brusquement rompu dans la nuit et \u00e0 l\u2019aube de dimanche par des tirs nourris et une incursion arm\u00e9e dans la cit\u00e9 de Kavumu, \u00e0 environ 30 kilom\u00e8tres au nord de Bukavu, ont rapport\u00e9 des habitants et des sources locales.<\/strong><\/p>\n<p>Samedi, les activit\u00e9s socio-\u00e9conomiques ont tourn\u00e9 au ralenti et les \u00e9coles sont rest\u00e9es ferm\u00e9es dans plusieurs quartiers de Kavumu, localit\u00e9 situ\u00e9e \u00e0 proximit\u00e9 de l\u2019a\u00e9roport. Les habitants \u00e9voquaient d\u00e9j\u00e0 une situation s\u00e9curitaire fragile.<\/p>\n<p>M<\/p>\n<p>Dimanche d\u00e8s 5h30 du matin, des cr\u00e9pitements de balles ont \u00e9t\u00e9 entendus \u00ab presque partout \u00bb dans la cit\u00e9, ont indiqu\u00e9 plusieurs r\u00e9sidents joints par t\u00e9l\u00e9phone. Les auteurs et les causes exactes des tirs restaient inconnus en milieu de matin\u00e9e.<\/p>\n<p>Selon des messages diffus\u00e9s sur les r\u00e9seaux sociaux, le cur\u00e9 de la paroisse catholique de Kavumu a demand\u00e9 aux fid\u00e8les de ne pas quitter leurs domiciles pour assister \u00e0 la premi\u00e8re messe dominicale, les invitant \u00e0 observer l\u2019\u00e9volution de la situation jusqu\u2019\u00e0 8 heures avant d\u2019envisager un \u00e9ventuel d\u00e9placement pour un second office si les conditions le permettaient. Des pasteurs de certaines \u00e9glises locales ont \u00e9galement recommand\u00e9 \u00e0 leurs fid\u00e8les de rester chez eux.<\/p>\n<p>Des sources locales ont par ailleurs signal\u00e9 une incursion matinale des \u00ab Wazalendo \u00bb dans la cit\u00e9.<\/p>\n<p>Des \u00e9changes de tirs ont \u00e9t\u00e9 rapport\u00e9s entre ces miliciens et les \u00e9l\u00e9ments de l\u2019AFC\/M23, qui auraient contenu l\u2019attaque, selon ces m\u00eames sources. Les assaillants seraient venus en direction du parc national de Parc national de Kahuzi-Biega.<\/p>\n<p>&nbsp;<\/p>\n<p>Dimanche dans cette matin\u00e9e, la situation demeurait confuse \u00e0 Kavumu.<\/p>\n<p>La plupart des habitants restent terr\u00e9s chez eux, tandis que la tension reste vive dans cette zone\u00a0 proche de l\u2019a\u00e9roport .<\/p>\n<p>La r\u00e9daction<\/p>\n","protected":false},"excerpt":{"rendered":"<p>&nbsp; Un calme pr\u00e9caire observ\u00e9 depuis le samedi 21 f\u00e9vrier 2026 dans la province du Sud-Kivu a \u00e9t\u00e9 brusquement rompu dans la nuit et \u00e0 l\u2019aube de dimanche par des<\/p>\n","protected":false},"author":14,"featured_media":72849,"comment_status":"open","ping_status":"open","sticky":false,"template":"","format":"standard","meta":{"footnotes":""},"categories":[1],"tags":[],"class_list":["post-72848","post","type-post","status-publish","format-standard","has-post-thumbnail","hentry","category-actualite"],"yoast_head":"<!-- This site is optimized with the Yoast SEO plugin v27.5 - https:\/\/yoast.com\/product\/yoast-seo-wordpress\/ -->\n<title>Sud-kivu : dimanche agit\u00e9 \u00e0 Kavumu pr\u00e8s de Bukavu - LES VOLCANS NEWS<\/title>\n<meta name=\"robots\" content=\"index, follow, max-snippet:-1, max-image-preview:large, max-video-preview:-1\" \/>\n<link rel=\"canonical\" href=\"https:\/\/lesvolcansnews.net\/?p=72848\" \/>\n<meta property=\"og:locale\" content=\"fr_FR\" \/>\n<meta property=\"og:type\" content=\"article\" \/>\n<meta property=\"og:title\" content=\"Sud-kivu : dimanche agit\u00e9 \u00e0 Kavumu pr\u00e8s de Bukavu - LES VOLCANS NEWS\" \/>\n<meta property=\"og:description\" content=\"&nbsp; Un calme pr\u00e9caire observ\u00e9 depuis le samedi 21 f\u00e9vrier 2026 dans la province du Sud-Kivu a \u00e9t\u00e9 brusquement rompu dans la nuit et \u00e0 l\u2019aube de dimanche par des\" \/>\n<meta property=\"og:url\" content=\"https:\/\/lesvolcansnews.net\/?p=72848\" \/>\n<meta property=\"og:site_name\" content=\"LES VOLCANS NEWS\" \/>\n<meta property=\"article:published_time\" content=\"2026-02-22T07:50:24+00:00\" \/>\n<meta property=\"og:image\" content=\"https:\/\/lesvolcansnews.net\/wp-content\/uploads\/2026\/02\/20260222_084008.jpg\" \/>\n\t<meta property=\"og:image:width\" content=\"1080\" \/>\n\t<meta property=\"og:image:height\" content=\"805\" \/>\n\t<meta property=\"og:image:type\" content=\"image\/jpeg\" \/>\n<meta name=\"author\" content=\"R\u00e9daction - Les Volcans News\" \/>\n<meta name=\"twitter:card\" content=\"summary_large_image\" \/>\n<meta name=\"twitter:label1\" content=\"\u00c9crit par\" \/>\n\t<meta name=\"twitter:data1\" content=\"R\u00e9daction - Les Volcans News\" \/>\n\t<meta name=\"twitter:label2\" content=\"Dur\u00e9e de lecture estim\u00e9e\" \/>\n\t<meta name=\"twitter:data2\" content=\"2 minutes\" \/>\n<script type=\"application\/ld+json\" class=\"yoast-schema-graph\">{\"@context\":\"https:\\\/\\\/schema.org\",\"@graph\":[{\"@type\":\"Article\",\"@id\":\"https:\\\/\\\/lesvolcansnews.net\\\/?p=72848#article\",\"isPartOf\":{\"@id\":\"https:\\\/\\\/lesvolcansnews.net\\\/?p=72848\"},\"author\":{\"name\":\"R\u00e9daction - Les Volcans News\",\"@id\":\"https:\\\/\\\/lesvolcansnews.net\\\/#\\\/schema\\\/person\\\/82c8bed2e77879ecf6cca63441f57354\"},\"headline\":\"Sud-kivu : dimanche agit\u00e9 \u00e0 Kavumu pr\u00e8s de Bukavu\",\"datePublished\":\"2026-02-22T07:50:24+00:00\",\"mainEntityOfPage\":{\"@id\":\"https:\\\/\\\/lesvolcansnews.net\\\/?p=72848\"},\"wordCount\":324,\"commentCount\":0,\"image\":{\"@id\":\"https:\\\/\\\/lesvolcansnews.net\\\/?p=72848#primaryimage\"},\"thumbnailUrl\":\"https:\\\/\\\/lesvolcansnews.net\\\/wp-content\\\/uploads\\\/2026\\\/02\\\/20260222_084008.jpg\",\"articleSection\":[\"ACTUALIT\u00c9\"],\"inLanguage\":\"fr-FR\",\"potentialAction\":[{\"@type\":\"CommentAction\",\"name\":\"Comment\",\"target\":[\"https:\\\/\\\/lesvolcansnews.net\\\/?p=72848#respond\"]}]},{\"@type\":\"WebPage\",\"@id\":\"https:\\\/\\\/lesvolcansnews.net\\\/?p=72848\",\"url\":\"https:\\\/\\\/lesvolcansnews.net\\\/?p=72848\",\"name\":\"Sud-kivu : dimanche agit\u00e9 \u00e0 Kavumu pr\u00e8s de Bukavu - LES VOLCANS NEWS\",\"isPartOf\":{\"@id\":\"https:\\\/\\\/lesvolcansnews.net\\\/#website\"},\"primaryImageOfPage\":{\"@id\":\"https:\\\/\\\/lesvolcansnews.net\\\/?p=72848#primaryimage\"},\"image\":{\"@id\":\"https:\\\/\\\/lesvolcansnews.net\\\/?p=72848#primaryimage\"},\"thumbnailUrl\":\"https:\\\/\\\/lesvolcansnews.net\\\/wp-content\\\/uploads\\\/2026\\\/02\\\/20260222_084008.jpg\",\"datePublished\":\"2026-02-22T07:50:24+00:00\",\"author\":{\"@id\":\"https:\\\/\\\/lesvolcansnews.net\\\/#\\\/schema\\\/person\\\/82c8bed2e77879ecf6cca63441f57354\"},\"breadcrumb\":{\"@id\":\"https:\\\/\\\/lesvolcansnews.net\\\/?p=72848#breadcrumb\"},\"inLanguage\":\"fr-FR\",\"potentialAction\":[{\"@type\":\"ReadAction\",\"target\":[\"https:\\\/\\\/lesvolcansnews.net\\\/?p=72848\"]}]},{\"@type\":\"ImageObject\",\"inLanguage\":\"fr-FR\",\"@id\":\"https:\\\/\\\/lesvolcansnews.net\\\/?p=72848#primaryimage\",\"url\":\"https:\\\/\\\/lesvolcansnews.net\\\/wp-content\\\/uploads\\\/2026\\\/02\\\/20260222_084008.jpg\",\"contentUrl\":\"https:\\\/\\\/lesvolcansnews.net\\\/wp-content\\\/uploads\\\/2026\\\/02\\\/20260222_084008.jpg\",\"width\":1080,\"height\":805},{\"@type\":\"BreadcrumbList\",\"@id\":\"https:\\\/\\\/lesvolcansnews.net\\\/?p=72848#breadcrumb\",\"itemListElement\":[{\"@type\":\"ListItem\",\"position\":1,\"name\":\"Accueil\",\"item\":\"https:\\\/\\\/lesvolcansnews.net\\\/\"},{\"@type\":\"ListItem\",\"position\":2,\"name\":\"Sud-kivu : dimanche agit\u00e9 \u00e0 Kavumu pr\u00e8s de Bukavu\"}]},{\"@type\":\"WebSite\",\"@id\":\"https:\\\/\\\/lesvolcansnews.net\\\/#website\",\"url\":\"https:\\\/\\\/lesvolcansnews.net\\\/\",\"name\":\"LES VOLCANS NEWS\",\"description\":\"L&#039;INFORMATION C&#039;EST NOUS\",\"potentialAction\":[{\"@type\":\"SearchAction\",\"target\":{\"@type\":\"EntryPoint\",\"urlTemplate\":\"https:\\\/\\\/lesvolcansnews.net\\\/?s={search_term_string}\"},\"query-input\":{\"@type\":\"PropertyValueSpecification\",\"valueRequired\":true,\"valueName\":\"search_term_string\"}}],\"inLanguage\":\"fr-FR\"},{\"@type\":\"Person\",\"@id\":\"https:\\\/\\\/lesvolcansnews.net\\\/#\\\/schema\\\/person\\\/82c8bed2e77879ecf6cca63441f57354\",\"name\":\"R\u00e9daction - Les Volcans News\",\"image\":{\"@type\":\"ImageObject\",\"inLanguage\":\"fr-FR\",\"@id\":\"https:\\\/\\\/secure.gravatar.com\\\/avatar\\\/8408942dd851e8a9c09f3d382a661bc05d2b3cd9002139bc1795b9528cdc6c80?s=96&d=mm&r=g\",\"url\":\"https:\\\/\\\/secure.gravatar.com\\\/avatar\\\/8408942dd851e8a9c09f3d382a661bc05d2b3cd9002139bc1795b9528cdc6c80?s=96&d=mm&r=g\",\"contentUrl\":\"https:\\\/\\\/secure.gravatar.com\\\/avatar\\\/8408942dd851e8a9c09f3d382a661bc05d2b3cd9002139bc1795b9528cdc6c80?s=96&d=mm&r=g\",\"caption\":\"R\u00e9daction - Les Volcans News\"},\"url\":\"https:\\\/\\\/lesvolcansnews.net\\\/?author=14\"}]}<\/script>\n<!-- \/ Yoast SEO plugin. -->","yoast_head_json":{"title":"Sud-kivu : dimanche agit\u00e9 \u00e0 Kavumu pr\u00e8s de Bukavu - LES VOLCANS NEWS","robots":{"index":"index","follow":"follow","max-snippet":"max-snippet:-1","max-image-preview":"max-image-preview:large","max-video-preview":"max-video-preview:-1"},"canonical":"https:\/\/lesvolcansnews.net\/?p=72848","og_locale":"fr_FR","og_type":"article","og_title":"Sud-kivu : dimanche agit\u00e9 \u00e0 Kavumu pr\u00e8s de Bukavu - LES VOLCANS NEWS","og_description":"&nbsp; Un calme pr\u00e9caire observ\u00e9 depuis le samedi 21 f\u00e9vrier 2026 dans la province du Sud-Kivu a \u00e9t\u00e9 brusquement rompu dans la nuit et \u00e0 l\u2019aube de dimanche par des","og_url":"https:\/\/lesvolcansnews.net\/?p=72848","og_site_name":"LES VOLCANS NEWS","article_published_time":"2026-02-22T07:50:24+00:00","og_image":[{"width":1080,"height":805,"url":"https:\/\/lesvolcansnews.net\/wp-content\/uploads\/2026\/02\/20260222_084008.jpg","type":"image\/jpeg"}],"author":"R\u00e9daction - Les Volcans News","twitter_card":"summary_large_image","twitter_misc":{"\u00c9crit par":"R\u00e9daction - Les Volcans News","Dur\u00e9e de lecture estim\u00e9e":"2 minutes"},"schema":{"@context":"https:\/\/schema.org","@graph":[{"@type":"Article","@id":"https:\/\/lesvolcansnews.net\/?p=72848#article","isPartOf":{"@id":"https:\/\/lesvolcansnews.net\/?p=72848"},"author":{"name":"R\u00e9daction - Les Volcans News","@id":"https:\/\/lesvolcansnews.net\/#\/schema\/person\/82c8bed2e77879ecf6cca63441f57354"},"headline":"Sud-kivu : dimanche agit\u00e9 \u00e0 Kavumu pr\u00e8s de Bukavu","datePublished":"2026-02-22T07:50:24+00:00","mainEntityOfPage":{"@id":"https:\/\/lesvolcansnews.net\/?p=72848"},"wordCount":324,"commentCount":0,"image":{"@id":"https:\/\/lesvolcansnews.net\/?p=72848#primaryimage"},"thumbnailUrl":"https:\/\/lesvolcansnews.net\/wp-content\/uploads\/2026\/02\/20260222_084008.jpg","articleSection":["ACTUALIT\u00c9"],"inLanguage":"fr-FR","potentialAction":[{"@type":"CommentAction","name":"Comment","target":["https:\/\/lesvolcansnews.net\/?p=72848#respond"]}]},{"@type":"WebPage","@id":"https:\/\/lesvolcansnews.net\/?p=72848","url":"https:\/\/lesvolcansnews.net\/?p=72848","name":"Sud-kivu : dimanche agit\u00e9 \u00e0 Kavumu pr\u00e8s de Bukavu - LES VOLCANS NEWS","isPartOf":{"@id":"https:\/\/lesvolcansnews.net\/#website"},"primaryImageOfPage":{"@id":"https:\/\/lesvolcansnews.net\/?p=72848#primaryimage"},"image":{"@id":"https:\/\/lesvolcansnews.net\/?p=72848#primaryimage"},"thumbnailUrl":"https:\/\/lesvolcansnews.net\/wp-content\/uploads\/2026\/02\/20260222_084008.jpg","datePublished":"2026-02-22T07:50:24+00:00","author":{"@id":"https:\/\/lesvolcansnews.net\/#\/schema\/person\/82c8bed2e77879ecf6cca63441f57354"},"breadcrumb":{"@id":"https:\/\/lesvolcansnews.net\/?p=72848#breadcrumb"},"inLanguage":"fr-FR","potentialAction":[{"@type":"ReadAction","target":["https:\/\/lesvolcansnews.net\/?p=72848"]}]},{"@type":"ImageObject","inLanguage":"fr-FR","@id":"https:\/\/lesvolcansnews.net\/?p=72848#primaryimage","url":"https:\/\/lesvolcansnews.net\/wp-content\/uploads\/2026\/02\/20260222_084008.jpg","contentUrl":"https:\/\/lesvolcansnews.net\/wp-content\/uploads\/2026\/02\/20260222_084008.jpg","width":1080,"height":805},{"@type":"BreadcrumbList","@id":"https:\/\/lesvolcansnews.net\/?p=72848#breadcrumb","itemListElement":[{"@type":"ListItem","position":1,"name":"Accueil","item":"https:\/\/lesvolcansnews.net\/"},{"@type":"ListItem","position":2,"name":"Sud-kivu : dimanche agit\u00e9 \u00e0 Kavumu pr\u00e8s de Bukavu"}]},{"@type":"WebSite","@id":"https:\/\/lesvolcansnews.net\/#website","url":"https:\/\/lesvolcansnews.net\/","name":"LES VOLCANS NEWS","description":"L&#039;INFORMATION C&#039;EST NOUS","potentialAction":[{"@type":"SearchAction","target":{"@type":"EntryPoint","urlTemplate":"https:\/\/lesvolcansnews.net\/?s={search_term_string}"},"query-input":{"@type":"PropertyValueSpecification","valueRequired":true,"valueName":"search_term_string"}}],"inLanguage":"fr-FR"},{"@type":"Person","@id":"https:\/\/lesvolcansnews.net\/#\/schema\/person\/82c8bed2e77879ecf6cca63441f57354","name":"R\u00e9daction - Les Volcans News","image":{"@type":"ImageObject","inLanguage":"fr-FR","@id":"https:\/\/secure.gravatar.com\/avatar\/8408942dd851e8a9c09f3d382a661bc05d2b3cd9002139bc1795b9528cdc6c80?s=96&d=mm&r=g","url":"https:\/\/secure.gravatar.com\/avatar\/8408942dd851e8a9c09f3d382a661bc05d2b3cd9002139bc1795b9528cdc6c80?s=96&d=mm&r=g","contentUrl":"https:\/\/secure.gravatar.com\/avatar\/8408942dd851e8a9c09f3d382a661bc05d2b3cd9002139bc1795b9528cdc6c80?s=96&d=mm&r=g","caption":"R\u00e9daction - Les Volcans News"},"url":"https:\/\/lesvolcansnews.net\/?author=14"}]}},"_links":{"self":[{"href":"https:\/\/lesvolcansnews.net\/index.php?rest_route=\/wp\/v2\/posts\/72848","targetHints":{"allow":["GET"]}}],"collection":[{"href":"https:\/\/lesvolcansnews.net\/index.php?rest_route=\/wp\/v2\/posts"}],"about":[{"href":"https:\/\/lesvolcansnews.net\/index.php?rest_route=\/wp\/v2\/types\/post"}],"author":[{"embeddable":true,"href":"https:\/\/lesvolcansnews.net\/index.php?rest_route=\/wp\/v2\/users\/14"}],"replies":[{"embeddable":true,"href":"https:\/\/lesvolcansnews.net\/index.php?rest_route=%2Fwp%2Fv2%2Fcomments&post=72848"}],"version-history":[{"count":1,"href":"https:\/\/lesvolcansnews.net\/index.php?rest_route=\/wp\/v2\/posts\/72848\/revisions"}],"predecessor-version":[{"id":72850,"href":"https:\/\/lesvolcansnews.net\/index.php?rest_route=\/wp\/v2\/posts\/72848\/revisions\/72850"}],"wp:featuredmedia":[{"embeddable":true,"href":"https:\/\/lesvolcansnews.net\/index.php?rest_route=\/wp\/v2\/media\/72849"}],"wp:attachment":[{"href":"https:\/\/lesvolcansnews.net\/index.php?rest_route=%2Fwp%2Fv2%2Fmedia&parent=72848"}],"wp:term":[{"taxonomy":"category","embeddable":true,"href":"https:\/\/lesvolcansnews.net\/index.php?rest_route=%2Fwp%2Fv2%2Fcategories&post=72848"},{"taxonomy":"post_tag","embeddable":true,"href":"https:\/\/lesvolcansnews.net\/index.php?rest_route=%2Fwp%2Fv2%2Ftags&post=72848"}],"curies":[{"name":"wp","href":"https:\/\/api.w.org\/{rel}","templated":true}]}}