{"id":72840,"date":"2026-02-21T22:24:21","date_gmt":"2026-02-21T20:24:21","guid":{"rendered":"https:\/\/lesvolcansnews.net\/?p=72840"},"modified":"2026-02-21T22:24:21","modified_gmt":"2026-02-21T20:24:21","slug":"sud-kivu-la-protection-des-enfants-handicapes-face-au-defi-des-violences-sexuelles","status":"publish","type":"post","link":"https:\/\/lesvolcansnews.net\/?p=72840","title":{"rendered":"Sud-Kivu : la protection des enfants handicap\u00e9s face au d\u00e9fi des violences sexuelles"},"content":{"rendered":"<p>&nbsp;<\/p>\n<p><strong>\u00c0 Baraka, la question de la protection des mineures en situation de handicap s\u2019impose avec gravit\u00e9 dans le d\u00e9bat public. Plusieurs cas pr\u00e9sum\u00e9s de violences sexuelles visant des filles de moins de 18 ans ont r\u00e9cemment raviv\u00e9 les inqui\u00e9tudes des organisations citoyennes et des acteurs de la soci\u00e9t\u00e9 civile.<\/strong><\/p>\n<p>Le Mouvement Citoyen Machozi ya Raia (MCMR) a, dans un communiqu\u00e9 publi\u00e9 le 21 f\u00e9vrier 2026, d\u00e9nonc\u00e9 une situation qu\u2019il qualifie d\u2019alarmante. L\u2019organisation \u00e9voque des atteintes graves aux droits fondamentaux de l\u2019enfant, rappelant que la R\u00e9publique d\u00e9mocratique du Congo est partie \u00e0 la Convention relative aux droits de l\u2019enfant, qui impose aux \u00c9tats l\u2019obligation de prot\u00e9ger tous les enfants sans discrimination.<\/p>\n<h3>Une vuln\u00e9rabilit\u00e9 renforc\u00e9e<\/h3>\n<p>Les filles vivant avec un handicap se retrouvent \u00e0 l\u2019intersection de plusieurs facteurs de fragilit\u00e9 : leur minorit\u00e9, leur condition physique ou mentale et, dans certains cas, un environnement marqu\u00e9 par l\u2019ins\u00e9curit\u00e9 et la pr\u00e9carit\u00e9 sociale.<\/p>\n<p>Des acteurs communautaires soulignent que ces enfants sont souvent moins en mesure de se d\u00e9fendre, de d\u00e9noncer les faits ou m\u00eame d\u2019\u00eatre entendues. La peur de la stigmatisation et la pression sociale contribuent \u00e9galement au silence des familles.<\/p>\n<h3>Entre justice et pr\u00e9vention<\/h3>\n<p>Au-del\u00e0 de l\u2019indignation, la question centrale demeure celle de la r\u00e9ponse institutionnelle. Les appels se multiplient pour :<\/p>\n<p>\u2022 Des enqu\u00eates impartiales et rapides ;<br \/>\n\u2022 Une prise en charge holistique des survivantes ;<br \/>\n\u2022 Le renforcement des m\u00e9canismes communautaires de protection ;<br \/>\n\u2022 Des campagnes de sensibilisation ciblant la lutte contre les violences bas\u00e9es sur le genre.<\/p>\n<p>Pour les observateurs, la probl\u00e9matique d\u00e9passe le cadre de faits isol\u00e9s. Elle interroge la capacit\u00e9 des institutions locales \u00e0 garantir la s\u00e9curit\u00e9 des plus vuln\u00e9rables et \u00e0 instaurer un climat de confiance propice \u00e0 la d\u00e9nonciiation.<\/p>\n<p>La protection des enfants, en particulier ceux vivant avec un handicap, reste un indicateur cl\u00e9 de la solidit\u00e9 du tissu social et de l\u2019effectivit\u00e9 de l\u2019\u00c9tat de droit. \u00c0 Baraka, comme ailleurs, la mobilisation collective pourrait d\u00e9terminer la suite donn\u00e9e \u00e0 ces alertes.<\/p>\n<p><em>Yseult Lwango<\/em><\/p>\n","protected":false},"excerpt":{"rendered":"<p>&nbsp; \u00c0 Baraka, la question de la protection des mineures en situation de handicap s\u2019impose avec gravit\u00e9 dans le d\u00e9bat public. Plusieurs cas pr\u00e9sum\u00e9s de violences sexuelles visant des filles<\/p>\n","protected":false},"author":14,"featured_media":72841,"comment_status":"open","ping_status":"open","sticky":false,"template":"","format":"standard","meta":{"footnotes":""},"categories":[9],"tags":[],"class_list":["post-72840","post","type-post","status-publish","format-standard","has-post-thumbnail","hentry","category-societe"],"yoast_head":"<!-- This site is optimized with the Yoast SEO plugin v27.3 - https:\/\/yoast.com\/product\/yoast-seo-wordpress\/ -->\n<title>Sud-Kivu : la protection des enfants handicap\u00e9s face au d\u00e9fi des violences sexuelles - LES VOLCANS NEWS<\/title>\n<meta name=\"robots\" content=\"index, follow, max-snippet:-1, max-image-preview:large, max-video-preview:-1\" \/>\n<link rel=\"canonical\" href=\"https:\/\/lesvolcansnews.net\/?p=72840\" \/>\n<meta property=\"og:locale\" content=\"fr_FR\" \/>\n<meta property=\"og:type\" content=\"article\" \/>\n<meta property=\"og:title\" content=\"Sud-Kivu : la protection des enfants handicap\u00e9s face au d\u00e9fi des violences sexuelles - LES VOLCANS NEWS\" \/>\n<meta property=\"og:description\" content=\"&nbsp; \u00c0 Baraka, la question de la protection des mineures en situation de handicap s\u2019impose avec gravit\u00e9 dans le d\u00e9bat public. Plusieurs cas pr\u00e9sum\u00e9s de violences sexuelles visant des filles\" \/>\n<meta property=\"og:url\" content=\"https:\/\/lesvolcansnews.net\/?p=72840\" \/>\n<meta property=\"og:site_name\" content=\"LES VOLCANS NEWS\" \/>\n<meta property=\"article:published_time\" content=\"2026-02-21T20:24:21+00:00\" \/>\n<meta property=\"og:image\" content=\"https:\/\/lesvolcansnews.net\/wp-content\/uploads\/2026\/02\/Picsart_26-02-21_21-22-47-218.png\" \/>\n\t<meta property=\"og:image:width\" content=\"1369\" \/>\n\t<meta property=\"og:image:height\" content=\"1080\" \/>\n\t<meta property=\"og:image:type\" content=\"image\/png\" \/>\n<meta name=\"author\" content=\"R\u00e9daction - Les Volcans News\" \/>\n<meta name=\"twitter:card\" content=\"summary_large_image\" \/>\n<meta name=\"twitter:label1\" content=\"\u00c9crit par\" \/>\n\t<meta name=\"twitter:data1\" content=\"R\u00e9daction - Les Volcans News\" \/>\n\t<meta name=\"twitter:label2\" content=\"Dur\u00e9e de lecture estim\u00e9e\" \/>\n\t<meta name=\"twitter:data2\" content=\"2 minutes\" \/>\n<script type=\"application\/ld+json\" class=\"yoast-schema-graph\">{\"@context\":\"https:\\\/\\\/schema.org\",\"@graph\":[{\"@type\":\"Article\",\"@id\":\"https:\\\/\\\/lesvolcansnews.net\\\/?p=72840#article\",\"isPartOf\":{\"@id\":\"https:\\\/\\\/lesvolcansnews.net\\\/?p=72840\"},\"author\":{\"name\":\"R\u00e9daction - Les Volcans News\",\"@id\":\"https:\\\/\\\/lesvolcansnews.net\\\/#\\\/schema\\\/person\\\/82c8bed2e77879ecf6cca63441f57354\"},\"headline\":\"Sud-Kivu : la protection des enfants handicap\u00e9s face au d\u00e9fi des violences sexuelles\",\"datePublished\":\"2026-02-21T20:24:21+00:00\",\"mainEntityOfPage\":{\"@id\":\"https:\\\/\\\/lesvolcansnews.net\\\/?p=72840\"},\"wordCount\":369,\"commentCount\":0,\"image\":{\"@id\":\"https:\\\/\\\/lesvolcansnews.net\\\/?p=72840#primaryimage\"},\"thumbnailUrl\":\"https:\\\/\\\/lesvolcansnews.net\\\/wp-content\\\/uploads\\\/2026\\\/02\\\/Picsart_26-02-21_21-22-47-218.png\",\"articleSection\":[\"SOCIET\u00c9\"],\"inLanguage\":\"fr-FR\",\"potentialAction\":[{\"@type\":\"CommentAction\",\"name\":\"Comment\",\"target\":[\"https:\\\/\\\/lesvolcansnews.net\\\/?p=72840#respond\"]}]},{\"@type\":\"WebPage\",\"@id\":\"https:\\\/\\\/lesvolcansnews.net\\\/?p=72840\",\"url\":\"https:\\\/\\\/lesvolcansnews.net\\\/?p=72840\",\"name\":\"Sud-Kivu : la protection des enfants handicap\u00e9s face au d\u00e9fi des violences sexuelles - LES VOLCANS NEWS\",\"isPartOf\":{\"@id\":\"https:\\\/\\\/lesvolcansnews.net\\\/#website\"},\"primaryImageOfPage\":{\"@id\":\"https:\\\/\\\/lesvolcansnews.net\\\/?p=72840#primaryimage\"},\"image\":{\"@id\":\"https:\\\/\\\/lesvolcansnews.net\\\/?p=72840#primaryimage\"},\"thumbnailUrl\":\"https:\\\/\\\/lesvolcansnews.net\\\/wp-content\\\/uploads\\\/2026\\\/02\\\/Picsart_26-02-21_21-22-47-218.png\",\"datePublished\":\"2026-02-21T20:24:21+00:00\",\"author\":{\"@id\":\"https:\\\/\\\/lesvolcansnews.net\\\/#\\\/schema\\\/person\\\/82c8bed2e77879ecf6cca63441f57354\"},\"breadcrumb\":{\"@id\":\"https:\\\/\\\/lesvolcansnews.net\\\/?p=72840#breadcrumb\"},\"inLanguage\":\"fr-FR\",\"potentialAction\":[{\"@type\":\"ReadAction\",\"target\":[\"https:\\\/\\\/lesvolcansnews.net\\\/?p=72840\"]}]},{\"@type\":\"ImageObject\",\"inLanguage\":\"fr-FR\",\"@id\":\"https:\\\/\\\/lesvolcansnews.net\\\/?p=72840#primaryimage\",\"url\":\"https:\\\/\\\/lesvolcansnews.net\\\/wp-content\\\/uploads\\\/2026\\\/02\\\/Picsart_26-02-21_21-22-47-218.png\",\"contentUrl\":\"https:\\\/\\\/lesvolcansnews.net\\\/wp-content\\\/uploads\\\/2026\\\/02\\\/Picsart_26-02-21_21-22-47-218.png\",\"width\":1369,\"height\":1080},{\"@type\":\"BreadcrumbList\",\"@id\":\"https:\\\/\\\/lesvolcansnews.net\\\/?p=72840#breadcrumb\",\"itemListElement\":[{\"@type\":\"ListItem\",\"position\":1,\"name\":\"Accueil\",\"item\":\"https:\\\/\\\/lesvolcansnews.net\\\/\"},{\"@type\":\"ListItem\",\"position\":2,\"name\":\"Sud-Kivu : la protection des enfants handicap\u00e9s face au d\u00e9fi des violences sexuelles\"}]},{\"@type\":\"WebSite\",\"@id\":\"https:\\\/\\\/lesvolcansnews.net\\\/#website\",\"url\":\"https:\\\/\\\/lesvolcansnews.net\\\/\",\"name\":\"LES VOLCANS NEWS\",\"description\":\"L&#039;INFORMATION C&#039;EST NOUS\",\"potentialAction\":[{\"@type\":\"SearchAction\",\"target\":{\"@type\":\"EntryPoint\",\"urlTemplate\":\"https:\\\/\\\/lesvolcansnews.net\\\/?s={search_term_string}\"},\"query-input\":{\"@type\":\"PropertyValueSpecification\",\"valueRequired\":true,\"valueName\":\"search_term_string\"}}],\"inLanguage\":\"fr-FR\"},{\"@type\":\"Person\",\"@id\":\"https:\\\/\\\/lesvolcansnews.net\\\/#\\\/schema\\\/person\\\/82c8bed2e77879ecf6cca63441f57354\",\"name\":\"R\u00e9daction - Les Volcans News\",\"image\":{\"@type\":\"ImageObject\",\"inLanguage\":\"fr-FR\",\"@id\":\"https:\\\/\\\/secure.gravatar.com\\\/avatar\\\/8408942dd851e8a9c09f3d382a661bc05d2b3cd9002139bc1795b9528cdc6c80?s=96&d=mm&r=g\",\"url\":\"https:\\\/\\\/secure.gravatar.com\\\/avatar\\\/8408942dd851e8a9c09f3d382a661bc05d2b3cd9002139bc1795b9528cdc6c80?s=96&d=mm&r=g\",\"contentUrl\":\"https:\\\/\\\/secure.gravatar.com\\\/avatar\\\/8408942dd851e8a9c09f3d382a661bc05d2b3cd9002139bc1795b9528cdc6c80?s=96&d=mm&r=g\",\"caption\":\"R\u00e9daction - Les Volcans News\"},\"url\":\"https:\\\/\\\/lesvolcansnews.net\\\/?author=14\"}]}<\/script>\n<!-- \/ Yoast SEO plugin. -->","yoast_head_json":{"title":"Sud-Kivu : la protection des enfants handicap\u00e9s face au d\u00e9fi des violences sexuelles - LES VOLCANS NEWS","robots":{"index":"index","follow":"follow","max-snippet":"max-snippet:-1","max-image-preview":"max-image-preview:large","max-video-preview":"max-video-preview:-1"},"canonical":"https:\/\/lesvolcansnews.net\/?p=72840","og_locale":"fr_FR","og_type":"article","og_title":"Sud-Kivu : la protection des enfants handicap\u00e9s face au d\u00e9fi des violences sexuelles - LES VOLCANS NEWS","og_description":"&nbsp; \u00c0 Baraka, la question de la protection des mineures en situation de handicap s\u2019impose avec gravit\u00e9 dans le d\u00e9bat public. Plusieurs cas pr\u00e9sum\u00e9s de violences sexuelles visant des filles","og_url":"https:\/\/lesvolcansnews.net\/?p=72840","og_site_name":"LES VOLCANS NEWS","article_published_time":"2026-02-21T20:24:21+00:00","og_image":[{"width":1369,"height":1080,"url":"https:\/\/lesvolcansnews.net\/wp-content\/uploads\/2026\/02\/Picsart_26-02-21_21-22-47-218.png","type":"image\/png"}],"author":"R\u00e9daction - Les Volcans News","twitter_card":"summary_large_image","twitter_misc":{"\u00c9crit par":"R\u00e9daction - Les Volcans News","Dur\u00e9e de lecture estim\u00e9e":"2 minutes"},"schema":{"@context":"https:\/\/schema.org","@graph":[{"@type":"Article","@id":"https:\/\/lesvolcansnews.net\/?p=72840#article","isPartOf":{"@id":"https:\/\/lesvolcansnews.net\/?p=72840"},"author":{"name":"R\u00e9daction - Les Volcans News","@id":"https:\/\/lesvolcansnews.net\/#\/schema\/person\/82c8bed2e77879ecf6cca63441f57354"},"headline":"Sud-Kivu : la protection des enfants handicap\u00e9s face au d\u00e9fi des violences sexuelles","datePublished":"2026-02-21T20:24:21+00:00","mainEntityOfPage":{"@id":"https:\/\/lesvolcansnews.net\/?p=72840"},"wordCount":369,"commentCount":0,"image":{"@id":"https:\/\/lesvolcansnews.net\/?p=72840#primaryimage"},"thumbnailUrl":"https:\/\/lesvolcansnews.net\/wp-content\/uploads\/2026\/02\/Picsart_26-02-21_21-22-47-218.png","articleSection":["SOCIET\u00c9"],"inLanguage":"fr-FR","potentialAction":[{"@type":"CommentAction","name":"Comment","target":["https:\/\/lesvolcansnews.net\/?p=72840#respond"]}]},{"@type":"WebPage","@id":"https:\/\/lesvolcansnews.net\/?p=72840","url":"https:\/\/lesvolcansnews.net\/?p=72840","name":"Sud-Kivu : la protection des enfants handicap\u00e9s face au d\u00e9fi des violences sexuelles - LES VOLCANS NEWS","isPartOf":{"@id":"https:\/\/lesvolcansnews.net\/#website"},"primaryImageOfPage":{"@id":"https:\/\/lesvolcansnews.net\/?p=72840#primaryimage"},"image":{"@id":"https:\/\/lesvolcansnews.net\/?p=72840#primaryimage"},"thumbnailUrl":"https:\/\/lesvolcansnews.net\/wp-content\/uploads\/2026\/02\/Picsart_26-02-21_21-22-47-218.png","datePublished":"2026-02-21T20:24:21+00:00","author":{"@id":"https:\/\/lesvolcansnews.net\/#\/schema\/person\/82c8bed2e77879ecf6cca63441f57354"},"breadcrumb":{"@id":"https:\/\/lesvolcansnews.net\/?p=72840#breadcrumb"},"inLanguage":"fr-FR","potentialAction":[{"@type":"ReadAction","target":["https:\/\/lesvolcansnews.net\/?p=72840"]}]},{"@type":"ImageObject","inLanguage":"fr-FR","@id":"https:\/\/lesvolcansnews.net\/?p=72840#primaryimage","url":"https:\/\/lesvolcansnews.net\/wp-content\/uploads\/2026\/02\/Picsart_26-02-21_21-22-47-218.png","contentUrl":"https:\/\/lesvolcansnews.net\/wp-content\/uploads\/2026\/02\/Picsart_26-02-21_21-22-47-218.png","width":1369,"height":1080},{"@type":"BreadcrumbList","@id":"https:\/\/lesvolcansnews.net\/?p=72840#breadcrumb","itemListElement":[{"@type":"ListItem","position":1,"name":"Accueil","item":"https:\/\/lesvolcansnews.net\/"},{"@type":"ListItem","position":2,"name":"Sud-Kivu : la protection des enfants handicap\u00e9s face au d\u00e9fi des violences sexuelles"}]},{"@type":"WebSite","@id":"https:\/\/lesvolcansnews.net\/#website","url":"https:\/\/lesvolcansnews.net\/","name":"LES VOLCANS NEWS","description":"L&#039;INFORMATION C&#039;EST NOUS","potentialAction":[{"@type":"SearchAction","target":{"@type":"EntryPoint","urlTemplate":"https:\/\/lesvolcansnews.net\/?s={search_term_string}"},"query-input":{"@type":"PropertyValueSpecification","valueRequired":true,"valueName":"search_term_string"}}],"inLanguage":"fr-FR"},{"@type":"Person","@id":"https:\/\/lesvolcansnews.net\/#\/schema\/person\/82c8bed2e77879ecf6cca63441f57354","name":"R\u00e9daction - Les Volcans News","image":{"@type":"ImageObject","inLanguage":"fr-FR","@id":"https:\/\/secure.gravatar.com\/avatar\/8408942dd851e8a9c09f3d382a661bc05d2b3cd9002139bc1795b9528cdc6c80?s=96&d=mm&r=g","url":"https:\/\/secure.gravatar.com\/avatar\/8408942dd851e8a9c09f3d382a661bc05d2b3cd9002139bc1795b9528cdc6c80?s=96&d=mm&r=g","contentUrl":"https:\/\/secure.gravatar.com\/avatar\/8408942dd851e8a9c09f3d382a661bc05d2b3cd9002139bc1795b9528cdc6c80?s=96&d=mm&r=g","caption":"R\u00e9daction - Les Volcans News"},"url":"https:\/\/lesvolcansnews.net\/?author=14"}]}},"_links":{"self":[{"href":"https:\/\/lesvolcansnews.net\/index.php?rest_route=\/wp\/v2\/posts\/72840","targetHints":{"allow":["GET"]}}],"collection":[{"href":"https:\/\/lesvolcansnews.net\/index.php?rest_route=\/wp\/v2\/posts"}],"about":[{"href":"https:\/\/lesvolcansnews.net\/index.php?rest_route=\/wp\/v2\/types\/post"}],"author":[{"embeddable":true,"href":"https:\/\/lesvolcansnews.net\/index.php?rest_route=\/wp\/v2\/users\/14"}],"replies":[{"embeddable":true,"href":"https:\/\/lesvolcansnews.net\/index.php?rest_route=%2Fwp%2Fv2%2Fcomments&post=72840"}],"version-history":[{"count":1,"href":"https:\/\/lesvolcansnews.net\/index.php?rest_route=\/wp\/v2\/posts\/72840\/revisions"}],"predecessor-version":[{"id":72842,"href":"https:\/\/lesvolcansnews.net\/index.php?rest_route=\/wp\/v2\/posts\/72840\/revisions\/72842"}],"wp:featuredmedia":[{"embeddable":true,"href":"https:\/\/lesvolcansnews.net\/index.php?rest_route=\/wp\/v2\/media\/72841"}],"wp:attachment":[{"href":"https:\/\/lesvolcansnews.net\/index.php?rest_route=%2Fwp%2Fv2%2Fmedia&parent=72840"}],"wp:term":[{"taxonomy":"category","embeddable":true,"href":"https:\/\/lesvolcansnews.net\/index.php?rest_route=%2Fwp%2Fv2%2Fcategories&post=72840"},{"taxonomy":"post_tag","embeddable":true,"href":"https:\/\/lesvolcansnews.net\/index.php?rest_route=%2Fwp%2Fv2%2Ftags&post=72840"}],"curies":[{"name":"wp","href":"https:\/\/api.w.org\/{rel}","templated":true}]}}