{"id":72827,"date":"2026-02-21T12:10:54","date_gmt":"2026-02-21T10:10:54","guid":{"rendered":"https:\/\/lesvolcansnews.net\/?p=72827"},"modified":"2026-02-21T12:10:54","modified_gmt":"2026-02-21T10:10:54","slug":"rdc-mercenaires-francais-presumes-au-sein-des-fardc-larmee-apporte-une-mise-au-point-officielle","status":"publish","type":"post","link":"https:\/\/lesvolcansnews.net\/?p=72827","title":{"rendered":"RDC : mercenaires fran\u00e7ais pr\u00e9sum\u00e9s au sein des FARDC, l\u2019arm\u00e9e apporte une mise au point officielle"},"content":{"rendered":"<p>&nbsp;<\/p>\n<p>&nbsp;<\/p>\n<p><strong>Les Forces arm\u00e9es de la R\u00e9publique d\u00e9mocratique du Congo (FARDC) ont d\u00e9menti vendredi les all\u00e9gations de recrutement de mercenaires fran\u00e7ais relay\u00e9es sur les r\u00e9seaux sociaux, affirmant qu\u2019il s\u2019agit d\u2019instructeurs officiellement d\u00e9ploy\u00e9s dans le cadre de la coop\u00e9ration militaire entre la R\u00e9publique d\u00e9mocratique du Congo et la France<\/strong>.<\/p>\n<p>&nbsp;<\/p>\n<p>Dans un communiqu\u00e9 sign\u00e9 par le porte-parole a.i. et consult\u00e9 samedi par lesvolcansnews.net, l\u2019arm\u00e9e congolaise rejette \u00ab les all\u00e9gations mensong\u00e8res sur le pr\u00e9tendu recrutement des mercenaires fran\u00e7ais largement propag\u00e9es par la presse de l\u2019occupation \u00bb.<\/p>\n<p>&nbsp;<\/p>\n<p>\u00ab La R\u00e9publique d\u00e9mocratique du Congo entretient, depuis son accession \u00e0 l\u2019ind\u00e9pendance, de tr\u00e8s bonnes relations avec la France dans le domaine de la formation militaire \u00bb, indique le communiqu\u00e9 dat\u00e9 du 20 f\u00e9vrier 2026.<\/p>\n<p>&nbsp;<\/p>\n<p>Selon le texte, cette coop\u00e9ration concerne \u00ab singuli\u00e8rement la formation des unit\u00e9s de combat et des officiers en France, en R\u00e9publique d\u00e9mocratique du Congo et dans des \u00e9coles africaines \u00e0 vocation r\u00e9gionale \u00bb.<\/p>\n<p>&nbsp;<\/p>\n<p>Les FARDC pr\u00e9cisent que les militaires fran\u00e7ais visibles sur des images circulant sur les r\u00e9seaux sociaux \u00ab sont des instructeurs fran\u00e7ais du d\u00e9tachement d\u2019instruction op\u00e9rationnelle, d\u00e9ploy\u00e9s officiellement \u00e0 Kisangani, chef-lieu de la province de la Tshopo, pour recycler les unit\u00e9s des FARDC \u00bb.<\/p>\n<p>&nbsp;<\/p>\n<p>Le communiqu\u00e9, sign\u00e9 par le lieutenant-colonel Mongba Hazukay Mak, porte-parole a.i. des FARDC, insiste sur le caract\u00e8re officiel de cette pr\u00e9sence fran\u00e7aise et rappelle que la coop\u00e9ration militaire entre Kinshasa et Paris s\u2019inscrit dans la dur\u00e9e.<\/p>\n<p>&nbsp;<\/p>\n<p>Ces pr\u00e9cisions interviennent pendant que\u00a0 de forte circulation d\u2019informations sur les r\u00e9seaux sociaux concernant la situation s\u00e9curitaire dans l\u2019est de la R\u00e9publique d\u00e9mocratique du Congo, o\u00f9 les autorit\u00e9s d\u00e9noncent r\u00e9guli\u00e8rement des campagnes de d\u00e9sinformation visant les forces gouvernementales.<\/p>\n<p>&nbsp;<\/p>\n<p>La r\u00e9daction<\/p>\n","protected":false},"excerpt":{"rendered":"<p>&nbsp; &nbsp; Les Forces arm\u00e9es de la R\u00e9publique d\u00e9mocratique du Congo (FARDC) ont d\u00e9menti vendredi les all\u00e9gations de recrutement de mercenaires fran\u00e7ais relay\u00e9es sur les r\u00e9seaux sociaux, affirmant qu\u2019il s\u2019agit<\/p>\n","protected":false},"author":14,"featured_media":72828,"comment_status":"open","ping_status":"open","sticky":false,"template":"","format":"standard","meta":{"footnotes":""},"categories":[1],"tags":[],"class_list":["post-72827","post","type-post","status-publish","format-standard","has-post-thumbnail","hentry","category-actualite"],"yoast_head":"<!-- This site is optimized with the Yoast SEO plugin v27.3 - https:\/\/yoast.com\/product\/yoast-seo-wordpress\/ -->\n<title>RDC : mercenaires fran\u00e7ais pr\u00e9sum\u00e9s au sein des FARDC, l\u2019arm\u00e9e apporte une mise au point officielle - LES VOLCANS NEWS<\/title>\n<meta name=\"robots\" content=\"index, follow, max-snippet:-1, max-image-preview:large, max-video-preview:-1\" \/>\n<link rel=\"canonical\" href=\"https:\/\/lesvolcansnews.net\/?p=72827\" \/>\n<meta property=\"og:locale\" content=\"fr_FR\" \/>\n<meta property=\"og:type\" content=\"article\" \/>\n<meta property=\"og:title\" content=\"RDC : mercenaires fran\u00e7ais pr\u00e9sum\u00e9s au sein des FARDC, l\u2019arm\u00e9e apporte une mise au point officielle - LES VOLCANS NEWS\" \/>\n<meta property=\"og:description\" content=\"&nbsp; &nbsp; Les Forces arm\u00e9es de la R\u00e9publique d\u00e9mocratique du Congo (FARDC) ont d\u00e9menti vendredi les all\u00e9gations de recrutement de mercenaires fran\u00e7ais relay\u00e9es sur les r\u00e9seaux sociaux, affirmant qu\u2019il s\u2019agit\" \/>\n<meta property=\"og:url\" content=\"https:\/\/lesvolcansnews.net\/?p=72827\" \/>\n<meta property=\"og:site_name\" content=\"LES VOLCANS NEWS\" \/>\n<meta property=\"article:published_time\" content=\"2026-02-21T10:10:54+00:00\" \/>\n<meta property=\"og:image\" content=\"https:\/\/lesvolcansnews.net\/wp-content\/uploads\/2026\/02\/FB_IMG_1771668386411.jpg\" \/>\n\t<meta property=\"og:image:width\" content=\"1600\" \/>\n\t<meta property=\"og:image:height\" content=\"1069\" \/>\n\t<meta property=\"og:image:type\" content=\"image\/jpeg\" \/>\n<meta name=\"author\" content=\"R\u00e9daction - Les Volcans News\" \/>\n<meta name=\"twitter:card\" content=\"summary_large_image\" \/>\n<meta name=\"twitter:label1\" content=\"\u00c9crit par\" \/>\n\t<meta name=\"twitter:data1\" content=\"R\u00e9daction - Les Volcans News\" \/>\n\t<meta name=\"twitter:label2\" content=\"Dur\u00e9e de lecture estim\u00e9e\" \/>\n\t<meta name=\"twitter:data2\" content=\"2 minutes\" \/>\n<script type=\"application\/ld+json\" class=\"yoast-schema-graph\">{\"@context\":\"https:\\\/\\\/schema.org\",\"@graph\":[{\"@type\":\"Article\",\"@id\":\"https:\\\/\\\/lesvolcansnews.net\\\/?p=72827#article\",\"isPartOf\":{\"@id\":\"https:\\\/\\\/lesvolcansnews.net\\\/?p=72827\"},\"author\":{\"name\":\"R\u00e9daction - Les Volcans News\",\"@id\":\"https:\\\/\\\/lesvolcansnews.net\\\/#\\\/schema\\\/person\\\/82c8bed2e77879ecf6cca63441f57354\"},\"headline\":\"RDC : mercenaires fran\u00e7ais pr\u00e9sum\u00e9s au sein des FARDC, l\u2019arm\u00e9e apporte une mise au point officielle\",\"datePublished\":\"2026-02-21T10:10:54+00:00\",\"mainEntityOfPage\":{\"@id\":\"https:\\\/\\\/lesvolcansnews.net\\\/?p=72827\"},\"wordCount\":353,\"commentCount\":0,\"image\":{\"@id\":\"https:\\\/\\\/lesvolcansnews.net\\\/?p=72827#primaryimage\"},\"thumbnailUrl\":\"https:\\\/\\\/lesvolcansnews.net\\\/wp-content\\\/uploads\\\/2026\\\/02\\\/FB_IMG_1771668386411.jpg\",\"articleSection\":[\"ACTUALIT\u00c9\"],\"inLanguage\":\"fr-FR\",\"potentialAction\":[{\"@type\":\"CommentAction\",\"name\":\"Comment\",\"target\":[\"https:\\\/\\\/lesvolcansnews.net\\\/?p=72827#respond\"]}]},{\"@type\":\"WebPage\",\"@id\":\"https:\\\/\\\/lesvolcansnews.net\\\/?p=72827\",\"url\":\"https:\\\/\\\/lesvolcansnews.net\\\/?p=72827\",\"name\":\"RDC : mercenaires fran\u00e7ais pr\u00e9sum\u00e9s au sein des FARDC, l\u2019arm\u00e9e apporte une mise au point officielle - LES VOLCANS NEWS\",\"isPartOf\":{\"@id\":\"https:\\\/\\\/lesvolcansnews.net\\\/#website\"},\"primaryImageOfPage\":{\"@id\":\"https:\\\/\\\/lesvolcansnews.net\\\/?p=72827#primaryimage\"},\"image\":{\"@id\":\"https:\\\/\\\/lesvolcansnews.net\\\/?p=72827#primaryimage\"},\"thumbnailUrl\":\"https:\\\/\\\/lesvolcansnews.net\\\/wp-content\\\/uploads\\\/2026\\\/02\\\/FB_IMG_1771668386411.jpg\",\"datePublished\":\"2026-02-21T10:10:54+00:00\",\"author\":{\"@id\":\"https:\\\/\\\/lesvolcansnews.net\\\/#\\\/schema\\\/person\\\/82c8bed2e77879ecf6cca63441f57354\"},\"breadcrumb\":{\"@id\":\"https:\\\/\\\/lesvolcansnews.net\\\/?p=72827#breadcrumb\"},\"inLanguage\":\"fr-FR\",\"potentialAction\":[{\"@type\":\"ReadAction\",\"target\":[\"https:\\\/\\\/lesvolcansnews.net\\\/?p=72827\"]}]},{\"@type\":\"ImageObject\",\"inLanguage\":\"fr-FR\",\"@id\":\"https:\\\/\\\/lesvolcansnews.net\\\/?p=72827#primaryimage\",\"url\":\"https:\\\/\\\/lesvolcansnews.net\\\/wp-content\\\/uploads\\\/2026\\\/02\\\/FB_IMG_1771668386411.jpg\",\"contentUrl\":\"https:\\\/\\\/lesvolcansnews.net\\\/wp-content\\\/uploads\\\/2026\\\/02\\\/FB_IMG_1771668386411.jpg\",\"width\":1600,\"height\":1069},{\"@type\":\"BreadcrumbList\",\"@id\":\"https:\\\/\\\/lesvolcansnews.net\\\/?p=72827#breadcrumb\",\"itemListElement\":[{\"@type\":\"ListItem\",\"position\":1,\"name\":\"Accueil\",\"item\":\"https:\\\/\\\/lesvolcansnews.net\\\/\"},{\"@type\":\"ListItem\",\"position\":2,\"name\":\"RDC : mercenaires fran\u00e7ais pr\u00e9sum\u00e9s au sein des FARDC, l\u2019arm\u00e9e apporte une mise au point officielle\"}]},{\"@type\":\"WebSite\",\"@id\":\"https:\\\/\\\/lesvolcansnews.net\\\/#website\",\"url\":\"https:\\\/\\\/lesvolcansnews.net\\\/\",\"name\":\"LES VOLCANS NEWS\",\"description\":\"L&#039;INFORMATION C&#039;EST NOUS\",\"potentialAction\":[{\"@type\":\"SearchAction\",\"target\":{\"@type\":\"EntryPoint\",\"urlTemplate\":\"https:\\\/\\\/lesvolcansnews.net\\\/?s={search_term_string}\"},\"query-input\":{\"@type\":\"PropertyValueSpecification\",\"valueRequired\":true,\"valueName\":\"search_term_string\"}}],\"inLanguage\":\"fr-FR\"},{\"@type\":\"Person\",\"@id\":\"https:\\\/\\\/lesvolcansnews.net\\\/#\\\/schema\\\/person\\\/82c8bed2e77879ecf6cca63441f57354\",\"name\":\"R\u00e9daction - Les Volcans News\",\"image\":{\"@type\":\"ImageObject\",\"inLanguage\":\"fr-FR\",\"@id\":\"https:\\\/\\\/secure.gravatar.com\\\/avatar\\\/8408942dd851e8a9c09f3d382a661bc05d2b3cd9002139bc1795b9528cdc6c80?s=96&d=mm&r=g\",\"url\":\"https:\\\/\\\/secure.gravatar.com\\\/avatar\\\/8408942dd851e8a9c09f3d382a661bc05d2b3cd9002139bc1795b9528cdc6c80?s=96&d=mm&r=g\",\"contentUrl\":\"https:\\\/\\\/secure.gravatar.com\\\/avatar\\\/8408942dd851e8a9c09f3d382a661bc05d2b3cd9002139bc1795b9528cdc6c80?s=96&d=mm&r=g\",\"caption\":\"R\u00e9daction - Les Volcans News\"},\"url\":\"https:\\\/\\\/lesvolcansnews.net\\\/?author=14\"}]}<\/script>\n<!-- \/ Yoast SEO plugin. -->","yoast_head_json":{"title":"RDC : mercenaires fran\u00e7ais pr\u00e9sum\u00e9s au sein des FARDC, l\u2019arm\u00e9e apporte une mise au point officielle - LES VOLCANS NEWS","robots":{"index":"index","follow":"follow","max-snippet":"max-snippet:-1","max-image-preview":"max-image-preview:large","max-video-preview":"max-video-preview:-1"},"canonical":"https:\/\/lesvolcansnews.net\/?p=72827","og_locale":"fr_FR","og_type":"article","og_title":"RDC : mercenaires fran\u00e7ais pr\u00e9sum\u00e9s au sein des FARDC, l\u2019arm\u00e9e apporte une mise au point officielle - LES VOLCANS NEWS","og_description":"&nbsp; &nbsp; Les Forces arm\u00e9es de la R\u00e9publique d\u00e9mocratique du Congo (FARDC) ont d\u00e9menti vendredi les all\u00e9gations de recrutement de mercenaires fran\u00e7ais relay\u00e9es sur les r\u00e9seaux sociaux, affirmant qu\u2019il s\u2019agit","og_url":"https:\/\/lesvolcansnews.net\/?p=72827","og_site_name":"LES VOLCANS NEWS","article_published_time":"2026-02-21T10:10:54+00:00","og_image":[{"width":1600,"height":1069,"url":"https:\/\/lesvolcansnews.net\/wp-content\/uploads\/2026\/02\/FB_IMG_1771668386411.jpg","type":"image\/jpeg"}],"author":"R\u00e9daction - Les Volcans News","twitter_card":"summary_large_image","twitter_misc":{"\u00c9crit par":"R\u00e9daction - Les Volcans News","Dur\u00e9e de lecture estim\u00e9e":"2 minutes"},"schema":{"@context":"https:\/\/schema.org","@graph":[{"@type":"Article","@id":"https:\/\/lesvolcansnews.net\/?p=72827#article","isPartOf":{"@id":"https:\/\/lesvolcansnews.net\/?p=72827"},"author":{"name":"R\u00e9daction - Les Volcans News","@id":"https:\/\/lesvolcansnews.net\/#\/schema\/person\/82c8bed2e77879ecf6cca63441f57354"},"headline":"RDC : mercenaires fran\u00e7ais pr\u00e9sum\u00e9s au sein des FARDC, l\u2019arm\u00e9e apporte une mise au point officielle","datePublished":"2026-02-21T10:10:54+00:00","mainEntityOfPage":{"@id":"https:\/\/lesvolcansnews.net\/?p=72827"},"wordCount":353,"commentCount":0,"image":{"@id":"https:\/\/lesvolcansnews.net\/?p=72827#primaryimage"},"thumbnailUrl":"https:\/\/lesvolcansnews.net\/wp-content\/uploads\/2026\/02\/FB_IMG_1771668386411.jpg","articleSection":["ACTUALIT\u00c9"],"inLanguage":"fr-FR","potentialAction":[{"@type":"CommentAction","name":"Comment","target":["https:\/\/lesvolcansnews.net\/?p=72827#respond"]}]},{"@type":"WebPage","@id":"https:\/\/lesvolcansnews.net\/?p=72827","url":"https:\/\/lesvolcansnews.net\/?p=72827","name":"RDC : mercenaires fran\u00e7ais pr\u00e9sum\u00e9s au sein des FARDC, l\u2019arm\u00e9e apporte une mise au point officielle - LES VOLCANS NEWS","isPartOf":{"@id":"https:\/\/lesvolcansnews.net\/#website"},"primaryImageOfPage":{"@id":"https:\/\/lesvolcansnews.net\/?p=72827#primaryimage"},"image":{"@id":"https:\/\/lesvolcansnews.net\/?p=72827#primaryimage"},"thumbnailUrl":"https:\/\/lesvolcansnews.net\/wp-content\/uploads\/2026\/02\/FB_IMG_1771668386411.jpg","datePublished":"2026-02-21T10:10:54+00:00","author":{"@id":"https:\/\/lesvolcansnews.net\/#\/schema\/person\/82c8bed2e77879ecf6cca63441f57354"},"breadcrumb":{"@id":"https:\/\/lesvolcansnews.net\/?p=72827#breadcrumb"},"inLanguage":"fr-FR","potentialAction":[{"@type":"ReadAction","target":["https:\/\/lesvolcansnews.net\/?p=72827"]}]},{"@type":"ImageObject","inLanguage":"fr-FR","@id":"https:\/\/lesvolcansnews.net\/?p=72827#primaryimage","url":"https:\/\/lesvolcansnews.net\/wp-content\/uploads\/2026\/02\/FB_IMG_1771668386411.jpg","contentUrl":"https:\/\/lesvolcansnews.net\/wp-content\/uploads\/2026\/02\/FB_IMG_1771668386411.jpg","width":1600,"height":1069},{"@type":"BreadcrumbList","@id":"https:\/\/lesvolcansnews.net\/?p=72827#breadcrumb","itemListElement":[{"@type":"ListItem","position":1,"name":"Accueil","item":"https:\/\/lesvolcansnews.net\/"},{"@type":"ListItem","position":2,"name":"RDC : mercenaires fran\u00e7ais pr\u00e9sum\u00e9s au sein des FARDC, l\u2019arm\u00e9e apporte une mise au point officielle"}]},{"@type":"WebSite","@id":"https:\/\/lesvolcansnews.net\/#website","url":"https:\/\/lesvolcansnews.net\/","name":"LES VOLCANS NEWS","description":"L&#039;INFORMATION C&#039;EST NOUS","potentialAction":[{"@type":"SearchAction","target":{"@type":"EntryPoint","urlTemplate":"https:\/\/lesvolcansnews.net\/?s={search_term_string}"},"query-input":{"@type":"PropertyValueSpecification","valueRequired":true,"valueName":"search_term_string"}}],"inLanguage":"fr-FR"},{"@type":"Person","@id":"https:\/\/lesvolcansnews.net\/#\/schema\/person\/82c8bed2e77879ecf6cca63441f57354","name":"R\u00e9daction - Les Volcans News","image":{"@type":"ImageObject","inLanguage":"fr-FR","@id":"https:\/\/secure.gravatar.com\/avatar\/8408942dd851e8a9c09f3d382a661bc05d2b3cd9002139bc1795b9528cdc6c80?s=96&d=mm&r=g","url":"https:\/\/secure.gravatar.com\/avatar\/8408942dd851e8a9c09f3d382a661bc05d2b3cd9002139bc1795b9528cdc6c80?s=96&d=mm&r=g","contentUrl":"https:\/\/secure.gravatar.com\/avatar\/8408942dd851e8a9c09f3d382a661bc05d2b3cd9002139bc1795b9528cdc6c80?s=96&d=mm&r=g","caption":"R\u00e9daction - Les Volcans News"},"url":"https:\/\/lesvolcansnews.net\/?author=14"}]}},"_links":{"self":[{"href":"https:\/\/lesvolcansnews.net\/index.php?rest_route=\/wp\/v2\/posts\/72827","targetHints":{"allow":["GET"]}}],"collection":[{"href":"https:\/\/lesvolcansnews.net\/index.php?rest_route=\/wp\/v2\/posts"}],"about":[{"href":"https:\/\/lesvolcansnews.net\/index.php?rest_route=\/wp\/v2\/types\/post"}],"author":[{"embeddable":true,"href":"https:\/\/lesvolcansnews.net\/index.php?rest_route=\/wp\/v2\/users\/14"}],"replies":[{"embeddable":true,"href":"https:\/\/lesvolcansnews.net\/index.php?rest_route=%2Fwp%2Fv2%2Fcomments&post=72827"}],"version-history":[{"count":1,"href":"https:\/\/lesvolcansnews.net\/index.php?rest_route=\/wp\/v2\/posts\/72827\/revisions"}],"predecessor-version":[{"id":72829,"href":"https:\/\/lesvolcansnews.net\/index.php?rest_route=\/wp\/v2\/posts\/72827\/revisions\/72829"}],"wp:featuredmedia":[{"embeddable":true,"href":"https:\/\/lesvolcansnews.net\/index.php?rest_route=\/wp\/v2\/media\/72828"}],"wp:attachment":[{"href":"https:\/\/lesvolcansnews.net\/index.php?rest_route=%2Fwp%2Fv2%2Fmedia&parent=72827"}],"wp:term":[{"taxonomy":"category","embeddable":true,"href":"https:\/\/lesvolcansnews.net\/index.php?rest_route=%2Fwp%2Fv2%2Fcategories&post=72827"},{"taxonomy":"post_tag","embeddable":true,"href":"https:\/\/lesvolcansnews.net\/index.php?rest_route=%2Fwp%2Fv2%2Ftags&post=72827"}],"curies":[{"name":"wp","href":"https:\/\/api.w.org\/{rel}","templated":true}]}}