{"id":72810,"date":"2026-02-20T20:51:03","date_gmt":"2026-02-20T18:51:03","guid":{"rendered":"https:\/\/lesvolcansnews.net\/?p=72810"},"modified":"2026-02-20T20:51:03","modified_gmt":"2026-02-20T18:51:03","slug":"proces-yav-irung-la-haute-cour-convoque-lex-chef-detat-major-celestin-mbala-a-la-demande-de-la-defense","status":"publish","type":"post","link":"https:\/\/lesvolcansnews.net\/?p=72810","title":{"rendered":"Proc\u00e8s Yav Irung : la Haute Cour convoque l\u2019ex-chef d\u2019\u00e9tat-major C\u00e9lestin Mbala \u00e0 la demande de la d\u00e9fense"},"content":{"rendered":"<p><strong>\u00a0La Haute Cour militaire de la R\u00e9publique d\u00e9mocratique du Congo (RDC) a ordonn\u00e9 la comparution, \u00e0 l\u2019audience du 12 mars prochain, du g\u00e9n\u00e9ral d\u2019arm\u00e9e C\u00e9lestin Mbala Munsense, ancien chef d\u2019\u00e9tat-major g\u00e9n\u00e9ral des Forces arm\u00e9es de la RDC (FARDC), \u00e0 la demande de la d\u00e9fense du lieutenant-g\u00e9n\u00e9ral Phil\u00e9mon Yav Irung.<\/strong><\/p>\n<p>La d\u00e9fense, repr\u00e9sent\u00e9e par Me Parfait Kanyanga, a \u00e9galement obtenu une nouvelle convocation du lieutenant-g\u00e9n\u00e9ral Ndima Constant, ancien gouverneur militaire du Nord-Kivu, du g\u00e9n\u00e9ral-major Sylvain Ekenge, ancien porte-parole de Ndima Constant, ainsi que du g\u00e9n\u00e9ral de brigade Mwehu Lumbu. Ces trois officiers avaient d\u00e9j\u00e0 comparu comme renseignants, mais les avocats estiment que des zones d\u2019ombre subsistent.<\/p>\n<p>\u00ab <em>Notre client ici a \u00e9t\u00e9 g\u00e9r\u00e9 \u00e0 l\u2019\u00e9poque par le chef d\u2019\u00e9tat-major C\u00e9lestin Mbala qui avait d\u00e9cid\u00e9 de sa nomination comme coordonnateur, qui recevait les rapports. Nous souhaitons qu\u2019il vienne pour que nous puissions lui poser des questions et \u00e9clairer votre religion \u00bb, a d\u00e9clar\u00e9 Me Kanyanga \u00e0 l\u2019audience du 20 f\u00e9vrier. \u00ab La d\u00e9fense estime qu\u2019elle n\u2019avait pas termin\u00e9, nous avons encore des questions \u00bb<\/em>, a-t-il ajout\u00e9.<\/p>\n<p>Cette requ\u00eate intervient apr\u00e8s un arr\u00eat avant dire droit de la Haute Cour ordonnant au Conseil national de cyberd\u00e9fense (CNC) d\u2019exploiter les t\u00e9l\u00e9phones et cartes SIM du pr\u00e9venu. Selon la d\u00e9fense, la comparution des anciens sup\u00e9rieurs hi\u00e9rarchiques vise \u00e0 pr\u00e9ciser le comportement de leur client sous le commandement de C\u00e9lestin Mbala et \u00e0 r\u00e9pondre aux accusations selon lesquelles il n\u2019aurait pas rendu compte \u00e0 sa hi\u00e9rarchie.<\/p>\n<p>Le g\u00e9n\u00e9ral Phil\u00e9mon Yav Irung est poursuivi pour des faits pr\u00e9sum\u00e9s de contacts avec l\u2019entourage de James Kabarebe, ancien haut responsable militaire rwandais. R\u00e9affect\u00e9 en 2020 dans l\u2019est de la RDC, il avait \u00e9t\u00e9 nomm\u00e9 commandant de la troisi\u00e8me zone de d\u00e9fense des FARDC, couvrant les provinces du Nord-Kivu, du Sud-Kivu, de l\u2019Ituri, du Maniema et de la Tshopo. Son proc\u00e8s intervient pr\u00e8s de trois ans apr\u00e8s son arrestation en septembre 2022.<\/p>\n<p>Surnomm\u00e9 \u00ab le Tigre \u00bb, Phil\u00e9mon Yav figure parmi les officiers g\u00e9n\u00e9raux originaires de l\u2019espace Grand Katanga que certaines figures politiques, dont l\u2019ancien pr\u00e9sident Joseph Kabila, citent pour d\u00e9noncer une suppos\u00e9e marginalisation sous la pr\u00e9sidence de F\u00e9lix Tshisekedi. L\u2019arm\u00e9e congolaise rejette ces all\u00e9gations, affirmant que les poursuites engag\u00e9es contre des officiers sup\u00e9rieurs s\u2019inscrivent strictement dans le cadre de la l\u00e9gislation militaire en vigueur.<\/p>\n<p>La Haute Cour militaire de la R\u00e9publique d\u00e9mocratique du Congo (RDC) a ordonn\u00e9 la comparution, \u00e0 l\u2019audience du 12 mars prochain, du g\u00e9n\u00e9ral d\u2019arm\u00e9e C\u00e9lestin Mbala Munsense, ancien chef d\u2019\u00e9tat-major g\u00e9n\u00e9ral des Forces arm\u00e9es de la RDC (FARDC), \u00e0 la demande de la d\u00e9fense du lieutenant-g\u00e9n\u00e9ral Phil\u00e9mon Yav Irung.<\/p>\n<p>La d\u00e9fense, repr\u00e9sent\u00e9e par Me Parfait Kanyanga, a \u00e9galement obtenu une nouvelle convocation du lieutenant-g\u00e9n\u00e9ral Ndima Constant, ancien gouverneur militaire du Nord-Kivu, du g\u00e9n\u00e9ral-major Sylvain Ekenge, ancien porte-parole de Ndima Constant, ainsi que du g\u00e9n\u00e9ral de brigade Mwehu Lumbu. Ces trois officiers avaient d\u00e9j\u00e0 comparu comme renseignants, mais les avocats estiment que des zones d\u2019ombre subsistent.<\/p>\n<p>\u00ab Notre client ici a \u00e9t\u00e9 g\u00e9r\u00e9 \u00e0 l\u2019\u00e9poque par le chef d\u2019\u00e9tat-major C\u00e9lestin Mbala qui avait d\u00e9cid\u00e9 de sa nomination comme coordonnateur, qui recevait les rapports. Nous souhaitons qu\u2019il vienne pour que nous puissions lui poser des questions et \u00e9clairer votre religion \u00bb, a d\u00e9clar\u00e9 Me Kanyanga \u00e0 l\u2019audience du 20 f\u00e9vrier. \u00ab La d\u00e9fense estime qu\u2019elle n\u2019avait pas termin\u00e9, nous avons encore des questions \u00bb, a-t-il ajout\u00e9.<\/p>\n<p>Cette requ\u00eate intervient apr\u00e8s un arr\u00eat avant dire droit de la Haute Cour ordonnant au Conseil national de cyberd\u00e9fense (CNC) d\u2019exploiter les t\u00e9l\u00e9phones et cartes SIM du pr\u00e9venu. Selon la d\u00e9fense, la comparution des anciens sup\u00e9rieurs hi\u00e9rarchiques vise \u00e0 pr\u00e9ciser le comportement de leur client sous le commandement de C\u00e9lestin Mbala et \u00e0 r\u00e9pondre aux accusations selon lesquelles il n\u2019aurait pas rendu compte \u00e0 sa hi\u00e9rarchie.<\/p>\n<p>Le g\u00e9n\u00e9ral Phil\u00e9mon Yav Irung est poursuivi pour des faits pr\u00e9sum\u00e9s de contacts avec l\u2019entourage de James Kabarebe, ancien haut responsable militaire rwandais. R\u00e9affect\u00e9 en 2020 dans l\u2019est de la RDC, il avait \u00e9t\u00e9 nomm\u00e9 commandant de la troisi\u00e8me zone de d\u00e9fense des FARDC, couvrant les provinces du Nord-Kivu, du Sud-Kivu, de l\u2019Ituri, du Maniema et de la Tshopo. Son proc\u00e8s intervient pr\u00e8s de trois ans apr\u00e8s son arrestation en septembre 2022.<\/p>\n<p>Surnomm\u00e9 \u00ab le Tigre \u00bb, Phil\u00e9mon Yav figure parmi les officiers g\u00e9n\u00e9raux originaires de l\u2019espace Grand Katanga que certaines figures politiques, dont l\u2019ancien pr\u00e9sident Joseph Kabila, citent pour d\u00e9noncer une suppos\u00e9e marginalisation sous la pr\u00e9sidence de F\u00e9lix Tshisekedi. L\u2019arm\u00e9e congolaise rejette ces all\u00e9gations, affirmant que les poursuites engag\u00e9es contre des officiers sup\u00e9rieurs s\u2019inscrivent strictement dans le cadre de la l\u00e9gislation militaire en vigueur.<\/p>\n<p>La R\u00e9daction<\/p>\n","protected":false},"excerpt":{"rendered":"<p>\u00a0La Haute Cour militaire de la R\u00e9publique d\u00e9mocratique du Congo (RDC) a ordonn\u00e9 la comparution, \u00e0 l\u2019audience du 12 mars prochain, du g\u00e9n\u00e9ral d\u2019arm\u00e9e C\u00e9lestin Mbala Munsense, ancien chef d\u2019\u00e9tat-major<\/p>\n","protected":false},"author":14,"featured_media":72811,"comment_status":"open","ping_status":"open","sticky":false,"template":"","format":"standard","meta":{"footnotes":""},"categories":[1],"tags":[],"class_list":["post-72810","post","type-post","status-publish","format-standard","has-post-thumbnail","hentry","category-actualite"],"yoast_head":"<!-- This site is optimized with the Yoast SEO plugin v27.5 - https:\/\/yoast.com\/product\/yoast-seo-wordpress\/ -->\n<title>Proc\u00e8s Yav Irung : la Haute Cour convoque l\u2019ex-chef d\u2019\u00e9tat-major C\u00e9lestin Mbala \u00e0 la demande de la d\u00e9fense - LES VOLCANS NEWS<\/title>\n<meta name=\"robots\" content=\"index, follow, max-snippet:-1, max-image-preview:large, max-video-preview:-1\" \/>\n<link rel=\"canonical\" href=\"https:\/\/lesvolcansnews.net\/?p=72810\" \/>\n<meta property=\"og:locale\" content=\"fr_FR\" \/>\n<meta property=\"og:type\" content=\"article\" \/>\n<meta property=\"og:title\" content=\"Proc\u00e8s Yav Irung : la Haute Cour convoque l\u2019ex-chef d\u2019\u00e9tat-major C\u00e9lestin Mbala \u00e0 la demande de la d\u00e9fense - LES VOLCANS NEWS\" \/>\n<meta property=\"og:description\" content=\"\u00a0La Haute Cour militaire de la R\u00e9publique d\u00e9mocratique du Congo (RDC) a ordonn\u00e9 la comparution, \u00e0 l\u2019audience du 12 mars prochain, du g\u00e9n\u00e9ral d\u2019arm\u00e9e C\u00e9lestin Mbala Munsense, ancien chef d\u2019\u00e9tat-major\" \/>\n<meta property=\"og:url\" content=\"https:\/\/lesvolcansnews.net\/?p=72810\" \/>\n<meta property=\"og:site_name\" content=\"LES VOLCANS NEWS\" \/>\n<meta property=\"article:published_time\" content=\"2026-02-20T18:51:03+00:00\" \/>\n<meta property=\"og:image\" content=\"https:\/\/i0.wp.com\/lesvolcansnews.net\/wp-content\/uploads\/2026\/02\/Screenshot-2026-02-20-194733.png?fit=2071%2C1153&ssl=1\" \/>\n\t<meta property=\"og:image:width\" content=\"2071\" \/>\n\t<meta property=\"og:image:height\" content=\"1153\" \/>\n\t<meta property=\"og:image:type\" content=\"image\/png\" \/>\n<meta name=\"author\" content=\"R\u00e9daction - Les Volcans News\" \/>\n<meta name=\"twitter:card\" content=\"summary_large_image\" \/>\n<meta name=\"twitter:label1\" content=\"\u00c9crit par\" \/>\n\t<meta name=\"twitter:data1\" content=\"R\u00e9daction - Les Volcans News\" \/>\n\t<meta name=\"twitter:label2\" content=\"Dur\u00e9e de lecture estim\u00e9e\" \/>\n\t<meta name=\"twitter:data2\" content=\"4 minutes\" \/>\n<script type=\"application\/ld+json\" class=\"yoast-schema-graph\">{\"@context\":\"https:\\\/\\\/schema.org\",\"@graph\":[{\"@type\":\"Article\",\"@id\":\"https:\\\/\\\/lesvolcansnews.net\\\/?p=72810#article\",\"isPartOf\":{\"@id\":\"https:\\\/\\\/lesvolcansnews.net\\\/?p=72810\"},\"author\":{\"name\":\"R\u00e9daction - Les Volcans News\",\"@id\":\"https:\\\/\\\/lesvolcansnews.net\\\/#\\\/schema\\\/person\\\/82c8bed2e77879ecf6cca63441f57354\"},\"headline\":\"Proc\u00e8s Yav Irung : la Haute Cour convoque l\u2019ex-chef d\u2019\u00e9tat-major C\u00e9lestin Mbala \u00e0 la demande de la d\u00e9fense\",\"datePublished\":\"2026-02-20T18:51:03+00:00\",\"mainEntityOfPage\":{\"@id\":\"https:\\\/\\\/lesvolcansnews.net\\\/?p=72810\"},\"wordCount\":912,\"commentCount\":0,\"image\":{\"@id\":\"https:\\\/\\\/lesvolcansnews.net\\\/?p=72810#primaryimage\"},\"thumbnailUrl\":\"https:\\\/\\\/lesvolcansnews.net\\\/wp-content\\\/uploads\\\/2026\\\/02\\\/Screenshot-2026-02-20-194733.png\",\"articleSection\":[\"ACTUALIT\u00c9\"],\"inLanguage\":\"fr-FR\",\"potentialAction\":[{\"@type\":\"CommentAction\",\"name\":\"Comment\",\"target\":[\"https:\\\/\\\/lesvolcansnews.net\\\/?p=72810#respond\"]}]},{\"@type\":\"WebPage\",\"@id\":\"https:\\\/\\\/lesvolcansnews.net\\\/?p=72810\",\"url\":\"https:\\\/\\\/lesvolcansnews.net\\\/?p=72810\",\"name\":\"Proc\u00e8s Yav Irung : la Haute Cour convoque l\u2019ex-chef d\u2019\u00e9tat-major C\u00e9lestin Mbala \u00e0 la demande de la d\u00e9fense - LES VOLCANS NEWS\",\"isPartOf\":{\"@id\":\"https:\\\/\\\/lesvolcansnews.net\\\/#website\"},\"primaryImageOfPage\":{\"@id\":\"https:\\\/\\\/lesvolcansnews.net\\\/?p=72810#primaryimage\"},\"image\":{\"@id\":\"https:\\\/\\\/lesvolcansnews.net\\\/?p=72810#primaryimage\"},\"thumbnailUrl\":\"https:\\\/\\\/lesvolcansnews.net\\\/wp-content\\\/uploads\\\/2026\\\/02\\\/Screenshot-2026-02-20-194733.png\",\"datePublished\":\"2026-02-20T18:51:03+00:00\",\"author\":{\"@id\":\"https:\\\/\\\/lesvolcansnews.net\\\/#\\\/schema\\\/person\\\/82c8bed2e77879ecf6cca63441f57354\"},\"breadcrumb\":{\"@id\":\"https:\\\/\\\/lesvolcansnews.net\\\/?p=72810#breadcrumb\"},\"inLanguage\":\"fr-FR\",\"potentialAction\":[{\"@type\":\"ReadAction\",\"target\":[\"https:\\\/\\\/lesvolcansnews.net\\\/?p=72810\"]}]},{\"@type\":\"ImageObject\",\"inLanguage\":\"fr-FR\",\"@id\":\"https:\\\/\\\/lesvolcansnews.net\\\/?p=72810#primaryimage\",\"url\":\"https:\\\/\\\/lesvolcansnews.net\\\/wp-content\\\/uploads\\\/2026\\\/02\\\/Screenshot-2026-02-20-194733.png\",\"contentUrl\":\"https:\\\/\\\/lesvolcansnews.net\\\/wp-content\\\/uploads\\\/2026\\\/02\\\/Screenshot-2026-02-20-194733.png\",\"width\":2071,\"height\":1153},{\"@type\":\"BreadcrumbList\",\"@id\":\"https:\\\/\\\/lesvolcansnews.net\\\/?p=72810#breadcrumb\",\"itemListElement\":[{\"@type\":\"ListItem\",\"position\":1,\"name\":\"Accueil\",\"item\":\"https:\\\/\\\/lesvolcansnews.net\\\/\"},{\"@type\":\"ListItem\",\"position\":2,\"name\":\"Proc\u00e8s Yav Irung : la Haute Cour convoque l\u2019ex-chef d\u2019\u00e9tat-major C\u00e9lestin Mbala \u00e0 la demande de la d\u00e9fense\"}]},{\"@type\":\"WebSite\",\"@id\":\"https:\\\/\\\/lesvolcansnews.net\\\/#website\",\"url\":\"https:\\\/\\\/lesvolcansnews.net\\\/\",\"name\":\"LES VOLCANS NEWS\",\"description\":\"L&#039;INFORMATION C&#039;EST NOUS\",\"potentialAction\":[{\"@type\":\"SearchAction\",\"target\":{\"@type\":\"EntryPoint\",\"urlTemplate\":\"https:\\\/\\\/lesvolcansnews.net\\\/?s={search_term_string}\"},\"query-input\":{\"@type\":\"PropertyValueSpecification\",\"valueRequired\":true,\"valueName\":\"search_term_string\"}}],\"inLanguage\":\"fr-FR\"},{\"@type\":\"Person\",\"@id\":\"https:\\\/\\\/lesvolcansnews.net\\\/#\\\/schema\\\/person\\\/82c8bed2e77879ecf6cca63441f57354\",\"name\":\"R\u00e9daction - Les Volcans News\",\"image\":{\"@type\":\"ImageObject\",\"inLanguage\":\"fr-FR\",\"@id\":\"https:\\\/\\\/secure.gravatar.com\\\/avatar\\\/8408942dd851e8a9c09f3d382a661bc05d2b3cd9002139bc1795b9528cdc6c80?s=96&d=mm&r=g\",\"url\":\"https:\\\/\\\/secure.gravatar.com\\\/avatar\\\/8408942dd851e8a9c09f3d382a661bc05d2b3cd9002139bc1795b9528cdc6c80?s=96&d=mm&r=g\",\"contentUrl\":\"https:\\\/\\\/secure.gravatar.com\\\/avatar\\\/8408942dd851e8a9c09f3d382a661bc05d2b3cd9002139bc1795b9528cdc6c80?s=96&d=mm&r=g\",\"caption\":\"R\u00e9daction - Les Volcans News\"},\"url\":\"https:\\\/\\\/lesvolcansnews.net\\\/?author=14\"}]}<\/script>\n<!-- \/ Yoast SEO plugin. -->","yoast_head_json":{"title":"Proc\u00e8s Yav Irung : la Haute Cour convoque l\u2019ex-chef d\u2019\u00e9tat-major C\u00e9lestin Mbala \u00e0 la demande de la d\u00e9fense - LES VOLCANS NEWS","robots":{"index":"index","follow":"follow","max-snippet":"max-snippet:-1","max-image-preview":"max-image-preview:large","max-video-preview":"max-video-preview:-1"},"canonical":"https:\/\/lesvolcansnews.net\/?p=72810","og_locale":"fr_FR","og_type":"article","og_title":"Proc\u00e8s Yav Irung : la Haute Cour convoque l\u2019ex-chef d\u2019\u00e9tat-major C\u00e9lestin Mbala \u00e0 la demande de la d\u00e9fense - LES VOLCANS NEWS","og_description":"\u00a0La Haute Cour militaire de la R\u00e9publique d\u00e9mocratique du Congo (RDC) a ordonn\u00e9 la comparution, \u00e0 l\u2019audience du 12 mars prochain, du g\u00e9n\u00e9ral d\u2019arm\u00e9e C\u00e9lestin Mbala Munsense, ancien chef d\u2019\u00e9tat-major","og_url":"https:\/\/lesvolcansnews.net\/?p=72810","og_site_name":"LES VOLCANS NEWS","article_published_time":"2026-02-20T18:51:03+00:00","og_image":[{"width":2071,"height":1153,"url":"https:\/\/i0.wp.com\/lesvolcansnews.net\/wp-content\/uploads\/2026\/02\/Screenshot-2026-02-20-194733.png?fit=2071%2C1153&ssl=1","type":"image\/png"}],"author":"R\u00e9daction - Les Volcans News","twitter_card":"summary_large_image","twitter_misc":{"\u00c9crit par":"R\u00e9daction - Les Volcans News","Dur\u00e9e de lecture estim\u00e9e":"4 minutes"},"schema":{"@context":"https:\/\/schema.org","@graph":[{"@type":"Article","@id":"https:\/\/lesvolcansnews.net\/?p=72810#article","isPartOf":{"@id":"https:\/\/lesvolcansnews.net\/?p=72810"},"author":{"name":"R\u00e9daction - Les Volcans News","@id":"https:\/\/lesvolcansnews.net\/#\/schema\/person\/82c8bed2e77879ecf6cca63441f57354"},"headline":"Proc\u00e8s Yav Irung : la Haute Cour convoque l\u2019ex-chef d\u2019\u00e9tat-major C\u00e9lestin Mbala \u00e0 la demande de la d\u00e9fense","datePublished":"2026-02-20T18:51:03+00:00","mainEntityOfPage":{"@id":"https:\/\/lesvolcansnews.net\/?p=72810"},"wordCount":912,"commentCount":0,"image":{"@id":"https:\/\/lesvolcansnews.net\/?p=72810#primaryimage"},"thumbnailUrl":"https:\/\/lesvolcansnews.net\/wp-content\/uploads\/2026\/02\/Screenshot-2026-02-20-194733.png","articleSection":["ACTUALIT\u00c9"],"inLanguage":"fr-FR","potentialAction":[{"@type":"CommentAction","name":"Comment","target":["https:\/\/lesvolcansnews.net\/?p=72810#respond"]}]},{"@type":"WebPage","@id":"https:\/\/lesvolcansnews.net\/?p=72810","url":"https:\/\/lesvolcansnews.net\/?p=72810","name":"Proc\u00e8s Yav Irung : la Haute Cour convoque l\u2019ex-chef d\u2019\u00e9tat-major C\u00e9lestin Mbala \u00e0 la demande de la d\u00e9fense - LES VOLCANS NEWS","isPartOf":{"@id":"https:\/\/lesvolcansnews.net\/#website"},"primaryImageOfPage":{"@id":"https:\/\/lesvolcansnews.net\/?p=72810#primaryimage"},"image":{"@id":"https:\/\/lesvolcansnews.net\/?p=72810#primaryimage"},"thumbnailUrl":"https:\/\/lesvolcansnews.net\/wp-content\/uploads\/2026\/02\/Screenshot-2026-02-20-194733.png","datePublished":"2026-02-20T18:51:03+00:00","author":{"@id":"https:\/\/lesvolcansnews.net\/#\/schema\/person\/82c8bed2e77879ecf6cca63441f57354"},"breadcrumb":{"@id":"https:\/\/lesvolcansnews.net\/?p=72810#breadcrumb"},"inLanguage":"fr-FR","potentialAction":[{"@type":"ReadAction","target":["https:\/\/lesvolcansnews.net\/?p=72810"]}]},{"@type":"ImageObject","inLanguage":"fr-FR","@id":"https:\/\/lesvolcansnews.net\/?p=72810#primaryimage","url":"https:\/\/lesvolcansnews.net\/wp-content\/uploads\/2026\/02\/Screenshot-2026-02-20-194733.png","contentUrl":"https:\/\/lesvolcansnews.net\/wp-content\/uploads\/2026\/02\/Screenshot-2026-02-20-194733.png","width":2071,"height":1153},{"@type":"BreadcrumbList","@id":"https:\/\/lesvolcansnews.net\/?p=72810#breadcrumb","itemListElement":[{"@type":"ListItem","position":1,"name":"Accueil","item":"https:\/\/lesvolcansnews.net\/"},{"@type":"ListItem","position":2,"name":"Proc\u00e8s Yav Irung : la Haute Cour convoque l\u2019ex-chef d\u2019\u00e9tat-major C\u00e9lestin Mbala \u00e0 la demande de la d\u00e9fense"}]},{"@type":"WebSite","@id":"https:\/\/lesvolcansnews.net\/#website","url":"https:\/\/lesvolcansnews.net\/","name":"LES VOLCANS NEWS","description":"L&#039;INFORMATION C&#039;EST NOUS","potentialAction":[{"@type":"SearchAction","target":{"@type":"EntryPoint","urlTemplate":"https:\/\/lesvolcansnews.net\/?s={search_term_string}"},"query-input":{"@type":"PropertyValueSpecification","valueRequired":true,"valueName":"search_term_string"}}],"inLanguage":"fr-FR"},{"@type":"Person","@id":"https:\/\/lesvolcansnews.net\/#\/schema\/person\/82c8bed2e77879ecf6cca63441f57354","name":"R\u00e9daction - Les Volcans News","image":{"@type":"ImageObject","inLanguage":"fr-FR","@id":"https:\/\/secure.gravatar.com\/avatar\/8408942dd851e8a9c09f3d382a661bc05d2b3cd9002139bc1795b9528cdc6c80?s=96&d=mm&r=g","url":"https:\/\/secure.gravatar.com\/avatar\/8408942dd851e8a9c09f3d382a661bc05d2b3cd9002139bc1795b9528cdc6c80?s=96&d=mm&r=g","contentUrl":"https:\/\/secure.gravatar.com\/avatar\/8408942dd851e8a9c09f3d382a661bc05d2b3cd9002139bc1795b9528cdc6c80?s=96&d=mm&r=g","caption":"R\u00e9daction - Les Volcans News"},"url":"https:\/\/lesvolcansnews.net\/?author=14"}]}},"_links":{"self":[{"href":"https:\/\/lesvolcansnews.net\/index.php?rest_route=\/wp\/v2\/posts\/72810","targetHints":{"allow":["GET"]}}],"collection":[{"href":"https:\/\/lesvolcansnews.net\/index.php?rest_route=\/wp\/v2\/posts"}],"about":[{"href":"https:\/\/lesvolcansnews.net\/index.php?rest_route=\/wp\/v2\/types\/post"}],"author":[{"embeddable":true,"href":"https:\/\/lesvolcansnews.net\/index.php?rest_route=\/wp\/v2\/users\/14"}],"replies":[{"embeddable":true,"href":"https:\/\/lesvolcansnews.net\/index.php?rest_route=%2Fwp%2Fv2%2Fcomments&post=72810"}],"version-history":[{"count":1,"href":"https:\/\/lesvolcansnews.net\/index.php?rest_route=\/wp\/v2\/posts\/72810\/revisions"}],"predecessor-version":[{"id":72812,"href":"https:\/\/lesvolcansnews.net\/index.php?rest_route=\/wp\/v2\/posts\/72810\/revisions\/72812"}],"wp:featuredmedia":[{"embeddable":true,"href":"https:\/\/lesvolcansnews.net\/index.php?rest_route=\/wp\/v2\/media\/72811"}],"wp:attachment":[{"href":"https:\/\/lesvolcansnews.net\/index.php?rest_route=%2Fwp%2Fv2%2Fmedia&parent=72810"}],"wp:term":[{"taxonomy":"category","embeddable":true,"href":"https:\/\/lesvolcansnews.net\/index.php?rest_route=%2Fwp%2Fv2%2Fcategories&post=72810"},{"taxonomy":"post_tag","embeddable":true,"href":"https:\/\/lesvolcansnews.net\/index.php?rest_route=%2Fwp%2Fv2%2Ftags&post=72810"}],"curies":[{"name":"wp","href":"https:\/\/api.w.org\/{rel}","templated":true}]}}