{"id":72804,"date":"2026-02-20T14:03:04","date_gmt":"2026-02-20T12:03:04","guid":{"rendered":"https:\/\/lesvolcansnews.net\/?p=72804"},"modified":"2026-02-20T14:03:04","modified_gmt":"2026-02-20T12:03:04","slug":"rdc-les-fardc-accusent-le-m23-afc-davoir-viole-le-cessez-le-feu-dans-le-nord-et-le-sud-kivu","status":"publish","type":"post","link":"https:\/\/lesvolcansnews.net\/?p=72804","title":{"rendered":"RDC : Les FARDC accusent le M23\/AFC d\u2019avoir viol\u00e9 le cessez-le-feu dans le Nord et le Sud-Kivu"},"content":{"rendered":"<p><strong><em>Les Forces arm\u00e9es de la R\u00e9publique d\u00e9mocratique du Congo (FARDC) ont accus\u00e9 vendredi les combattants du M23\/AFC d\u2019avoir attaqu\u00e9 leurs positions les 18 et 19 f\u00e9vrier dans plusieurs localit\u00e9s des provinces du Nord-Kivu et du Sud-Kivu, dans l\u2019est du pays, en violation du cessez-le-feu propos\u00e9 par le pr\u00e9sident angolais Jo\u00e3o Louren\u00e7o<\/em><\/strong>.<\/p>\n<p>Dans un communiqu\u00e9 parvenu \u00e0 lesvolcansnews.net et sign\u00e9 par le porte-parole a.i. des FARDC, le lieutenant-colonel Mak Hazukay, l\u2019\u00e9tat-major g\u00e9n\u00e9ral affirme que les offensives ont vis\u00e9 simultan\u00e9ment plusieurs positions militaires congolaises.<\/p>\n<p>Au Nord-Kivu, les attaques auraient cibl\u00e9 notamment les positions des FARDC \u00e0 Ihula, en territoire de Walikale, ainsi que les collines de Kazaraho, Bugabo, Cahi et Virumbi, situ\u00e9es en territoire de Rutshuru, selon la m\u00eame source.<\/p>\n<p>Dans la province voisine du Sud-Kivu, des affrontements ont \u00e9t\u00e9 signal\u00e9s dans les villages de Mikenge et Kalonge, sur les Hauts Plateaux de Fizi-Uvira. L\u2019\u00e9tat-major \u00e9voque \u00e9galement d\u2019autres localit\u00e9s affect\u00e9es dans cette zone.<\/p>\n<p>Les FARDC affirment que ces attaques ont entra\u00een\u00e9 la destruction de plusieurs habitations et la mort d\u2019un jeune homme de 18 ans. Elles estiment que ces actions compromettent le processus de paix en cours et constituent une violation du cessez-le-feu propos\u00e9 par le m\u00e9diateur angolais.<\/p>\n<p>Les autorit\u00e9s militaires congolaises d\u00e9clarent, pour leur part, rester engag\u00e9es \u00e0 respecter la tr\u00eave afin de faciliter le retour de la stabilit\u00e9 dans l\u2019est de la R\u00e9publique d\u00e9mocratique du Congo et dans la r\u00e9gion des Grands Lacs.<\/p>\n<p>De leur c\u00f4t\u00e9, les combattants du M23\/AFC rejettent ces accusations. Ils accusent les FARDC et leurs alli\u00e9s d\u2019\u00eatre responsables de \u00ab massacres \u00bb et de violations r\u00e9p\u00e9t\u00e9es du cessez-le-feu dans la r\u00e9gion. Le mouvement fait \u00e9galement r\u00e9f\u00e9rence aux engagements pris dans le cadre des discussions de Doha et de Washington, estimant que ceux-ci ne seraient pas respect\u00e9s.<\/p>\n<p>Ces accusations crois\u00e9es interviennent alors que les efforts diplomatiques se poursuivent pour tenter de d\u00e9samorcer la crise s\u00e9curitaire persistante dans l\u2019est de la RDC, o\u00f9 les affrontements ont d\u00e9j\u00e0 provoqu\u00e9 d\u2019importants d\u00e9placements de populations.<\/p>\n<p>Aucune source ind\u00e9pendante n\u2019\u00e9tait en mesure de confirmer dans l\u2019imm\u00e9diat les circonstances exactes des incidents rapport\u00e9s par les deux parties.<\/p>\n","protected":false},"excerpt":{"rendered":"<p>Les Forces arm\u00e9es de la R\u00e9publique d\u00e9mocratique du Congo (FARDC) ont accus\u00e9 vendredi les combattants du M23\/AFC d\u2019avoir attaqu\u00e9 leurs positions les 18 et 19 f\u00e9vrier dans plusieurs localit\u00e9s des<\/p>\n","protected":false},"author":14,"featured_media":72805,"comment_status":"open","ping_status":"open","sticky":false,"template":"","format":"standard","meta":{"footnotes":""},"categories":[1],"tags":[],"class_list":["post-72804","post","type-post","status-publish","format-standard","has-post-thumbnail","hentry","category-actualite"],"yoast_head":"<!-- This site is optimized with the Yoast SEO plugin v27.3 - https:\/\/yoast.com\/product\/yoast-seo-wordpress\/ -->\n<title>RDC : Les FARDC accusent le M23\/AFC d\u2019avoir viol\u00e9 le cessez-le-feu dans le Nord et le Sud-Kivu - LES VOLCANS NEWS<\/title>\n<meta name=\"robots\" content=\"index, follow, max-snippet:-1, max-image-preview:large, max-video-preview:-1\" \/>\n<link rel=\"canonical\" href=\"https:\/\/lesvolcansnews.net\/?p=72804\" \/>\n<meta property=\"og:locale\" content=\"fr_FR\" \/>\n<meta property=\"og:type\" content=\"article\" \/>\n<meta property=\"og:title\" content=\"RDC : Les FARDC accusent le M23\/AFC d\u2019avoir viol\u00e9 le cessez-le-feu dans le Nord et le Sud-Kivu - LES VOLCANS NEWS\" \/>\n<meta property=\"og:description\" content=\"Les Forces arm\u00e9es de la R\u00e9publique d\u00e9mocratique du Congo (FARDC) ont accus\u00e9 vendredi les combattants du M23\/AFC d\u2019avoir attaqu\u00e9 leurs positions les 18 et 19 f\u00e9vrier dans plusieurs localit\u00e9s des\" \/>\n<meta property=\"og:url\" content=\"https:\/\/lesvolcansnews.net\/?p=72804\" \/>\n<meta property=\"og:site_name\" content=\"LES VOLCANS NEWS\" \/>\n<meta property=\"article:published_time\" content=\"2026-02-20T12:03:04+00:00\" \/>\n<meta property=\"og:image\" content=\"https:\/\/i0.wp.com\/lesvolcansnews.net\/wp-content\/uploads\/2026\/02\/20260218_131105.jpg?fit=273%2C273&ssl=1\" \/>\n\t<meta property=\"og:image:width\" content=\"273\" \/>\n\t<meta property=\"og:image:height\" content=\"273\" \/>\n\t<meta property=\"og:image:type\" content=\"image\/jpeg\" \/>\n<meta name=\"author\" content=\"R\u00e9daction - Les Volcans News\" \/>\n<meta name=\"twitter:card\" content=\"summary_large_image\" \/>\n<meta name=\"twitter:label1\" content=\"\u00c9crit par\" \/>\n\t<meta name=\"twitter:data1\" content=\"R\u00e9daction - Les Volcans News\" \/>\n\t<meta name=\"twitter:label2\" content=\"Dur\u00e9e de lecture estim\u00e9e\" \/>\n\t<meta name=\"twitter:data2\" content=\"2 minutes\" \/>\n<script type=\"application\/ld+json\" class=\"yoast-schema-graph\">{\"@context\":\"https:\\\/\\\/schema.org\",\"@graph\":[{\"@type\":\"Article\",\"@id\":\"https:\\\/\\\/lesvolcansnews.net\\\/?p=72804#article\",\"isPartOf\":{\"@id\":\"https:\\\/\\\/lesvolcansnews.net\\\/?p=72804\"},\"author\":{\"name\":\"R\u00e9daction - Les Volcans News\",\"@id\":\"https:\\\/\\\/lesvolcansnews.net\\\/#\\\/schema\\\/person\\\/82c8bed2e77879ecf6cca63441f57354\"},\"headline\":\"RDC : Les FARDC accusent le M23\\\/AFC d\u2019avoir viol\u00e9 le cessez-le-feu dans le Nord et le Sud-Kivu\",\"datePublished\":\"2026-02-20T12:03:04+00:00\",\"mainEntityOfPage\":{\"@id\":\"https:\\\/\\\/lesvolcansnews.net\\\/?p=72804\"},\"wordCount\":412,\"commentCount\":0,\"image\":{\"@id\":\"https:\\\/\\\/lesvolcansnews.net\\\/?p=72804#primaryimage\"},\"thumbnailUrl\":\"https:\\\/\\\/lesvolcansnews.net\\\/wp-content\\\/uploads\\\/2026\\\/02\\\/20260218_131105.jpg\",\"articleSection\":[\"ACTUALIT\u00c9\"],\"inLanguage\":\"fr-FR\",\"potentialAction\":[{\"@type\":\"CommentAction\",\"name\":\"Comment\",\"target\":[\"https:\\\/\\\/lesvolcansnews.net\\\/?p=72804#respond\"]}]},{\"@type\":\"WebPage\",\"@id\":\"https:\\\/\\\/lesvolcansnews.net\\\/?p=72804\",\"url\":\"https:\\\/\\\/lesvolcansnews.net\\\/?p=72804\",\"name\":\"RDC : Les FARDC accusent le M23\\\/AFC d\u2019avoir viol\u00e9 le cessez-le-feu dans le Nord et le Sud-Kivu - LES VOLCANS NEWS\",\"isPartOf\":{\"@id\":\"https:\\\/\\\/lesvolcansnews.net\\\/#website\"},\"primaryImageOfPage\":{\"@id\":\"https:\\\/\\\/lesvolcansnews.net\\\/?p=72804#primaryimage\"},\"image\":{\"@id\":\"https:\\\/\\\/lesvolcansnews.net\\\/?p=72804#primaryimage\"},\"thumbnailUrl\":\"https:\\\/\\\/lesvolcansnews.net\\\/wp-content\\\/uploads\\\/2026\\\/02\\\/20260218_131105.jpg\",\"datePublished\":\"2026-02-20T12:03:04+00:00\",\"author\":{\"@id\":\"https:\\\/\\\/lesvolcansnews.net\\\/#\\\/schema\\\/person\\\/82c8bed2e77879ecf6cca63441f57354\"},\"breadcrumb\":{\"@id\":\"https:\\\/\\\/lesvolcansnews.net\\\/?p=72804#breadcrumb\"},\"inLanguage\":\"fr-FR\",\"potentialAction\":[{\"@type\":\"ReadAction\",\"target\":[\"https:\\\/\\\/lesvolcansnews.net\\\/?p=72804\"]}]},{\"@type\":\"ImageObject\",\"inLanguage\":\"fr-FR\",\"@id\":\"https:\\\/\\\/lesvolcansnews.net\\\/?p=72804#primaryimage\",\"url\":\"https:\\\/\\\/lesvolcansnews.net\\\/wp-content\\\/uploads\\\/2026\\\/02\\\/20260218_131105.jpg\",\"contentUrl\":\"https:\\\/\\\/lesvolcansnews.net\\\/wp-content\\\/uploads\\\/2026\\\/02\\\/20260218_131105.jpg\",\"width\":273,\"height\":273},{\"@type\":\"BreadcrumbList\",\"@id\":\"https:\\\/\\\/lesvolcansnews.net\\\/?p=72804#breadcrumb\",\"itemListElement\":[{\"@type\":\"ListItem\",\"position\":1,\"name\":\"Accueil\",\"item\":\"https:\\\/\\\/lesvolcansnews.net\\\/\"},{\"@type\":\"ListItem\",\"position\":2,\"name\":\"RDC : Les FARDC accusent le M23\\\/AFC d\u2019avoir viol\u00e9 le cessez-le-feu dans le Nord et le Sud-Kivu\"}]},{\"@type\":\"WebSite\",\"@id\":\"https:\\\/\\\/lesvolcansnews.net\\\/#website\",\"url\":\"https:\\\/\\\/lesvolcansnews.net\\\/\",\"name\":\"LES VOLCANS NEWS\",\"description\":\"L&#039;INFORMATION C&#039;EST NOUS\",\"potentialAction\":[{\"@type\":\"SearchAction\",\"target\":{\"@type\":\"EntryPoint\",\"urlTemplate\":\"https:\\\/\\\/lesvolcansnews.net\\\/?s={search_term_string}\"},\"query-input\":{\"@type\":\"PropertyValueSpecification\",\"valueRequired\":true,\"valueName\":\"search_term_string\"}}],\"inLanguage\":\"fr-FR\"},{\"@type\":\"Person\",\"@id\":\"https:\\\/\\\/lesvolcansnews.net\\\/#\\\/schema\\\/person\\\/82c8bed2e77879ecf6cca63441f57354\",\"name\":\"R\u00e9daction - Les Volcans News\",\"image\":{\"@type\":\"ImageObject\",\"inLanguage\":\"fr-FR\",\"@id\":\"https:\\\/\\\/secure.gravatar.com\\\/avatar\\\/8408942dd851e8a9c09f3d382a661bc05d2b3cd9002139bc1795b9528cdc6c80?s=96&d=mm&r=g\",\"url\":\"https:\\\/\\\/secure.gravatar.com\\\/avatar\\\/8408942dd851e8a9c09f3d382a661bc05d2b3cd9002139bc1795b9528cdc6c80?s=96&d=mm&r=g\",\"contentUrl\":\"https:\\\/\\\/secure.gravatar.com\\\/avatar\\\/8408942dd851e8a9c09f3d382a661bc05d2b3cd9002139bc1795b9528cdc6c80?s=96&d=mm&r=g\",\"caption\":\"R\u00e9daction - Les Volcans News\"},\"url\":\"https:\\\/\\\/lesvolcansnews.net\\\/?author=14\"}]}<\/script>\n<!-- \/ Yoast SEO plugin. -->","yoast_head_json":{"title":"RDC : Les FARDC accusent le M23\/AFC d\u2019avoir viol\u00e9 le cessez-le-feu dans le Nord et le Sud-Kivu - LES VOLCANS NEWS","robots":{"index":"index","follow":"follow","max-snippet":"max-snippet:-1","max-image-preview":"max-image-preview:large","max-video-preview":"max-video-preview:-1"},"canonical":"https:\/\/lesvolcansnews.net\/?p=72804","og_locale":"fr_FR","og_type":"article","og_title":"RDC : Les FARDC accusent le M23\/AFC d\u2019avoir viol\u00e9 le cessez-le-feu dans le Nord et le Sud-Kivu - LES VOLCANS NEWS","og_description":"Les Forces arm\u00e9es de la R\u00e9publique d\u00e9mocratique du Congo (FARDC) ont accus\u00e9 vendredi les combattants du M23\/AFC d\u2019avoir attaqu\u00e9 leurs positions les 18 et 19 f\u00e9vrier dans plusieurs localit\u00e9s des","og_url":"https:\/\/lesvolcansnews.net\/?p=72804","og_site_name":"LES VOLCANS NEWS","article_published_time":"2026-02-20T12:03:04+00:00","og_image":[{"width":273,"height":273,"url":"https:\/\/i0.wp.com\/lesvolcansnews.net\/wp-content\/uploads\/2026\/02\/20260218_131105.jpg?fit=273%2C273&ssl=1","type":"image\/jpeg"}],"author":"R\u00e9daction - Les Volcans News","twitter_card":"summary_large_image","twitter_misc":{"\u00c9crit par":"R\u00e9daction - Les Volcans News","Dur\u00e9e de lecture estim\u00e9e":"2 minutes"},"schema":{"@context":"https:\/\/schema.org","@graph":[{"@type":"Article","@id":"https:\/\/lesvolcansnews.net\/?p=72804#article","isPartOf":{"@id":"https:\/\/lesvolcansnews.net\/?p=72804"},"author":{"name":"R\u00e9daction - Les Volcans News","@id":"https:\/\/lesvolcansnews.net\/#\/schema\/person\/82c8bed2e77879ecf6cca63441f57354"},"headline":"RDC : Les FARDC accusent le M23\/AFC d\u2019avoir viol\u00e9 le cessez-le-feu dans le Nord et le Sud-Kivu","datePublished":"2026-02-20T12:03:04+00:00","mainEntityOfPage":{"@id":"https:\/\/lesvolcansnews.net\/?p=72804"},"wordCount":412,"commentCount":0,"image":{"@id":"https:\/\/lesvolcansnews.net\/?p=72804#primaryimage"},"thumbnailUrl":"https:\/\/lesvolcansnews.net\/wp-content\/uploads\/2026\/02\/20260218_131105.jpg","articleSection":["ACTUALIT\u00c9"],"inLanguage":"fr-FR","potentialAction":[{"@type":"CommentAction","name":"Comment","target":["https:\/\/lesvolcansnews.net\/?p=72804#respond"]}]},{"@type":"WebPage","@id":"https:\/\/lesvolcansnews.net\/?p=72804","url":"https:\/\/lesvolcansnews.net\/?p=72804","name":"RDC : Les FARDC accusent le M23\/AFC d\u2019avoir viol\u00e9 le cessez-le-feu dans le Nord et le Sud-Kivu - LES VOLCANS NEWS","isPartOf":{"@id":"https:\/\/lesvolcansnews.net\/#website"},"primaryImageOfPage":{"@id":"https:\/\/lesvolcansnews.net\/?p=72804#primaryimage"},"image":{"@id":"https:\/\/lesvolcansnews.net\/?p=72804#primaryimage"},"thumbnailUrl":"https:\/\/lesvolcansnews.net\/wp-content\/uploads\/2026\/02\/20260218_131105.jpg","datePublished":"2026-02-20T12:03:04+00:00","author":{"@id":"https:\/\/lesvolcansnews.net\/#\/schema\/person\/82c8bed2e77879ecf6cca63441f57354"},"breadcrumb":{"@id":"https:\/\/lesvolcansnews.net\/?p=72804#breadcrumb"},"inLanguage":"fr-FR","potentialAction":[{"@type":"ReadAction","target":["https:\/\/lesvolcansnews.net\/?p=72804"]}]},{"@type":"ImageObject","inLanguage":"fr-FR","@id":"https:\/\/lesvolcansnews.net\/?p=72804#primaryimage","url":"https:\/\/lesvolcansnews.net\/wp-content\/uploads\/2026\/02\/20260218_131105.jpg","contentUrl":"https:\/\/lesvolcansnews.net\/wp-content\/uploads\/2026\/02\/20260218_131105.jpg","width":273,"height":273},{"@type":"BreadcrumbList","@id":"https:\/\/lesvolcansnews.net\/?p=72804#breadcrumb","itemListElement":[{"@type":"ListItem","position":1,"name":"Accueil","item":"https:\/\/lesvolcansnews.net\/"},{"@type":"ListItem","position":2,"name":"RDC : Les FARDC accusent le M23\/AFC d\u2019avoir viol\u00e9 le cessez-le-feu dans le Nord et le Sud-Kivu"}]},{"@type":"WebSite","@id":"https:\/\/lesvolcansnews.net\/#website","url":"https:\/\/lesvolcansnews.net\/","name":"LES VOLCANS NEWS","description":"L&#039;INFORMATION C&#039;EST NOUS","potentialAction":[{"@type":"SearchAction","target":{"@type":"EntryPoint","urlTemplate":"https:\/\/lesvolcansnews.net\/?s={search_term_string}"},"query-input":{"@type":"PropertyValueSpecification","valueRequired":true,"valueName":"search_term_string"}}],"inLanguage":"fr-FR"},{"@type":"Person","@id":"https:\/\/lesvolcansnews.net\/#\/schema\/person\/82c8bed2e77879ecf6cca63441f57354","name":"R\u00e9daction - Les Volcans News","image":{"@type":"ImageObject","inLanguage":"fr-FR","@id":"https:\/\/secure.gravatar.com\/avatar\/8408942dd851e8a9c09f3d382a661bc05d2b3cd9002139bc1795b9528cdc6c80?s=96&d=mm&r=g","url":"https:\/\/secure.gravatar.com\/avatar\/8408942dd851e8a9c09f3d382a661bc05d2b3cd9002139bc1795b9528cdc6c80?s=96&d=mm&r=g","contentUrl":"https:\/\/secure.gravatar.com\/avatar\/8408942dd851e8a9c09f3d382a661bc05d2b3cd9002139bc1795b9528cdc6c80?s=96&d=mm&r=g","caption":"R\u00e9daction - Les Volcans News"},"url":"https:\/\/lesvolcansnews.net\/?author=14"}]}},"_links":{"self":[{"href":"https:\/\/lesvolcansnews.net\/index.php?rest_route=\/wp\/v2\/posts\/72804","targetHints":{"allow":["GET"]}}],"collection":[{"href":"https:\/\/lesvolcansnews.net\/index.php?rest_route=\/wp\/v2\/posts"}],"about":[{"href":"https:\/\/lesvolcansnews.net\/index.php?rest_route=\/wp\/v2\/types\/post"}],"author":[{"embeddable":true,"href":"https:\/\/lesvolcansnews.net\/index.php?rest_route=\/wp\/v2\/users\/14"}],"replies":[{"embeddable":true,"href":"https:\/\/lesvolcansnews.net\/index.php?rest_route=%2Fwp%2Fv2%2Fcomments&post=72804"}],"version-history":[{"count":1,"href":"https:\/\/lesvolcansnews.net\/index.php?rest_route=\/wp\/v2\/posts\/72804\/revisions"}],"predecessor-version":[{"id":72806,"href":"https:\/\/lesvolcansnews.net\/index.php?rest_route=\/wp\/v2\/posts\/72804\/revisions\/72806"}],"wp:featuredmedia":[{"embeddable":true,"href":"https:\/\/lesvolcansnews.net\/index.php?rest_route=\/wp\/v2\/media\/72805"}],"wp:attachment":[{"href":"https:\/\/lesvolcansnews.net\/index.php?rest_route=%2Fwp%2Fv2%2Fmedia&parent=72804"}],"wp:term":[{"taxonomy":"category","embeddable":true,"href":"https:\/\/lesvolcansnews.net\/index.php?rest_route=%2Fwp%2Fv2%2Fcategories&post=72804"},{"taxonomy":"post_tag","embeddable":true,"href":"https:\/\/lesvolcansnews.net\/index.php?rest_route=%2Fwp%2Fv2%2Ftags&post=72804"}],"curies":[{"name":"wp","href":"https:\/\/api.w.org\/{rel}","templated":true}]}}