{"id":72797,"date":"2026-02-20T11:28:46","date_gmt":"2026-02-20T09:28:46","guid":{"rendered":"https:\/\/lesvolcansnews.net\/?p=72797"},"modified":"2026-02-20T11:28:46","modified_gmt":"2026-02-20T09:28:46","slug":"violents-affrontements-dans-les-hauts-plateaux-du-sud-kivu-malgre-lannonce-dun-cessez-le-feu","status":"publish","type":"post","link":"https:\/\/lesvolcansnews.net\/?p=72797","title":{"rendered":"Violents affrontements dans les hauts plateaux du Sud-Kivu malgr\u00e9 l\u2019annonce d\u2019un cessez-le-feu"},"content":{"rendered":"<p><strong>De violents combats ont \u00e9t\u00e9 signal\u00e9s jeudi 19 f\u00e9vrier en d\u00e9but de soir\u00e9e entre les combattants Twirwaneho et les Forces arm\u00e9es de la R\u00e9publique d\u00e9mocratique du Congo (FARDC), appuy\u00e9es par l\u2019arm\u00e9e des Wazalendo, dans les localit\u00e9s de Tuwetuwe, Bilalombili et Mikenge, situ\u00e9es dans les hauts plateaux de Minembwe, en territoire de Fizi, dans la province du Sud-Kivu, selon des sources concordantes.<\/strong><\/p>\n<p>D\u2019apr\u00e8s des sources proches du M23, l\u2019arm\u00e9e congolaise aurait engag\u00e9 d\u2019importants renforts d\u2019infanterie, soutenus par plusieurs drones d\u2019attaque qui auraient bombard\u00e9 des positions attribu\u00e9es aux combattants Twirwaneho.<\/p>\n<p>Aucun bilan officiel n\u2019\u00e9tait disponible dans l\u2019imm\u00e9diat, la zone demeurant difficile d\u2019acc\u00e8s en raison d\u2019une coupure du r\u00e9seau de communication.<\/p>\n<p>Ces combats interviennent malgr\u00e9 l\u2019annonce r\u00e9cente d\u2019un cessez-le-feu dans le cadre des initiatives r\u00e9gionales men\u00e9es sous l\u2019\u00e9gide de Luanda.<\/p>\n<p>Dans un communiqu\u00e9 publi\u00e9 \u00e0 Goma le 19 f\u00e9vrier 2026, l\u2019Alliance Fleuve Congo (AFC\/M23) a d\u00e9nonc\u00e9 ce qu\u2019elle qualifie de \u00ab violations du cessez-le-feu \u00bb par l\u2019arm\u00e9e congolaise et ses alli\u00e9s, accusant une coalition comprenant des \u00e9l\u00e9ments des FARDC, des Wazalendo, des FDLR et des mercenaires \u00e9trangers d\u2019avoir intensifi\u00e9 des attaques contre des civils \u00e0 Minembwe, Mikenge, Karingi et dans l\u2019ensemble des hauts plateaux du Sud-Kivu.<\/p>\n<p>Les autorit\u00e9s congolaises n\u2019avaient pas r\u00e9agi officiellement \u00e0 ces accusations au moment de la publication.<\/p>\n<p>Par ailleurs, mercredi 18 f\u00e9vrier, des affrontements distincts ont oppos\u00e9 des combattants Wazalendo \u00e0 ceux du M23 dans les villages de Kasirusiru et Kalonge, dans le groupement de Bushwira, territoire de Kabare, toujours au Sud-Kivu, selon des sources locales et s\u00e9curitaires.<\/p>\n<p>Des sources s\u00e9curitaires dans la r\u00e9gion indiquent que les combattants du M23 auraient lanc\u00e9 une offensive coordonn\u00e9e dans cette zone, avec pour objectif pr\u00e9sum\u00e9 de progresser vers la cit\u00e9 strat\u00e9gique de Bunyakiri, dans le groupement de Kalima, territoire de Kalehe.<\/p>\n<p>Cette agglom\u00e9ration est consid\u00e9r\u00e9e comme un carrefour strat\u00e9gique reliant les hauts plateaux et les zones foresti\u00e8res du nord-ouest de la province.<\/p>\n<p>Les m\u00eames sources affirment que l\u2019avanc\u00e9e aurait \u00e9t\u00e9 contenue apr\u00e8s d\u2019intenses \u00e9changes de tirs.<\/p>\n<p>Aucun bilan officiel en termes de pertes humaines ou mat\u00e9rielles n\u2019\u00e9tait disponible et les autorit\u00e9s provinciales n\u2019avaient pas encore communiqu\u00e9 sur ces \u00e9v\u00e9nements.<\/p>\n<p>Les combats ont impliqu\u00e9 des \u00e9l\u00e9ments se r\u00e9clamant du Mouvement national des r\u00e9volutionnaires congolais (MNRC\/Wazalendo), un groupe d\u2019autod\u00e9fense dirig\u00e9 par le g\u00e9n\u00e9ral autoproclam\u00e9 Mwami-Kongo XIII, actif dans plusieurs zones du Sud-Kivu.<\/p>\n<p>Dans un autre incident signal\u00e9 jeudi 19 f\u00e9vrier 2026, des \u00e9changes de tirs d\u2019armes lourdes et l\u00e9g\u00e8res ont oppos\u00e9 deux factions Wazalendo \u00e0 Kasumbera, \u00e0 environ sept kilom\u00e8tres de la ville de Butembo, dans la province du Nord-Kivu, selon une source s\u00e9curitaire congolaise affirmant suivre de pr\u00e8s l\u2019\u00e9volution de la situation.<\/p>\n<p>Sur le terrain, des habitants \u00e9voquent un climat de peur et des d\u00e9placements sporadiques de civils vers des zones jug\u00e9es plus s\u00fbres.<\/p>\n<p>&nbsp;<\/p>\n<p>La r\u00e9daction<\/p>\n","protected":false},"excerpt":{"rendered":"<p>De violents combats ont \u00e9t\u00e9 signal\u00e9s jeudi 19 f\u00e9vrier en d\u00e9but de soir\u00e9e entre les combattants Twirwaneho et les Forces arm\u00e9es de la R\u00e9publique d\u00e9mocratique du Congo (FARDC), appuy\u00e9es par<\/p>\n","protected":false},"author":14,"featured_media":72798,"comment_status":"open","ping_status":"open","sticky":false,"template":"","format":"standard","meta":{"footnotes":""},"categories":[32],"tags":[],"class_list":["post-72797","post","type-post","status-publish","format-standard","has-post-thumbnail","hentry","category-securite"],"yoast_head":"<!-- This site is optimized with the Yoast SEO plugin v27.5 - https:\/\/yoast.com\/product\/yoast-seo-wordpress\/ -->\n<title>Violents affrontements dans les hauts plateaux du Sud-Kivu malgr\u00e9 l\u2019annonce d\u2019un cessez-le-feu - LES VOLCANS NEWS<\/title>\n<meta name=\"robots\" content=\"index, follow, max-snippet:-1, max-image-preview:large, max-video-preview:-1\" \/>\n<link rel=\"canonical\" href=\"https:\/\/lesvolcansnews.net\/?p=72797\" \/>\n<meta property=\"og:locale\" content=\"fr_FR\" \/>\n<meta property=\"og:type\" content=\"article\" \/>\n<meta property=\"og:title\" content=\"Violents affrontements dans les hauts plateaux du Sud-Kivu malgr\u00e9 l\u2019annonce d\u2019un cessez-le-feu - LES VOLCANS NEWS\" \/>\n<meta property=\"og:description\" content=\"De violents combats ont \u00e9t\u00e9 signal\u00e9s jeudi 19 f\u00e9vrier en d\u00e9but de soir\u00e9e entre les combattants Twirwaneho et les Forces arm\u00e9es de la R\u00e9publique d\u00e9mocratique du Congo (FARDC), appuy\u00e9es par\" \/>\n<meta property=\"og:url\" content=\"https:\/\/lesvolcansnews.net\/?p=72797\" \/>\n<meta property=\"og:site_name\" content=\"LES VOLCANS NEWS\" \/>\n<meta property=\"article:published_time\" content=\"2026-02-20T09:28:46+00:00\" \/>\n<meta property=\"og:image\" content=\"https:\/\/lesvolcansnews.net\/wp-content\/uploads\/2026\/02\/20260219_205152.jpg\" \/>\n\t<meta property=\"og:image:width\" content=\"1283\" \/>\n\t<meta property=\"og:image:height\" content=\"1029\" \/>\n\t<meta property=\"og:image:type\" content=\"image\/jpeg\" \/>\n<meta name=\"author\" content=\"R\u00e9daction - Les Volcans News\" \/>\n<meta name=\"twitter:card\" content=\"summary_large_image\" \/>\n<meta name=\"twitter:label1\" content=\"\u00c9crit par\" \/>\n\t<meta name=\"twitter:data1\" content=\"R\u00e9daction - Les Volcans News\" \/>\n\t<meta name=\"twitter:label2\" content=\"Dur\u00e9e de lecture estim\u00e9e\" \/>\n\t<meta name=\"twitter:data2\" content=\"3 minutes\" \/>\n<script type=\"application\/ld+json\" class=\"yoast-schema-graph\">{\"@context\":\"https:\\\/\\\/schema.org\",\"@graph\":[{\"@type\":\"Article\",\"@id\":\"https:\\\/\\\/lesvolcansnews.net\\\/?p=72797#article\",\"isPartOf\":{\"@id\":\"https:\\\/\\\/lesvolcansnews.net\\\/?p=72797\"},\"author\":{\"name\":\"R\u00e9daction - Les Volcans News\",\"@id\":\"https:\\\/\\\/lesvolcansnews.net\\\/#\\\/schema\\\/person\\\/82c8bed2e77879ecf6cca63441f57354\"},\"headline\":\"Violents affrontements dans les hauts plateaux du Sud-Kivu malgr\u00e9 l\u2019annonce d\u2019un cessez-le-feu\",\"datePublished\":\"2026-02-20T09:28:46+00:00\",\"mainEntityOfPage\":{\"@id\":\"https:\\\/\\\/lesvolcansnews.net\\\/?p=72797\"},\"wordCount\":543,\"commentCount\":0,\"image\":{\"@id\":\"https:\\\/\\\/lesvolcansnews.net\\\/?p=72797#primaryimage\"},\"thumbnailUrl\":\"https:\\\/\\\/lesvolcansnews.net\\\/wp-content\\\/uploads\\\/2026\\\/02\\\/20260219_205152.jpg\",\"articleSection\":[\"S\u00c9CURIT\u00c9\"],\"inLanguage\":\"fr-FR\",\"potentialAction\":[{\"@type\":\"CommentAction\",\"name\":\"Comment\",\"target\":[\"https:\\\/\\\/lesvolcansnews.net\\\/?p=72797#respond\"]}]},{\"@type\":\"WebPage\",\"@id\":\"https:\\\/\\\/lesvolcansnews.net\\\/?p=72797\",\"url\":\"https:\\\/\\\/lesvolcansnews.net\\\/?p=72797\",\"name\":\"Violents affrontements dans les hauts plateaux du Sud-Kivu malgr\u00e9 l\u2019annonce d\u2019un cessez-le-feu - LES VOLCANS NEWS\",\"isPartOf\":{\"@id\":\"https:\\\/\\\/lesvolcansnews.net\\\/#website\"},\"primaryImageOfPage\":{\"@id\":\"https:\\\/\\\/lesvolcansnews.net\\\/?p=72797#primaryimage\"},\"image\":{\"@id\":\"https:\\\/\\\/lesvolcansnews.net\\\/?p=72797#primaryimage\"},\"thumbnailUrl\":\"https:\\\/\\\/lesvolcansnews.net\\\/wp-content\\\/uploads\\\/2026\\\/02\\\/20260219_205152.jpg\",\"datePublished\":\"2026-02-20T09:28:46+00:00\",\"author\":{\"@id\":\"https:\\\/\\\/lesvolcansnews.net\\\/#\\\/schema\\\/person\\\/82c8bed2e77879ecf6cca63441f57354\"},\"breadcrumb\":{\"@id\":\"https:\\\/\\\/lesvolcansnews.net\\\/?p=72797#breadcrumb\"},\"inLanguage\":\"fr-FR\",\"potentialAction\":[{\"@type\":\"ReadAction\",\"target\":[\"https:\\\/\\\/lesvolcansnews.net\\\/?p=72797\"]}]},{\"@type\":\"ImageObject\",\"inLanguage\":\"fr-FR\",\"@id\":\"https:\\\/\\\/lesvolcansnews.net\\\/?p=72797#primaryimage\",\"url\":\"https:\\\/\\\/lesvolcansnews.net\\\/wp-content\\\/uploads\\\/2026\\\/02\\\/20260219_205152.jpg\",\"contentUrl\":\"https:\\\/\\\/lesvolcansnews.net\\\/wp-content\\\/uploads\\\/2026\\\/02\\\/20260219_205152.jpg\",\"width\":1283,\"height\":1029},{\"@type\":\"BreadcrumbList\",\"@id\":\"https:\\\/\\\/lesvolcansnews.net\\\/?p=72797#breadcrumb\",\"itemListElement\":[{\"@type\":\"ListItem\",\"position\":1,\"name\":\"Accueil\",\"item\":\"https:\\\/\\\/lesvolcansnews.net\\\/\"},{\"@type\":\"ListItem\",\"position\":2,\"name\":\"Violents affrontements dans les hauts plateaux du Sud-Kivu malgr\u00e9 l\u2019annonce d\u2019un cessez-le-feu\"}]},{\"@type\":\"WebSite\",\"@id\":\"https:\\\/\\\/lesvolcansnews.net\\\/#website\",\"url\":\"https:\\\/\\\/lesvolcansnews.net\\\/\",\"name\":\"LES VOLCANS NEWS\",\"description\":\"L&#039;INFORMATION C&#039;EST NOUS\",\"potentialAction\":[{\"@type\":\"SearchAction\",\"target\":{\"@type\":\"EntryPoint\",\"urlTemplate\":\"https:\\\/\\\/lesvolcansnews.net\\\/?s={search_term_string}\"},\"query-input\":{\"@type\":\"PropertyValueSpecification\",\"valueRequired\":true,\"valueName\":\"search_term_string\"}}],\"inLanguage\":\"fr-FR\"},{\"@type\":\"Person\",\"@id\":\"https:\\\/\\\/lesvolcansnews.net\\\/#\\\/schema\\\/person\\\/82c8bed2e77879ecf6cca63441f57354\",\"name\":\"R\u00e9daction - Les Volcans News\",\"image\":{\"@type\":\"ImageObject\",\"inLanguage\":\"fr-FR\",\"@id\":\"https:\\\/\\\/secure.gravatar.com\\\/avatar\\\/8408942dd851e8a9c09f3d382a661bc05d2b3cd9002139bc1795b9528cdc6c80?s=96&d=mm&r=g\",\"url\":\"https:\\\/\\\/secure.gravatar.com\\\/avatar\\\/8408942dd851e8a9c09f3d382a661bc05d2b3cd9002139bc1795b9528cdc6c80?s=96&d=mm&r=g\",\"contentUrl\":\"https:\\\/\\\/secure.gravatar.com\\\/avatar\\\/8408942dd851e8a9c09f3d382a661bc05d2b3cd9002139bc1795b9528cdc6c80?s=96&d=mm&r=g\",\"caption\":\"R\u00e9daction - Les Volcans News\"},\"url\":\"https:\\\/\\\/lesvolcansnews.net\\\/?author=14\"}]}<\/script>\n<!-- \/ Yoast SEO plugin. -->","yoast_head_json":{"title":"Violents affrontements dans les hauts plateaux du Sud-Kivu malgr\u00e9 l\u2019annonce d\u2019un cessez-le-feu - LES VOLCANS NEWS","robots":{"index":"index","follow":"follow","max-snippet":"max-snippet:-1","max-image-preview":"max-image-preview:large","max-video-preview":"max-video-preview:-1"},"canonical":"https:\/\/lesvolcansnews.net\/?p=72797","og_locale":"fr_FR","og_type":"article","og_title":"Violents affrontements dans les hauts plateaux du Sud-Kivu malgr\u00e9 l\u2019annonce d\u2019un cessez-le-feu - LES VOLCANS NEWS","og_description":"De violents combats ont \u00e9t\u00e9 signal\u00e9s jeudi 19 f\u00e9vrier en d\u00e9but de soir\u00e9e entre les combattants Twirwaneho et les Forces arm\u00e9es de la R\u00e9publique d\u00e9mocratique du Congo (FARDC), appuy\u00e9es par","og_url":"https:\/\/lesvolcansnews.net\/?p=72797","og_site_name":"LES VOLCANS NEWS","article_published_time":"2026-02-20T09:28:46+00:00","og_image":[{"width":1283,"height":1029,"url":"https:\/\/lesvolcansnews.net\/wp-content\/uploads\/2026\/02\/20260219_205152.jpg","type":"image\/jpeg"}],"author":"R\u00e9daction - Les Volcans News","twitter_card":"summary_large_image","twitter_misc":{"\u00c9crit par":"R\u00e9daction - Les Volcans News","Dur\u00e9e de lecture estim\u00e9e":"3 minutes"},"schema":{"@context":"https:\/\/schema.org","@graph":[{"@type":"Article","@id":"https:\/\/lesvolcansnews.net\/?p=72797#article","isPartOf":{"@id":"https:\/\/lesvolcansnews.net\/?p=72797"},"author":{"name":"R\u00e9daction - Les Volcans News","@id":"https:\/\/lesvolcansnews.net\/#\/schema\/person\/82c8bed2e77879ecf6cca63441f57354"},"headline":"Violents affrontements dans les hauts plateaux du Sud-Kivu malgr\u00e9 l\u2019annonce d\u2019un cessez-le-feu","datePublished":"2026-02-20T09:28:46+00:00","mainEntityOfPage":{"@id":"https:\/\/lesvolcansnews.net\/?p=72797"},"wordCount":543,"commentCount":0,"image":{"@id":"https:\/\/lesvolcansnews.net\/?p=72797#primaryimage"},"thumbnailUrl":"https:\/\/lesvolcansnews.net\/wp-content\/uploads\/2026\/02\/20260219_205152.jpg","articleSection":["S\u00c9CURIT\u00c9"],"inLanguage":"fr-FR","potentialAction":[{"@type":"CommentAction","name":"Comment","target":["https:\/\/lesvolcansnews.net\/?p=72797#respond"]}]},{"@type":"WebPage","@id":"https:\/\/lesvolcansnews.net\/?p=72797","url":"https:\/\/lesvolcansnews.net\/?p=72797","name":"Violents affrontements dans les hauts plateaux du Sud-Kivu malgr\u00e9 l\u2019annonce d\u2019un cessez-le-feu - LES VOLCANS NEWS","isPartOf":{"@id":"https:\/\/lesvolcansnews.net\/#website"},"primaryImageOfPage":{"@id":"https:\/\/lesvolcansnews.net\/?p=72797#primaryimage"},"image":{"@id":"https:\/\/lesvolcansnews.net\/?p=72797#primaryimage"},"thumbnailUrl":"https:\/\/lesvolcansnews.net\/wp-content\/uploads\/2026\/02\/20260219_205152.jpg","datePublished":"2026-02-20T09:28:46+00:00","author":{"@id":"https:\/\/lesvolcansnews.net\/#\/schema\/person\/82c8bed2e77879ecf6cca63441f57354"},"breadcrumb":{"@id":"https:\/\/lesvolcansnews.net\/?p=72797#breadcrumb"},"inLanguage":"fr-FR","potentialAction":[{"@type":"ReadAction","target":["https:\/\/lesvolcansnews.net\/?p=72797"]}]},{"@type":"ImageObject","inLanguage":"fr-FR","@id":"https:\/\/lesvolcansnews.net\/?p=72797#primaryimage","url":"https:\/\/lesvolcansnews.net\/wp-content\/uploads\/2026\/02\/20260219_205152.jpg","contentUrl":"https:\/\/lesvolcansnews.net\/wp-content\/uploads\/2026\/02\/20260219_205152.jpg","width":1283,"height":1029},{"@type":"BreadcrumbList","@id":"https:\/\/lesvolcansnews.net\/?p=72797#breadcrumb","itemListElement":[{"@type":"ListItem","position":1,"name":"Accueil","item":"https:\/\/lesvolcansnews.net\/"},{"@type":"ListItem","position":2,"name":"Violents affrontements dans les hauts plateaux du Sud-Kivu malgr\u00e9 l\u2019annonce d\u2019un cessez-le-feu"}]},{"@type":"WebSite","@id":"https:\/\/lesvolcansnews.net\/#website","url":"https:\/\/lesvolcansnews.net\/","name":"LES VOLCANS NEWS","description":"L&#039;INFORMATION C&#039;EST NOUS","potentialAction":[{"@type":"SearchAction","target":{"@type":"EntryPoint","urlTemplate":"https:\/\/lesvolcansnews.net\/?s={search_term_string}"},"query-input":{"@type":"PropertyValueSpecification","valueRequired":true,"valueName":"search_term_string"}}],"inLanguage":"fr-FR"},{"@type":"Person","@id":"https:\/\/lesvolcansnews.net\/#\/schema\/person\/82c8bed2e77879ecf6cca63441f57354","name":"R\u00e9daction - Les Volcans News","image":{"@type":"ImageObject","inLanguage":"fr-FR","@id":"https:\/\/secure.gravatar.com\/avatar\/8408942dd851e8a9c09f3d382a661bc05d2b3cd9002139bc1795b9528cdc6c80?s=96&d=mm&r=g","url":"https:\/\/secure.gravatar.com\/avatar\/8408942dd851e8a9c09f3d382a661bc05d2b3cd9002139bc1795b9528cdc6c80?s=96&d=mm&r=g","contentUrl":"https:\/\/secure.gravatar.com\/avatar\/8408942dd851e8a9c09f3d382a661bc05d2b3cd9002139bc1795b9528cdc6c80?s=96&d=mm&r=g","caption":"R\u00e9daction - Les Volcans News"},"url":"https:\/\/lesvolcansnews.net\/?author=14"}]}},"_links":{"self":[{"href":"https:\/\/lesvolcansnews.net\/index.php?rest_route=\/wp\/v2\/posts\/72797","targetHints":{"allow":["GET"]}}],"collection":[{"href":"https:\/\/lesvolcansnews.net\/index.php?rest_route=\/wp\/v2\/posts"}],"about":[{"href":"https:\/\/lesvolcansnews.net\/index.php?rest_route=\/wp\/v2\/types\/post"}],"author":[{"embeddable":true,"href":"https:\/\/lesvolcansnews.net\/index.php?rest_route=\/wp\/v2\/users\/14"}],"replies":[{"embeddable":true,"href":"https:\/\/lesvolcansnews.net\/index.php?rest_route=%2Fwp%2Fv2%2Fcomments&post=72797"}],"version-history":[{"count":1,"href":"https:\/\/lesvolcansnews.net\/index.php?rest_route=\/wp\/v2\/posts\/72797\/revisions"}],"predecessor-version":[{"id":72799,"href":"https:\/\/lesvolcansnews.net\/index.php?rest_route=\/wp\/v2\/posts\/72797\/revisions\/72799"}],"wp:featuredmedia":[{"embeddable":true,"href":"https:\/\/lesvolcansnews.net\/index.php?rest_route=\/wp\/v2\/media\/72798"}],"wp:attachment":[{"href":"https:\/\/lesvolcansnews.net\/index.php?rest_route=%2Fwp%2Fv2%2Fmedia&parent=72797"}],"wp:term":[{"taxonomy":"category","embeddable":true,"href":"https:\/\/lesvolcansnews.net\/index.php?rest_route=%2Fwp%2Fv2%2Fcategories&post=72797"},{"taxonomy":"post_tag","embeddable":true,"href":"https:\/\/lesvolcansnews.net\/index.php?rest_route=%2Fwp%2Fv2%2Ftags&post=72797"}],"curies":[{"name":"wp","href":"https:\/\/api.w.org\/{rel}","templated":true}]}}