{"id":72780,"date":"2026-02-19T20:44:41","date_gmt":"2026-02-19T18:44:41","guid":{"rendered":"https:\/\/lesvolcansnews.net\/?p=72780"},"modified":"2026-02-19T20:44:41","modified_gmt":"2026-02-19T18:44:41","slug":"sud-kivu-a-sange-lepidemie-de-cholera-maitrisee-apres-huit-semaines-dintervention-durgence","status":"publish","type":"post","link":"https:\/\/lesvolcansnews.net\/?p=72780","title":{"rendered":"Sud-Kivu : \u00e0 Sang\u00e9, l\u2019\u00e9pid\u00e9mie de chol\u00e9ra ma\u00eetris\u00e9e apr\u00e8s huit semaines d\u2019intervention d\u2019urgence"},"content":{"rendered":"<p>&nbsp;<\/p>\n<p><strong>\u00c0 Sang\u00e9, dans le territoire d\u2019Uvira au Sud-Kivu, l\u2019une des flamb\u00e9es de chol\u00e9ra les plus s\u00e9v\u00e8res enregistr\u00e9es depuis cinq ans est d\u00e9sormais sous contr\u00f4le. Apr\u00e8s huit semaines de riposte, l\u2019organisation humanitaire M\u00e9decins Sans Fronti\u00e8res (MSF) annonce une baisse de 90 % des cas dans la zone de sant\u00e9 de Ruzizi, \u00e0 l\u2019est de la R\u00e9publique d\u00e9mocratique du Congo<\/strong>.<\/p>\n<p>Depuis le d\u00e9but de l\u2019\u00e9pid\u00e9mie, plus de 800 patients ont \u00e9t\u00e9 pris en charge. Parmi eux, Tanishaka, agriculteur de 48 ans, raconte avoir \u00e9t\u00e9 frapp\u00e9 par de violentes douleurs abdominales, suivies de vomissements et de diarrh\u00e9es aigu\u00ebs. Son \u00e9tat s\u2019est rapidement d\u00e9t\u00e9rior\u00e9, l\u2019obligeant \u00e0 se rendre en urgence \u00e0 l\u2019h\u00f4pital g\u00e9n\u00e9ral de Sang\u00e9, o\u00f9 il a \u00e9t\u00e9 admis au centre de traitement du chol\u00e9ra soutenu par MSF.<\/p>\n<p>&nbsp;<\/p>\n<p>Selon les acteurs sanitaires, l\u2019\u00e9pid\u00e9mie trouve son origine dans le dysfonctionnement des deux principaux points de captage d\u2019eau de la ville, devenus inaccessibles en raison de l\u2019ins\u00e9curit\u00e9 et de l\u2019obstruction des syst\u00e8mes de filtration par le sable et la terre.<\/p>\n<p>Priv\u00e9e d\u2019eau potable pendant plusieurs mois, la population a \u00e9t\u00e9 contrainte de se tourner vers des sources non trait\u00e9es, notamment la rivi\u00e8re et les canaux d\u2019irrigation. Cette situation, combin\u00e9e \u00e0 la fragilit\u00e9 du syst\u00e8me de sant\u00e9 local, a favoris\u00e9 la propagation rapide de la maladie.<\/p>\n<p>Les d\u00e9placements massifs de population li\u00e9s aux affrontements opposant les Forces arm\u00e9es de la R\u00e9publique d\u00e9mocratique du Congo (FARDC), appuy\u00e9es par les Wazalendo, au groupe arm\u00e9 AFC\/M23 ont \u00e9galement accentu\u00e9 la vuln\u00e9rabilit\u00e9 des habitants. De nombreux d\u00e9plac\u00e9s vivent dans des conditions pr\u00e9caires, sans acc\u00e8s suffisant \u00e0 l\u2019eau potable ni \u00e0 des infrastructures d\u2019assainissement ad\u00e9quates.<\/p>\n<p><strong>Une riposte renforc\u00e9e malgr\u00e9 un contexte s\u00e9curitaire fragile<\/strong><\/p>\n<p>Pour contenir la flamb\u00e9e, MSF a appuy\u00e9 le centre de traitement du chol\u00e9ra de l\u2019h\u00f4pital g\u00e9n\u00e9ral de Sang\u00e9 ainsi que le centre de sant\u00e9 de Ndunda. Plus de 50 points de chloration ont \u00e9t\u00e9 install\u00e9s dans la zone de sant\u00e9 de Ruzizi afin de s\u00e9curiser l\u2019approvisionnement en eau.<\/p>\n<p>L\u2019organisation travaille \u00e9galement avec les communaut\u00e9s locales pour r\u00e9habiliter les points de captage et remettre en place un syst\u00e8me de filtration et de chloration durable. Des campagnes de sensibilisation ont \u00e9t\u00e9 men\u00e9es aupr\u00e8s des relais communautaires pour renforcer les pratiques d\u2019hygi\u00e8ne et am\u00e9liorer la d\u00e9tection pr\u00e9coce des cas.<\/p>\n<p>Fin janvier, une explosion meurtri\u00e8re survenue en ville a contraint les \u00e9quipes d\u2019urgence \u00e0 \u00e9vacuer temporairement Sang\u00e9 pour des raisons de s\u00e9curit\u00e9. Les activit\u00e9s ont toutefois \u00e9t\u00e9 maintenues \u00e0 distance jusqu\u2019\u00e0 la mi-f\u00e9vrier, permettant d\u2019assurer la continuit\u00e9 de la prise en charge.<\/p>\n<p>Aujourd\u2019hui, la courbe des cas a nettement diminu\u00e9. Les acteurs humanitaires insistent cependant sur la n\u00e9cessit\u00e9 d\u2019un acc\u00e8s s\u00e9curis\u00e9 et durable \u00e0 l\u2019eau potable afin d\u2019\u00e9viter toute r\u00e9surgence dans cette zone r\u00e9guli\u00e8rement touch\u00e9e par le chol\u00e9ra.<\/p>\n<p>Yseult Lwango<\/p>\n","protected":false},"excerpt":{"rendered":"<p>&nbsp; \u00c0 Sang\u00e9, dans le territoire d\u2019Uvira au Sud-Kivu, l\u2019une des flamb\u00e9es de chol\u00e9ra les plus s\u00e9v\u00e8res enregistr\u00e9es depuis cinq ans est d\u00e9sormais sous contr\u00f4le. Apr\u00e8s huit semaines de riposte,<\/p>\n","protected":false},"author":14,"featured_media":72781,"comment_status":"open","ping_status":"open","sticky":false,"template":"","format":"standard","meta":{"footnotes":""},"categories":[29],"tags":[],"class_list":["post-72780","post","type-post","status-publish","format-standard","has-post-thumbnail","hentry","category-sante"],"yoast_head":"<!-- This site is optimized with the Yoast SEO plugin v27.3 - https:\/\/yoast.com\/product\/yoast-seo-wordpress\/ -->\n<title>Sud-Kivu : \u00e0 Sang\u00e9, l\u2019\u00e9pid\u00e9mie de chol\u00e9ra ma\u00eetris\u00e9e apr\u00e8s huit semaines d\u2019intervention d\u2019urgence - LES VOLCANS NEWS<\/title>\n<meta name=\"robots\" content=\"index, follow, max-snippet:-1, max-image-preview:large, max-video-preview:-1\" \/>\n<link rel=\"canonical\" href=\"https:\/\/lesvolcansnews.net\/?p=72780\" \/>\n<meta property=\"og:locale\" content=\"fr_FR\" \/>\n<meta property=\"og:type\" content=\"article\" \/>\n<meta property=\"og:title\" content=\"Sud-Kivu : \u00e0 Sang\u00e9, l\u2019\u00e9pid\u00e9mie de chol\u00e9ra ma\u00eetris\u00e9e apr\u00e8s huit semaines d\u2019intervention d\u2019urgence - LES VOLCANS NEWS\" \/>\n<meta property=\"og:description\" content=\"&nbsp; \u00c0 Sang\u00e9, dans le territoire d\u2019Uvira au Sud-Kivu, l\u2019une des flamb\u00e9es de chol\u00e9ra les plus s\u00e9v\u00e8res enregistr\u00e9es depuis cinq ans est d\u00e9sormais sous contr\u00f4le. Apr\u00e8s huit semaines de riposte,\" \/>\n<meta property=\"og:url\" content=\"https:\/\/lesvolcansnews.net\/?p=72780\" \/>\n<meta property=\"og:site_name\" content=\"LES VOLCANS NEWS\" \/>\n<meta property=\"article:published_time\" content=\"2026-02-19T18:44:41+00:00\" \/>\n<meta property=\"og:image\" content=\"https:\/\/lesvolcansnews.net\/wp-content\/uploads\/2026\/02\/IMG-20260219-WA0257.jpg\" \/>\n\t<meta property=\"og:image:width\" content=\"828\" \/>\n\t<meta property=\"og:image:height\" content=\"520\" \/>\n\t<meta property=\"og:image:type\" content=\"image\/jpeg\" \/>\n<meta name=\"author\" content=\"R\u00e9daction - Les Volcans News\" \/>\n<meta name=\"twitter:card\" content=\"summary_large_image\" \/>\n<meta name=\"twitter:label1\" content=\"\u00c9crit par\" \/>\n\t<meta name=\"twitter:data1\" content=\"R\u00e9daction - Les Volcans News\" \/>\n\t<meta name=\"twitter:label2\" content=\"Dur\u00e9e de lecture estim\u00e9e\" \/>\n\t<meta name=\"twitter:data2\" content=\"3 minutes\" \/>\n<script type=\"application\/ld+json\" class=\"yoast-schema-graph\">{\"@context\":\"https:\\\/\\\/schema.org\",\"@graph\":[{\"@type\":\"Article\",\"@id\":\"https:\\\/\\\/lesvolcansnews.net\\\/?p=72780#article\",\"isPartOf\":{\"@id\":\"https:\\\/\\\/lesvolcansnews.net\\\/?p=72780\"},\"author\":{\"name\":\"R\u00e9daction - Les Volcans News\",\"@id\":\"https:\\\/\\\/lesvolcansnews.net\\\/#\\\/schema\\\/person\\\/82c8bed2e77879ecf6cca63441f57354\"},\"headline\":\"Sud-Kivu : \u00e0 Sang\u00e9, l\u2019\u00e9pid\u00e9mie de chol\u00e9ra ma\u00eetris\u00e9e apr\u00e8s huit semaines d\u2019intervention d\u2019urgence\",\"datePublished\":\"2026-02-19T18:44:41+00:00\",\"mainEntityOfPage\":{\"@id\":\"https:\\\/\\\/lesvolcansnews.net\\\/?p=72780\"},\"wordCount\":553,\"commentCount\":0,\"image\":{\"@id\":\"https:\\\/\\\/lesvolcansnews.net\\\/?p=72780#primaryimage\"},\"thumbnailUrl\":\"https:\\\/\\\/lesvolcansnews.net\\\/wp-content\\\/uploads\\\/2026\\\/02\\\/IMG-20260219-WA0257.jpg\",\"articleSection\":[\"SANT\u00c9\"],\"inLanguage\":\"fr-FR\",\"potentialAction\":[{\"@type\":\"CommentAction\",\"name\":\"Comment\",\"target\":[\"https:\\\/\\\/lesvolcansnews.net\\\/?p=72780#respond\"]}]},{\"@type\":\"WebPage\",\"@id\":\"https:\\\/\\\/lesvolcansnews.net\\\/?p=72780\",\"url\":\"https:\\\/\\\/lesvolcansnews.net\\\/?p=72780\",\"name\":\"Sud-Kivu : \u00e0 Sang\u00e9, l\u2019\u00e9pid\u00e9mie de chol\u00e9ra ma\u00eetris\u00e9e apr\u00e8s huit semaines d\u2019intervention d\u2019urgence - LES VOLCANS NEWS\",\"isPartOf\":{\"@id\":\"https:\\\/\\\/lesvolcansnews.net\\\/#website\"},\"primaryImageOfPage\":{\"@id\":\"https:\\\/\\\/lesvolcansnews.net\\\/?p=72780#primaryimage\"},\"image\":{\"@id\":\"https:\\\/\\\/lesvolcansnews.net\\\/?p=72780#primaryimage\"},\"thumbnailUrl\":\"https:\\\/\\\/lesvolcansnews.net\\\/wp-content\\\/uploads\\\/2026\\\/02\\\/IMG-20260219-WA0257.jpg\",\"datePublished\":\"2026-02-19T18:44:41+00:00\",\"author\":{\"@id\":\"https:\\\/\\\/lesvolcansnews.net\\\/#\\\/schema\\\/person\\\/82c8bed2e77879ecf6cca63441f57354\"},\"breadcrumb\":{\"@id\":\"https:\\\/\\\/lesvolcansnews.net\\\/?p=72780#breadcrumb\"},\"inLanguage\":\"fr-FR\",\"potentialAction\":[{\"@type\":\"ReadAction\",\"target\":[\"https:\\\/\\\/lesvolcansnews.net\\\/?p=72780\"]}]},{\"@type\":\"ImageObject\",\"inLanguage\":\"fr-FR\",\"@id\":\"https:\\\/\\\/lesvolcansnews.net\\\/?p=72780#primaryimage\",\"url\":\"https:\\\/\\\/lesvolcansnews.net\\\/wp-content\\\/uploads\\\/2026\\\/02\\\/IMG-20260219-WA0257.jpg\",\"contentUrl\":\"https:\\\/\\\/lesvolcansnews.net\\\/wp-content\\\/uploads\\\/2026\\\/02\\\/IMG-20260219-WA0257.jpg\",\"width\":828,\"height\":520},{\"@type\":\"BreadcrumbList\",\"@id\":\"https:\\\/\\\/lesvolcansnews.net\\\/?p=72780#breadcrumb\",\"itemListElement\":[{\"@type\":\"ListItem\",\"position\":1,\"name\":\"Accueil\",\"item\":\"https:\\\/\\\/lesvolcansnews.net\\\/\"},{\"@type\":\"ListItem\",\"position\":2,\"name\":\"Sud-Kivu : \u00e0 Sang\u00e9, l\u2019\u00e9pid\u00e9mie de chol\u00e9ra ma\u00eetris\u00e9e apr\u00e8s huit semaines d\u2019intervention d\u2019urgence\"}]},{\"@type\":\"WebSite\",\"@id\":\"https:\\\/\\\/lesvolcansnews.net\\\/#website\",\"url\":\"https:\\\/\\\/lesvolcansnews.net\\\/\",\"name\":\"LES VOLCANS NEWS\",\"description\":\"L&#039;INFORMATION C&#039;EST NOUS\",\"potentialAction\":[{\"@type\":\"SearchAction\",\"target\":{\"@type\":\"EntryPoint\",\"urlTemplate\":\"https:\\\/\\\/lesvolcansnews.net\\\/?s={search_term_string}\"},\"query-input\":{\"@type\":\"PropertyValueSpecification\",\"valueRequired\":true,\"valueName\":\"search_term_string\"}}],\"inLanguage\":\"fr-FR\"},{\"@type\":\"Person\",\"@id\":\"https:\\\/\\\/lesvolcansnews.net\\\/#\\\/schema\\\/person\\\/82c8bed2e77879ecf6cca63441f57354\",\"name\":\"R\u00e9daction - Les Volcans News\",\"image\":{\"@type\":\"ImageObject\",\"inLanguage\":\"fr-FR\",\"@id\":\"https:\\\/\\\/secure.gravatar.com\\\/avatar\\\/8408942dd851e8a9c09f3d382a661bc05d2b3cd9002139bc1795b9528cdc6c80?s=96&d=mm&r=g\",\"url\":\"https:\\\/\\\/secure.gravatar.com\\\/avatar\\\/8408942dd851e8a9c09f3d382a661bc05d2b3cd9002139bc1795b9528cdc6c80?s=96&d=mm&r=g\",\"contentUrl\":\"https:\\\/\\\/secure.gravatar.com\\\/avatar\\\/8408942dd851e8a9c09f3d382a661bc05d2b3cd9002139bc1795b9528cdc6c80?s=96&d=mm&r=g\",\"caption\":\"R\u00e9daction - Les Volcans News\"},\"url\":\"https:\\\/\\\/lesvolcansnews.net\\\/?author=14\"}]}<\/script>\n<!-- \/ Yoast SEO plugin. -->","yoast_head_json":{"title":"Sud-Kivu : \u00e0 Sang\u00e9, l\u2019\u00e9pid\u00e9mie de chol\u00e9ra ma\u00eetris\u00e9e apr\u00e8s huit semaines d\u2019intervention d\u2019urgence - LES VOLCANS NEWS","robots":{"index":"index","follow":"follow","max-snippet":"max-snippet:-1","max-image-preview":"max-image-preview:large","max-video-preview":"max-video-preview:-1"},"canonical":"https:\/\/lesvolcansnews.net\/?p=72780","og_locale":"fr_FR","og_type":"article","og_title":"Sud-Kivu : \u00e0 Sang\u00e9, l\u2019\u00e9pid\u00e9mie de chol\u00e9ra ma\u00eetris\u00e9e apr\u00e8s huit semaines d\u2019intervention d\u2019urgence - LES VOLCANS NEWS","og_description":"&nbsp; \u00c0 Sang\u00e9, dans le territoire d\u2019Uvira au Sud-Kivu, l\u2019une des flamb\u00e9es de chol\u00e9ra les plus s\u00e9v\u00e8res enregistr\u00e9es depuis cinq ans est d\u00e9sormais sous contr\u00f4le. Apr\u00e8s huit semaines de riposte,","og_url":"https:\/\/lesvolcansnews.net\/?p=72780","og_site_name":"LES VOLCANS NEWS","article_published_time":"2026-02-19T18:44:41+00:00","og_image":[{"width":828,"height":520,"url":"https:\/\/lesvolcansnews.net\/wp-content\/uploads\/2026\/02\/IMG-20260219-WA0257.jpg","type":"image\/jpeg"}],"author":"R\u00e9daction - Les Volcans News","twitter_card":"summary_large_image","twitter_misc":{"\u00c9crit par":"R\u00e9daction - Les Volcans News","Dur\u00e9e de lecture estim\u00e9e":"3 minutes"},"schema":{"@context":"https:\/\/schema.org","@graph":[{"@type":"Article","@id":"https:\/\/lesvolcansnews.net\/?p=72780#article","isPartOf":{"@id":"https:\/\/lesvolcansnews.net\/?p=72780"},"author":{"name":"R\u00e9daction - Les Volcans News","@id":"https:\/\/lesvolcansnews.net\/#\/schema\/person\/82c8bed2e77879ecf6cca63441f57354"},"headline":"Sud-Kivu : \u00e0 Sang\u00e9, l\u2019\u00e9pid\u00e9mie de chol\u00e9ra ma\u00eetris\u00e9e apr\u00e8s huit semaines d\u2019intervention d\u2019urgence","datePublished":"2026-02-19T18:44:41+00:00","mainEntityOfPage":{"@id":"https:\/\/lesvolcansnews.net\/?p=72780"},"wordCount":553,"commentCount":0,"image":{"@id":"https:\/\/lesvolcansnews.net\/?p=72780#primaryimage"},"thumbnailUrl":"https:\/\/lesvolcansnews.net\/wp-content\/uploads\/2026\/02\/IMG-20260219-WA0257.jpg","articleSection":["SANT\u00c9"],"inLanguage":"fr-FR","potentialAction":[{"@type":"CommentAction","name":"Comment","target":["https:\/\/lesvolcansnews.net\/?p=72780#respond"]}]},{"@type":"WebPage","@id":"https:\/\/lesvolcansnews.net\/?p=72780","url":"https:\/\/lesvolcansnews.net\/?p=72780","name":"Sud-Kivu : \u00e0 Sang\u00e9, l\u2019\u00e9pid\u00e9mie de chol\u00e9ra ma\u00eetris\u00e9e apr\u00e8s huit semaines d\u2019intervention d\u2019urgence - LES VOLCANS NEWS","isPartOf":{"@id":"https:\/\/lesvolcansnews.net\/#website"},"primaryImageOfPage":{"@id":"https:\/\/lesvolcansnews.net\/?p=72780#primaryimage"},"image":{"@id":"https:\/\/lesvolcansnews.net\/?p=72780#primaryimage"},"thumbnailUrl":"https:\/\/lesvolcansnews.net\/wp-content\/uploads\/2026\/02\/IMG-20260219-WA0257.jpg","datePublished":"2026-02-19T18:44:41+00:00","author":{"@id":"https:\/\/lesvolcansnews.net\/#\/schema\/person\/82c8bed2e77879ecf6cca63441f57354"},"breadcrumb":{"@id":"https:\/\/lesvolcansnews.net\/?p=72780#breadcrumb"},"inLanguage":"fr-FR","potentialAction":[{"@type":"ReadAction","target":["https:\/\/lesvolcansnews.net\/?p=72780"]}]},{"@type":"ImageObject","inLanguage":"fr-FR","@id":"https:\/\/lesvolcansnews.net\/?p=72780#primaryimage","url":"https:\/\/lesvolcansnews.net\/wp-content\/uploads\/2026\/02\/IMG-20260219-WA0257.jpg","contentUrl":"https:\/\/lesvolcansnews.net\/wp-content\/uploads\/2026\/02\/IMG-20260219-WA0257.jpg","width":828,"height":520},{"@type":"BreadcrumbList","@id":"https:\/\/lesvolcansnews.net\/?p=72780#breadcrumb","itemListElement":[{"@type":"ListItem","position":1,"name":"Accueil","item":"https:\/\/lesvolcansnews.net\/"},{"@type":"ListItem","position":2,"name":"Sud-Kivu : \u00e0 Sang\u00e9, l\u2019\u00e9pid\u00e9mie de chol\u00e9ra ma\u00eetris\u00e9e apr\u00e8s huit semaines d\u2019intervention d\u2019urgence"}]},{"@type":"WebSite","@id":"https:\/\/lesvolcansnews.net\/#website","url":"https:\/\/lesvolcansnews.net\/","name":"LES VOLCANS NEWS","description":"L&#039;INFORMATION C&#039;EST NOUS","potentialAction":[{"@type":"SearchAction","target":{"@type":"EntryPoint","urlTemplate":"https:\/\/lesvolcansnews.net\/?s={search_term_string}"},"query-input":{"@type":"PropertyValueSpecification","valueRequired":true,"valueName":"search_term_string"}}],"inLanguage":"fr-FR"},{"@type":"Person","@id":"https:\/\/lesvolcansnews.net\/#\/schema\/person\/82c8bed2e77879ecf6cca63441f57354","name":"R\u00e9daction - Les Volcans News","image":{"@type":"ImageObject","inLanguage":"fr-FR","@id":"https:\/\/secure.gravatar.com\/avatar\/8408942dd851e8a9c09f3d382a661bc05d2b3cd9002139bc1795b9528cdc6c80?s=96&d=mm&r=g","url":"https:\/\/secure.gravatar.com\/avatar\/8408942dd851e8a9c09f3d382a661bc05d2b3cd9002139bc1795b9528cdc6c80?s=96&d=mm&r=g","contentUrl":"https:\/\/secure.gravatar.com\/avatar\/8408942dd851e8a9c09f3d382a661bc05d2b3cd9002139bc1795b9528cdc6c80?s=96&d=mm&r=g","caption":"R\u00e9daction - Les Volcans News"},"url":"https:\/\/lesvolcansnews.net\/?author=14"}]}},"_links":{"self":[{"href":"https:\/\/lesvolcansnews.net\/index.php?rest_route=\/wp\/v2\/posts\/72780","targetHints":{"allow":["GET"]}}],"collection":[{"href":"https:\/\/lesvolcansnews.net\/index.php?rest_route=\/wp\/v2\/posts"}],"about":[{"href":"https:\/\/lesvolcansnews.net\/index.php?rest_route=\/wp\/v2\/types\/post"}],"author":[{"embeddable":true,"href":"https:\/\/lesvolcansnews.net\/index.php?rest_route=\/wp\/v2\/users\/14"}],"replies":[{"embeddable":true,"href":"https:\/\/lesvolcansnews.net\/index.php?rest_route=%2Fwp%2Fv2%2Fcomments&post=72780"}],"version-history":[{"count":1,"href":"https:\/\/lesvolcansnews.net\/index.php?rest_route=\/wp\/v2\/posts\/72780\/revisions"}],"predecessor-version":[{"id":72782,"href":"https:\/\/lesvolcansnews.net\/index.php?rest_route=\/wp\/v2\/posts\/72780\/revisions\/72782"}],"wp:featuredmedia":[{"embeddable":true,"href":"https:\/\/lesvolcansnews.net\/index.php?rest_route=\/wp\/v2\/media\/72781"}],"wp:attachment":[{"href":"https:\/\/lesvolcansnews.net\/index.php?rest_route=%2Fwp%2Fv2%2Fmedia&parent=72780"}],"wp:term":[{"taxonomy":"category","embeddable":true,"href":"https:\/\/lesvolcansnews.net\/index.php?rest_route=%2Fwp%2Fv2%2Fcategories&post=72780"},{"taxonomy":"post_tag","embeddable":true,"href":"https:\/\/lesvolcansnews.net\/index.php?rest_route=%2Fwp%2Fv2%2Ftags&post=72780"}],"curies":[{"name":"wp","href":"https:\/\/api.w.org\/{rel}","templated":true}]}}