{"id":72755,"date":"2026-02-19T17:44:59","date_gmt":"2026-02-19T15:44:59","guid":{"rendered":"https:\/\/lesvolcansnews.net\/?p=72755"},"modified":"2026-02-19T17:44:59","modified_gmt":"2026-02-19T15:44:59","slug":"ituri-impliques-dans-la-profanation-de-leglise-catholique-de-bule-certains-militaires-des-fardc-et-un-civil-aux-arrets-armee","status":"publish","type":"post","link":"https:\/\/lesvolcansnews.net\/?p=72755","title":{"rendered":"Ituri : impliqu\u00e9s dans la profanation de l\u2019\u00e9glise catholique de Bule, certains militaires des FARDC et un civil aux arr\u00eats (Arm\u00e9e)"},"content":{"rendered":"<p>&nbsp;<\/p>\n<p><strong>L\u2019administration militaire de l\u2019Ituri se dit officiellement saisie du dossier relatif \u00e0 la profanation de la paroisse catholique de Bule, situ\u00e9e dans le territoire de Djugu, en chefferie de Bahema-Badjere, \u00e0 plus de 80 km au nord de Bunia, chef-lieu de la province de l\u2019Ituri.<\/strong><\/p>\n<p>Sa r\u00e9action a \u00e9t\u00e9 rendue publique \u00e0 travers un communiqu\u00e9 officiel lu ce jeudi 19 f\u00e9vrier 2026 par le lieutenant Jules Ngongo, porte-parole et conseiller en communication du gouverneur militaire de la province, le lieutenant-g\u00e9n\u00e9ral Luboya N\u2019kashama Johnny.<\/p>\n<p>Dans ce message, l\u2019administration militaire condamne avec la plus grande fermet\u00e9 cet acte jug\u00e9 grave et inacceptable. Elle pr\u00e9cise que certains \u00e9l\u00e9ments des FARDC, accompagn\u00e9s d\u2019un civil, ont \u00e9t\u00e9 arr\u00eat\u00e9s et transf\u00e9r\u00e9s devant la justice militaire afin de r\u00e9pondre de leurs actes.<\/p>\n<p>L\u2019administration militaire r\u00e9affirme sa d\u00e9termination \u00e0 pacifier totalement la province de l\u2019Ituri, tout en rappelant que l\u2019ennemi de la R\u00e9publique demeure la CRP et non les FARDC.<\/p>\n<p>La veille, soit le 18 f\u00e9vrier 2026, l\u2019\u00c9glise catholique, \u00e0 travers un communiqu\u00e9 de la chancellerie, avait \u00e9galement donn\u00e9 son point de vue face \u00e0 cette \u00e9ni\u00e8me profanation. Dans un message du vicariat g\u00e9n\u00e9ral, il ressort que cette profanation est la r\u00e9sultante des d\u00e9g\u00e2ts collat\u00e9raux li\u00e9s aux combats ayant oppos\u00e9 les militaires des FARDC et les miliciens de la CRP de Thomas Lubanga.<\/p>\n<p>Bilan : les toitures du presbyt\u00e8re et de l\u2019\u00e9glise sont trou\u00e9es, des murs et des vitres ont \u00e9t\u00e9 d\u00e9truits par balles et obus, ainsi que des biens et objets de valeur emport\u00e9s par les bellig\u00e9rants en conflit. Le chancelier, ou secr\u00e9taire de l\u2019\u00e9v\u00eaque de Bunia, a profit\u00e9 de ce document pour alerter sur les menaces qui p\u00e8sent sur certains membres du clerg\u00e9 du dioc\u00e8se de Bunia, prof\u00e9r\u00e9es par des hommes en uniforme.<\/p>\n<p>L\u2019abb\u00e9 Jean de la Croix Nuru puisqu\u2019il s\u2019agit de lui demande \u00e9galement aux organisations non gouvernementales d\u2019ouvrir un couloir humanitaire pouvant tant soit peu soulager les souffrances des d\u00e9plac\u00e9s, voire des populations en g\u00e9n\u00e9ral vivant \u00e0 Bule, o\u00f9 la situation s\u00e9curitaire reste tendue depuis d\u00e9cembre 2025. Ce pr\u00e9lat catholique a, pour la \u00e9ni\u00e8me fois, demand\u00e9 aux miliciens d\u00e9tenteurs d\u2019armes de les d\u00e9poser afin de contribuer \u00e0 la pacification de la province de l\u2019Ituri.<\/p>\n<p><strong>R\u00e9daction<\/strong><\/p>\n","protected":false},"excerpt":{"rendered":"<p>&nbsp; L\u2019administration militaire de l\u2019Ituri se dit officiellement saisie du dossier relatif \u00e0 la profanation de la paroisse catholique de Bule, situ\u00e9e dans le territoire de Djugu, en chefferie de<\/p>\n","protected":false},"author":14,"featured_media":72756,"comment_status":"open","ping_status":"open","sticky":false,"template":"","format":"standard","meta":{"footnotes":""},"categories":[56,32,9],"tags":[],"class_list":["post-72755","post","type-post","status-publish","format-standard","has-post-thumbnail","hentry","category-religion","category-securite","category-societe"],"yoast_head":"<!-- This site is optimized with the Yoast SEO plugin v27.5 - https:\/\/yoast.com\/product\/yoast-seo-wordpress\/ -->\n<title>Ituri : impliqu\u00e9s dans la profanation de l\u2019\u00e9glise catholique de Bule, certains militaires des FARDC et un civil aux arr\u00eats (Arm\u00e9e) - LES VOLCANS NEWS<\/title>\n<meta name=\"robots\" content=\"index, follow, max-snippet:-1, max-image-preview:large, max-video-preview:-1\" \/>\n<link rel=\"canonical\" href=\"https:\/\/lesvolcansnews.net\/?p=72755\" \/>\n<meta property=\"og:locale\" content=\"fr_FR\" \/>\n<meta property=\"og:type\" content=\"article\" \/>\n<meta property=\"og:title\" content=\"Ituri : impliqu\u00e9s dans la profanation de l\u2019\u00e9glise catholique de Bule, certains militaires des FARDC et un civil aux arr\u00eats (Arm\u00e9e) - LES VOLCANS NEWS\" \/>\n<meta property=\"og:description\" content=\"&nbsp; L\u2019administration militaire de l\u2019Ituri se dit officiellement saisie du dossier relatif \u00e0 la profanation de la paroisse catholique de Bule, situ\u00e9e dans le territoire de Djugu, en chefferie de\" \/>\n<meta property=\"og:url\" content=\"https:\/\/lesvolcansnews.net\/?p=72755\" \/>\n<meta property=\"og:site_name\" content=\"LES VOLCANS NEWS\" \/>\n<meta property=\"article:published_time\" content=\"2026-02-19T15:44:59+00:00\" \/>\n<meta property=\"og:image\" content=\"https:\/\/lesvolcansnews.net\/wp-content\/uploads\/2026\/02\/IMG-20260219-WA0169.jpg\" \/>\n\t<meta property=\"og:image:width\" content=\"809\" \/>\n\t<meta property=\"og:image:height\" content=\"611\" \/>\n\t<meta property=\"og:image:type\" content=\"image\/jpeg\" \/>\n<meta name=\"author\" content=\"R\u00e9daction - Les Volcans News\" \/>\n<meta name=\"twitter:card\" content=\"summary_large_image\" \/>\n<meta name=\"twitter:label1\" content=\"\u00c9crit par\" \/>\n\t<meta name=\"twitter:data1\" content=\"R\u00e9daction - Les Volcans News\" \/>\n\t<meta name=\"twitter:label2\" content=\"Dur\u00e9e de lecture estim\u00e9e\" \/>\n\t<meta name=\"twitter:data2\" content=\"2 minutes\" \/>\n<script type=\"application\/ld+json\" class=\"yoast-schema-graph\">{\"@context\":\"https:\\\/\\\/schema.org\",\"@graph\":[{\"@type\":\"Article\",\"@id\":\"https:\\\/\\\/lesvolcansnews.net\\\/?p=72755#article\",\"isPartOf\":{\"@id\":\"https:\\\/\\\/lesvolcansnews.net\\\/?p=72755\"},\"author\":{\"name\":\"R\u00e9daction - Les Volcans News\",\"@id\":\"https:\\\/\\\/lesvolcansnews.net\\\/#\\\/schema\\\/person\\\/82c8bed2e77879ecf6cca63441f57354\"},\"headline\":\"Ituri : impliqu\u00e9s dans la profanation de l\u2019\u00e9glise catholique de Bule, certains militaires des FARDC et un civil aux arr\u00eats (Arm\u00e9e)\",\"datePublished\":\"2026-02-19T15:44:59+00:00\",\"mainEntityOfPage\":{\"@id\":\"https:\\\/\\\/lesvolcansnews.net\\\/?p=72755\"},\"wordCount\":436,\"commentCount\":0,\"image\":{\"@id\":\"https:\\\/\\\/lesvolcansnews.net\\\/?p=72755#primaryimage\"},\"thumbnailUrl\":\"https:\\\/\\\/lesvolcansnews.net\\\/wp-content\\\/uploads\\\/2026\\\/02\\\/IMG-20260219-WA0169.jpg\",\"articleSection\":[\"RELIGION\",\"S\u00c9CURIT\u00c9\",\"SOCIET\u00c9\"],\"inLanguage\":\"fr-FR\",\"potentialAction\":[{\"@type\":\"CommentAction\",\"name\":\"Comment\",\"target\":[\"https:\\\/\\\/lesvolcansnews.net\\\/?p=72755#respond\"]}]},{\"@type\":\"WebPage\",\"@id\":\"https:\\\/\\\/lesvolcansnews.net\\\/?p=72755\",\"url\":\"https:\\\/\\\/lesvolcansnews.net\\\/?p=72755\",\"name\":\"Ituri : impliqu\u00e9s dans la profanation de l\u2019\u00e9glise catholique de Bule, certains militaires des FARDC et un civil aux arr\u00eats (Arm\u00e9e) - LES VOLCANS NEWS\",\"isPartOf\":{\"@id\":\"https:\\\/\\\/lesvolcansnews.net\\\/#website\"},\"primaryImageOfPage\":{\"@id\":\"https:\\\/\\\/lesvolcansnews.net\\\/?p=72755#primaryimage\"},\"image\":{\"@id\":\"https:\\\/\\\/lesvolcansnews.net\\\/?p=72755#primaryimage\"},\"thumbnailUrl\":\"https:\\\/\\\/lesvolcansnews.net\\\/wp-content\\\/uploads\\\/2026\\\/02\\\/IMG-20260219-WA0169.jpg\",\"datePublished\":\"2026-02-19T15:44:59+00:00\",\"author\":{\"@id\":\"https:\\\/\\\/lesvolcansnews.net\\\/#\\\/schema\\\/person\\\/82c8bed2e77879ecf6cca63441f57354\"},\"breadcrumb\":{\"@id\":\"https:\\\/\\\/lesvolcansnews.net\\\/?p=72755#breadcrumb\"},\"inLanguage\":\"fr-FR\",\"potentialAction\":[{\"@type\":\"ReadAction\",\"target\":[\"https:\\\/\\\/lesvolcansnews.net\\\/?p=72755\"]}]},{\"@type\":\"ImageObject\",\"inLanguage\":\"fr-FR\",\"@id\":\"https:\\\/\\\/lesvolcansnews.net\\\/?p=72755#primaryimage\",\"url\":\"https:\\\/\\\/lesvolcansnews.net\\\/wp-content\\\/uploads\\\/2026\\\/02\\\/IMG-20260219-WA0169.jpg\",\"contentUrl\":\"https:\\\/\\\/lesvolcansnews.net\\\/wp-content\\\/uploads\\\/2026\\\/02\\\/IMG-20260219-WA0169.jpg\",\"width\":809,\"height\":611},{\"@type\":\"BreadcrumbList\",\"@id\":\"https:\\\/\\\/lesvolcansnews.net\\\/?p=72755#breadcrumb\",\"itemListElement\":[{\"@type\":\"ListItem\",\"position\":1,\"name\":\"Accueil\",\"item\":\"https:\\\/\\\/lesvolcansnews.net\\\/\"},{\"@type\":\"ListItem\",\"position\":2,\"name\":\"Ituri : impliqu\u00e9s dans la profanation de l\u2019\u00e9glise catholique de Bule, certains militaires des FARDC et un civil aux arr\u00eats (Arm\u00e9e)\"}]},{\"@type\":\"WebSite\",\"@id\":\"https:\\\/\\\/lesvolcansnews.net\\\/#website\",\"url\":\"https:\\\/\\\/lesvolcansnews.net\\\/\",\"name\":\"LES VOLCANS NEWS\",\"description\":\"L&#039;INFORMATION C&#039;EST NOUS\",\"potentialAction\":[{\"@type\":\"SearchAction\",\"target\":{\"@type\":\"EntryPoint\",\"urlTemplate\":\"https:\\\/\\\/lesvolcansnews.net\\\/?s={search_term_string}\"},\"query-input\":{\"@type\":\"PropertyValueSpecification\",\"valueRequired\":true,\"valueName\":\"search_term_string\"}}],\"inLanguage\":\"fr-FR\"},{\"@type\":\"Person\",\"@id\":\"https:\\\/\\\/lesvolcansnews.net\\\/#\\\/schema\\\/person\\\/82c8bed2e77879ecf6cca63441f57354\",\"name\":\"R\u00e9daction - Les Volcans News\",\"image\":{\"@type\":\"ImageObject\",\"inLanguage\":\"fr-FR\",\"@id\":\"https:\\\/\\\/secure.gravatar.com\\\/avatar\\\/8408942dd851e8a9c09f3d382a661bc05d2b3cd9002139bc1795b9528cdc6c80?s=96&d=mm&r=g\",\"url\":\"https:\\\/\\\/secure.gravatar.com\\\/avatar\\\/8408942dd851e8a9c09f3d382a661bc05d2b3cd9002139bc1795b9528cdc6c80?s=96&d=mm&r=g\",\"contentUrl\":\"https:\\\/\\\/secure.gravatar.com\\\/avatar\\\/8408942dd851e8a9c09f3d382a661bc05d2b3cd9002139bc1795b9528cdc6c80?s=96&d=mm&r=g\",\"caption\":\"R\u00e9daction - Les Volcans News\"},\"url\":\"https:\\\/\\\/lesvolcansnews.net\\\/?author=14\"}]}<\/script>\n<!-- \/ Yoast SEO plugin. -->","yoast_head_json":{"title":"Ituri : impliqu\u00e9s dans la profanation de l\u2019\u00e9glise catholique de Bule, certains militaires des FARDC et un civil aux arr\u00eats (Arm\u00e9e) - LES VOLCANS NEWS","robots":{"index":"index","follow":"follow","max-snippet":"max-snippet:-1","max-image-preview":"max-image-preview:large","max-video-preview":"max-video-preview:-1"},"canonical":"https:\/\/lesvolcansnews.net\/?p=72755","og_locale":"fr_FR","og_type":"article","og_title":"Ituri : impliqu\u00e9s dans la profanation de l\u2019\u00e9glise catholique de Bule, certains militaires des FARDC et un civil aux arr\u00eats (Arm\u00e9e) - LES VOLCANS NEWS","og_description":"&nbsp; L\u2019administration militaire de l\u2019Ituri se dit officiellement saisie du dossier relatif \u00e0 la profanation de la paroisse catholique de Bule, situ\u00e9e dans le territoire de Djugu, en chefferie de","og_url":"https:\/\/lesvolcansnews.net\/?p=72755","og_site_name":"LES VOLCANS NEWS","article_published_time":"2026-02-19T15:44:59+00:00","og_image":[{"width":809,"height":611,"url":"https:\/\/lesvolcansnews.net\/wp-content\/uploads\/2026\/02\/IMG-20260219-WA0169.jpg","type":"image\/jpeg"}],"author":"R\u00e9daction - Les Volcans News","twitter_card":"summary_large_image","twitter_misc":{"\u00c9crit par":"R\u00e9daction - Les Volcans News","Dur\u00e9e de lecture estim\u00e9e":"2 minutes"},"schema":{"@context":"https:\/\/schema.org","@graph":[{"@type":"Article","@id":"https:\/\/lesvolcansnews.net\/?p=72755#article","isPartOf":{"@id":"https:\/\/lesvolcansnews.net\/?p=72755"},"author":{"name":"R\u00e9daction - Les Volcans News","@id":"https:\/\/lesvolcansnews.net\/#\/schema\/person\/82c8bed2e77879ecf6cca63441f57354"},"headline":"Ituri : impliqu\u00e9s dans la profanation de l\u2019\u00e9glise catholique de Bule, certains militaires des FARDC et un civil aux arr\u00eats (Arm\u00e9e)","datePublished":"2026-02-19T15:44:59+00:00","mainEntityOfPage":{"@id":"https:\/\/lesvolcansnews.net\/?p=72755"},"wordCount":436,"commentCount":0,"image":{"@id":"https:\/\/lesvolcansnews.net\/?p=72755#primaryimage"},"thumbnailUrl":"https:\/\/lesvolcansnews.net\/wp-content\/uploads\/2026\/02\/IMG-20260219-WA0169.jpg","articleSection":["RELIGION","S\u00c9CURIT\u00c9","SOCIET\u00c9"],"inLanguage":"fr-FR","potentialAction":[{"@type":"CommentAction","name":"Comment","target":["https:\/\/lesvolcansnews.net\/?p=72755#respond"]}]},{"@type":"WebPage","@id":"https:\/\/lesvolcansnews.net\/?p=72755","url":"https:\/\/lesvolcansnews.net\/?p=72755","name":"Ituri : impliqu\u00e9s dans la profanation de l\u2019\u00e9glise catholique de Bule, certains militaires des FARDC et un civil aux arr\u00eats (Arm\u00e9e) - LES VOLCANS NEWS","isPartOf":{"@id":"https:\/\/lesvolcansnews.net\/#website"},"primaryImageOfPage":{"@id":"https:\/\/lesvolcansnews.net\/?p=72755#primaryimage"},"image":{"@id":"https:\/\/lesvolcansnews.net\/?p=72755#primaryimage"},"thumbnailUrl":"https:\/\/lesvolcansnews.net\/wp-content\/uploads\/2026\/02\/IMG-20260219-WA0169.jpg","datePublished":"2026-02-19T15:44:59+00:00","author":{"@id":"https:\/\/lesvolcansnews.net\/#\/schema\/person\/82c8bed2e77879ecf6cca63441f57354"},"breadcrumb":{"@id":"https:\/\/lesvolcansnews.net\/?p=72755#breadcrumb"},"inLanguage":"fr-FR","potentialAction":[{"@type":"ReadAction","target":["https:\/\/lesvolcansnews.net\/?p=72755"]}]},{"@type":"ImageObject","inLanguage":"fr-FR","@id":"https:\/\/lesvolcansnews.net\/?p=72755#primaryimage","url":"https:\/\/lesvolcansnews.net\/wp-content\/uploads\/2026\/02\/IMG-20260219-WA0169.jpg","contentUrl":"https:\/\/lesvolcansnews.net\/wp-content\/uploads\/2026\/02\/IMG-20260219-WA0169.jpg","width":809,"height":611},{"@type":"BreadcrumbList","@id":"https:\/\/lesvolcansnews.net\/?p=72755#breadcrumb","itemListElement":[{"@type":"ListItem","position":1,"name":"Accueil","item":"https:\/\/lesvolcansnews.net\/"},{"@type":"ListItem","position":2,"name":"Ituri : impliqu\u00e9s dans la profanation de l\u2019\u00e9glise catholique de Bule, certains militaires des FARDC et un civil aux arr\u00eats (Arm\u00e9e)"}]},{"@type":"WebSite","@id":"https:\/\/lesvolcansnews.net\/#website","url":"https:\/\/lesvolcansnews.net\/","name":"LES VOLCANS NEWS","description":"L&#039;INFORMATION C&#039;EST NOUS","potentialAction":[{"@type":"SearchAction","target":{"@type":"EntryPoint","urlTemplate":"https:\/\/lesvolcansnews.net\/?s={search_term_string}"},"query-input":{"@type":"PropertyValueSpecification","valueRequired":true,"valueName":"search_term_string"}}],"inLanguage":"fr-FR"},{"@type":"Person","@id":"https:\/\/lesvolcansnews.net\/#\/schema\/person\/82c8bed2e77879ecf6cca63441f57354","name":"R\u00e9daction - Les Volcans News","image":{"@type":"ImageObject","inLanguage":"fr-FR","@id":"https:\/\/secure.gravatar.com\/avatar\/8408942dd851e8a9c09f3d382a661bc05d2b3cd9002139bc1795b9528cdc6c80?s=96&d=mm&r=g","url":"https:\/\/secure.gravatar.com\/avatar\/8408942dd851e8a9c09f3d382a661bc05d2b3cd9002139bc1795b9528cdc6c80?s=96&d=mm&r=g","contentUrl":"https:\/\/secure.gravatar.com\/avatar\/8408942dd851e8a9c09f3d382a661bc05d2b3cd9002139bc1795b9528cdc6c80?s=96&d=mm&r=g","caption":"R\u00e9daction - Les Volcans News"},"url":"https:\/\/lesvolcansnews.net\/?author=14"}]}},"_links":{"self":[{"href":"https:\/\/lesvolcansnews.net\/index.php?rest_route=\/wp\/v2\/posts\/72755","targetHints":{"allow":["GET"]}}],"collection":[{"href":"https:\/\/lesvolcansnews.net\/index.php?rest_route=\/wp\/v2\/posts"}],"about":[{"href":"https:\/\/lesvolcansnews.net\/index.php?rest_route=\/wp\/v2\/types\/post"}],"author":[{"embeddable":true,"href":"https:\/\/lesvolcansnews.net\/index.php?rest_route=\/wp\/v2\/users\/14"}],"replies":[{"embeddable":true,"href":"https:\/\/lesvolcansnews.net\/index.php?rest_route=%2Fwp%2Fv2%2Fcomments&post=72755"}],"version-history":[{"count":1,"href":"https:\/\/lesvolcansnews.net\/index.php?rest_route=\/wp\/v2\/posts\/72755\/revisions"}],"predecessor-version":[{"id":72757,"href":"https:\/\/lesvolcansnews.net\/index.php?rest_route=\/wp\/v2\/posts\/72755\/revisions\/72757"}],"wp:featuredmedia":[{"embeddable":true,"href":"https:\/\/lesvolcansnews.net\/index.php?rest_route=\/wp\/v2\/media\/72756"}],"wp:attachment":[{"href":"https:\/\/lesvolcansnews.net\/index.php?rest_route=%2Fwp%2Fv2%2Fmedia&parent=72755"}],"wp:term":[{"taxonomy":"category","embeddable":true,"href":"https:\/\/lesvolcansnews.net\/index.php?rest_route=%2Fwp%2Fv2%2Fcategories&post=72755"},{"taxonomy":"post_tag","embeddable":true,"href":"https:\/\/lesvolcansnews.net\/index.php?rest_route=%2Fwp%2Fv2%2Ftags&post=72755"}],"curies":[{"name":"wp","href":"https:\/\/api.w.org\/{rel}","templated":true}]}}