{"id":72725,"date":"2026-02-18T17:54:19","date_gmt":"2026-02-18T15:54:19","guid":{"rendered":"https:\/\/lesvolcansnews.net\/?p=72725"},"modified":"2026-02-18T18:33:38","modified_gmt":"2026-02-18T16:33:38","slug":"rdc-lacedh-felicite-la-ministre-de-lenvironnement-pour-sa-descente-sur-le-terrain-et-appelle-a-la-lutte-contre-les-crimes-environnementaux","status":"publish","type":"post","link":"https:\/\/lesvolcansnews.net\/?p=72725","title":{"rendered":"RDC : l\u2019ACEDH f\u00e9licite la ministre de l\u2019Environnement pour sa descente sur le terrain et appelle \u00e0 la lutte contre les crimes environnementaux"},"content":{"rendered":"<p><strong>L\u2019Alerte Congolaise pour l\u2019Environnement et les Droits Humains (ACEDH) a salu\u00e9 la descente sur le terrain dans la province de la Lualaba d\u2019une d\u00e9l\u00e9gation minist\u00e9rielle conduite par la ministre de l\u2019Environnement, D\u00e9veloppement et Nouvelle \u00c9conomie du Climat (EDD\/NEC), qui a contr\u00f4l\u00e9 les activit\u00e9s des exploitants miniers dans la r\u00e9gion<\/strong>.<\/p>\n<p>Dans une lettre ouverte dat\u00e9e du 15 f\u00e9vrier dernier adress\u00e9e \u00e0 la ministre, l\u2019ACEDH a qualifi\u00e9 l\u2019initiative de \u00ab rare et exceptionnelle \u00bb et a encourag\u00e9 sa g\u00e9n\u00e9ralisation \u00e0 d\u2019autres provinces du pays.<\/p>\n<p>\u00ab <em>Ces actions t\u00e9moignent de votre volont\u00e9 \u00e0 instaurer l\u2019autorit\u00e9 de l\u2019\u00c9tat dans ce secteur. Elles rendent remarquable votre passage \u00e0 ce minist\u00e8re et constituent une plus-value qui marquera positivement l\u2019histoire de l\u2019EDD\/NEC<\/em> \u00bb, a-t-on lu dans la lettre de l\u2019ONG.<\/p>\n<p>L\u2019ACEDH a \u00e9galement attir\u00e9 l\u2019attention sur la n\u00e9cessit\u00e9 de mesures similaires dans d\u2019autres r\u00e9gions touch\u00e9es par la pollution industrielle et p\u00e9troli\u00e8re, citant notamment Moanda, dans le Congo central, o\u00f9 l\u2019entreprise PERENCO est accus\u00e9e de polluer les cours d\u2019eau, entra\u00eenant des maladies chez la population locale.<\/p>\n<p>\u00ab <em>Il est \u00e9vident que ces dommages environnementaux entra\u00eenent des violations des droits humains, notamment le droit \u00e0 la sant\u00e9, dont la cessation seule ne suffit pas, encore faut-il qu\u2019il y ait r\u00e9paration<\/em> \u00bb, \u00e9crit l\u2019ACEDH dans sa lettre.<\/p>\n<p>L\u2019ONG a \u00e9galement d\u00e9nonc\u00e9 les activit\u00e9s mini\u00e8res et foresti\u00e8res men\u00e9es par des soci\u00e9t\u00e9s \u00e9trang\u00e8res, notamment chinoises, dans plusieurs provinces, y compris Ituri, Kasai, Haut-U\u00e9l\u00e9, Bas-U\u00e9l\u00e9, Tshopo, Nord et Sud-Kivu, Maniema et autour du Lac Albert, soulignant leurs impacts sur les aires prot\u00e9g\u00e9es, la biodiversit\u00e9 et les moyens de subsistance des communaut\u00e9s locales.<\/p>\n<p>L\u2019ACEDH recommande \u00e0 la ministre :<\/p>\n<p>&#8211; D\u2019effectuer une descente \u00e0 Moanda pour constater la pollution p\u00e9troli\u00e8re et obliger Perenco \u00e0 d\u00e9dommager les victimes ;<\/p>\n<ul>\n<li>D\u2019\u00e9tendre ce contr\u00f4le \u00e0 d\u2019autres exploitations mini\u00e8res industrielles et artisanales, y compris celles op\u00e9r\u00e9es par des \u00e9trangers sans autorisation ;<\/li>\n<li>De mettre en \u0153uvre la cr\u00e9ation de juridictions sp\u00e9cialis\u00e9es pour poursuivre les crimes environnementaux ;<\/li>\n<li>De saisir le minist\u00e8re de la Justice afin d\u2019obtenir une injonction pour que le Procureur G\u00e9n\u00e9ral engage des poursuites contre les entreprises et individus responsables.<\/li>\n<\/ul>\n<p>Dans sa lettre, l\u2019ACEDH conclut en soulignant que \u00ab <em>votre implication personnelle est tr\u00e8s utile en donnant des instructions claires et fermes contre ces entreprises qui exploitent les ressources naturelles de la RDC au d\u00e9triment des communaut\u00e9s locales \u00bb.<\/em><\/p>\n<p>Pour ACEDH, Me Bahemuke Ndoole Olivier, Secr\u00e9taire ex\u00e9cutif, a sign\u00e9 le document exhortant le gouvernement \u00e0 soutenir ces initiatives pour une protection durable de l\u2019environnement et des droits humains.<\/p>\n<p>La r\u00e9daction<\/p>\n","protected":false},"excerpt":{"rendered":"<p>L\u2019Alerte Congolaise pour l\u2019Environnement et les Droits Humains (ACEDH) a salu\u00e9 la descente sur le terrain dans la province de la Lualaba d\u2019une d\u00e9l\u00e9gation minist\u00e9rielle conduite par la ministre de<\/p>\n","protected":false},"author":14,"featured_media":72726,"comment_status":"open","ping_status":"open","sticky":false,"template":"","format":"standard","meta":{"footnotes":""},"categories":[50],"tags":[],"class_list":["post-72725","post","type-post","status-publish","format-standard","has-post-thumbnail","hentry","category-environnement"],"yoast_head":"<!-- This site is optimized with the Yoast SEO plugin v27.5 - https:\/\/yoast.com\/product\/yoast-seo-wordpress\/ -->\n<title>RDC : l\u2019ACEDH f\u00e9licite la ministre de l\u2019Environnement pour sa descente sur le terrain et appelle \u00e0 la lutte contre les crimes environnementaux - LES VOLCANS NEWS<\/title>\n<meta name=\"robots\" content=\"index, follow, max-snippet:-1, max-image-preview:large, max-video-preview:-1\" \/>\n<link rel=\"canonical\" href=\"https:\/\/lesvolcansnews.net\/?p=72725\" \/>\n<meta property=\"og:locale\" content=\"fr_FR\" \/>\n<meta property=\"og:type\" content=\"article\" \/>\n<meta property=\"og:title\" content=\"RDC : l\u2019ACEDH f\u00e9licite la ministre de l\u2019Environnement pour sa descente sur le terrain et appelle \u00e0 la lutte contre les crimes environnementaux - LES VOLCANS NEWS\" \/>\n<meta property=\"og:description\" content=\"L\u2019Alerte Congolaise pour l\u2019Environnement et les Droits Humains (ACEDH) a salu\u00e9 la descente sur le terrain dans la province de la Lualaba d\u2019une d\u00e9l\u00e9gation minist\u00e9rielle conduite par la ministre de\" \/>\n<meta property=\"og:url\" content=\"https:\/\/lesvolcansnews.net\/?p=72725\" \/>\n<meta property=\"og:site_name\" content=\"LES VOLCANS NEWS\" \/>\n<meta property=\"article:published_time\" content=\"2026-02-18T15:54:19+00:00\" \/>\n<meta property=\"article:modified_time\" content=\"2026-02-18T16:33:38+00:00\" \/>\n<meta property=\"og:image\" content=\"https:\/\/lesvolcansnews.net\/wp-content\/uploads\/2026\/02\/Visite-MiN-NYANGE-Lubumbashifevrier-2026-\u00a9Alfred-NTUMBA_11-1.jpg\" \/>\n\t<meta property=\"og:image:width\" content=\"1200\" \/>\n\t<meta property=\"og:image:height\" content=\"795\" \/>\n\t<meta property=\"og:image:type\" content=\"image\/jpeg\" \/>\n<meta name=\"author\" content=\"R\u00e9daction - Les Volcans News\" \/>\n<meta name=\"twitter:card\" content=\"summary_large_image\" \/>\n<meta name=\"twitter:label1\" content=\"\u00c9crit par\" \/>\n\t<meta name=\"twitter:data1\" content=\"R\u00e9daction - Les Volcans News\" \/>\n\t<meta name=\"twitter:label2\" content=\"Dur\u00e9e de lecture estim\u00e9e\" \/>\n\t<meta name=\"twitter:data2\" content=\"2 minutes\" \/>\n<script type=\"application\/ld+json\" class=\"yoast-schema-graph\">{\"@context\":\"https:\\\/\\\/schema.org\",\"@graph\":[{\"@type\":\"Article\",\"@id\":\"https:\\\/\\\/lesvolcansnews.net\\\/?p=72725#article\",\"isPartOf\":{\"@id\":\"https:\\\/\\\/lesvolcansnews.net\\\/?p=72725\"},\"author\":{\"name\":\"R\u00e9daction - Les Volcans News\",\"@id\":\"https:\\\/\\\/lesvolcansnews.net\\\/#\\\/schema\\\/person\\\/82c8bed2e77879ecf6cca63441f57354\"},\"headline\":\"RDC : l\u2019ACEDH f\u00e9licite la ministre de l\u2019Environnement pour sa descente sur le terrain et appelle \u00e0 la lutte contre les crimes environnementaux\",\"datePublished\":\"2026-02-18T15:54:19+00:00\",\"dateModified\":\"2026-02-18T16:33:38+00:00\",\"mainEntityOfPage\":{\"@id\":\"https:\\\/\\\/lesvolcansnews.net\\\/?p=72725\"},\"wordCount\":499,\"commentCount\":0,\"image\":{\"@id\":\"https:\\\/\\\/lesvolcansnews.net\\\/?p=72725#primaryimage\"},\"thumbnailUrl\":\"https:\\\/\\\/lesvolcansnews.net\\\/wp-content\\\/uploads\\\/2026\\\/02\\\/Visite-MiN-NYANGE-Lubumbashifevrier-2026-\u00a9Alfred-NTUMBA_11-1.jpg\",\"articleSection\":[\"ENVIRONNEMENT\"],\"inLanguage\":\"fr-FR\",\"potentialAction\":[{\"@type\":\"CommentAction\",\"name\":\"Comment\",\"target\":[\"https:\\\/\\\/lesvolcansnews.net\\\/?p=72725#respond\"]}]},{\"@type\":\"WebPage\",\"@id\":\"https:\\\/\\\/lesvolcansnews.net\\\/?p=72725\",\"url\":\"https:\\\/\\\/lesvolcansnews.net\\\/?p=72725\",\"name\":\"RDC : l\u2019ACEDH f\u00e9licite la ministre de l\u2019Environnement pour sa descente sur le terrain et appelle \u00e0 la lutte contre les crimes environnementaux - LES VOLCANS NEWS\",\"isPartOf\":{\"@id\":\"https:\\\/\\\/lesvolcansnews.net\\\/#website\"},\"primaryImageOfPage\":{\"@id\":\"https:\\\/\\\/lesvolcansnews.net\\\/?p=72725#primaryimage\"},\"image\":{\"@id\":\"https:\\\/\\\/lesvolcansnews.net\\\/?p=72725#primaryimage\"},\"thumbnailUrl\":\"https:\\\/\\\/lesvolcansnews.net\\\/wp-content\\\/uploads\\\/2026\\\/02\\\/Visite-MiN-NYANGE-Lubumbashifevrier-2026-\u00a9Alfred-NTUMBA_11-1.jpg\",\"datePublished\":\"2026-02-18T15:54:19+00:00\",\"dateModified\":\"2026-02-18T16:33:38+00:00\",\"author\":{\"@id\":\"https:\\\/\\\/lesvolcansnews.net\\\/#\\\/schema\\\/person\\\/82c8bed2e77879ecf6cca63441f57354\"},\"breadcrumb\":{\"@id\":\"https:\\\/\\\/lesvolcansnews.net\\\/?p=72725#breadcrumb\"},\"inLanguage\":\"fr-FR\",\"potentialAction\":[{\"@type\":\"ReadAction\",\"target\":[\"https:\\\/\\\/lesvolcansnews.net\\\/?p=72725\"]}]},{\"@type\":\"ImageObject\",\"inLanguage\":\"fr-FR\",\"@id\":\"https:\\\/\\\/lesvolcansnews.net\\\/?p=72725#primaryimage\",\"url\":\"https:\\\/\\\/lesvolcansnews.net\\\/wp-content\\\/uploads\\\/2026\\\/02\\\/Visite-MiN-NYANGE-Lubumbashifevrier-2026-\u00a9Alfred-NTUMBA_11-1.jpg\",\"contentUrl\":\"https:\\\/\\\/lesvolcansnews.net\\\/wp-content\\\/uploads\\\/2026\\\/02\\\/Visite-MiN-NYANGE-Lubumbashifevrier-2026-\u00a9Alfred-NTUMBA_11-1.jpg\",\"width\":1200,\"height\":795},{\"@type\":\"BreadcrumbList\",\"@id\":\"https:\\\/\\\/lesvolcansnews.net\\\/?p=72725#breadcrumb\",\"itemListElement\":[{\"@type\":\"ListItem\",\"position\":1,\"name\":\"Accueil\",\"item\":\"https:\\\/\\\/lesvolcansnews.net\\\/\"},{\"@type\":\"ListItem\",\"position\":2,\"name\":\"RDC : l\u2019ACEDH f\u00e9licite la ministre de l\u2019Environnement pour sa descente sur le terrain et appelle \u00e0 la lutte contre les crimes environnementaux\"}]},{\"@type\":\"WebSite\",\"@id\":\"https:\\\/\\\/lesvolcansnews.net\\\/#website\",\"url\":\"https:\\\/\\\/lesvolcansnews.net\\\/\",\"name\":\"LES VOLCANS NEWS\",\"description\":\"L&#039;INFORMATION C&#039;EST NOUS\",\"potentialAction\":[{\"@type\":\"SearchAction\",\"target\":{\"@type\":\"EntryPoint\",\"urlTemplate\":\"https:\\\/\\\/lesvolcansnews.net\\\/?s={search_term_string}\"},\"query-input\":{\"@type\":\"PropertyValueSpecification\",\"valueRequired\":true,\"valueName\":\"search_term_string\"}}],\"inLanguage\":\"fr-FR\"},{\"@type\":\"Person\",\"@id\":\"https:\\\/\\\/lesvolcansnews.net\\\/#\\\/schema\\\/person\\\/82c8bed2e77879ecf6cca63441f57354\",\"name\":\"R\u00e9daction - Les Volcans News\",\"image\":{\"@type\":\"ImageObject\",\"inLanguage\":\"fr-FR\",\"@id\":\"https:\\\/\\\/secure.gravatar.com\\\/avatar\\\/8408942dd851e8a9c09f3d382a661bc05d2b3cd9002139bc1795b9528cdc6c80?s=96&d=mm&r=g\",\"url\":\"https:\\\/\\\/secure.gravatar.com\\\/avatar\\\/8408942dd851e8a9c09f3d382a661bc05d2b3cd9002139bc1795b9528cdc6c80?s=96&d=mm&r=g\",\"contentUrl\":\"https:\\\/\\\/secure.gravatar.com\\\/avatar\\\/8408942dd851e8a9c09f3d382a661bc05d2b3cd9002139bc1795b9528cdc6c80?s=96&d=mm&r=g\",\"caption\":\"R\u00e9daction - Les Volcans News\"},\"url\":\"https:\\\/\\\/lesvolcansnews.net\\\/?author=14\"}]}<\/script>\n<!-- \/ Yoast SEO plugin. -->","yoast_head_json":{"title":"RDC : l\u2019ACEDH f\u00e9licite la ministre de l\u2019Environnement pour sa descente sur le terrain et appelle \u00e0 la lutte contre les crimes environnementaux - LES VOLCANS NEWS","robots":{"index":"index","follow":"follow","max-snippet":"max-snippet:-1","max-image-preview":"max-image-preview:large","max-video-preview":"max-video-preview:-1"},"canonical":"https:\/\/lesvolcansnews.net\/?p=72725","og_locale":"fr_FR","og_type":"article","og_title":"RDC : l\u2019ACEDH f\u00e9licite la ministre de l\u2019Environnement pour sa descente sur le terrain et appelle \u00e0 la lutte contre les crimes environnementaux - LES VOLCANS NEWS","og_description":"L\u2019Alerte Congolaise pour l\u2019Environnement et les Droits Humains (ACEDH) a salu\u00e9 la descente sur le terrain dans la province de la Lualaba d\u2019une d\u00e9l\u00e9gation minist\u00e9rielle conduite par la ministre de","og_url":"https:\/\/lesvolcansnews.net\/?p=72725","og_site_name":"LES VOLCANS NEWS","article_published_time":"2026-02-18T15:54:19+00:00","article_modified_time":"2026-02-18T16:33:38+00:00","og_image":[{"width":1200,"height":795,"url":"https:\/\/lesvolcansnews.net\/wp-content\/uploads\/2026\/02\/Visite-MiN-NYANGE-Lubumbashifevrier-2026-\u00a9Alfred-NTUMBA_11-1.jpg","type":"image\/jpeg"}],"author":"R\u00e9daction - Les Volcans News","twitter_card":"summary_large_image","twitter_misc":{"\u00c9crit par":"R\u00e9daction - Les Volcans News","Dur\u00e9e de lecture estim\u00e9e":"2 minutes"},"schema":{"@context":"https:\/\/schema.org","@graph":[{"@type":"Article","@id":"https:\/\/lesvolcansnews.net\/?p=72725#article","isPartOf":{"@id":"https:\/\/lesvolcansnews.net\/?p=72725"},"author":{"name":"R\u00e9daction - Les Volcans News","@id":"https:\/\/lesvolcansnews.net\/#\/schema\/person\/82c8bed2e77879ecf6cca63441f57354"},"headline":"RDC : l\u2019ACEDH f\u00e9licite la ministre de l\u2019Environnement pour sa descente sur le terrain et appelle \u00e0 la lutte contre les crimes environnementaux","datePublished":"2026-02-18T15:54:19+00:00","dateModified":"2026-02-18T16:33:38+00:00","mainEntityOfPage":{"@id":"https:\/\/lesvolcansnews.net\/?p=72725"},"wordCount":499,"commentCount":0,"image":{"@id":"https:\/\/lesvolcansnews.net\/?p=72725#primaryimage"},"thumbnailUrl":"https:\/\/lesvolcansnews.net\/wp-content\/uploads\/2026\/02\/Visite-MiN-NYANGE-Lubumbashifevrier-2026-\u00a9Alfred-NTUMBA_11-1.jpg","articleSection":["ENVIRONNEMENT"],"inLanguage":"fr-FR","potentialAction":[{"@type":"CommentAction","name":"Comment","target":["https:\/\/lesvolcansnews.net\/?p=72725#respond"]}]},{"@type":"WebPage","@id":"https:\/\/lesvolcansnews.net\/?p=72725","url":"https:\/\/lesvolcansnews.net\/?p=72725","name":"RDC : l\u2019ACEDH f\u00e9licite la ministre de l\u2019Environnement pour sa descente sur le terrain et appelle \u00e0 la lutte contre les crimes environnementaux - LES VOLCANS NEWS","isPartOf":{"@id":"https:\/\/lesvolcansnews.net\/#website"},"primaryImageOfPage":{"@id":"https:\/\/lesvolcansnews.net\/?p=72725#primaryimage"},"image":{"@id":"https:\/\/lesvolcansnews.net\/?p=72725#primaryimage"},"thumbnailUrl":"https:\/\/lesvolcansnews.net\/wp-content\/uploads\/2026\/02\/Visite-MiN-NYANGE-Lubumbashifevrier-2026-\u00a9Alfred-NTUMBA_11-1.jpg","datePublished":"2026-02-18T15:54:19+00:00","dateModified":"2026-02-18T16:33:38+00:00","author":{"@id":"https:\/\/lesvolcansnews.net\/#\/schema\/person\/82c8bed2e77879ecf6cca63441f57354"},"breadcrumb":{"@id":"https:\/\/lesvolcansnews.net\/?p=72725#breadcrumb"},"inLanguage":"fr-FR","potentialAction":[{"@type":"ReadAction","target":["https:\/\/lesvolcansnews.net\/?p=72725"]}]},{"@type":"ImageObject","inLanguage":"fr-FR","@id":"https:\/\/lesvolcansnews.net\/?p=72725#primaryimage","url":"https:\/\/lesvolcansnews.net\/wp-content\/uploads\/2026\/02\/Visite-MiN-NYANGE-Lubumbashifevrier-2026-\u00a9Alfred-NTUMBA_11-1.jpg","contentUrl":"https:\/\/lesvolcansnews.net\/wp-content\/uploads\/2026\/02\/Visite-MiN-NYANGE-Lubumbashifevrier-2026-\u00a9Alfred-NTUMBA_11-1.jpg","width":1200,"height":795},{"@type":"BreadcrumbList","@id":"https:\/\/lesvolcansnews.net\/?p=72725#breadcrumb","itemListElement":[{"@type":"ListItem","position":1,"name":"Accueil","item":"https:\/\/lesvolcansnews.net\/"},{"@type":"ListItem","position":2,"name":"RDC : l\u2019ACEDH f\u00e9licite la ministre de l\u2019Environnement pour sa descente sur le terrain et appelle \u00e0 la lutte contre les crimes environnementaux"}]},{"@type":"WebSite","@id":"https:\/\/lesvolcansnews.net\/#website","url":"https:\/\/lesvolcansnews.net\/","name":"LES VOLCANS NEWS","description":"L&#039;INFORMATION C&#039;EST NOUS","potentialAction":[{"@type":"SearchAction","target":{"@type":"EntryPoint","urlTemplate":"https:\/\/lesvolcansnews.net\/?s={search_term_string}"},"query-input":{"@type":"PropertyValueSpecification","valueRequired":true,"valueName":"search_term_string"}}],"inLanguage":"fr-FR"},{"@type":"Person","@id":"https:\/\/lesvolcansnews.net\/#\/schema\/person\/82c8bed2e77879ecf6cca63441f57354","name":"R\u00e9daction - Les Volcans News","image":{"@type":"ImageObject","inLanguage":"fr-FR","@id":"https:\/\/secure.gravatar.com\/avatar\/8408942dd851e8a9c09f3d382a661bc05d2b3cd9002139bc1795b9528cdc6c80?s=96&d=mm&r=g","url":"https:\/\/secure.gravatar.com\/avatar\/8408942dd851e8a9c09f3d382a661bc05d2b3cd9002139bc1795b9528cdc6c80?s=96&d=mm&r=g","contentUrl":"https:\/\/secure.gravatar.com\/avatar\/8408942dd851e8a9c09f3d382a661bc05d2b3cd9002139bc1795b9528cdc6c80?s=96&d=mm&r=g","caption":"R\u00e9daction - Les Volcans News"},"url":"https:\/\/lesvolcansnews.net\/?author=14"}]}},"_links":{"self":[{"href":"https:\/\/lesvolcansnews.net\/index.php?rest_route=\/wp\/v2\/posts\/72725","targetHints":{"allow":["GET"]}}],"collection":[{"href":"https:\/\/lesvolcansnews.net\/index.php?rest_route=\/wp\/v2\/posts"}],"about":[{"href":"https:\/\/lesvolcansnews.net\/index.php?rest_route=\/wp\/v2\/types\/post"}],"author":[{"embeddable":true,"href":"https:\/\/lesvolcansnews.net\/index.php?rest_route=\/wp\/v2\/users\/14"}],"replies":[{"embeddable":true,"href":"https:\/\/lesvolcansnews.net\/index.php?rest_route=%2Fwp%2Fv2%2Fcomments&post=72725"}],"version-history":[{"count":4,"href":"https:\/\/lesvolcansnews.net\/index.php?rest_route=\/wp\/v2\/posts\/72725\/revisions"}],"predecessor-version":[{"id":72732,"href":"https:\/\/lesvolcansnews.net\/index.php?rest_route=\/wp\/v2\/posts\/72725\/revisions\/72732"}],"wp:featuredmedia":[{"embeddable":true,"href":"https:\/\/lesvolcansnews.net\/index.php?rest_route=\/wp\/v2\/media\/72726"}],"wp:attachment":[{"href":"https:\/\/lesvolcansnews.net\/index.php?rest_route=%2Fwp%2Fv2%2Fmedia&parent=72725"}],"wp:term":[{"taxonomy":"category","embeddable":true,"href":"https:\/\/lesvolcansnews.net\/index.php?rest_route=%2Fwp%2Fv2%2Fcategories&post=72725"},{"taxonomy":"post_tag","embeddable":true,"href":"https:\/\/lesvolcansnews.net\/index.php?rest_route=%2Fwp%2Fv2%2Ftags&post=72725"}],"curies":[{"name":"wp","href":"https:\/\/api.w.org\/{rel}","templated":true}]}}