{"id":72713,"date":"2026-02-18T15:41:32","date_gmt":"2026-02-18T13:41:32","guid":{"rendered":"https:\/\/lesvolcansnews.net\/?p=72713"},"modified":"2026-02-18T15:41:32","modified_gmt":"2026-02-18T13:41:32","slug":"bukavu-incendies-repetitifs-la-societe-civile-exige-limplication-des-autorites","status":"publish","type":"post","link":"https:\/\/lesvolcansnews.net\/?p=72713","title":{"rendered":"Bukavu : incendies r\u00e9p\u00e9titifs, la soci\u00e9t\u00e9 civile exige l\u2019implication des autorit\u00e9s"},"content":{"rendered":"<p><strong>Bukavu : incendies r\u00e9p\u00e9titifs, la soci\u00e9t\u00e9 civile exige l\u2019implication des autorit\u00e9<\/strong><\/p>\n<p><strong>La probl\u00e9matique des incendies r\u00e9currents dans la commune d\u2019Ibanda doit mobiliser les autorit\u00e9s, recommande la soci\u00e9t\u00e9 civile de cette commune de la ville de Bukavu(sud-kivu).<\/strong><\/p>\n<p>Elle prend la parole au lendemain d\u2019un nouvel incendie qui a emport\u00e9 cinq maisons dans la nuit de dimanche \u00e0 ce lundi 16 janvier 2026.<\/p>\n<p>Il s\u2019agit d\u2019un deuxi\u00e8me cas en l\u2019espace d\u2019une semaine, d\u00e9plore la soci\u00e9t\u00e9 civile locale, qui \u00e9voque d\u2019importants d\u00e9g\u00e2ts mat\u00e9riels caus\u00e9s par ces incendies et qui ont d\u00e9j\u00e0 plong\u00e9 plusieurs familles dans la pauvret\u00e9. Le comble, souligne cette structure citoyenne, est que l\u2019origine de ces incendies demeure g\u00e9n\u00e9ralement inconnue.<\/p>\n<p>\u00ab Comme vous le savez, cette semaine, il y a eu un autre incendie au niveau du quartier Nyalukemba, toujours dans la m\u00eame entit\u00e9. Nous appelons la population \u00e0 la vigilance parce que m\u00eame ceux qui avaient perdu leurs maisons auparavant n\u2019ont encore re\u00e7u aucune aide, ni des autorit\u00e9s ni des humanitaires \u00bb, fait savoir David Chikuru, pr\u00e9sident de la soci\u00e9t\u00e9 civile d\u2019Ibanda.<\/p>\n<p>Et d\u2019ajouter :<\/p>\n<p>\u00ab Beaucoup de familles passent leurs nuits \u00e0 la belle \u00e9toile, les enfants n\u2019\u00e9tudient plus, d\u2019autres ont contract\u00e9 des maladies. Parmi les \u00e9l\u00e9ments qui cr\u00e9ent aujourd\u2019hui des traumatismes dans la ville de Bukavu figurent aussi les incendies r\u00e9currents. \u00bb<\/p>\n<p>Il faut dire que la ville de Bukavu a toujours fait face \u00e0 des cas d\u2019incendies qui semblent \u00ab end\u00e9miques \u00bb. En 2025, par exemple, une trentaine de personnes ont perdu la vie dans diff\u00e9rents cas d\u2019incendies qui ont consum\u00e9 plus de 1 000 maisons durant la seule ann\u00e9e, selon les statistiques de la soci\u00e9t\u00e9 civile locale. Celle-ci rappelle l\u2019urgence pour les autorit\u00e9s de revoir le plan urbanistique de la ville afin d\u2019\u00e9viter des d\u00e9g\u00e2ts mat\u00e9riels et humains insupportables en cas d\u2019\u00e9ventuels incendies \u00e0 l\u2019avenir.<\/p>\n<p><strong>Victoire Muliwavyo<\/strong><\/p>\n","protected":false},"excerpt":{"rendered":"<p>Bukavu : incendies r\u00e9p\u00e9titifs, la soci\u00e9t\u00e9 civile exige l\u2019implication des autorit\u00e9 La probl\u00e9matique des incendies r\u00e9currents dans la commune d\u2019Ibanda doit mobiliser les autorit\u00e9s, recommande la soci\u00e9t\u00e9 civile de cette<\/p>\n","protected":false},"author":14,"featured_media":72714,"comment_status":"open","ping_status":"open","sticky":false,"template":"","format":"standard","meta":{"footnotes":""},"categories":[1],"tags":[],"class_list":["post-72713","post","type-post","status-publish","format-standard","has-post-thumbnail","hentry","category-actualite"],"yoast_head":"<!-- This site is optimized with the Yoast SEO plugin v27.5 - https:\/\/yoast.com\/product\/yoast-seo-wordpress\/ -->\n<title>Bukavu : incendies r\u00e9p\u00e9titifs, la soci\u00e9t\u00e9 civile exige l\u2019implication des autorit\u00e9s - LES VOLCANS NEWS<\/title>\n<meta name=\"robots\" content=\"index, follow, max-snippet:-1, max-image-preview:large, max-video-preview:-1\" \/>\n<link rel=\"canonical\" href=\"https:\/\/lesvolcansnews.net\/?p=72713\" \/>\n<meta property=\"og:locale\" content=\"fr_FR\" \/>\n<meta property=\"og:type\" content=\"article\" \/>\n<meta property=\"og:title\" content=\"Bukavu : incendies r\u00e9p\u00e9titifs, la soci\u00e9t\u00e9 civile exige l\u2019implication des autorit\u00e9s - LES VOLCANS NEWS\" \/>\n<meta property=\"og:description\" content=\"Bukavu : incendies r\u00e9p\u00e9titifs, la soci\u00e9t\u00e9 civile exige l\u2019implication des autorit\u00e9 La probl\u00e9matique des incendies r\u00e9currents dans la commune d\u2019Ibanda doit mobiliser les autorit\u00e9s, recommande la soci\u00e9t\u00e9 civile de cette\" \/>\n<meta property=\"og:url\" content=\"https:\/\/lesvolcansnews.net\/?p=72713\" \/>\n<meta property=\"og:site_name\" content=\"LES VOLCANS NEWS\" \/>\n<meta property=\"article:published_time\" content=\"2026-02-18T13:41:32+00:00\" \/>\n<meta property=\"og:image\" content=\"https:\/\/lesvolcansnews.net\/wp-content\/uploads\/2026\/02\/FB_IMG_1771422032330.jpg\" \/>\n\t<meta property=\"og:image:width\" content=\"480\" \/>\n\t<meta property=\"og:image:height\" content=\"408\" \/>\n\t<meta property=\"og:image:type\" content=\"image\/jpeg\" \/>\n<meta name=\"author\" content=\"R\u00e9daction - Les Volcans News\" \/>\n<meta name=\"twitter:card\" content=\"summary_large_image\" \/>\n<meta name=\"twitter:label1\" content=\"\u00c9crit par\" \/>\n\t<meta name=\"twitter:data1\" content=\"R\u00e9daction - Les Volcans News\" \/>\n\t<meta name=\"twitter:label2\" content=\"Dur\u00e9e de lecture estim\u00e9e\" \/>\n\t<meta name=\"twitter:data2\" content=\"2 minutes\" \/>\n<script type=\"application\/ld+json\" class=\"yoast-schema-graph\">{\"@context\":\"https:\\\/\\\/schema.org\",\"@graph\":[{\"@type\":\"Article\",\"@id\":\"https:\\\/\\\/lesvolcansnews.net\\\/?p=72713#article\",\"isPartOf\":{\"@id\":\"https:\\\/\\\/lesvolcansnews.net\\\/?p=72713\"},\"author\":{\"name\":\"R\u00e9daction - Les Volcans News\",\"@id\":\"https:\\\/\\\/lesvolcansnews.net\\\/#\\\/schema\\\/person\\\/82c8bed2e77879ecf6cca63441f57354\"},\"headline\":\"Bukavu : incendies r\u00e9p\u00e9titifs, la soci\u00e9t\u00e9 civile exige l\u2019implication des autorit\u00e9s\",\"datePublished\":\"2026-02-18T13:41:32+00:00\",\"mainEntityOfPage\":{\"@id\":\"https:\\\/\\\/lesvolcansnews.net\\\/?p=72713\"},\"wordCount\":354,\"commentCount\":0,\"image\":{\"@id\":\"https:\\\/\\\/lesvolcansnews.net\\\/?p=72713#primaryimage\"},\"thumbnailUrl\":\"https:\\\/\\\/lesvolcansnews.net\\\/wp-content\\\/uploads\\\/2026\\\/02\\\/FB_IMG_1771422032330.jpg\",\"articleSection\":[\"ACTUALIT\u00c9\"],\"inLanguage\":\"fr-FR\",\"potentialAction\":[{\"@type\":\"CommentAction\",\"name\":\"Comment\",\"target\":[\"https:\\\/\\\/lesvolcansnews.net\\\/?p=72713#respond\"]}]},{\"@type\":\"WebPage\",\"@id\":\"https:\\\/\\\/lesvolcansnews.net\\\/?p=72713\",\"url\":\"https:\\\/\\\/lesvolcansnews.net\\\/?p=72713\",\"name\":\"Bukavu : incendies r\u00e9p\u00e9titifs, la soci\u00e9t\u00e9 civile exige l\u2019implication des autorit\u00e9s - LES VOLCANS NEWS\",\"isPartOf\":{\"@id\":\"https:\\\/\\\/lesvolcansnews.net\\\/#website\"},\"primaryImageOfPage\":{\"@id\":\"https:\\\/\\\/lesvolcansnews.net\\\/?p=72713#primaryimage\"},\"image\":{\"@id\":\"https:\\\/\\\/lesvolcansnews.net\\\/?p=72713#primaryimage\"},\"thumbnailUrl\":\"https:\\\/\\\/lesvolcansnews.net\\\/wp-content\\\/uploads\\\/2026\\\/02\\\/FB_IMG_1771422032330.jpg\",\"datePublished\":\"2026-02-18T13:41:32+00:00\",\"author\":{\"@id\":\"https:\\\/\\\/lesvolcansnews.net\\\/#\\\/schema\\\/person\\\/82c8bed2e77879ecf6cca63441f57354\"},\"breadcrumb\":{\"@id\":\"https:\\\/\\\/lesvolcansnews.net\\\/?p=72713#breadcrumb\"},\"inLanguage\":\"fr-FR\",\"potentialAction\":[{\"@type\":\"ReadAction\",\"target\":[\"https:\\\/\\\/lesvolcansnews.net\\\/?p=72713\"]}]},{\"@type\":\"ImageObject\",\"inLanguage\":\"fr-FR\",\"@id\":\"https:\\\/\\\/lesvolcansnews.net\\\/?p=72713#primaryimage\",\"url\":\"https:\\\/\\\/lesvolcansnews.net\\\/wp-content\\\/uploads\\\/2026\\\/02\\\/FB_IMG_1771422032330.jpg\",\"contentUrl\":\"https:\\\/\\\/lesvolcansnews.net\\\/wp-content\\\/uploads\\\/2026\\\/02\\\/FB_IMG_1771422032330.jpg\",\"width\":480,\"height\":408},{\"@type\":\"BreadcrumbList\",\"@id\":\"https:\\\/\\\/lesvolcansnews.net\\\/?p=72713#breadcrumb\",\"itemListElement\":[{\"@type\":\"ListItem\",\"position\":1,\"name\":\"Accueil\",\"item\":\"https:\\\/\\\/lesvolcansnews.net\\\/\"},{\"@type\":\"ListItem\",\"position\":2,\"name\":\"Bukavu : incendies r\u00e9p\u00e9titifs, la soci\u00e9t\u00e9 civile exige l\u2019implication des autorit\u00e9s\"}]},{\"@type\":\"WebSite\",\"@id\":\"https:\\\/\\\/lesvolcansnews.net\\\/#website\",\"url\":\"https:\\\/\\\/lesvolcansnews.net\\\/\",\"name\":\"LES VOLCANS NEWS\",\"description\":\"L&#039;INFORMATION C&#039;EST NOUS\",\"potentialAction\":[{\"@type\":\"SearchAction\",\"target\":{\"@type\":\"EntryPoint\",\"urlTemplate\":\"https:\\\/\\\/lesvolcansnews.net\\\/?s={search_term_string}\"},\"query-input\":{\"@type\":\"PropertyValueSpecification\",\"valueRequired\":true,\"valueName\":\"search_term_string\"}}],\"inLanguage\":\"fr-FR\"},{\"@type\":\"Person\",\"@id\":\"https:\\\/\\\/lesvolcansnews.net\\\/#\\\/schema\\\/person\\\/82c8bed2e77879ecf6cca63441f57354\",\"name\":\"R\u00e9daction - Les Volcans News\",\"image\":{\"@type\":\"ImageObject\",\"inLanguage\":\"fr-FR\",\"@id\":\"https:\\\/\\\/secure.gravatar.com\\\/avatar\\\/8408942dd851e8a9c09f3d382a661bc05d2b3cd9002139bc1795b9528cdc6c80?s=96&d=mm&r=g\",\"url\":\"https:\\\/\\\/secure.gravatar.com\\\/avatar\\\/8408942dd851e8a9c09f3d382a661bc05d2b3cd9002139bc1795b9528cdc6c80?s=96&d=mm&r=g\",\"contentUrl\":\"https:\\\/\\\/secure.gravatar.com\\\/avatar\\\/8408942dd851e8a9c09f3d382a661bc05d2b3cd9002139bc1795b9528cdc6c80?s=96&d=mm&r=g\",\"caption\":\"R\u00e9daction - Les Volcans News\"},\"url\":\"https:\\\/\\\/lesvolcansnews.net\\\/?author=14\"}]}<\/script>\n<!-- \/ Yoast SEO plugin. -->","yoast_head_json":{"title":"Bukavu : incendies r\u00e9p\u00e9titifs, la soci\u00e9t\u00e9 civile exige l\u2019implication des autorit\u00e9s - LES VOLCANS NEWS","robots":{"index":"index","follow":"follow","max-snippet":"max-snippet:-1","max-image-preview":"max-image-preview:large","max-video-preview":"max-video-preview:-1"},"canonical":"https:\/\/lesvolcansnews.net\/?p=72713","og_locale":"fr_FR","og_type":"article","og_title":"Bukavu : incendies r\u00e9p\u00e9titifs, la soci\u00e9t\u00e9 civile exige l\u2019implication des autorit\u00e9s - LES VOLCANS NEWS","og_description":"Bukavu : incendies r\u00e9p\u00e9titifs, la soci\u00e9t\u00e9 civile exige l\u2019implication des autorit\u00e9 La probl\u00e9matique des incendies r\u00e9currents dans la commune d\u2019Ibanda doit mobiliser les autorit\u00e9s, recommande la soci\u00e9t\u00e9 civile de cette","og_url":"https:\/\/lesvolcansnews.net\/?p=72713","og_site_name":"LES VOLCANS NEWS","article_published_time":"2026-02-18T13:41:32+00:00","og_image":[{"width":480,"height":408,"url":"https:\/\/lesvolcansnews.net\/wp-content\/uploads\/2026\/02\/FB_IMG_1771422032330.jpg","type":"image\/jpeg"}],"author":"R\u00e9daction - Les Volcans News","twitter_card":"summary_large_image","twitter_misc":{"\u00c9crit par":"R\u00e9daction - Les Volcans News","Dur\u00e9e de lecture estim\u00e9e":"2 minutes"},"schema":{"@context":"https:\/\/schema.org","@graph":[{"@type":"Article","@id":"https:\/\/lesvolcansnews.net\/?p=72713#article","isPartOf":{"@id":"https:\/\/lesvolcansnews.net\/?p=72713"},"author":{"name":"R\u00e9daction - Les Volcans News","@id":"https:\/\/lesvolcansnews.net\/#\/schema\/person\/82c8bed2e77879ecf6cca63441f57354"},"headline":"Bukavu : incendies r\u00e9p\u00e9titifs, la soci\u00e9t\u00e9 civile exige l\u2019implication des autorit\u00e9s","datePublished":"2026-02-18T13:41:32+00:00","mainEntityOfPage":{"@id":"https:\/\/lesvolcansnews.net\/?p=72713"},"wordCount":354,"commentCount":0,"image":{"@id":"https:\/\/lesvolcansnews.net\/?p=72713#primaryimage"},"thumbnailUrl":"https:\/\/lesvolcansnews.net\/wp-content\/uploads\/2026\/02\/FB_IMG_1771422032330.jpg","articleSection":["ACTUALIT\u00c9"],"inLanguage":"fr-FR","potentialAction":[{"@type":"CommentAction","name":"Comment","target":["https:\/\/lesvolcansnews.net\/?p=72713#respond"]}]},{"@type":"WebPage","@id":"https:\/\/lesvolcansnews.net\/?p=72713","url":"https:\/\/lesvolcansnews.net\/?p=72713","name":"Bukavu : incendies r\u00e9p\u00e9titifs, la soci\u00e9t\u00e9 civile exige l\u2019implication des autorit\u00e9s - LES VOLCANS NEWS","isPartOf":{"@id":"https:\/\/lesvolcansnews.net\/#website"},"primaryImageOfPage":{"@id":"https:\/\/lesvolcansnews.net\/?p=72713#primaryimage"},"image":{"@id":"https:\/\/lesvolcansnews.net\/?p=72713#primaryimage"},"thumbnailUrl":"https:\/\/lesvolcansnews.net\/wp-content\/uploads\/2026\/02\/FB_IMG_1771422032330.jpg","datePublished":"2026-02-18T13:41:32+00:00","author":{"@id":"https:\/\/lesvolcansnews.net\/#\/schema\/person\/82c8bed2e77879ecf6cca63441f57354"},"breadcrumb":{"@id":"https:\/\/lesvolcansnews.net\/?p=72713#breadcrumb"},"inLanguage":"fr-FR","potentialAction":[{"@type":"ReadAction","target":["https:\/\/lesvolcansnews.net\/?p=72713"]}]},{"@type":"ImageObject","inLanguage":"fr-FR","@id":"https:\/\/lesvolcansnews.net\/?p=72713#primaryimage","url":"https:\/\/lesvolcansnews.net\/wp-content\/uploads\/2026\/02\/FB_IMG_1771422032330.jpg","contentUrl":"https:\/\/lesvolcansnews.net\/wp-content\/uploads\/2026\/02\/FB_IMG_1771422032330.jpg","width":480,"height":408},{"@type":"BreadcrumbList","@id":"https:\/\/lesvolcansnews.net\/?p=72713#breadcrumb","itemListElement":[{"@type":"ListItem","position":1,"name":"Accueil","item":"https:\/\/lesvolcansnews.net\/"},{"@type":"ListItem","position":2,"name":"Bukavu : incendies r\u00e9p\u00e9titifs, la soci\u00e9t\u00e9 civile exige l\u2019implication des autorit\u00e9s"}]},{"@type":"WebSite","@id":"https:\/\/lesvolcansnews.net\/#website","url":"https:\/\/lesvolcansnews.net\/","name":"LES VOLCANS NEWS","description":"L&#039;INFORMATION C&#039;EST NOUS","potentialAction":[{"@type":"SearchAction","target":{"@type":"EntryPoint","urlTemplate":"https:\/\/lesvolcansnews.net\/?s={search_term_string}"},"query-input":{"@type":"PropertyValueSpecification","valueRequired":true,"valueName":"search_term_string"}}],"inLanguage":"fr-FR"},{"@type":"Person","@id":"https:\/\/lesvolcansnews.net\/#\/schema\/person\/82c8bed2e77879ecf6cca63441f57354","name":"R\u00e9daction - Les Volcans News","image":{"@type":"ImageObject","inLanguage":"fr-FR","@id":"https:\/\/secure.gravatar.com\/avatar\/8408942dd851e8a9c09f3d382a661bc05d2b3cd9002139bc1795b9528cdc6c80?s=96&d=mm&r=g","url":"https:\/\/secure.gravatar.com\/avatar\/8408942dd851e8a9c09f3d382a661bc05d2b3cd9002139bc1795b9528cdc6c80?s=96&d=mm&r=g","contentUrl":"https:\/\/secure.gravatar.com\/avatar\/8408942dd851e8a9c09f3d382a661bc05d2b3cd9002139bc1795b9528cdc6c80?s=96&d=mm&r=g","caption":"R\u00e9daction - Les Volcans News"},"url":"https:\/\/lesvolcansnews.net\/?author=14"}]}},"_links":{"self":[{"href":"https:\/\/lesvolcansnews.net\/index.php?rest_route=\/wp\/v2\/posts\/72713","targetHints":{"allow":["GET"]}}],"collection":[{"href":"https:\/\/lesvolcansnews.net\/index.php?rest_route=\/wp\/v2\/posts"}],"about":[{"href":"https:\/\/lesvolcansnews.net\/index.php?rest_route=\/wp\/v2\/types\/post"}],"author":[{"embeddable":true,"href":"https:\/\/lesvolcansnews.net\/index.php?rest_route=\/wp\/v2\/users\/14"}],"replies":[{"embeddable":true,"href":"https:\/\/lesvolcansnews.net\/index.php?rest_route=%2Fwp%2Fv2%2Fcomments&post=72713"}],"version-history":[{"count":1,"href":"https:\/\/lesvolcansnews.net\/index.php?rest_route=\/wp\/v2\/posts\/72713\/revisions"}],"predecessor-version":[{"id":72715,"href":"https:\/\/lesvolcansnews.net\/index.php?rest_route=\/wp\/v2\/posts\/72713\/revisions\/72715"}],"wp:featuredmedia":[{"embeddable":true,"href":"https:\/\/lesvolcansnews.net\/index.php?rest_route=\/wp\/v2\/media\/72714"}],"wp:attachment":[{"href":"https:\/\/lesvolcansnews.net\/index.php?rest_route=%2Fwp%2Fv2%2Fmedia&parent=72713"}],"wp:term":[{"taxonomy":"category","embeddable":true,"href":"https:\/\/lesvolcansnews.net\/index.php?rest_route=%2Fwp%2Fv2%2Fcategories&post=72713"},{"taxonomy":"post_tag","embeddable":true,"href":"https:\/\/lesvolcansnews.net\/index.php?rest_route=%2Fwp%2Fv2%2Ftags&post=72713"}],"curies":[{"name":"wp","href":"https:\/\/api.w.org\/{rel}","templated":true}]}}