{"id":72710,"date":"2026-02-18T15:22:49","date_gmt":"2026-02-18T13:22:49","guid":{"rendered":"https:\/\/lesvolcansnews.net\/?p=72710"},"modified":"2026-02-18T15:22:49","modified_gmt":"2026-02-18T13:22:49","slug":"ituri-apres-3-ans-de-detention-preventive-104-detenus-comparaissent-devant-le-tribunal-militaire-a-aru","status":"publish","type":"post","link":"https:\/\/lesvolcansnews.net\/?p=72710","title":{"rendered":"Ituri : apr\u00e8s 3 ans de d\u00e9tention pr\u00e9ventive, 104 d\u00e9tenus comparaissent devant le tribunal militaire \u00e0 Aru"},"content":{"rendered":"<p>&nbsp;<\/p>\n<p><strong>Depuis le 16 f\u00e9vrier 2025, la MONUSCO, \u00e0 travers sa Section d\u2019appui \u00e0 la justice (JSS), soutient le Tribunal militaire de garnison de Bunia dans l\u2019organisation des audiences foraines au centre d\u2019Aru. Au total, 104 d\u00e9tenus pr\u00e9ventifs vont enfin conna\u00eetre leur sort apr\u00e8s trois ans de d\u00e9tention sans jugement.<\/strong><\/p>\n<p>Les audiences, pr\u00e9vues jusqu\u2019au 25 f\u00e9vrier, visent \u00e0 mettre fin aux d\u00e9tentions irr\u00e9guli\u00e8res et prolong\u00e9es et \u00e0 d\u00e9sengorger la prison d\u2019Aru, qui h\u00e9berge 158 d\u00e9tenus, dont 8 femmes, pour une capacit\u00e9 de seulement 75 places.<\/p>\n<p>Lors de l\u2019ouverture des audiences, devant la population locale, le colonel-magistrat Jos\u00e9 Ndamba, pr\u00e9sident du Tribunal militaire de garnison de Bunia, a soulign\u00e9 l\u2019impact de l\u2019appui de la MONUSCO, pr\u00e9cisant que depuis l\u2019instauration de l\u2019\u00e9tat de si\u00e8ge, Aru attendait la pr\u00e9sence du Tribunal militaire de garnison pour si\u00e9ger sur des dossiers concernant des personnes d\u00e9tenues depuis 2022 jusqu\u2019\u00e0 ce jour.<\/p>\n<p>Le cas \u00e9ch\u00e9ant, l\u2019appui de la MONUSCO consiste notamment \u00e0 :<\/p>\n<ul>\n<li>permettre au Tribunal militaire (bas\u00e9 \u00e0 Bunia) de se d\u00e9placer pour si\u00e9ger \u00e0 Aru, l\u00e0 o\u00f9 les faits ont \u00e9t\u00e9 commis ;<\/li>\n<li>prendre en charge l\u2019h\u00e9bergement, l\u2019alimentation et les besoins logistiques des 13 membres du Tribunal (juges, parquet militaire, greffiers et personnel de s\u00e9curit\u00e9) ;<\/li>\n<li>organiser le transport Bunia\u2013Aru pour une partie de la d\u00e9l\u00e9gation ;<\/li>\n<li>mobiliser un agent de la Section d\u2019appui \u00e0 la justice pour un appui technique ;<\/li>\n<li>soutenir les avocats install\u00e9s \u00e0 Aru dans l\u2019assistance judiciaire des pr\u00e9venus et des victimes.<\/li>\n<\/ul>\n<p>Cette initiative intervient dans un climat s\u00e9curitaire difficile. L\u2019Ituri fait face, depuis plusieurs ann\u00e9es, \u00e0 des conflits arm\u00e9s et \u00e0 de graves violations des droits de l\u2019homme. Pour r\u00e9pondre \u00e0 cette situation, le gouvernement a instaur\u00e9 l\u2019\u00e9tat de si\u00e8ge, \u00e9galement appliqu\u00e9 au Nord-Kivu.<\/p>\n<p>Dans ce contexte, l\u2019administration de la justice et le renforcement des capacit\u00e9s judiciaires constituent des leviers essentiels pour lutter contre l\u2019impunit\u00e9 et restaurer l\u2019autorit\u00e9 de l\u2019\u00c9tat.<\/p>\n<p><strong>R\u00e9daction<\/strong><\/p>\n","protected":false},"excerpt":{"rendered":"<p>&nbsp; Depuis le 16 f\u00e9vrier 2025, la MONUSCO, \u00e0 travers sa Section d\u2019appui \u00e0 la justice (JSS), soutient le Tribunal militaire de garnison de Bunia dans l\u2019organisation des audiences foraines<\/p>\n","protected":false},"author":14,"featured_media":72711,"comment_status":"open","ping_status":"open","sticky":false,"template":"","format":"standard","meta":{"footnotes":""},"categories":[51],"tags":[],"class_list":["post-72710","post","type-post","status-publish","format-standard","has-post-thumbnail","hentry","category-justice"],"yoast_head":"<!-- This site is optimized with the Yoast SEO plugin v27.3 - https:\/\/yoast.com\/product\/yoast-seo-wordpress\/ -->\n<title>Ituri : apr\u00e8s 3 ans de d\u00e9tention pr\u00e9ventive, 104 d\u00e9tenus comparaissent devant le tribunal militaire \u00e0 Aru - LES VOLCANS NEWS<\/title>\n<meta name=\"robots\" content=\"index, follow, max-snippet:-1, max-image-preview:large, max-video-preview:-1\" \/>\n<link rel=\"canonical\" href=\"https:\/\/lesvolcansnews.net\/?p=72710\" \/>\n<meta property=\"og:locale\" content=\"fr_FR\" \/>\n<meta property=\"og:type\" content=\"article\" \/>\n<meta property=\"og:title\" content=\"Ituri : apr\u00e8s 3 ans de d\u00e9tention pr\u00e9ventive, 104 d\u00e9tenus comparaissent devant le tribunal militaire \u00e0 Aru - LES VOLCANS NEWS\" \/>\n<meta property=\"og:description\" content=\"&nbsp; Depuis le 16 f\u00e9vrier 2025, la MONUSCO, \u00e0 travers sa Section d\u2019appui \u00e0 la justice (JSS), soutient le Tribunal militaire de garnison de Bunia dans l\u2019organisation des audiences foraines\" \/>\n<meta property=\"og:url\" content=\"https:\/\/lesvolcansnews.net\/?p=72710\" \/>\n<meta property=\"og:site_name\" content=\"LES VOLCANS NEWS\" \/>\n<meta property=\"article:published_time\" content=\"2026-02-18T13:22:49+00:00\" \/>\n<meta property=\"og:image\" content=\"https:\/\/lesvolcansnews.net\/wp-content\/uploads\/2026\/02\/IMG-20260218-WA0195.jpg\" \/>\n\t<meta property=\"og:image:width\" content=\"948\" \/>\n\t<meta property=\"og:image:height\" content=\"630\" \/>\n\t<meta property=\"og:image:type\" content=\"image\/jpeg\" \/>\n<meta name=\"author\" content=\"R\u00e9daction - Les Volcans News\" \/>\n<meta name=\"twitter:card\" content=\"summary_large_image\" \/>\n<meta name=\"twitter:label1\" content=\"\u00c9crit par\" \/>\n\t<meta name=\"twitter:data1\" content=\"R\u00e9daction - Les Volcans News\" \/>\n\t<meta name=\"twitter:label2\" content=\"Dur\u00e9e de lecture estim\u00e9e\" \/>\n\t<meta name=\"twitter:data2\" content=\"2 minutes\" \/>\n<script type=\"application\/ld+json\" class=\"yoast-schema-graph\">{\"@context\":\"https:\\\/\\\/schema.org\",\"@graph\":[{\"@type\":\"Article\",\"@id\":\"https:\\\/\\\/lesvolcansnews.net\\\/?p=72710#article\",\"isPartOf\":{\"@id\":\"https:\\\/\\\/lesvolcansnews.net\\\/?p=72710\"},\"author\":{\"name\":\"R\u00e9daction - Les Volcans News\",\"@id\":\"https:\\\/\\\/lesvolcansnews.net\\\/#\\\/schema\\\/person\\\/82c8bed2e77879ecf6cca63441f57354\"},\"headline\":\"Ituri : apr\u00e8s 3 ans de d\u00e9tention pr\u00e9ventive, 104 d\u00e9tenus comparaissent devant le tribunal militaire \u00e0 Aru\",\"datePublished\":\"2026-02-18T13:22:49+00:00\",\"mainEntityOfPage\":{\"@id\":\"https:\\\/\\\/lesvolcansnews.net\\\/?p=72710\"},\"wordCount\":362,\"commentCount\":0,\"image\":{\"@id\":\"https:\\\/\\\/lesvolcansnews.net\\\/?p=72710#primaryimage\"},\"thumbnailUrl\":\"https:\\\/\\\/lesvolcansnews.net\\\/wp-content\\\/uploads\\\/2026\\\/02\\\/IMG-20260218-WA0195.jpg\",\"articleSection\":[\"JUSTICE\"],\"inLanguage\":\"fr-FR\",\"potentialAction\":[{\"@type\":\"CommentAction\",\"name\":\"Comment\",\"target\":[\"https:\\\/\\\/lesvolcansnews.net\\\/?p=72710#respond\"]}]},{\"@type\":\"WebPage\",\"@id\":\"https:\\\/\\\/lesvolcansnews.net\\\/?p=72710\",\"url\":\"https:\\\/\\\/lesvolcansnews.net\\\/?p=72710\",\"name\":\"Ituri : apr\u00e8s 3 ans de d\u00e9tention pr\u00e9ventive, 104 d\u00e9tenus comparaissent devant le tribunal militaire \u00e0 Aru - LES VOLCANS NEWS\",\"isPartOf\":{\"@id\":\"https:\\\/\\\/lesvolcansnews.net\\\/#website\"},\"primaryImageOfPage\":{\"@id\":\"https:\\\/\\\/lesvolcansnews.net\\\/?p=72710#primaryimage\"},\"image\":{\"@id\":\"https:\\\/\\\/lesvolcansnews.net\\\/?p=72710#primaryimage\"},\"thumbnailUrl\":\"https:\\\/\\\/lesvolcansnews.net\\\/wp-content\\\/uploads\\\/2026\\\/02\\\/IMG-20260218-WA0195.jpg\",\"datePublished\":\"2026-02-18T13:22:49+00:00\",\"author\":{\"@id\":\"https:\\\/\\\/lesvolcansnews.net\\\/#\\\/schema\\\/person\\\/82c8bed2e77879ecf6cca63441f57354\"},\"breadcrumb\":{\"@id\":\"https:\\\/\\\/lesvolcansnews.net\\\/?p=72710#breadcrumb\"},\"inLanguage\":\"fr-FR\",\"potentialAction\":[{\"@type\":\"ReadAction\",\"target\":[\"https:\\\/\\\/lesvolcansnews.net\\\/?p=72710\"]}]},{\"@type\":\"ImageObject\",\"inLanguage\":\"fr-FR\",\"@id\":\"https:\\\/\\\/lesvolcansnews.net\\\/?p=72710#primaryimage\",\"url\":\"https:\\\/\\\/lesvolcansnews.net\\\/wp-content\\\/uploads\\\/2026\\\/02\\\/IMG-20260218-WA0195.jpg\",\"contentUrl\":\"https:\\\/\\\/lesvolcansnews.net\\\/wp-content\\\/uploads\\\/2026\\\/02\\\/IMG-20260218-WA0195.jpg\",\"width\":948,\"height\":630},{\"@type\":\"BreadcrumbList\",\"@id\":\"https:\\\/\\\/lesvolcansnews.net\\\/?p=72710#breadcrumb\",\"itemListElement\":[{\"@type\":\"ListItem\",\"position\":1,\"name\":\"Accueil\",\"item\":\"https:\\\/\\\/lesvolcansnews.net\\\/\"},{\"@type\":\"ListItem\",\"position\":2,\"name\":\"Ituri : apr\u00e8s 3 ans de d\u00e9tention pr\u00e9ventive, 104 d\u00e9tenus comparaissent devant le tribunal militaire \u00e0 Aru\"}]},{\"@type\":\"WebSite\",\"@id\":\"https:\\\/\\\/lesvolcansnews.net\\\/#website\",\"url\":\"https:\\\/\\\/lesvolcansnews.net\\\/\",\"name\":\"LES VOLCANS NEWS\",\"description\":\"L&#039;INFORMATION C&#039;EST NOUS\",\"potentialAction\":[{\"@type\":\"SearchAction\",\"target\":{\"@type\":\"EntryPoint\",\"urlTemplate\":\"https:\\\/\\\/lesvolcansnews.net\\\/?s={search_term_string}\"},\"query-input\":{\"@type\":\"PropertyValueSpecification\",\"valueRequired\":true,\"valueName\":\"search_term_string\"}}],\"inLanguage\":\"fr-FR\"},{\"@type\":\"Person\",\"@id\":\"https:\\\/\\\/lesvolcansnews.net\\\/#\\\/schema\\\/person\\\/82c8bed2e77879ecf6cca63441f57354\",\"name\":\"R\u00e9daction - Les Volcans News\",\"image\":{\"@type\":\"ImageObject\",\"inLanguage\":\"fr-FR\",\"@id\":\"https:\\\/\\\/secure.gravatar.com\\\/avatar\\\/8408942dd851e8a9c09f3d382a661bc05d2b3cd9002139bc1795b9528cdc6c80?s=96&d=mm&r=g\",\"url\":\"https:\\\/\\\/secure.gravatar.com\\\/avatar\\\/8408942dd851e8a9c09f3d382a661bc05d2b3cd9002139bc1795b9528cdc6c80?s=96&d=mm&r=g\",\"contentUrl\":\"https:\\\/\\\/secure.gravatar.com\\\/avatar\\\/8408942dd851e8a9c09f3d382a661bc05d2b3cd9002139bc1795b9528cdc6c80?s=96&d=mm&r=g\",\"caption\":\"R\u00e9daction - Les Volcans News\"},\"url\":\"https:\\\/\\\/lesvolcansnews.net\\\/?author=14\"}]}<\/script>\n<!-- \/ Yoast SEO plugin. -->","yoast_head_json":{"title":"Ituri : apr\u00e8s 3 ans de d\u00e9tention pr\u00e9ventive, 104 d\u00e9tenus comparaissent devant le tribunal militaire \u00e0 Aru - LES VOLCANS NEWS","robots":{"index":"index","follow":"follow","max-snippet":"max-snippet:-1","max-image-preview":"max-image-preview:large","max-video-preview":"max-video-preview:-1"},"canonical":"https:\/\/lesvolcansnews.net\/?p=72710","og_locale":"fr_FR","og_type":"article","og_title":"Ituri : apr\u00e8s 3 ans de d\u00e9tention pr\u00e9ventive, 104 d\u00e9tenus comparaissent devant le tribunal militaire \u00e0 Aru - LES VOLCANS NEWS","og_description":"&nbsp; Depuis le 16 f\u00e9vrier 2025, la MONUSCO, \u00e0 travers sa Section d\u2019appui \u00e0 la justice (JSS), soutient le Tribunal militaire de garnison de Bunia dans l\u2019organisation des audiences foraines","og_url":"https:\/\/lesvolcansnews.net\/?p=72710","og_site_name":"LES VOLCANS NEWS","article_published_time":"2026-02-18T13:22:49+00:00","og_image":[{"width":948,"height":630,"url":"https:\/\/lesvolcansnews.net\/wp-content\/uploads\/2026\/02\/IMG-20260218-WA0195.jpg","type":"image\/jpeg"}],"author":"R\u00e9daction - Les Volcans News","twitter_card":"summary_large_image","twitter_misc":{"\u00c9crit par":"R\u00e9daction - Les Volcans News","Dur\u00e9e de lecture estim\u00e9e":"2 minutes"},"schema":{"@context":"https:\/\/schema.org","@graph":[{"@type":"Article","@id":"https:\/\/lesvolcansnews.net\/?p=72710#article","isPartOf":{"@id":"https:\/\/lesvolcansnews.net\/?p=72710"},"author":{"name":"R\u00e9daction - Les Volcans News","@id":"https:\/\/lesvolcansnews.net\/#\/schema\/person\/82c8bed2e77879ecf6cca63441f57354"},"headline":"Ituri : apr\u00e8s 3 ans de d\u00e9tention pr\u00e9ventive, 104 d\u00e9tenus comparaissent devant le tribunal militaire \u00e0 Aru","datePublished":"2026-02-18T13:22:49+00:00","mainEntityOfPage":{"@id":"https:\/\/lesvolcansnews.net\/?p=72710"},"wordCount":362,"commentCount":0,"image":{"@id":"https:\/\/lesvolcansnews.net\/?p=72710#primaryimage"},"thumbnailUrl":"https:\/\/lesvolcansnews.net\/wp-content\/uploads\/2026\/02\/IMG-20260218-WA0195.jpg","articleSection":["JUSTICE"],"inLanguage":"fr-FR","potentialAction":[{"@type":"CommentAction","name":"Comment","target":["https:\/\/lesvolcansnews.net\/?p=72710#respond"]}]},{"@type":"WebPage","@id":"https:\/\/lesvolcansnews.net\/?p=72710","url":"https:\/\/lesvolcansnews.net\/?p=72710","name":"Ituri : apr\u00e8s 3 ans de d\u00e9tention pr\u00e9ventive, 104 d\u00e9tenus comparaissent devant le tribunal militaire \u00e0 Aru - LES VOLCANS NEWS","isPartOf":{"@id":"https:\/\/lesvolcansnews.net\/#website"},"primaryImageOfPage":{"@id":"https:\/\/lesvolcansnews.net\/?p=72710#primaryimage"},"image":{"@id":"https:\/\/lesvolcansnews.net\/?p=72710#primaryimage"},"thumbnailUrl":"https:\/\/lesvolcansnews.net\/wp-content\/uploads\/2026\/02\/IMG-20260218-WA0195.jpg","datePublished":"2026-02-18T13:22:49+00:00","author":{"@id":"https:\/\/lesvolcansnews.net\/#\/schema\/person\/82c8bed2e77879ecf6cca63441f57354"},"breadcrumb":{"@id":"https:\/\/lesvolcansnews.net\/?p=72710#breadcrumb"},"inLanguage":"fr-FR","potentialAction":[{"@type":"ReadAction","target":["https:\/\/lesvolcansnews.net\/?p=72710"]}]},{"@type":"ImageObject","inLanguage":"fr-FR","@id":"https:\/\/lesvolcansnews.net\/?p=72710#primaryimage","url":"https:\/\/lesvolcansnews.net\/wp-content\/uploads\/2026\/02\/IMG-20260218-WA0195.jpg","contentUrl":"https:\/\/lesvolcansnews.net\/wp-content\/uploads\/2026\/02\/IMG-20260218-WA0195.jpg","width":948,"height":630},{"@type":"BreadcrumbList","@id":"https:\/\/lesvolcansnews.net\/?p=72710#breadcrumb","itemListElement":[{"@type":"ListItem","position":1,"name":"Accueil","item":"https:\/\/lesvolcansnews.net\/"},{"@type":"ListItem","position":2,"name":"Ituri : apr\u00e8s 3 ans de d\u00e9tention pr\u00e9ventive, 104 d\u00e9tenus comparaissent devant le tribunal militaire \u00e0 Aru"}]},{"@type":"WebSite","@id":"https:\/\/lesvolcansnews.net\/#website","url":"https:\/\/lesvolcansnews.net\/","name":"LES VOLCANS NEWS","description":"L&#039;INFORMATION C&#039;EST NOUS","potentialAction":[{"@type":"SearchAction","target":{"@type":"EntryPoint","urlTemplate":"https:\/\/lesvolcansnews.net\/?s={search_term_string}"},"query-input":{"@type":"PropertyValueSpecification","valueRequired":true,"valueName":"search_term_string"}}],"inLanguage":"fr-FR"},{"@type":"Person","@id":"https:\/\/lesvolcansnews.net\/#\/schema\/person\/82c8bed2e77879ecf6cca63441f57354","name":"R\u00e9daction - Les Volcans News","image":{"@type":"ImageObject","inLanguage":"fr-FR","@id":"https:\/\/secure.gravatar.com\/avatar\/8408942dd851e8a9c09f3d382a661bc05d2b3cd9002139bc1795b9528cdc6c80?s=96&d=mm&r=g","url":"https:\/\/secure.gravatar.com\/avatar\/8408942dd851e8a9c09f3d382a661bc05d2b3cd9002139bc1795b9528cdc6c80?s=96&d=mm&r=g","contentUrl":"https:\/\/secure.gravatar.com\/avatar\/8408942dd851e8a9c09f3d382a661bc05d2b3cd9002139bc1795b9528cdc6c80?s=96&d=mm&r=g","caption":"R\u00e9daction - Les Volcans News"},"url":"https:\/\/lesvolcansnews.net\/?author=14"}]}},"_links":{"self":[{"href":"https:\/\/lesvolcansnews.net\/index.php?rest_route=\/wp\/v2\/posts\/72710","targetHints":{"allow":["GET"]}}],"collection":[{"href":"https:\/\/lesvolcansnews.net\/index.php?rest_route=\/wp\/v2\/posts"}],"about":[{"href":"https:\/\/lesvolcansnews.net\/index.php?rest_route=\/wp\/v2\/types\/post"}],"author":[{"embeddable":true,"href":"https:\/\/lesvolcansnews.net\/index.php?rest_route=\/wp\/v2\/users\/14"}],"replies":[{"embeddable":true,"href":"https:\/\/lesvolcansnews.net\/index.php?rest_route=%2Fwp%2Fv2%2Fcomments&post=72710"}],"version-history":[{"count":1,"href":"https:\/\/lesvolcansnews.net\/index.php?rest_route=\/wp\/v2\/posts\/72710\/revisions"}],"predecessor-version":[{"id":72712,"href":"https:\/\/lesvolcansnews.net\/index.php?rest_route=\/wp\/v2\/posts\/72710\/revisions\/72712"}],"wp:featuredmedia":[{"embeddable":true,"href":"https:\/\/lesvolcansnews.net\/index.php?rest_route=\/wp\/v2\/media\/72711"}],"wp:attachment":[{"href":"https:\/\/lesvolcansnews.net\/index.php?rest_route=%2Fwp%2Fv2%2Fmedia&parent=72710"}],"wp:term":[{"taxonomy":"category","embeddable":true,"href":"https:\/\/lesvolcansnews.net\/index.php?rest_route=%2Fwp%2Fv2%2Fcategories&post=72710"},{"taxonomy":"post_tag","embeddable":true,"href":"https:\/\/lesvolcansnews.net\/index.php?rest_route=%2Fwp%2Fv2%2Ftags&post=72710"}],"curies":[{"name":"wp","href":"https:\/\/api.w.org\/{rel}","templated":true}]}}