{"id":72696,"date":"2026-02-18T07:52:45","date_gmt":"2026-02-18T05:52:45","guid":{"rendered":"https:\/\/lesvolcansnews.net\/?p=72696"},"modified":"2026-02-18T07:52:45","modified_gmt":"2026-02-18T05:52:45","slug":"sud-kivu-reprise-du-reseau-airtel-apres-plus-dun-mois-dinterruption","status":"publish","type":"post","link":"https:\/\/lesvolcansnews.net\/?p=72696","title":{"rendered":"Sud-Kivu: reprise du r\u00e9seau Airtel apr\u00e8s plus d\u2019un mois d\u2019interruption*"},"content":{"rendered":"<p>&nbsp;<\/p>\n<p><strong>Apr\u00e8s plus d\u2019un mois de coupure totale des r\u00e9seaux de t\u00e9l\u00e9phonie mobile dans plusieurs entit\u00e9s du territoire de Kabare, le r\u00e9seau Airtel a de nouveau commenc\u00e9 \u00e0 fonctionner dans certaines localit\u00e9s, mettant fin \u00e0 une longue p\u00e9riode d\u2019isolement qui a durement affect\u00e9 les populations.<\/strong><\/p>\n<p>\u00c0 Miti, Bugorhe, Mudaka, Katana ainsi que dans une partie du territoire de Kalehe, des habitants confirment la reprise progressive du signal. Les appels passent \u00e0 nouveau et les services de mobile money recommencent \u00e0 \u00eatre accessibles, suscitant un soulagement visible au sein de la population.<\/p>\n<p>\u00ab Nous avons enfin du r\u00e9seau depuis ce matin. Nous pouvons appeler nos proches et recevoir de l\u2019argent \u00bb, t\u00e9moigne mardoch\u00e9 safari.<\/p>\n<p>Cette reprise intervient apr\u00e8s une interruption prolong\u00e9e qui avait paralys\u00e9 les \u00e9changes \u00e9conomiques et rompu les communications dans une r\u00e9gion d\u00e9j\u00e0 fragilis\u00e9e par l\u2019ins\u00e9curit\u00e9 persistante.<\/p>\n<p>Une paralysie \u00e9conomique et sociale<\/p>\n<p>Durant ces pr\u00e9c\u00e9dentes semaines, les cons\u00e9quences ont \u00e9t\u00e9 lourdes. Dans ces localit\u00e9s o\u00f9 les banques et coop\u00e9ratives d\u2019\u00e9pargne sont inactives depuis plusieurs mois, les services de t\u00e9l\u00e9phonie mobile constituaient le principal moyen de transfert d\u2019argent et de paiement.<\/p>\n<p>Priv\u00e9s de mobile money, de nombreux m\u00e9nages ont rencontr\u00e9 des difficult\u00e9s \u00e0 subvenir \u00e0 leurs besoins quotidiens. Les petits commer\u00e7ants, incapables de recevoir des paiements \u00e9lectroniques ou de commander des marchandises, ont vu leurs activit\u00e9s ralentir consid\u00e9rablement.<\/p>\n<p>La coupure a \u00e9galement affect\u00e9 les \u00e9tudiants et les jeunes professionnels, emp\u00each\u00e9s d\u2019acc\u00e9der \u00e0 Internet pour soumettre des travaux acad\u00e9miques, postuler \u00e0 des opportunit\u00e9s ou suivre des formations en ligne. Les structures sanitaires et organisations locales ont, elles aussi, \u00e9prouv\u00e9 des difficult\u00e9s \u00e0 coordonner certaines activit\u00e9s urgentes.<\/p>\n<p>Une reprise partielle et des attentes persistantes<\/p>\n<p>Si Airtel semble d\u00e9sormais op\u00e9rationnel dans plusieurs zones, des habitants signalent que le signal demeure instable par endroits. Par ailleurs, les r\u00e9seaux Orange et Vodacom ne seraient pas encore totalement r\u00e9tablis dans certaines localit\u00e9s concern\u00e9es.<\/p>\n<p>La population esp\u00e8re que cette reprise sera durable et que des mesures seront prises pour \u00e9viter qu\u2019une telle situation ne se reproduise. Pour beaucoup, cette crise a d\u00e9montr\u00e9 que l\u2019acc\u00e8s aux t\u00e9l\u00e9communications n\u2019est plus un simple confort, mais un service essentiel \u00e0 la vie \u00e9conomique, sociale et familiale.<\/p>\n<p>Apr\u00e8s trois semaines d\u2019isolement, Kabare tente ainsi de renouer progressivement avec le reste du pays, dans l\u2019attente d\u2019un r\u00e9tablissement complet et stable des r\u00e9seaux.<\/p>\n<p>Yseult Lwango<\/p>\n","protected":false},"excerpt":{"rendered":"<p>&nbsp; Apr\u00e8s plus d\u2019un mois de coupure totale des r\u00e9seaux de t\u00e9l\u00e9phonie mobile dans plusieurs entit\u00e9s du territoire de Kabare, le r\u00e9seau Airtel a de nouveau commenc\u00e9 \u00e0 fonctionner dans<\/p>\n","protected":false},"author":14,"featured_media":0,"comment_status":"open","ping_status":"open","sticky":false,"template":"","format":"standard","meta":{"footnotes":""},"categories":[8],"tags":[],"class_list":["post-72696","post","type-post","status-publish","format-standard","hentry","category-economie"],"yoast_head":"<!-- This site is optimized with the Yoast SEO plugin v27.5 - https:\/\/yoast.com\/product\/yoast-seo-wordpress\/ -->\n<title>Sud-Kivu: reprise du r\u00e9seau Airtel apr\u00e8s plus d\u2019un mois d\u2019interruption* - LES VOLCANS NEWS<\/title>\n<meta name=\"robots\" content=\"index, follow, max-snippet:-1, max-image-preview:large, max-video-preview:-1\" \/>\n<link rel=\"canonical\" href=\"https:\/\/lesvolcansnews.net\/?p=72696\" \/>\n<meta property=\"og:locale\" content=\"fr_FR\" \/>\n<meta property=\"og:type\" content=\"article\" \/>\n<meta property=\"og:title\" content=\"Sud-Kivu: reprise du r\u00e9seau Airtel apr\u00e8s plus d\u2019un mois d\u2019interruption* - LES VOLCANS NEWS\" \/>\n<meta property=\"og:description\" content=\"&nbsp; Apr\u00e8s plus d\u2019un mois de coupure totale des r\u00e9seaux de t\u00e9l\u00e9phonie mobile dans plusieurs entit\u00e9s du territoire de Kabare, le r\u00e9seau Airtel a de nouveau commenc\u00e9 \u00e0 fonctionner dans\" \/>\n<meta property=\"og:url\" content=\"https:\/\/lesvolcansnews.net\/?p=72696\" \/>\n<meta property=\"og:site_name\" content=\"LES VOLCANS NEWS\" \/>\n<meta property=\"article:published_time\" content=\"2026-02-18T05:52:45+00:00\" \/>\n<meta name=\"author\" content=\"R\u00e9daction - Les Volcans News\" \/>\n<meta name=\"twitter:card\" content=\"summary_large_image\" \/>\n<meta name=\"twitter:label1\" content=\"\u00c9crit par\" \/>\n\t<meta name=\"twitter:data1\" content=\"R\u00e9daction - Les Volcans News\" \/>\n\t<meta name=\"twitter:label2\" content=\"Dur\u00e9e de lecture estim\u00e9e\" \/>\n\t<meta name=\"twitter:data2\" content=\"2 minutes\" \/>\n<script type=\"application\/ld+json\" class=\"yoast-schema-graph\">{\"@context\":\"https:\\\/\\\/schema.org\",\"@graph\":[{\"@type\":\"Article\",\"@id\":\"https:\\\/\\\/lesvolcansnews.net\\\/?p=72696#article\",\"isPartOf\":{\"@id\":\"https:\\\/\\\/lesvolcansnews.net\\\/?p=72696\"},\"author\":{\"name\":\"R\u00e9daction - Les Volcans News\",\"@id\":\"https:\\\/\\\/lesvolcansnews.net\\\/#\\\/schema\\\/person\\\/82c8bed2e77879ecf6cca63441f57354\"},\"headline\":\"Sud-Kivu: reprise du r\u00e9seau Airtel apr\u00e8s plus d\u2019un mois d\u2019interruption*\",\"datePublished\":\"2026-02-18T05:52:45+00:00\",\"mainEntityOfPage\":{\"@id\":\"https:\\\/\\\/lesvolcansnews.net\\\/?p=72696\"},\"wordCount\":445,\"commentCount\":0,\"articleSection\":[\"\u00c9CONOMIE\"],\"inLanguage\":\"fr-FR\",\"potentialAction\":[{\"@type\":\"CommentAction\",\"name\":\"Comment\",\"target\":[\"https:\\\/\\\/lesvolcansnews.net\\\/?p=72696#respond\"]}]},{\"@type\":\"WebPage\",\"@id\":\"https:\\\/\\\/lesvolcansnews.net\\\/?p=72696\",\"url\":\"https:\\\/\\\/lesvolcansnews.net\\\/?p=72696\",\"name\":\"Sud-Kivu: reprise du r\u00e9seau Airtel apr\u00e8s plus d\u2019un mois d\u2019interruption* - LES VOLCANS NEWS\",\"isPartOf\":{\"@id\":\"https:\\\/\\\/lesvolcansnews.net\\\/#website\"},\"datePublished\":\"2026-02-18T05:52:45+00:00\",\"author\":{\"@id\":\"https:\\\/\\\/lesvolcansnews.net\\\/#\\\/schema\\\/person\\\/82c8bed2e77879ecf6cca63441f57354\"},\"breadcrumb\":{\"@id\":\"https:\\\/\\\/lesvolcansnews.net\\\/?p=72696#breadcrumb\"},\"inLanguage\":\"fr-FR\",\"potentialAction\":[{\"@type\":\"ReadAction\",\"target\":[\"https:\\\/\\\/lesvolcansnews.net\\\/?p=72696\"]}]},{\"@type\":\"BreadcrumbList\",\"@id\":\"https:\\\/\\\/lesvolcansnews.net\\\/?p=72696#breadcrumb\",\"itemListElement\":[{\"@type\":\"ListItem\",\"position\":1,\"name\":\"Accueil\",\"item\":\"https:\\\/\\\/lesvolcansnews.net\\\/\"},{\"@type\":\"ListItem\",\"position\":2,\"name\":\"Sud-Kivu: reprise du r\u00e9seau Airtel apr\u00e8s plus d\u2019un mois d\u2019interruption*\"}]},{\"@type\":\"WebSite\",\"@id\":\"https:\\\/\\\/lesvolcansnews.net\\\/#website\",\"url\":\"https:\\\/\\\/lesvolcansnews.net\\\/\",\"name\":\"LES VOLCANS NEWS\",\"description\":\"L&#039;INFORMATION C&#039;EST NOUS\",\"potentialAction\":[{\"@type\":\"SearchAction\",\"target\":{\"@type\":\"EntryPoint\",\"urlTemplate\":\"https:\\\/\\\/lesvolcansnews.net\\\/?s={search_term_string}\"},\"query-input\":{\"@type\":\"PropertyValueSpecification\",\"valueRequired\":true,\"valueName\":\"search_term_string\"}}],\"inLanguage\":\"fr-FR\"},{\"@type\":\"Person\",\"@id\":\"https:\\\/\\\/lesvolcansnews.net\\\/#\\\/schema\\\/person\\\/82c8bed2e77879ecf6cca63441f57354\",\"name\":\"R\u00e9daction - Les Volcans News\",\"image\":{\"@type\":\"ImageObject\",\"inLanguage\":\"fr-FR\",\"@id\":\"https:\\\/\\\/secure.gravatar.com\\\/avatar\\\/8408942dd851e8a9c09f3d382a661bc05d2b3cd9002139bc1795b9528cdc6c80?s=96&d=mm&r=g\",\"url\":\"https:\\\/\\\/secure.gravatar.com\\\/avatar\\\/8408942dd851e8a9c09f3d382a661bc05d2b3cd9002139bc1795b9528cdc6c80?s=96&d=mm&r=g\",\"contentUrl\":\"https:\\\/\\\/secure.gravatar.com\\\/avatar\\\/8408942dd851e8a9c09f3d382a661bc05d2b3cd9002139bc1795b9528cdc6c80?s=96&d=mm&r=g\",\"caption\":\"R\u00e9daction - Les Volcans News\"},\"url\":\"https:\\\/\\\/lesvolcansnews.net\\\/?author=14\"}]}<\/script>\n<!-- \/ Yoast SEO plugin. -->","yoast_head_json":{"title":"Sud-Kivu: reprise du r\u00e9seau Airtel apr\u00e8s plus d\u2019un mois d\u2019interruption* - LES VOLCANS NEWS","robots":{"index":"index","follow":"follow","max-snippet":"max-snippet:-1","max-image-preview":"max-image-preview:large","max-video-preview":"max-video-preview:-1"},"canonical":"https:\/\/lesvolcansnews.net\/?p=72696","og_locale":"fr_FR","og_type":"article","og_title":"Sud-Kivu: reprise du r\u00e9seau Airtel apr\u00e8s plus d\u2019un mois d\u2019interruption* - LES VOLCANS NEWS","og_description":"&nbsp; Apr\u00e8s plus d\u2019un mois de coupure totale des r\u00e9seaux de t\u00e9l\u00e9phonie mobile dans plusieurs entit\u00e9s du territoire de Kabare, le r\u00e9seau Airtel a de nouveau commenc\u00e9 \u00e0 fonctionner dans","og_url":"https:\/\/lesvolcansnews.net\/?p=72696","og_site_name":"LES VOLCANS NEWS","article_published_time":"2026-02-18T05:52:45+00:00","author":"R\u00e9daction - Les Volcans News","twitter_card":"summary_large_image","twitter_misc":{"\u00c9crit par":"R\u00e9daction - Les Volcans News","Dur\u00e9e de lecture estim\u00e9e":"2 minutes"},"schema":{"@context":"https:\/\/schema.org","@graph":[{"@type":"Article","@id":"https:\/\/lesvolcansnews.net\/?p=72696#article","isPartOf":{"@id":"https:\/\/lesvolcansnews.net\/?p=72696"},"author":{"name":"R\u00e9daction - Les Volcans News","@id":"https:\/\/lesvolcansnews.net\/#\/schema\/person\/82c8bed2e77879ecf6cca63441f57354"},"headline":"Sud-Kivu: reprise du r\u00e9seau Airtel apr\u00e8s plus d\u2019un mois d\u2019interruption*","datePublished":"2026-02-18T05:52:45+00:00","mainEntityOfPage":{"@id":"https:\/\/lesvolcansnews.net\/?p=72696"},"wordCount":445,"commentCount":0,"articleSection":["\u00c9CONOMIE"],"inLanguage":"fr-FR","potentialAction":[{"@type":"CommentAction","name":"Comment","target":["https:\/\/lesvolcansnews.net\/?p=72696#respond"]}]},{"@type":"WebPage","@id":"https:\/\/lesvolcansnews.net\/?p=72696","url":"https:\/\/lesvolcansnews.net\/?p=72696","name":"Sud-Kivu: reprise du r\u00e9seau Airtel apr\u00e8s plus d\u2019un mois d\u2019interruption* - LES VOLCANS NEWS","isPartOf":{"@id":"https:\/\/lesvolcansnews.net\/#website"},"datePublished":"2026-02-18T05:52:45+00:00","author":{"@id":"https:\/\/lesvolcansnews.net\/#\/schema\/person\/82c8bed2e77879ecf6cca63441f57354"},"breadcrumb":{"@id":"https:\/\/lesvolcansnews.net\/?p=72696#breadcrumb"},"inLanguage":"fr-FR","potentialAction":[{"@type":"ReadAction","target":["https:\/\/lesvolcansnews.net\/?p=72696"]}]},{"@type":"BreadcrumbList","@id":"https:\/\/lesvolcansnews.net\/?p=72696#breadcrumb","itemListElement":[{"@type":"ListItem","position":1,"name":"Accueil","item":"https:\/\/lesvolcansnews.net\/"},{"@type":"ListItem","position":2,"name":"Sud-Kivu: reprise du r\u00e9seau Airtel apr\u00e8s plus d\u2019un mois d\u2019interruption*"}]},{"@type":"WebSite","@id":"https:\/\/lesvolcansnews.net\/#website","url":"https:\/\/lesvolcansnews.net\/","name":"LES VOLCANS NEWS","description":"L&#039;INFORMATION C&#039;EST NOUS","potentialAction":[{"@type":"SearchAction","target":{"@type":"EntryPoint","urlTemplate":"https:\/\/lesvolcansnews.net\/?s={search_term_string}"},"query-input":{"@type":"PropertyValueSpecification","valueRequired":true,"valueName":"search_term_string"}}],"inLanguage":"fr-FR"},{"@type":"Person","@id":"https:\/\/lesvolcansnews.net\/#\/schema\/person\/82c8bed2e77879ecf6cca63441f57354","name":"R\u00e9daction - Les Volcans News","image":{"@type":"ImageObject","inLanguage":"fr-FR","@id":"https:\/\/secure.gravatar.com\/avatar\/8408942dd851e8a9c09f3d382a661bc05d2b3cd9002139bc1795b9528cdc6c80?s=96&d=mm&r=g","url":"https:\/\/secure.gravatar.com\/avatar\/8408942dd851e8a9c09f3d382a661bc05d2b3cd9002139bc1795b9528cdc6c80?s=96&d=mm&r=g","contentUrl":"https:\/\/secure.gravatar.com\/avatar\/8408942dd851e8a9c09f3d382a661bc05d2b3cd9002139bc1795b9528cdc6c80?s=96&d=mm&r=g","caption":"R\u00e9daction - Les Volcans News"},"url":"https:\/\/lesvolcansnews.net\/?author=14"}]}},"_links":{"self":[{"href":"https:\/\/lesvolcansnews.net\/index.php?rest_route=\/wp\/v2\/posts\/72696","targetHints":{"allow":["GET"]}}],"collection":[{"href":"https:\/\/lesvolcansnews.net\/index.php?rest_route=\/wp\/v2\/posts"}],"about":[{"href":"https:\/\/lesvolcansnews.net\/index.php?rest_route=\/wp\/v2\/types\/post"}],"author":[{"embeddable":true,"href":"https:\/\/lesvolcansnews.net\/index.php?rest_route=\/wp\/v2\/users\/14"}],"replies":[{"embeddable":true,"href":"https:\/\/lesvolcansnews.net\/index.php?rest_route=%2Fwp%2Fv2%2Fcomments&post=72696"}],"version-history":[{"count":1,"href":"https:\/\/lesvolcansnews.net\/index.php?rest_route=\/wp\/v2\/posts\/72696\/revisions"}],"predecessor-version":[{"id":72697,"href":"https:\/\/lesvolcansnews.net\/index.php?rest_route=\/wp\/v2\/posts\/72696\/revisions\/72697"}],"wp:attachment":[{"href":"https:\/\/lesvolcansnews.net\/index.php?rest_route=%2Fwp%2Fv2%2Fmedia&parent=72696"}],"wp:term":[{"taxonomy":"category","embeddable":true,"href":"https:\/\/lesvolcansnews.net\/index.php?rest_route=%2Fwp%2Fv2%2Fcategories&post=72696"},{"taxonomy":"post_tag","embeddable":true,"href":"https:\/\/lesvolcansnews.net\/index.php?rest_route=%2Fwp%2Fv2%2Ftags&post=72696"}],"curies":[{"name":"wp","href":"https:\/\/api.w.org\/{rel}","templated":true}]}}