{"id":72682,"date":"2026-02-16T17:42:33","date_gmt":"2026-02-16T15:42:33","guid":{"rendered":"https:\/\/lesvolcansnews.net\/?p=72682"},"modified":"2026-02-16T17:42:33","modified_gmt":"2026-02-16T15:42:33","slug":"haut-katanga-le-bureau-de-lassemblee-provinciale-a-fonctionne-normalement-selon-son-president","status":"publish","type":"post","link":"https:\/\/lesvolcansnews.net\/?p=72682","title":{"rendered":"Haut-Katanga: Le bureau de l\u2019Assembl\u00e9e provinciale a fonctionn\u00e9 normalement, selon son pr\u00e9sident"},"content":{"rendered":"<p>&nbsp;<\/p>\n<p><strong>Le bureau de l\u2019Assembl\u00e9e provinciale du Haut-Katanga, dans le sud-est de la R\u00e9publique d\u00e9mocratique du Congo, a travaill\u00e9 normalement malgr\u00e9 des informations relay\u00e9es sur les r\u00e9seaux sociaux, a d\u00e9clar\u00e9 lundi son pr\u00e9sident, Michel Kabwe Mwamba, \u00e0 son arriv\u00e9e \u00e0 l\u2019a\u00e9roport international de la Luano, en provenance de l\u2019\u00e9tranger.<\/strong><\/p>\n<p>\u00ab Nous sommes en train de faire notre travail tous les jours et Me Kiela a d\u00e9pos\u00e9 une plainte contre quatre membres du bureau \u00e0 la cour d&#8217;appel ici en province et nous en tant que pr\u00e9sident \u00e0 la cour de cassation. Nous n&#8217;allons pas r\u00e9pondre directement, nous attendons l&#8217;invitation afin de pr\u00e9senter les moyens de d\u00e9fense et \u00e0 la justice de faire son travail \u00bb, a d\u00e9clar\u00e9 Michel Kabwe Mwamba, peu apr\u00e8s son retour.<\/p>\n<p>Des publications sur les r\u00e9seaux sociaux faisaient \u00e9galement \u00e9tat d\u2019une pr\u00e9tendue rencontre en Europe entre le chef de l\u2019ex\u00e9cutif provincial et le pr\u00e9sident de l\u2019organe d\u00e9lib\u00e9rant en vue d\u2019un remaniement du gouvernement provincial.<\/p>\n<p>Michel Kabwe Mwamba a appel\u00e9 la population \u00e0 ne pas se fier aux rumeurs.<\/p>\n<p>\u00ab J&#8217;ai \u00e9t\u00e9 inform\u00e9 par le gouverneur lui-m\u00eame avant de quitter la province pour Paris. Il n&#8217;a dur\u00e9 que deux jours et on ne s\u2019est m\u00eame pas rencontr\u00e9s. Jusque-l\u00e0, nous savons que tout va tr\u00e8s bien, le gouvernement et l&#8217;assembl\u00e9e provinciale travaillent main dans la main pour faire avancer la province. S&#8217;il y avait un dysfonctionnement au sein du gouvernement, le gouverneur int\u00e9rimaire allait nous informer pour que nous puissions tabler sur cette histoire, mais ne nous a jamais saisis sur le remaniement du gouvernement \u00bb, a-t-il ajout\u00e9.<\/p>\n<p>\u00c0 son arriv\u00e9e, le pr\u00e9sident de l\u2019organe d\u00e9lib\u00e9rant a \u00e9t\u00e9 accueilli par la vice-pr\u00e9sidente Liliane Komba Maka et le rapporteur David Kitondo Mumba.<\/p>\n<p>&nbsp;<\/p>\n<p>La r\u00e9daction<\/p>\n<p>&nbsp;<\/p>\n","protected":false},"excerpt":{"rendered":"<p>&nbsp; Le bureau de l\u2019Assembl\u00e9e provinciale du Haut-Katanga, dans le sud-est de la R\u00e9publique d\u00e9mocratique du Congo, a travaill\u00e9 normalement malgr\u00e9 des informations relay\u00e9es sur les r\u00e9seaux sociaux, a d\u00e9clar\u00e9<\/p>\n","protected":false},"author":14,"featured_media":72683,"comment_status":"open","ping_status":"open","sticky":false,"template":"","format":"standard","meta":{"footnotes":""},"categories":[1],"tags":[],"class_list":["post-72682","post","type-post","status-publish","format-standard","has-post-thumbnail","hentry","category-actualite"],"yoast_head":"<!-- This site is optimized with the Yoast SEO plugin v27.5 - https:\/\/yoast.com\/product\/yoast-seo-wordpress\/ -->\n<title>Haut-Katanga: Le bureau de l\u2019Assembl\u00e9e provinciale a fonctionn\u00e9 normalement, selon son pr\u00e9sident - LES VOLCANS NEWS<\/title>\n<meta name=\"robots\" content=\"index, follow, max-snippet:-1, max-image-preview:large, max-video-preview:-1\" \/>\n<link rel=\"canonical\" href=\"https:\/\/lesvolcansnews.net\/?p=72682\" \/>\n<meta property=\"og:locale\" content=\"fr_FR\" \/>\n<meta property=\"og:type\" content=\"article\" \/>\n<meta property=\"og:title\" content=\"Haut-Katanga: Le bureau de l\u2019Assembl\u00e9e provinciale a fonctionn\u00e9 normalement, selon son pr\u00e9sident - LES VOLCANS NEWS\" \/>\n<meta property=\"og:description\" content=\"&nbsp; Le bureau de l\u2019Assembl\u00e9e provinciale du Haut-Katanga, dans le sud-est de la R\u00e9publique d\u00e9mocratique du Congo, a travaill\u00e9 normalement malgr\u00e9 des informations relay\u00e9es sur les r\u00e9seaux sociaux, a d\u00e9clar\u00e9\" \/>\n<meta property=\"og:url\" content=\"https:\/\/lesvolcansnews.net\/?p=72682\" \/>\n<meta property=\"og:site_name\" content=\"LES VOLCANS NEWS\" \/>\n<meta property=\"article:published_time\" content=\"2026-02-16T15:42:33+00:00\" \/>\n<meta property=\"og:image\" content=\"https:\/\/lesvolcansnews.net\/wp-content\/uploads\/2026\/02\/image42.png\" \/>\n\t<meta property=\"og:image:width\" content=\"329\" \/>\n\t<meta property=\"og:image:height\" content=\"186\" \/>\n\t<meta property=\"og:image:type\" content=\"image\/png\" \/>\n<meta name=\"author\" content=\"R\u00e9daction - Les Volcans News\" \/>\n<meta name=\"twitter:card\" content=\"summary_large_image\" \/>\n<meta name=\"twitter:label1\" content=\"\u00c9crit par\" \/>\n\t<meta name=\"twitter:data1\" content=\"R\u00e9daction - Les Volcans News\" \/>\n\t<meta name=\"twitter:label2\" content=\"Dur\u00e9e de lecture estim\u00e9e\" \/>\n\t<meta name=\"twitter:data2\" content=\"2 minutes\" \/>\n<script type=\"application\/ld+json\" class=\"yoast-schema-graph\">{\"@context\":\"https:\\\/\\\/schema.org\",\"@graph\":[{\"@type\":\"Article\",\"@id\":\"https:\\\/\\\/lesvolcansnews.net\\\/?p=72682#article\",\"isPartOf\":{\"@id\":\"https:\\\/\\\/lesvolcansnews.net\\\/?p=72682\"},\"author\":{\"name\":\"R\u00e9daction - Les Volcans News\",\"@id\":\"https:\\\/\\\/lesvolcansnews.net\\\/#\\\/schema\\\/person\\\/82c8bed2e77879ecf6cca63441f57354\"},\"headline\":\"Haut-Katanga: Le bureau de l\u2019Assembl\u00e9e provinciale a fonctionn\u00e9 normalement, selon son pr\u00e9sident\",\"datePublished\":\"2026-02-16T15:42:33+00:00\",\"mainEntityOfPage\":{\"@id\":\"https:\\\/\\\/lesvolcansnews.net\\\/?p=72682\"},\"wordCount\":340,\"commentCount\":0,\"image\":{\"@id\":\"https:\\\/\\\/lesvolcansnews.net\\\/?p=72682#primaryimage\"},\"thumbnailUrl\":\"https:\\\/\\\/lesvolcansnews.net\\\/wp-content\\\/uploads\\\/2026\\\/02\\\/image42.png\",\"articleSection\":[\"ACTUALIT\u00c9\"],\"inLanguage\":\"fr-FR\",\"potentialAction\":[{\"@type\":\"CommentAction\",\"name\":\"Comment\",\"target\":[\"https:\\\/\\\/lesvolcansnews.net\\\/?p=72682#respond\"]}]},{\"@type\":\"WebPage\",\"@id\":\"https:\\\/\\\/lesvolcansnews.net\\\/?p=72682\",\"url\":\"https:\\\/\\\/lesvolcansnews.net\\\/?p=72682\",\"name\":\"Haut-Katanga: Le bureau de l\u2019Assembl\u00e9e provinciale a fonctionn\u00e9 normalement, selon son pr\u00e9sident - LES VOLCANS NEWS\",\"isPartOf\":{\"@id\":\"https:\\\/\\\/lesvolcansnews.net\\\/#website\"},\"primaryImageOfPage\":{\"@id\":\"https:\\\/\\\/lesvolcansnews.net\\\/?p=72682#primaryimage\"},\"image\":{\"@id\":\"https:\\\/\\\/lesvolcansnews.net\\\/?p=72682#primaryimage\"},\"thumbnailUrl\":\"https:\\\/\\\/lesvolcansnews.net\\\/wp-content\\\/uploads\\\/2026\\\/02\\\/image42.png\",\"datePublished\":\"2026-02-16T15:42:33+00:00\",\"author\":{\"@id\":\"https:\\\/\\\/lesvolcansnews.net\\\/#\\\/schema\\\/person\\\/82c8bed2e77879ecf6cca63441f57354\"},\"breadcrumb\":{\"@id\":\"https:\\\/\\\/lesvolcansnews.net\\\/?p=72682#breadcrumb\"},\"inLanguage\":\"fr-FR\",\"potentialAction\":[{\"@type\":\"ReadAction\",\"target\":[\"https:\\\/\\\/lesvolcansnews.net\\\/?p=72682\"]}]},{\"@type\":\"ImageObject\",\"inLanguage\":\"fr-FR\",\"@id\":\"https:\\\/\\\/lesvolcansnews.net\\\/?p=72682#primaryimage\",\"url\":\"https:\\\/\\\/lesvolcansnews.net\\\/wp-content\\\/uploads\\\/2026\\\/02\\\/image42.png\",\"contentUrl\":\"https:\\\/\\\/lesvolcansnews.net\\\/wp-content\\\/uploads\\\/2026\\\/02\\\/image42.png\",\"width\":329,\"height\":186},{\"@type\":\"BreadcrumbList\",\"@id\":\"https:\\\/\\\/lesvolcansnews.net\\\/?p=72682#breadcrumb\",\"itemListElement\":[{\"@type\":\"ListItem\",\"position\":1,\"name\":\"Accueil\",\"item\":\"https:\\\/\\\/lesvolcansnews.net\\\/\"},{\"@type\":\"ListItem\",\"position\":2,\"name\":\"Haut-Katanga: Le bureau de l\u2019Assembl\u00e9e provinciale a fonctionn\u00e9 normalement, selon son pr\u00e9sident\"}]},{\"@type\":\"WebSite\",\"@id\":\"https:\\\/\\\/lesvolcansnews.net\\\/#website\",\"url\":\"https:\\\/\\\/lesvolcansnews.net\\\/\",\"name\":\"LES VOLCANS NEWS\",\"description\":\"L&#039;INFORMATION C&#039;EST NOUS\",\"potentialAction\":[{\"@type\":\"SearchAction\",\"target\":{\"@type\":\"EntryPoint\",\"urlTemplate\":\"https:\\\/\\\/lesvolcansnews.net\\\/?s={search_term_string}\"},\"query-input\":{\"@type\":\"PropertyValueSpecification\",\"valueRequired\":true,\"valueName\":\"search_term_string\"}}],\"inLanguage\":\"fr-FR\"},{\"@type\":\"Person\",\"@id\":\"https:\\\/\\\/lesvolcansnews.net\\\/#\\\/schema\\\/person\\\/82c8bed2e77879ecf6cca63441f57354\",\"name\":\"R\u00e9daction - Les Volcans News\",\"image\":{\"@type\":\"ImageObject\",\"inLanguage\":\"fr-FR\",\"@id\":\"https:\\\/\\\/secure.gravatar.com\\\/avatar\\\/8408942dd851e8a9c09f3d382a661bc05d2b3cd9002139bc1795b9528cdc6c80?s=96&d=mm&r=g\",\"url\":\"https:\\\/\\\/secure.gravatar.com\\\/avatar\\\/8408942dd851e8a9c09f3d382a661bc05d2b3cd9002139bc1795b9528cdc6c80?s=96&d=mm&r=g\",\"contentUrl\":\"https:\\\/\\\/secure.gravatar.com\\\/avatar\\\/8408942dd851e8a9c09f3d382a661bc05d2b3cd9002139bc1795b9528cdc6c80?s=96&d=mm&r=g\",\"caption\":\"R\u00e9daction - Les Volcans News\"},\"url\":\"https:\\\/\\\/lesvolcansnews.net\\\/?author=14\"}]}<\/script>\n<!-- \/ Yoast SEO plugin. -->","yoast_head_json":{"title":"Haut-Katanga: Le bureau de l\u2019Assembl\u00e9e provinciale a fonctionn\u00e9 normalement, selon son pr\u00e9sident - LES VOLCANS NEWS","robots":{"index":"index","follow":"follow","max-snippet":"max-snippet:-1","max-image-preview":"max-image-preview:large","max-video-preview":"max-video-preview:-1"},"canonical":"https:\/\/lesvolcansnews.net\/?p=72682","og_locale":"fr_FR","og_type":"article","og_title":"Haut-Katanga: Le bureau de l\u2019Assembl\u00e9e provinciale a fonctionn\u00e9 normalement, selon son pr\u00e9sident - LES VOLCANS NEWS","og_description":"&nbsp; Le bureau de l\u2019Assembl\u00e9e provinciale du Haut-Katanga, dans le sud-est de la R\u00e9publique d\u00e9mocratique du Congo, a travaill\u00e9 normalement malgr\u00e9 des informations relay\u00e9es sur les r\u00e9seaux sociaux, a d\u00e9clar\u00e9","og_url":"https:\/\/lesvolcansnews.net\/?p=72682","og_site_name":"LES VOLCANS NEWS","article_published_time":"2026-02-16T15:42:33+00:00","og_image":[{"width":329,"height":186,"url":"https:\/\/lesvolcansnews.net\/wp-content\/uploads\/2026\/02\/image42.png","type":"image\/png"}],"author":"R\u00e9daction - Les Volcans News","twitter_card":"summary_large_image","twitter_misc":{"\u00c9crit par":"R\u00e9daction - Les Volcans News","Dur\u00e9e de lecture estim\u00e9e":"2 minutes"},"schema":{"@context":"https:\/\/schema.org","@graph":[{"@type":"Article","@id":"https:\/\/lesvolcansnews.net\/?p=72682#article","isPartOf":{"@id":"https:\/\/lesvolcansnews.net\/?p=72682"},"author":{"name":"R\u00e9daction - Les Volcans News","@id":"https:\/\/lesvolcansnews.net\/#\/schema\/person\/82c8bed2e77879ecf6cca63441f57354"},"headline":"Haut-Katanga: Le bureau de l\u2019Assembl\u00e9e provinciale a fonctionn\u00e9 normalement, selon son pr\u00e9sident","datePublished":"2026-02-16T15:42:33+00:00","mainEntityOfPage":{"@id":"https:\/\/lesvolcansnews.net\/?p=72682"},"wordCount":340,"commentCount":0,"image":{"@id":"https:\/\/lesvolcansnews.net\/?p=72682#primaryimage"},"thumbnailUrl":"https:\/\/lesvolcansnews.net\/wp-content\/uploads\/2026\/02\/image42.png","articleSection":["ACTUALIT\u00c9"],"inLanguage":"fr-FR","potentialAction":[{"@type":"CommentAction","name":"Comment","target":["https:\/\/lesvolcansnews.net\/?p=72682#respond"]}]},{"@type":"WebPage","@id":"https:\/\/lesvolcansnews.net\/?p=72682","url":"https:\/\/lesvolcansnews.net\/?p=72682","name":"Haut-Katanga: Le bureau de l\u2019Assembl\u00e9e provinciale a fonctionn\u00e9 normalement, selon son pr\u00e9sident - LES VOLCANS NEWS","isPartOf":{"@id":"https:\/\/lesvolcansnews.net\/#website"},"primaryImageOfPage":{"@id":"https:\/\/lesvolcansnews.net\/?p=72682#primaryimage"},"image":{"@id":"https:\/\/lesvolcansnews.net\/?p=72682#primaryimage"},"thumbnailUrl":"https:\/\/lesvolcansnews.net\/wp-content\/uploads\/2026\/02\/image42.png","datePublished":"2026-02-16T15:42:33+00:00","author":{"@id":"https:\/\/lesvolcansnews.net\/#\/schema\/person\/82c8bed2e77879ecf6cca63441f57354"},"breadcrumb":{"@id":"https:\/\/lesvolcansnews.net\/?p=72682#breadcrumb"},"inLanguage":"fr-FR","potentialAction":[{"@type":"ReadAction","target":["https:\/\/lesvolcansnews.net\/?p=72682"]}]},{"@type":"ImageObject","inLanguage":"fr-FR","@id":"https:\/\/lesvolcansnews.net\/?p=72682#primaryimage","url":"https:\/\/lesvolcansnews.net\/wp-content\/uploads\/2026\/02\/image42.png","contentUrl":"https:\/\/lesvolcansnews.net\/wp-content\/uploads\/2026\/02\/image42.png","width":329,"height":186},{"@type":"BreadcrumbList","@id":"https:\/\/lesvolcansnews.net\/?p=72682#breadcrumb","itemListElement":[{"@type":"ListItem","position":1,"name":"Accueil","item":"https:\/\/lesvolcansnews.net\/"},{"@type":"ListItem","position":2,"name":"Haut-Katanga: Le bureau de l\u2019Assembl\u00e9e provinciale a fonctionn\u00e9 normalement, selon son pr\u00e9sident"}]},{"@type":"WebSite","@id":"https:\/\/lesvolcansnews.net\/#website","url":"https:\/\/lesvolcansnews.net\/","name":"LES VOLCANS NEWS","description":"L&#039;INFORMATION C&#039;EST NOUS","potentialAction":[{"@type":"SearchAction","target":{"@type":"EntryPoint","urlTemplate":"https:\/\/lesvolcansnews.net\/?s={search_term_string}"},"query-input":{"@type":"PropertyValueSpecification","valueRequired":true,"valueName":"search_term_string"}}],"inLanguage":"fr-FR"},{"@type":"Person","@id":"https:\/\/lesvolcansnews.net\/#\/schema\/person\/82c8bed2e77879ecf6cca63441f57354","name":"R\u00e9daction - Les Volcans News","image":{"@type":"ImageObject","inLanguage":"fr-FR","@id":"https:\/\/secure.gravatar.com\/avatar\/8408942dd851e8a9c09f3d382a661bc05d2b3cd9002139bc1795b9528cdc6c80?s=96&d=mm&r=g","url":"https:\/\/secure.gravatar.com\/avatar\/8408942dd851e8a9c09f3d382a661bc05d2b3cd9002139bc1795b9528cdc6c80?s=96&d=mm&r=g","contentUrl":"https:\/\/secure.gravatar.com\/avatar\/8408942dd851e8a9c09f3d382a661bc05d2b3cd9002139bc1795b9528cdc6c80?s=96&d=mm&r=g","caption":"R\u00e9daction - Les Volcans News"},"url":"https:\/\/lesvolcansnews.net\/?author=14"}]}},"_links":{"self":[{"href":"https:\/\/lesvolcansnews.net\/index.php?rest_route=\/wp\/v2\/posts\/72682","targetHints":{"allow":["GET"]}}],"collection":[{"href":"https:\/\/lesvolcansnews.net\/index.php?rest_route=\/wp\/v2\/posts"}],"about":[{"href":"https:\/\/lesvolcansnews.net\/index.php?rest_route=\/wp\/v2\/types\/post"}],"author":[{"embeddable":true,"href":"https:\/\/lesvolcansnews.net\/index.php?rest_route=\/wp\/v2\/users\/14"}],"replies":[{"embeddable":true,"href":"https:\/\/lesvolcansnews.net\/index.php?rest_route=%2Fwp%2Fv2%2Fcomments&post=72682"}],"version-history":[{"count":1,"href":"https:\/\/lesvolcansnews.net\/index.php?rest_route=\/wp\/v2\/posts\/72682\/revisions"}],"predecessor-version":[{"id":72684,"href":"https:\/\/lesvolcansnews.net\/index.php?rest_route=\/wp\/v2\/posts\/72682\/revisions\/72684"}],"wp:featuredmedia":[{"embeddable":true,"href":"https:\/\/lesvolcansnews.net\/index.php?rest_route=\/wp\/v2\/media\/72683"}],"wp:attachment":[{"href":"https:\/\/lesvolcansnews.net\/index.php?rest_route=%2Fwp%2Fv2%2Fmedia&parent=72682"}],"wp:term":[{"taxonomy":"category","embeddable":true,"href":"https:\/\/lesvolcansnews.net\/index.php?rest_route=%2Fwp%2Fv2%2Fcategories&post=72682"},{"taxonomy":"post_tag","embeddable":true,"href":"https:\/\/lesvolcansnews.net\/index.php?rest_route=%2Fwp%2Fv2%2Ftags&post=72682"}],"curies":[{"name":"wp","href":"https:\/\/api.w.org\/{rel}","templated":true}]}}