{"id":72672,"date":"2026-02-16T13:03:38","date_gmt":"2026-02-16T11:03:38","guid":{"rendered":"https:\/\/lesvolcansnews.net\/?p=72672"},"modified":"2026-02-16T13:03:38","modified_gmt":"2026-02-16T11:03:38","slug":"goma-la-lepre-une-menace-serieuse-malgre-la-baisse-des-cas-coordination-anti-lepre","status":"publish","type":"post","link":"https:\/\/lesvolcansnews.net\/?p=72672","title":{"rendered":"Goma : La l\u00e8pre, une menace s\u00e9rieuse malgr\u00e9 la baisse des cas (coordination anti-l\u00e8pre)"},"content":{"rendered":"<p>Voici votre texte corrig\u00e9 (orthographe, grammaire, ponctuation et l\u00e9g\u00e8res am\u00e9liorations de style) :<\/p>\n<hr \/>\n<p><strong>Goma : La l\u00e8pre, une menace s\u00e9rieuse malgr\u00e9 la baisse des cas (Fid\u00e8le Mutaka<\/strong><\/p>\n<p>La population de Goma et ses environs doit faire preuve de prudence face \u00e0 la l\u00e8pre, sensibilise la coordination de la lutte contre la l\u00e8pre et la tuberculose au Nord-Kivu.<\/p>\n<p>Elle rappelle que cette maladie, que beaucoup estiment appartenir d\u00e9sormais au pass\u00e9, demeure une menace s\u00e9rieuse pour la communaut\u00e9.<\/p>\n<p>En marge de la Journ\u00e9e mondiale de la l\u00e8pre, c\u00e9l\u00e9br\u00e9e le 29 janvier dernier, Fid\u00e8le Mutaka, superviseur provincial au sein de cette coordination, estime qu\u2019il est important de rappeler cette menace qui p\u00e8se sur les habitants, bien qu\u2019il y ait eu une baisse significative des cas dans la r\u00e9gion, avec 13 cas enregistr\u00e9s en 2025 par rapport \u00e0 l\u2019ann\u00e9e pr\u00e9c\u00e9dente. Ce qui en fait n\u00e9anmoins une maladie pr\u00e9occupante.<\/p>\n<p>\u00ab Il n\u2019y a pas de vaccin contre la l\u00e8pre. La pr\u00e9vention repose sur un d\u00e9pistage pr\u00e9coce. Il faut v\u00e9rifier sa peau pour d\u00e9tecter d\u2019\u00e9ventuelles taches. Si des taches apparaissent, il est essentiel de se faire d\u00e9pister rapidement afin d\u2019assurer une prise en charge pr\u00e9coce, ce qui permet \u00e0 la personne de gu\u00e9rir sans handicap \u00bb, explique-t-il.<\/p>\n<p>Par ailleurs, ce superviseur provincial de la lutte contre la l\u00e8pre et la tuberculose au Nord-Kivu appelle \u00e9galement les personnes suspect\u00e9es de pr\u00e9senter des sympt\u00f4mes de cette maladie \u00e0 se faire d\u00e9pister, car la prise en charge est gratuite.<\/p>\n<p>\u00ab Le traitement de la l\u00e8pre est gratuit. Des partenaires nous aident \u00e0 fournir des m\u00e9dicaments et les malades sont soign\u00e9s gratuitement dans le centre de sant\u00e9 le plus proche. Le programme est int\u00e9gr\u00e9 dans les centres de sant\u00e9, o\u00f9 les malades sont d\u00e9pist\u00e9s et re\u00e7oivent leurs m\u00e9dicaments \u00bb, pr\u00e9cise-t-il.<\/p>\n<p>Il faut dire que la l\u00e8pre est une maladie contagieuse qui affecte la peau et se manifeste par des taches prurigineuses sur le corps humain.<\/p>\n<p>Victoire Muliwavyo<\/p>\n","protected":false},"excerpt":{"rendered":"<p>Voici votre texte corrig\u00e9 (orthographe, grammaire, ponctuation et l\u00e9g\u00e8res am\u00e9liorations de style) : Goma : La l\u00e8pre, une menace s\u00e9rieuse malgr\u00e9 la baisse des cas (Fid\u00e8le Mutaka La population de<\/p>\n","protected":false},"author":14,"featured_media":72673,"comment_status":"open","ping_status":"open","sticky":false,"template":"","format":"standard","meta":{"footnotes":""},"categories":[29],"tags":[],"class_list":["post-72672","post","type-post","status-publish","format-standard","has-post-thumbnail","hentry","category-sante"],"yoast_head":"<!-- This site is optimized with the Yoast SEO plugin v27.5 - https:\/\/yoast.com\/product\/yoast-seo-wordpress\/ -->\n<title>Goma : La l\u00e8pre, une menace s\u00e9rieuse malgr\u00e9 la baisse des cas (coordination anti-l\u00e8pre) - LES VOLCANS NEWS<\/title>\n<meta name=\"robots\" content=\"index, follow, max-snippet:-1, max-image-preview:large, max-video-preview:-1\" \/>\n<link rel=\"canonical\" href=\"https:\/\/lesvolcansnews.net\/?p=72672\" \/>\n<meta property=\"og:locale\" content=\"fr_FR\" \/>\n<meta property=\"og:type\" content=\"article\" \/>\n<meta property=\"og:title\" content=\"Goma : La l\u00e8pre, une menace s\u00e9rieuse malgr\u00e9 la baisse des cas (coordination anti-l\u00e8pre) - LES VOLCANS NEWS\" \/>\n<meta property=\"og:description\" content=\"Voici votre texte corrig\u00e9 (orthographe, grammaire, ponctuation et l\u00e9g\u00e8res am\u00e9liorations de style) : Goma : La l\u00e8pre, une menace s\u00e9rieuse malgr\u00e9 la baisse des cas (Fid\u00e8le Mutaka La population de\" \/>\n<meta property=\"og:url\" content=\"https:\/\/lesvolcansnews.net\/?p=72672\" \/>\n<meta property=\"og:site_name\" content=\"LES VOLCANS NEWS\" \/>\n<meta property=\"article:published_time\" content=\"2026-02-16T11:03:38+00:00\" \/>\n<meta property=\"og:image\" content=\"https:\/\/lesvolcansnews.net\/wp-content\/uploads\/2026\/02\/IMG-20260216-WA0103.jpg\" \/>\n\t<meta property=\"og:image:width\" content=\"516\" \/>\n\t<meta property=\"og:image:height\" content=\"387\" \/>\n\t<meta property=\"og:image:type\" content=\"image\/jpeg\" \/>\n<meta name=\"author\" content=\"R\u00e9daction - Les Volcans News\" \/>\n<meta name=\"twitter:card\" content=\"summary_large_image\" \/>\n<meta name=\"twitter:label1\" content=\"\u00c9crit par\" \/>\n\t<meta name=\"twitter:data1\" content=\"R\u00e9daction - Les Volcans News\" \/>\n\t<meta name=\"twitter:label2\" content=\"Dur\u00e9e de lecture estim\u00e9e\" \/>\n\t<meta name=\"twitter:data2\" content=\"2 minutes\" \/>\n<script type=\"application\/ld+json\" class=\"yoast-schema-graph\">{\"@context\":\"https:\\\/\\\/schema.org\",\"@graph\":[{\"@type\":\"Article\",\"@id\":\"https:\\\/\\\/lesvolcansnews.net\\\/?p=72672#article\",\"isPartOf\":{\"@id\":\"https:\\\/\\\/lesvolcansnews.net\\\/?p=72672\"},\"author\":{\"name\":\"R\u00e9daction - Les Volcans News\",\"@id\":\"https:\\\/\\\/lesvolcansnews.net\\\/#\\\/schema\\\/person\\\/82c8bed2e77879ecf6cca63441f57354\"},\"headline\":\"Goma : La l\u00e8pre, une menace s\u00e9rieuse malgr\u00e9 la baisse des cas (coordination anti-l\u00e8pre)\",\"datePublished\":\"2026-02-16T11:03:38+00:00\",\"mainEntityOfPage\":{\"@id\":\"https:\\\/\\\/lesvolcansnews.net\\\/?p=72672\"},\"wordCount\":373,\"commentCount\":0,\"image\":{\"@id\":\"https:\\\/\\\/lesvolcansnews.net\\\/?p=72672#primaryimage\"},\"thumbnailUrl\":\"https:\\\/\\\/lesvolcansnews.net\\\/wp-content\\\/uploads\\\/2026\\\/02\\\/IMG-20260216-WA0103.jpg\",\"articleSection\":[\"SANT\u00c9\"],\"inLanguage\":\"fr-FR\",\"potentialAction\":[{\"@type\":\"CommentAction\",\"name\":\"Comment\",\"target\":[\"https:\\\/\\\/lesvolcansnews.net\\\/?p=72672#respond\"]}]},{\"@type\":\"WebPage\",\"@id\":\"https:\\\/\\\/lesvolcansnews.net\\\/?p=72672\",\"url\":\"https:\\\/\\\/lesvolcansnews.net\\\/?p=72672\",\"name\":\"Goma : La l\u00e8pre, une menace s\u00e9rieuse malgr\u00e9 la baisse des cas (coordination anti-l\u00e8pre) - LES VOLCANS NEWS\",\"isPartOf\":{\"@id\":\"https:\\\/\\\/lesvolcansnews.net\\\/#website\"},\"primaryImageOfPage\":{\"@id\":\"https:\\\/\\\/lesvolcansnews.net\\\/?p=72672#primaryimage\"},\"image\":{\"@id\":\"https:\\\/\\\/lesvolcansnews.net\\\/?p=72672#primaryimage\"},\"thumbnailUrl\":\"https:\\\/\\\/lesvolcansnews.net\\\/wp-content\\\/uploads\\\/2026\\\/02\\\/IMG-20260216-WA0103.jpg\",\"datePublished\":\"2026-02-16T11:03:38+00:00\",\"author\":{\"@id\":\"https:\\\/\\\/lesvolcansnews.net\\\/#\\\/schema\\\/person\\\/82c8bed2e77879ecf6cca63441f57354\"},\"breadcrumb\":{\"@id\":\"https:\\\/\\\/lesvolcansnews.net\\\/?p=72672#breadcrumb\"},\"inLanguage\":\"fr-FR\",\"potentialAction\":[{\"@type\":\"ReadAction\",\"target\":[\"https:\\\/\\\/lesvolcansnews.net\\\/?p=72672\"]}]},{\"@type\":\"ImageObject\",\"inLanguage\":\"fr-FR\",\"@id\":\"https:\\\/\\\/lesvolcansnews.net\\\/?p=72672#primaryimage\",\"url\":\"https:\\\/\\\/lesvolcansnews.net\\\/wp-content\\\/uploads\\\/2026\\\/02\\\/IMG-20260216-WA0103.jpg\",\"contentUrl\":\"https:\\\/\\\/lesvolcansnews.net\\\/wp-content\\\/uploads\\\/2026\\\/02\\\/IMG-20260216-WA0103.jpg\",\"width\":516,\"height\":387},{\"@type\":\"BreadcrumbList\",\"@id\":\"https:\\\/\\\/lesvolcansnews.net\\\/?p=72672#breadcrumb\",\"itemListElement\":[{\"@type\":\"ListItem\",\"position\":1,\"name\":\"Accueil\",\"item\":\"https:\\\/\\\/lesvolcansnews.net\\\/\"},{\"@type\":\"ListItem\",\"position\":2,\"name\":\"Goma : La l\u00e8pre, une menace s\u00e9rieuse malgr\u00e9 la baisse des cas (coordination anti-l\u00e8pre)\"}]},{\"@type\":\"WebSite\",\"@id\":\"https:\\\/\\\/lesvolcansnews.net\\\/#website\",\"url\":\"https:\\\/\\\/lesvolcansnews.net\\\/\",\"name\":\"LES VOLCANS NEWS\",\"description\":\"L&#039;INFORMATION C&#039;EST NOUS\",\"potentialAction\":[{\"@type\":\"SearchAction\",\"target\":{\"@type\":\"EntryPoint\",\"urlTemplate\":\"https:\\\/\\\/lesvolcansnews.net\\\/?s={search_term_string}\"},\"query-input\":{\"@type\":\"PropertyValueSpecification\",\"valueRequired\":true,\"valueName\":\"search_term_string\"}}],\"inLanguage\":\"fr-FR\"},{\"@type\":\"Person\",\"@id\":\"https:\\\/\\\/lesvolcansnews.net\\\/#\\\/schema\\\/person\\\/82c8bed2e77879ecf6cca63441f57354\",\"name\":\"R\u00e9daction - Les Volcans News\",\"image\":{\"@type\":\"ImageObject\",\"inLanguage\":\"fr-FR\",\"@id\":\"https:\\\/\\\/secure.gravatar.com\\\/avatar\\\/8408942dd851e8a9c09f3d382a661bc05d2b3cd9002139bc1795b9528cdc6c80?s=96&d=mm&r=g\",\"url\":\"https:\\\/\\\/secure.gravatar.com\\\/avatar\\\/8408942dd851e8a9c09f3d382a661bc05d2b3cd9002139bc1795b9528cdc6c80?s=96&d=mm&r=g\",\"contentUrl\":\"https:\\\/\\\/secure.gravatar.com\\\/avatar\\\/8408942dd851e8a9c09f3d382a661bc05d2b3cd9002139bc1795b9528cdc6c80?s=96&d=mm&r=g\",\"caption\":\"R\u00e9daction - Les Volcans News\"},\"url\":\"https:\\\/\\\/lesvolcansnews.net\\\/?author=14\"}]}<\/script>\n<!-- \/ Yoast SEO plugin. -->","yoast_head_json":{"title":"Goma : La l\u00e8pre, une menace s\u00e9rieuse malgr\u00e9 la baisse des cas (coordination anti-l\u00e8pre) - LES VOLCANS NEWS","robots":{"index":"index","follow":"follow","max-snippet":"max-snippet:-1","max-image-preview":"max-image-preview:large","max-video-preview":"max-video-preview:-1"},"canonical":"https:\/\/lesvolcansnews.net\/?p=72672","og_locale":"fr_FR","og_type":"article","og_title":"Goma : La l\u00e8pre, une menace s\u00e9rieuse malgr\u00e9 la baisse des cas (coordination anti-l\u00e8pre) - LES VOLCANS NEWS","og_description":"Voici votre texte corrig\u00e9 (orthographe, grammaire, ponctuation et l\u00e9g\u00e8res am\u00e9liorations de style) : Goma : La l\u00e8pre, une menace s\u00e9rieuse malgr\u00e9 la baisse des cas (Fid\u00e8le Mutaka La population de","og_url":"https:\/\/lesvolcansnews.net\/?p=72672","og_site_name":"LES VOLCANS NEWS","article_published_time":"2026-02-16T11:03:38+00:00","og_image":[{"width":516,"height":387,"url":"https:\/\/lesvolcansnews.net\/wp-content\/uploads\/2026\/02\/IMG-20260216-WA0103.jpg","type":"image\/jpeg"}],"author":"R\u00e9daction - Les Volcans News","twitter_card":"summary_large_image","twitter_misc":{"\u00c9crit par":"R\u00e9daction - Les Volcans News","Dur\u00e9e de lecture estim\u00e9e":"2 minutes"},"schema":{"@context":"https:\/\/schema.org","@graph":[{"@type":"Article","@id":"https:\/\/lesvolcansnews.net\/?p=72672#article","isPartOf":{"@id":"https:\/\/lesvolcansnews.net\/?p=72672"},"author":{"name":"R\u00e9daction - Les Volcans News","@id":"https:\/\/lesvolcansnews.net\/#\/schema\/person\/82c8bed2e77879ecf6cca63441f57354"},"headline":"Goma : La l\u00e8pre, une menace s\u00e9rieuse malgr\u00e9 la baisse des cas (coordination anti-l\u00e8pre)","datePublished":"2026-02-16T11:03:38+00:00","mainEntityOfPage":{"@id":"https:\/\/lesvolcansnews.net\/?p=72672"},"wordCount":373,"commentCount":0,"image":{"@id":"https:\/\/lesvolcansnews.net\/?p=72672#primaryimage"},"thumbnailUrl":"https:\/\/lesvolcansnews.net\/wp-content\/uploads\/2026\/02\/IMG-20260216-WA0103.jpg","articleSection":["SANT\u00c9"],"inLanguage":"fr-FR","potentialAction":[{"@type":"CommentAction","name":"Comment","target":["https:\/\/lesvolcansnews.net\/?p=72672#respond"]}]},{"@type":"WebPage","@id":"https:\/\/lesvolcansnews.net\/?p=72672","url":"https:\/\/lesvolcansnews.net\/?p=72672","name":"Goma : La l\u00e8pre, une menace s\u00e9rieuse malgr\u00e9 la baisse des cas (coordination anti-l\u00e8pre) - LES VOLCANS NEWS","isPartOf":{"@id":"https:\/\/lesvolcansnews.net\/#website"},"primaryImageOfPage":{"@id":"https:\/\/lesvolcansnews.net\/?p=72672#primaryimage"},"image":{"@id":"https:\/\/lesvolcansnews.net\/?p=72672#primaryimage"},"thumbnailUrl":"https:\/\/lesvolcansnews.net\/wp-content\/uploads\/2026\/02\/IMG-20260216-WA0103.jpg","datePublished":"2026-02-16T11:03:38+00:00","author":{"@id":"https:\/\/lesvolcansnews.net\/#\/schema\/person\/82c8bed2e77879ecf6cca63441f57354"},"breadcrumb":{"@id":"https:\/\/lesvolcansnews.net\/?p=72672#breadcrumb"},"inLanguage":"fr-FR","potentialAction":[{"@type":"ReadAction","target":["https:\/\/lesvolcansnews.net\/?p=72672"]}]},{"@type":"ImageObject","inLanguage":"fr-FR","@id":"https:\/\/lesvolcansnews.net\/?p=72672#primaryimage","url":"https:\/\/lesvolcansnews.net\/wp-content\/uploads\/2026\/02\/IMG-20260216-WA0103.jpg","contentUrl":"https:\/\/lesvolcansnews.net\/wp-content\/uploads\/2026\/02\/IMG-20260216-WA0103.jpg","width":516,"height":387},{"@type":"BreadcrumbList","@id":"https:\/\/lesvolcansnews.net\/?p=72672#breadcrumb","itemListElement":[{"@type":"ListItem","position":1,"name":"Accueil","item":"https:\/\/lesvolcansnews.net\/"},{"@type":"ListItem","position":2,"name":"Goma : La l\u00e8pre, une menace s\u00e9rieuse malgr\u00e9 la baisse des cas (coordination anti-l\u00e8pre)"}]},{"@type":"WebSite","@id":"https:\/\/lesvolcansnews.net\/#website","url":"https:\/\/lesvolcansnews.net\/","name":"LES VOLCANS NEWS","description":"L&#039;INFORMATION C&#039;EST NOUS","potentialAction":[{"@type":"SearchAction","target":{"@type":"EntryPoint","urlTemplate":"https:\/\/lesvolcansnews.net\/?s={search_term_string}"},"query-input":{"@type":"PropertyValueSpecification","valueRequired":true,"valueName":"search_term_string"}}],"inLanguage":"fr-FR"},{"@type":"Person","@id":"https:\/\/lesvolcansnews.net\/#\/schema\/person\/82c8bed2e77879ecf6cca63441f57354","name":"R\u00e9daction - Les Volcans News","image":{"@type":"ImageObject","inLanguage":"fr-FR","@id":"https:\/\/secure.gravatar.com\/avatar\/8408942dd851e8a9c09f3d382a661bc05d2b3cd9002139bc1795b9528cdc6c80?s=96&d=mm&r=g","url":"https:\/\/secure.gravatar.com\/avatar\/8408942dd851e8a9c09f3d382a661bc05d2b3cd9002139bc1795b9528cdc6c80?s=96&d=mm&r=g","contentUrl":"https:\/\/secure.gravatar.com\/avatar\/8408942dd851e8a9c09f3d382a661bc05d2b3cd9002139bc1795b9528cdc6c80?s=96&d=mm&r=g","caption":"R\u00e9daction - Les Volcans News"},"url":"https:\/\/lesvolcansnews.net\/?author=14"}]}},"_links":{"self":[{"href":"https:\/\/lesvolcansnews.net\/index.php?rest_route=\/wp\/v2\/posts\/72672","targetHints":{"allow":["GET"]}}],"collection":[{"href":"https:\/\/lesvolcansnews.net\/index.php?rest_route=\/wp\/v2\/posts"}],"about":[{"href":"https:\/\/lesvolcansnews.net\/index.php?rest_route=\/wp\/v2\/types\/post"}],"author":[{"embeddable":true,"href":"https:\/\/lesvolcansnews.net\/index.php?rest_route=\/wp\/v2\/users\/14"}],"replies":[{"embeddable":true,"href":"https:\/\/lesvolcansnews.net\/index.php?rest_route=%2Fwp%2Fv2%2Fcomments&post=72672"}],"version-history":[{"count":1,"href":"https:\/\/lesvolcansnews.net\/index.php?rest_route=\/wp\/v2\/posts\/72672\/revisions"}],"predecessor-version":[{"id":72674,"href":"https:\/\/lesvolcansnews.net\/index.php?rest_route=\/wp\/v2\/posts\/72672\/revisions\/72674"}],"wp:featuredmedia":[{"embeddable":true,"href":"https:\/\/lesvolcansnews.net\/index.php?rest_route=\/wp\/v2\/media\/72673"}],"wp:attachment":[{"href":"https:\/\/lesvolcansnews.net\/index.php?rest_route=%2Fwp%2Fv2%2Fmedia&parent=72672"}],"wp:term":[{"taxonomy":"category","embeddable":true,"href":"https:\/\/lesvolcansnews.net\/index.php?rest_route=%2Fwp%2Fv2%2Fcategories&post=72672"},{"taxonomy":"post_tag","embeddable":true,"href":"https:\/\/lesvolcansnews.net\/index.php?rest_route=%2Fwp%2Fv2%2Ftags&post=72672"}],"curies":[{"name":"wp","href":"https:\/\/api.w.org\/{rel}","templated":true}]}}