{"id":72660,"date":"2026-02-15T20:46:00","date_gmt":"2026-02-15T18:46:00","guid":{"rendered":"https:\/\/lesvolcansnews.net\/?p=72660"},"modified":"2026-02-15T20:47:21","modified_gmt":"2026-02-15T18:47:21","slug":"bukavu-au-coeur-des-echanges-la-perennite-de-back-to-learning-ii","status":"publish","type":"post","link":"https:\/\/lesvolcansnews.net\/?p=72660","title":{"rendered":"Bukavu : au c\u0153ur des \u00e9changes, la p\u00e9rennit\u00e9 de Back to Learning II"},"content":{"rendered":"<p>&nbsp;<\/p>\n<p><strong>Les Journ\u00e9es Portes Ouvertes organis\u00e9es au Centre de Rattrapage Scolaire (CRS) de Kadutu, dans la ville de Bukavu, le 13 f\u00e9vrier 2026, ont servi de vitrine aux r\u00e9alisations du projet Back to Learning II (B2L II). Mais au-del\u00e0 de la c\u00e9l\u00e9bration des acquis, les discussions ont surtout mis en lumi\u00e8re un enjeu majeur : la p\u00e9rennisation des actions en faveur des enfants d\u00e9scolaris\u00e9s.<\/strong><\/p>\n<p>Mis en \u0153uvre par War Child Canada pour la p\u00e9riode 2024\u20132026 \u00e0 Bukavu et Uvira, le projet vise \u00e0 offrir une seconde chance scolaire aux enfants \u00e2g\u00e9s de 9 \u00e0 16 ans exclus du syst\u00e8me \u00e9ducatif formel. \u00c0 travers les Centres de Rattrapage Scolaire, ces derniers b\u00e9n\u00e9ficient d\u2019un encadrement adapt\u00e9, combinant apprentissage acc\u00e9l\u00e9r\u00e9, accompagnement psychosocial et protection.<\/p>\n<p>Si les r\u00e9sultats pr\u00e9sent\u00e9s lors de cette journ\u00e9e sont encourageants, la question de la durabilit\u00e9 demeure pr\u00e9occupante. L\u2019approche d\u2019Enseignement Interactif par la Radio (EIR), reconnue pour son efficacit\u00e9 p\u00e9dagogique, exige des ressources mat\u00e9rielles et financi\u00e8res importantes.<\/p>\n<p>Comme l\u2019a soulign\u00e9 la coordination du projet :\u00ab Le principal d\u00e9fi reste la durabilit\u00e9 de l\u2019approche EIR. Sa mise en \u0153uvre dans les Centres de Rattrapage Scolaire n\u00e9cessite des moyens importants, notamment pour l\u2019acquisition du mat\u00e9riel p\u00e9dagogique comme les radios, les cl\u00e9s USB et les supports audio utilis\u00e9s pendant les le\u00e7ons. \u00bb<\/p>\n<p>\u00c0 cette contrainte s\u2019ajoute la situation des \u00e9ducateurs, qui ne sont pas m\u00e9canis\u00e9s et dont la r\u00e9mun\u00e9ration d\u00e9pend largement des financements des partenaires. Une r\u00e9alit\u00e9 qui soul\u00e8ve des interrogations quant \u00e0 la continuit\u00e9 du programme \u00e0 long terme.<\/p>\n<p>Les autorit\u00e9s \u00e9ducatives pr\u00e9sentes ont salu\u00e9 l\u2019impact du projet sur les enfants issus de familles vuln\u00e9rables, tout en reconnaissant la n\u00e9cessit\u00e9 d\u2019un engagement accru des pouvoirs publics. Des recommandations ont \u00e9t\u00e9 formul\u00e9es pour int\u00e9grer l\u2019approche EIR dans le programme national de l\u2019\u00e9ducation et envisager une prise en charge progressive des encadreurs par l\u2019\u00c9tat congolais.<\/p>\n<p>Ainsi, ces Journ\u00e9es Portes Ouvertes n\u2019ont pas seulement permis de pr\u00e9senter des performances scolaires et des t\u00e9moignages inspirants. Elles ont \u00e9galement ouvert un d\u00e9bat essentiel sur la responsabilit\u00e9 collective \u00c9tat, partenaires et acteurs \u00e9ducatifs dans la consolidation des initiatives visant \u00e0 lutter durablement contre le d\u00e9crochage scolaire au Sud-Kivu.<\/p>\n<p><strong><em>R\u00e9daction\u00a0<\/em><\/strong><\/p>\n","protected":false},"excerpt":{"rendered":"<p>&nbsp; Les Journ\u00e9es Portes Ouvertes organis\u00e9es au Centre de Rattrapage Scolaire (CRS) de Kadutu, dans la ville de Bukavu, le 13 f\u00e9vrier 2026, ont servi de vitrine aux r\u00e9alisations du<\/p>\n","protected":false},"author":14,"featured_media":72661,"comment_status":"open","ping_status":"open","sticky":false,"template":"","format":"standard","meta":{"footnotes":""},"categories":[8,9],"tags":[],"class_list":["post-72660","post","type-post","status-publish","format-standard","has-post-thumbnail","hentry","category-economie","category-societe"],"yoast_head":"<!-- This site is optimized with the Yoast SEO plugin v27.3 - https:\/\/yoast.com\/product\/yoast-seo-wordpress\/ -->\n<title>Bukavu : au c\u0153ur des \u00e9changes, la p\u00e9rennit\u00e9 de Back to Learning II - LES VOLCANS NEWS<\/title>\n<meta name=\"robots\" content=\"index, follow, max-snippet:-1, max-image-preview:large, max-video-preview:-1\" \/>\n<link rel=\"canonical\" href=\"https:\/\/lesvolcansnews.net\/?p=72660\" \/>\n<meta property=\"og:locale\" content=\"fr_FR\" \/>\n<meta property=\"og:type\" content=\"article\" \/>\n<meta property=\"og:title\" content=\"Bukavu : au c\u0153ur des \u00e9changes, la p\u00e9rennit\u00e9 de Back to Learning II - LES VOLCANS NEWS\" \/>\n<meta property=\"og:description\" content=\"&nbsp; Les Journ\u00e9es Portes Ouvertes organis\u00e9es au Centre de Rattrapage Scolaire (CRS) de Kadutu, dans la ville de Bukavu, le 13 f\u00e9vrier 2026, ont servi de vitrine aux r\u00e9alisations du\" \/>\n<meta property=\"og:url\" content=\"https:\/\/lesvolcansnews.net\/?p=72660\" \/>\n<meta property=\"og:site_name\" content=\"LES VOLCANS NEWS\" \/>\n<meta property=\"article:published_time\" content=\"2026-02-15T18:46:00+00:00\" \/>\n<meta property=\"article:modified_time\" content=\"2026-02-15T18:47:21+00:00\" \/>\n<meta property=\"og:image\" content=\"https:\/\/lesvolcansnews.net\/wp-content\/uploads\/2026\/02\/IMG-20260215-WA0578.jpg\" \/>\n\t<meta property=\"og:image:width\" content=\"1000\" \/>\n\t<meta property=\"og:image:height\" content=\"750\" \/>\n\t<meta property=\"og:image:type\" content=\"image\/jpeg\" \/>\n<meta name=\"author\" content=\"R\u00e9daction - Les Volcans News\" \/>\n<meta name=\"twitter:card\" content=\"summary_large_image\" \/>\n<meta name=\"twitter:label1\" content=\"\u00c9crit par\" \/>\n\t<meta name=\"twitter:data1\" content=\"R\u00e9daction - Les Volcans News\" \/>\n\t<meta name=\"twitter:label2\" content=\"Dur\u00e9e de lecture estim\u00e9e\" \/>\n\t<meta name=\"twitter:data2\" content=\"2 minutes\" \/>\n<script type=\"application\/ld+json\" class=\"yoast-schema-graph\">{\"@context\":\"https:\\\/\\\/schema.org\",\"@graph\":[{\"@type\":\"Article\",\"@id\":\"https:\\\/\\\/lesvolcansnews.net\\\/?p=72660#article\",\"isPartOf\":{\"@id\":\"https:\\\/\\\/lesvolcansnews.net\\\/?p=72660\"},\"author\":{\"name\":\"R\u00e9daction - Les Volcans News\",\"@id\":\"https:\\\/\\\/lesvolcansnews.net\\\/#\\\/schema\\\/person\\\/82c8bed2e77879ecf6cca63441f57354\"},\"headline\":\"Bukavu : au c\u0153ur des \u00e9changes, la p\u00e9rennit\u00e9 de Back to Learning II\",\"datePublished\":\"2026-02-15T18:46:00+00:00\",\"dateModified\":\"2026-02-15T18:47:21+00:00\",\"mainEntityOfPage\":{\"@id\":\"https:\\\/\\\/lesvolcansnews.net\\\/?p=72660\"},\"wordCount\":414,\"commentCount\":0,\"image\":{\"@id\":\"https:\\\/\\\/lesvolcansnews.net\\\/?p=72660#primaryimage\"},\"thumbnailUrl\":\"https:\\\/\\\/lesvolcansnews.net\\\/wp-content\\\/uploads\\\/2026\\\/02\\\/IMG-20260215-WA0578.jpg\",\"articleSection\":[\"\u00c9CONOMIE\",\"SOCIET\u00c9\"],\"inLanguage\":\"fr-FR\",\"potentialAction\":[{\"@type\":\"CommentAction\",\"name\":\"Comment\",\"target\":[\"https:\\\/\\\/lesvolcansnews.net\\\/?p=72660#respond\"]}]},{\"@type\":\"WebPage\",\"@id\":\"https:\\\/\\\/lesvolcansnews.net\\\/?p=72660\",\"url\":\"https:\\\/\\\/lesvolcansnews.net\\\/?p=72660\",\"name\":\"Bukavu : au c\u0153ur des \u00e9changes, la p\u00e9rennit\u00e9 de Back to Learning II - LES VOLCANS NEWS\",\"isPartOf\":{\"@id\":\"https:\\\/\\\/lesvolcansnews.net\\\/#website\"},\"primaryImageOfPage\":{\"@id\":\"https:\\\/\\\/lesvolcansnews.net\\\/?p=72660#primaryimage\"},\"image\":{\"@id\":\"https:\\\/\\\/lesvolcansnews.net\\\/?p=72660#primaryimage\"},\"thumbnailUrl\":\"https:\\\/\\\/lesvolcansnews.net\\\/wp-content\\\/uploads\\\/2026\\\/02\\\/IMG-20260215-WA0578.jpg\",\"datePublished\":\"2026-02-15T18:46:00+00:00\",\"dateModified\":\"2026-02-15T18:47:21+00:00\",\"author\":{\"@id\":\"https:\\\/\\\/lesvolcansnews.net\\\/#\\\/schema\\\/person\\\/82c8bed2e77879ecf6cca63441f57354\"},\"breadcrumb\":{\"@id\":\"https:\\\/\\\/lesvolcansnews.net\\\/?p=72660#breadcrumb\"},\"inLanguage\":\"fr-FR\",\"potentialAction\":[{\"@type\":\"ReadAction\",\"target\":[\"https:\\\/\\\/lesvolcansnews.net\\\/?p=72660\"]}]},{\"@type\":\"ImageObject\",\"inLanguage\":\"fr-FR\",\"@id\":\"https:\\\/\\\/lesvolcansnews.net\\\/?p=72660#primaryimage\",\"url\":\"https:\\\/\\\/lesvolcansnews.net\\\/wp-content\\\/uploads\\\/2026\\\/02\\\/IMG-20260215-WA0578.jpg\",\"contentUrl\":\"https:\\\/\\\/lesvolcansnews.net\\\/wp-content\\\/uploads\\\/2026\\\/02\\\/IMG-20260215-WA0578.jpg\",\"width\":1000,\"height\":750},{\"@type\":\"BreadcrumbList\",\"@id\":\"https:\\\/\\\/lesvolcansnews.net\\\/?p=72660#breadcrumb\",\"itemListElement\":[{\"@type\":\"ListItem\",\"position\":1,\"name\":\"Accueil\",\"item\":\"https:\\\/\\\/lesvolcansnews.net\\\/\"},{\"@type\":\"ListItem\",\"position\":2,\"name\":\"Bukavu : au c\u0153ur des \u00e9changes, la p\u00e9rennit\u00e9 de Back to Learning II\"}]},{\"@type\":\"WebSite\",\"@id\":\"https:\\\/\\\/lesvolcansnews.net\\\/#website\",\"url\":\"https:\\\/\\\/lesvolcansnews.net\\\/\",\"name\":\"LES VOLCANS NEWS\",\"description\":\"L&#039;INFORMATION C&#039;EST NOUS\",\"potentialAction\":[{\"@type\":\"SearchAction\",\"target\":{\"@type\":\"EntryPoint\",\"urlTemplate\":\"https:\\\/\\\/lesvolcansnews.net\\\/?s={search_term_string}\"},\"query-input\":{\"@type\":\"PropertyValueSpecification\",\"valueRequired\":true,\"valueName\":\"search_term_string\"}}],\"inLanguage\":\"fr-FR\"},{\"@type\":\"Person\",\"@id\":\"https:\\\/\\\/lesvolcansnews.net\\\/#\\\/schema\\\/person\\\/82c8bed2e77879ecf6cca63441f57354\",\"name\":\"R\u00e9daction - Les Volcans News\",\"image\":{\"@type\":\"ImageObject\",\"inLanguage\":\"fr-FR\",\"@id\":\"https:\\\/\\\/secure.gravatar.com\\\/avatar\\\/8408942dd851e8a9c09f3d382a661bc05d2b3cd9002139bc1795b9528cdc6c80?s=96&d=mm&r=g\",\"url\":\"https:\\\/\\\/secure.gravatar.com\\\/avatar\\\/8408942dd851e8a9c09f3d382a661bc05d2b3cd9002139bc1795b9528cdc6c80?s=96&d=mm&r=g\",\"contentUrl\":\"https:\\\/\\\/secure.gravatar.com\\\/avatar\\\/8408942dd851e8a9c09f3d382a661bc05d2b3cd9002139bc1795b9528cdc6c80?s=96&d=mm&r=g\",\"caption\":\"R\u00e9daction - Les Volcans News\"},\"url\":\"https:\\\/\\\/lesvolcansnews.net\\\/?author=14\"}]}<\/script>\n<!-- \/ Yoast SEO plugin. -->","yoast_head_json":{"title":"Bukavu : au c\u0153ur des \u00e9changes, la p\u00e9rennit\u00e9 de Back to Learning II - LES VOLCANS NEWS","robots":{"index":"index","follow":"follow","max-snippet":"max-snippet:-1","max-image-preview":"max-image-preview:large","max-video-preview":"max-video-preview:-1"},"canonical":"https:\/\/lesvolcansnews.net\/?p=72660","og_locale":"fr_FR","og_type":"article","og_title":"Bukavu : au c\u0153ur des \u00e9changes, la p\u00e9rennit\u00e9 de Back to Learning II - LES VOLCANS NEWS","og_description":"&nbsp; Les Journ\u00e9es Portes Ouvertes organis\u00e9es au Centre de Rattrapage Scolaire (CRS) de Kadutu, dans la ville de Bukavu, le 13 f\u00e9vrier 2026, ont servi de vitrine aux r\u00e9alisations du","og_url":"https:\/\/lesvolcansnews.net\/?p=72660","og_site_name":"LES VOLCANS NEWS","article_published_time":"2026-02-15T18:46:00+00:00","article_modified_time":"2026-02-15T18:47:21+00:00","og_image":[{"width":1000,"height":750,"url":"https:\/\/lesvolcansnews.net\/wp-content\/uploads\/2026\/02\/IMG-20260215-WA0578.jpg","type":"image\/jpeg"}],"author":"R\u00e9daction - Les Volcans News","twitter_card":"summary_large_image","twitter_misc":{"\u00c9crit par":"R\u00e9daction - Les Volcans News","Dur\u00e9e de lecture estim\u00e9e":"2 minutes"},"schema":{"@context":"https:\/\/schema.org","@graph":[{"@type":"Article","@id":"https:\/\/lesvolcansnews.net\/?p=72660#article","isPartOf":{"@id":"https:\/\/lesvolcansnews.net\/?p=72660"},"author":{"name":"R\u00e9daction - Les Volcans News","@id":"https:\/\/lesvolcansnews.net\/#\/schema\/person\/82c8bed2e77879ecf6cca63441f57354"},"headline":"Bukavu : au c\u0153ur des \u00e9changes, la p\u00e9rennit\u00e9 de Back to Learning II","datePublished":"2026-02-15T18:46:00+00:00","dateModified":"2026-02-15T18:47:21+00:00","mainEntityOfPage":{"@id":"https:\/\/lesvolcansnews.net\/?p=72660"},"wordCount":414,"commentCount":0,"image":{"@id":"https:\/\/lesvolcansnews.net\/?p=72660#primaryimage"},"thumbnailUrl":"https:\/\/lesvolcansnews.net\/wp-content\/uploads\/2026\/02\/IMG-20260215-WA0578.jpg","articleSection":["\u00c9CONOMIE","SOCIET\u00c9"],"inLanguage":"fr-FR","potentialAction":[{"@type":"CommentAction","name":"Comment","target":["https:\/\/lesvolcansnews.net\/?p=72660#respond"]}]},{"@type":"WebPage","@id":"https:\/\/lesvolcansnews.net\/?p=72660","url":"https:\/\/lesvolcansnews.net\/?p=72660","name":"Bukavu : au c\u0153ur des \u00e9changes, la p\u00e9rennit\u00e9 de Back to Learning II - LES VOLCANS NEWS","isPartOf":{"@id":"https:\/\/lesvolcansnews.net\/#website"},"primaryImageOfPage":{"@id":"https:\/\/lesvolcansnews.net\/?p=72660#primaryimage"},"image":{"@id":"https:\/\/lesvolcansnews.net\/?p=72660#primaryimage"},"thumbnailUrl":"https:\/\/lesvolcansnews.net\/wp-content\/uploads\/2026\/02\/IMG-20260215-WA0578.jpg","datePublished":"2026-02-15T18:46:00+00:00","dateModified":"2026-02-15T18:47:21+00:00","author":{"@id":"https:\/\/lesvolcansnews.net\/#\/schema\/person\/82c8bed2e77879ecf6cca63441f57354"},"breadcrumb":{"@id":"https:\/\/lesvolcansnews.net\/?p=72660#breadcrumb"},"inLanguage":"fr-FR","potentialAction":[{"@type":"ReadAction","target":["https:\/\/lesvolcansnews.net\/?p=72660"]}]},{"@type":"ImageObject","inLanguage":"fr-FR","@id":"https:\/\/lesvolcansnews.net\/?p=72660#primaryimage","url":"https:\/\/lesvolcansnews.net\/wp-content\/uploads\/2026\/02\/IMG-20260215-WA0578.jpg","contentUrl":"https:\/\/lesvolcansnews.net\/wp-content\/uploads\/2026\/02\/IMG-20260215-WA0578.jpg","width":1000,"height":750},{"@type":"BreadcrumbList","@id":"https:\/\/lesvolcansnews.net\/?p=72660#breadcrumb","itemListElement":[{"@type":"ListItem","position":1,"name":"Accueil","item":"https:\/\/lesvolcansnews.net\/"},{"@type":"ListItem","position":2,"name":"Bukavu : au c\u0153ur des \u00e9changes, la p\u00e9rennit\u00e9 de Back to Learning II"}]},{"@type":"WebSite","@id":"https:\/\/lesvolcansnews.net\/#website","url":"https:\/\/lesvolcansnews.net\/","name":"LES VOLCANS NEWS","description":"L&#039;INFORMATION C&#039;EST NOUS","potentialAction":[{"@type":"SearchAction","target":{"@type":"EntryPoint","urlTemplate":"https:\/\/lesvolcansnews.net\/?s={search_term_string}"},"query-input":{"@type":"PropertyValueSpecification","valueRequired":true,"valueName":"search_term_string"}}],"inLanguage":"fr-FR"},{"@type":"Person","@id":"https:\/\/lesvolcansnews.net\/#\/schema\/person\/82c8bed2e77879ecf6cca63441f57354","name":"R\u00e9daction - Les Volcans News","image":{"@type":"ImageObject","inLanguage":"fr-FR","@id":"https:\/\/secure.gravatar.com\/avatar\/8408942dd851e8a9c09f3d382a661bc05d2b3cd9002139bc1795b9528cdc6c80?s=96&d=mm&r=g","url":"https:\/\/secure.gravatar.com\/avatar\/8408942dd851e8a9c09f3d382a661bc05d2b3cd9002139bc1795b9528cdc6c80?s=96&d=mm&r=g","contentUrl":"https:\/\/secure.gravatar.com\/avatar\/8408942dd851e8a9c09f3d382a661bc05d2b3cd9002139bc1795b9528cdc6c80?s=96&d=mm&r=g","caption":"R\u00e9daction - Les Volcans News"},"url":"https:\/\/lesvolcansnews.net\/?author=14"}]}},"_links":{"self":[{"href":"https:\/\/lesvolcansnews.net\/index.php?rest_route=\/wp\/v2\/posts\/72660","targetHints":{"allow":["GET"]}}],"collection":[{"href":"https:\/\/lesvolcansnews.net\/index.php?rest_route=\/wp\/v2\/posts"}],"about":[{"href":"https:\/\/lesvolcansnews.net\/index.php?rest_route=\/wp\/v2\/types\/post"}],"author":[{"embeddable":true,"href":"https:\/\/lesvolcansnews.net\/index.php?rest_route=\/wp\/v2\/users\/14"}],"replies":[{"embeddable":true,"href":"https:\/\/lesvolcansnews.net\/index.php?rest_route=%2Fwp%2Fv2%2Fcomments&post=72660"}],"version-history":[{"count":1,"href":"https:\/\/lesvolcansnews.net\/index.php?rest_route=\/wp\/v2\/posts\/72660\/revisions"}],"predecessor-version":[{"id":72662,"href":"https:\/\/lesvolcansnews.net\/index.php?rest_route=\/wp\/v2\/posts\/72660\/revisions\/72662"}],"wp:featuredmedia":[{"embeddable":true,"href":"https:\/\/lesvolcansnews.net\/index.php?rest_route=\/wp\/v2\/media\/72661"}],"wp:attachment":[{"href":"https:\/\/lesvolcansnews.net\/index.php?rest_route=%2Fwp%2Fv2%2Fmedia&parent=72660"}],"wp:term":[{"taxonomy":"category","embeddable":true,"href":"https:\/\/lesvolcansnews.net\/index.php?rest_route=%2Fwp%2Fv2%2Fcategories&post=72660"},{"taxonomy":"post_tag","embeddable":true,"href":"https:\/\/lesvolcansnews.net\/index.php?rest_route=%2Fwp%2Fv2%2Ftags&post=72660"}],"curies":[{"name":"wp","href":"https:\/\/api.w.org\/{rel}","templated":true}]}}