{"id":72644,"date":"2026-02-13T21:04:52","date_gmt":"2026-02-13T19:04:52","guid":{"rendered":"https:\/\/lesvolcansnews.net\/?p=72644"},"modified":"2026-02-13T21:04:52","modified_gmt":"2026-02-13T19:04:52","slug":"cessez-le-feu-viviane-de-perre-obtient-des-garanties-securitaires-en-faveur-du-personnel-de-la-monusco","status":"publish","type":"post","link":"https:\/\/lesvolcansnews.net\/?p=72644","title":{"rendered":"Cessez-le-feu : Viviane De Perre Obtient des garanties s\u00e9curitaires en faveur du personnel de la Monusco"},"content":{"rendered":"<p><strong>La Monusco vient d&#8217;obtenir des garanties s\u00e9curitaires en faveur de son personnel et des mat\u00e9riels de l&#8217;ONU de la part de l&#8217;AFC M23 avant de se d\u00e9ployer sur Uvira au Sud-Kivu. C&#8217;est ce que laisse entendre la cheffe ad int\u00e9rim de cette institution. Elle a une r\u00e9union ce vendredi 13 F\u00e9vrier avec le Coordonnateur de L&#8217;AFC M23 en vue de pr\u00e9parer les bases de l&#8217;op\u00e9rationnalisation du cessez-le-feu le feu  contenu dans l&#8217;accord de Doha. <\/strong><\/p>\n<p>Vivianne Van de Perre croit qu&#8217;avec ces garanties, les troupes Onusiennes pourront bien mettre en application la r\u00e9solution 2808 du conseil de s\u00e9curit\u00e9 de l&#8217;ONU qui lui donne mandat de soutenir le cessez le feu. Cet appui, se fera, selon elle, de mani\u00e8re progressive. <\/p>\n<p>&#8220;Nos \u00e9changes avec L&#8217;AFC M23, ont principalement portes sur la mise en \u0153uvre concr\u00e8te de m\u00e9canismes de suivi et de v\u00e9rification de cessez le feu conform\u00e9ment \u00e0 l&#8217;accord sign\u00e9 par L&#8217;AFC M23. Il est essentiel que les engagements pris dans cet accord se traduisent rapidement par des dispositions op\u00e9rationnelles, cr\u00e9dibles et v\u00e9rifiables sur le terrain.&#8221; a-t-elle d\u00e9clar\u00e9 <\/p>\n<p>Et d&#8217;ajouter : &#8220;L&#8217;appui au cessez le feu se fera de mani\u00e8re progressive en fonction des arrangements confirm\u00e9s dans l&#8217;architecture convenue et des garanties de s\u00e9curit\u00e9 pour nos personnels et les moyens des Nations Unies&#8221;. <\/p>\n<p>Il faut dire que, conform\u00e9ment \u00e0 la r\u00e9solution 2808 du Conseil de s\u00e9curit\u00e9 de l&#8217;ONU, la Monusco a \u00e9t\u00e9 mandat\u00e9 pour soutenir un cessez le feu permanent notamment \u00e0 travers sa participation au M\u00e9canisme de V\u00e9rification et son appui au M\u00e9canisme Conjoint de V\u00e9rification PLus. <\/p>\n<p>A en croire Jean Pierre La croix, sous secr\u00e9taire g\u00e9n\u00e9ral de l&#8217;ONU en charge des questions de maintient de la paix et qui \u00e9tait en visite officielle \u00e0 Kinshasa dimanche dernier, pr\u00e8s de 8000 casques bleus pourront \u00eatre d\u00e9ploy\u00e9s incessamment dans la ville de Uvira au Sud-Kivu, ville d\u00e9j\u00e0 remise entre les mains des forces gouvernementales par L&#8217;AFC M23, il y&#8217;a environ 2 semaines, pour entamer \u00e0 partir de ce coin, la mise en \u0153uvre du cessez-le-feu. <\/p>\n<p><strong>Victoire Muliwavyo<\/strong><\/p>\n","protected":false},"excerpt":{"rendered":"<p>La Monusco vient d&#8217;obtenir des garanties s\u00e9curitaires en faveur de son personnel et des mat\u00e9riels de l&#8217;ONU de la part de l&#8217;AFC M23 avant de se d\u00e9ployer sur Uvira au<\/p>\n","protected":false},"author":14,"featured_media":72645,"comment_status":"open","ping_status":"open","sticky":false,"template":"","format":"standard","meta":{"footnotes":""},"categories":[32],"tags":[],"class_list":["post-72644","post","type-post","status-publish","format-standard","has-post-thumbnail","hentry","category-securite"],"yoast_head":"<!-- This site is optimized with the Yoast SEO plugin v27.5 - https:\/\/yoast.com\/product\/yoast-seo-wordpress\/ -->\n<title>Cessez-le-feu : Viviane De Perre Obtient des garanties s\u00e9curitaires en faveur du personnel de la Monusco - LES VOLCANS NEWS<\/title>\n<meta name=\"robots\" content=\"index, follow, max-snippet:-1, max-image-preview:large, max-video-preview:-1\" \/>\n<link rel=\"canonical\" href=\"https:\/\/lesvolcansnews.net\/?p=72644\" \/>\n<meta property=\"og:locale\" content=\"fr_FR\" \/>\n<meta property=\"og:type\" content=\"article\" \/>\n<meta property=\"og:title\" content=\"Cessez-le-feu : Viviane De Perre Obtient des garanties s\u00e9curitaires en faveur du personnel de la Monusco - LES VOLCANS NEWS\" \/>\n<meta property=\"og:description\" content=\"La Monusco vient d&#8217;obtenir des garanties s\u00e9curitaires en faveur de son personnel et des mat\u00e9riels de l&#8217;ONU de la part de l&#8217;AFC M23 avant de se d\u00e9ployer sur Uvira au\" \/>\n<meta property=\"og:url\" content=\"https:\/\/lesvolcansnews.net\/?p=72644\" \/>\n<meta property=\"og:site_name\" content=\"LES VOLCANS NEWS\" \/>\n<meta property=\"article:published_time\" content=\"2026-02-13T19:04:52+00:00\" \/>\n<meta property=\"og:image\" content=\"https:\/\/lesvolcansnews.net\/wp-content\/uploads\/2026\/02\/IMG-20260213-WA0310.jpg\" \/>\n\t<meta property=\"og:image:width\" content=\"817\" \/>\n\t<meta property=\"og:image:height\" content=\"437\" \/>\n\t<meta property=\"og:image:type\" content=\"image\/jpeg\" \/>\n<meta name=\"author\" content=\"R\u00e9daction - Les Volcans News\" \/>\n<meta name=\"twitter:card\" content=\"summary_large_image\" \/>\n<meta name=\"twitter:label1\" content=\"\u00c9crit par\" \/>\n\t<meta name=\"twitter:data1\" content=\"R\u00e9daction - Les Volcans News\" \/>\n\t<meta name=\"twitter:label2\" content=\"Dur\u00e9e de lecture estim\u00e9e\" \/>\n\t<meta name=\"twitter:data2\" content=\"2 minutes\" \/>\n<script type=\"application\/ld+json\" class=\"yoast-schema-graph\">{\"@context\":\"https:\\\/\\\/schema.org\",\"@graph\":[{\"@type\":\"Article\",\"@id\":\"https:\\\/\\\/lesvolcansnews.net\\\/?p=72644#article\",\"isPartOf\":{\"@id\":\"https:\\\/\\\/lesvolcansnews.net\\\/?p=72644\"},\"author\":{\"name\":\"R\u00e9daction - Les Volcans News\",\"@id\":\"https:\\\/\\\/lesvolcansnews.net\\\/#\\\/schema\\\/person\\\/82c8bed2e77879ecf6cca63441f57354\"},\"headline\":\"Cessez-le-feu : Viviane De Perre Obtient des garanties s\u00e9curitaires en faveur du personnel de la Monusco\",\"datePublished\":\"2026-02-13T19:04:52+00:00\",\"mainEntityOfPage\":{\"@id\":\"https:\\\/\\\/lesvolcansnews.net\\\/?p=72644\"},\"wordCount\":394,\"commentCount\":0,\"image\":{\"@id\":\"https:\\\/\\\/lesvolcansnews.net\\\/?p=72644#primaryimage\"},\"thumbnailUrl\":\"https:\\\/\\\/lesvolcansnews.net\\\/wp-content\\\/uploads\\\/2026\\\/02\\\/IMG-20260213-WA0310.jpg\",\"articleSection\":[\"S\u00c9CURIT\u00c9\"],\"inLanguage\":\"fr-FR\",\"potentialAction\":[{\"@type\":\"CommentAction\",\"name\":\"Comment\",\"target\":[\"https:\\\/\\\/lesvolcansnews.net\\\/?p=72644#respond\"]}]},{\"@type\":\"WebPage\",\"@id\":\"https:\\\/\\\/lesvolcansnews.net\\\/?p=72644\",\"url\":\"https:\\\/\\\/lesvolcansnews.net\\\/?p=72644\",\"name\":\"Cessez-le-feu : Viviane De Perre Obtient des garanties s\u00e9curitaires en faveur du personnel de la Monusco - LES VOLCANS NEWS\",\"isPartOf\":{\"@id\":\"https:\\\/\\\/lesvolcansnews.net\\\/#website\"},\"primaryImageOfPage\":{\"@id\":\"https:\\\/\\\/lesvolcansnews.net\\\/?p=72644#primaryimage\"},\"image\":{\"@id\":\"https:\\\/\\\/lesvolcansnews.net\\\/?p=72644#primaryimage\"},\"thumbnailUrl\":\"https:\\\/\\\/lesvolcansnews.net\\\/wp-content\\\/uploads\\\/2026\\\/02\\\/IMG-20260213-WA0310.jpg\",\"datePublished\":\"2026-02-13T19:04:52+00:00\",\"author\":{\"@id\":\"https:\\\/\\\/lesvolcansnews.net\\\/#\\\/schema\\\/person\\\/82c8bed2e77879ecf6cca63441f57354\"},\"breadcrumb\":{\"@id\":\"https:\\\/\\\/lesvolcansnews.net\\\/?p=72644#breadcrumb\"},\"inLanguage\":\"fr-FR\",\"potentialAction\":[{\"@type\":\"ReadAction\",\"target\":[\"https:\\\/\\\/lesvolcansnews.net\\\/?p=72644\"]}]},{\"@type\":\"ImageObject\",\"inLanguage\":\"fr-FR\",\"@id\":\"https:\\\/\\\/lesvolcansnews.net\\\/?p=72644#primaryimage\",\"url\":\"https:\\\/\\\/lesvolcansnews.net\\\/wp-content\\\/uploads\\\/2026\\\/02\\\/IMG-20260213-WA0310.jpg\",\"contentUrl\":\"https:\\\/\\\/lesvolcansnews.net\\\/wp-content\\\/uploads\\\/2026\\\/02\\\/IMG-20260213-WA0310.jpg\",\"width\":817,\"height\":437},{\"@type\":\"BreadcrumbList\",\"@id\":\"https:\\\/\\\/lesvolcansnews.net\\\/?p=72644#breadcrumb\",\"itemListElement\":[{\"@type\":\"ListItem\",\"position\":1,\"name\":\"Accueil\",\"item\":\"https:\\\/\\\/lesvolcansnews.net\\\/\"},{\"@type\":\"ListItem\",\"position\":2,\"name\":\"Cessez-le-feu : Viviane De Perre Obtient des garanties s\u00e9curitaires en faveur du personnel de la Monusco\"}]},{\"@type\":\"WebSite\",\"@id\":\"https:\\\/\\\/lesvolcansnews.net\\\/#website\",\"url\":\"https:\\\/\\\/lesvolcansnews.net\\\/\",\"name\":\"LES VOLCANS NEWS\",\"description\":\"L&#039;INFORMATION C&#039;EST NOUS\",\"potentialAction\":[{\"@type\":\"SearchAction\",\"target\":{\"@type\":\"EntryPoint\",\"urlTemplate\":\"https:\\\/\\\/lesvolcansnews.net\\\/?s={search_term_string}\"},\"query-input\":{\"@type\":\"PropertyValueSpecification\",\"valueRequired\":true,\"valueName\":\"search_term_string\"}}],\"inLanguage\":\"fr-FR\"},{\"@type\":\"Person\",\"@id\":\"https:\\\/\\\/lesvolcansnews.net\\\/#\\\/schema\\\/person\\\/82c8bed2e77879ecf6cca63441f57354\",\"name\":\"R\u00e9daction - Les Volcans News\",\"image\":{\"@type\":\"ImageObject\",\"inLanguage\":\"fr-FR\",\"@id\":\"https:\\\/\\\/secure.gravatar.com\\\/avatar\\\/8408942dd851e8a9c09f3d382a661bc05d2b3cd9002139bc1795b9528cdc6c80?s=96&d=mm&r=g\",\"url\":\"https:\\\/\\\/secure.gravatar.com\\\/avatar\\\/8408942dd851e8a9c09f3d382a661bc05d2b3cd9002139bc1795b9528cdc6c80?s=96&d=mm&r=g\",\"contentUrl\":\"https:\\\/\\\/secure.gravatar.com\\\/avatar\\\/8408942dd851e8a9c09f3d382a661bc05d2b3cd9002139bc1795b9528cdc6c80?s=96&d=mm&r=g\",\"caption\":\"R\u00e9daction - Les Volcans News\"},\"url\":\"https:\\\/\\\/lesvolcansnews.net\\\/?author=14\"}]}<\/script>\n<!-- \/ Yoast SEO plugin. -->","yoast_head_json":{"title":"Cessez-le-feu : Viviane De Perre Obtient des garanties s\u00e9curitaires en faveur du personnel de la Monusco - LES VOLCANS NEWS","robots":{"index":"index","follow":"follow","max-snippet":"max-snippet:-1","max-image-preview":"max-image-preview:large","max-video-preview":"max-video-preview:-1"},"canonical":"https:\/\/lesvolcansnews.net\/?p=72644","og_locale":"fr_FR","og_type":"article","og_title":"Cessez-le-feu : Viviane De Perre Obtient des garanties s\u00e9curitaires en faveur du personnel de la Monusco - LES VOLCANS NEWS","og_description":"La Monusco vient d&#8217;obtenir des garanties s\u00e9curitaires en faveur de son personnel et des mat\u00e9riels de l&#8217;ONU de la part de l&#8217;AFC M23 avant de se d\u00e9ployer sur Uvira au","og_url":"https:\/\/lesvolcansnews.net\/?p=72644","og_site_name":"LES VOLCANS NEWS","article_published_time":"2026-02-13T19:04:52+00:00","og_image":[{"width":817,"height":437,"url":"https:\/\/lesvolcansnews.net\/wp-content\/uploads\/2026\/02\/IMG-20260213-WA0310.jpg","type":"image\/jpeg"}],"author":"R\u00e9daction - Les Volcans News","twitter_card":"summary_large_image","twitter_misc":{"\u00c9crit par":"R\u00e9daction - Les Volcans News","Dur\u00e9e de lecture estim\u00e9e":"2 minutes"},"schema":{"@context":"https:\/\/schema.org","@graph":[{"@type":"Article","@id":"https:\/\/lesvolcansnews.net\/?p=72644#article","isPartOf":{"@id":"https:\/\/lesvolcansnews.net\/?p=72644"},"author":{"name":"R\u00e9daction - Les Volcans News","@id":"https:\/\/lesvolcansnews.net\/#\/schema\/person\/82c8bed2e77879ecf6cca63441f57354"},"headline":"Cessez-le-feu : Viviane De Perre Obtient des garanties s\u00e9curitaires en faveur du personnel de la Monusco","datePublished":"2026-02-13T19:04:52+00:00","mainEntityOfPage":{"@id":"https:\/\/lesvolcansnews.net\/?p=72644"},"wordCount":394,"commentCount":0,"image":{"@id":"https:\/\/lesvolcansnews.net\/?p=72644#primaryimage"},"thumbnailUrl":"https:\/\/lesvolcansnews.net\/wp-content\/uploads\/2026\/02\/IMG-20260213-WA0310.jpg","articleSection":["S\u00c9CURIT\u00c9"],"inLanguage":"fr-FR","potentialAction":[{"@type":"CommentAction","name":"Comment","target":["https:\/\/lesvolcansnews.net\/?p=72644#respond"]}]},{"@type":"WebPage","@id":"https:\/\/lesvolcansnews.net\/?p=72644","url":"https:\/\/lesvolcansnews.net\/?p=72644","name":"Cessez-le-feu : Viviane De Perre Obtient des garanties s\u00e9curitaires en faveur du personnel de la Monusco - LES VOLCANS NEWS","isPartOf":{"@id":"https:\/\/lesvolcansnews.net\/#website"},"primaryImageOfPage":{"@id":"https:\/\/lesvolcansnews.net\/?p=72644#primaryimage"},"image":{"@id":"https:\/\/lesvolcansnews.net\/?p=72644#primaryimage"},"thumbnailUrl":"https:\/\/lesvolcansnews.net\/wp-content\/uploads\/2026\/02\/IMG-20260213-WA0310.jpg","datePublished":"2026-02-13T19:04:52+00:00","author":{"@id":"https:\/\/lesvolcansnews.net\/#\/schema\/person\/82c8bed2e77879ecf6cca63441f57354"},"breadcrumb":{"@id":"https:\/\/lesvolcansnews.net\/?p=72644#breadcrumb"},"inLanguage":"fr-FR","potentialAction":[{"@type":"ReadAction","target":["https:\/\/lesvolcansnews.net\/?p=72644"]}]},{"@type":"ImageObject","inLanguage":"fr-FR","@id":"https:\/\/lesvolcansnews.net\/?p=72644#primaryimage","url":"https:\/\/lesvolcansnews.net\/wp-content\/uploads\/2026\/02\/IMG-20260213-WA0310.jpg","contentUrl":"https:\/\/lesvolcansnews.net\/wp-content\/uploads\/2026\/02\/IMG-20260213-WA0310.jpg","width":817,"height":437},{"@type":"BreadcrumbList","@id":"https:\/\/lesvolcansnews.net\/?p=72644#breadcrumb","itemListElement":[{"@type":"ListItem","position":1,"name":"Accueil","item":"https:\/\/lesvolcansnews.net\/"},{"@type":"ListItem","position":2,"name":"Cessez-le-feu : Viviane De Perre Obtient des garanties s\u00e9curitaires en faveur du personnel de la Monusco"}]},{"@type":"WebSite","@id":"https:\/\/lesvolcansnews.net\/#website","url":"https:\/\/lesvolcansnews.net\/","name":"LES VOLCANS NEWS","description":"L&#039;INFORMATION C&#039;EST NOUS","potentialAction":[{"@type":"SearchAction","target":{"@type":"EntryPoint","urlTemplate":"https:\/\/lesvolcansnews.net\/?s={search_term_string}"},"query-input":{"@type":"PropertyValueSpecification","valueRequired":true,"valueName":"search_term_string"}}],"inLanguage":"fr-FR"},{"@type":"Person","@id":"https:\/\/lesvolcansnews.net\/#\/schema\/person\/82c8bed2e77879ecf6cca63441f57354","name":"R\u00e9daction - Les Volcans News","image":{"@type":"ImageObject","inLanguage":"fr-FR","@id":"https:\/\/secure.gravatar.com\/avatar\/8408942dd851e8a9c09f3d382a661bc05d2b3cd9002139bc1795b9528cdc6c80?s=96&d=mm&r=g","url":"https:\/\/secure.gravatar.com\/avatar\/8408942dd851e8a9c09f3d382a661bc05d2b3cd9002139bc1795b9528cdc6c80?s=96&d=mm&r=g","contentUrl":"https:\/\/secure.gravatar.com\/avatar\/8408942dd851e8a9c09f3d382a661bc05d2b3cd9002139bc1795b9528cdc6c80?s=96&d=mm&r=g","caption":"R\u00e9daction - Les Volcans News"},"url":"https:\/\/lesvolcansnews.net\/?author=14"}]}},"_links":{"self":[{"href":"https:\/\/lesvolcansnews.net\/index.php?rest_route=\/wp\/v2\/posts\/72644","targetHints":{"allow":["GET"]}}],"collection":[{"href":"https:\/\/lesvolcansnews.net\/index.php?rest_route=\/wp\/v2\/posts"}],"about":[{"href":"https:\/\/lesvolcansnews.net\/index.php?rest_route=\/wp\/v2\/types\/post"}],"author":[{"embeddable":true,"href":"https:\/\/lesvolcansnews.net\/index.php?rest_route=\/wp\/v2\/users\/14"}],"replies":[{"embeddable":true,"href":"https:\/\/lesvolcansnews.net\/index.php?rest_route=%2Fwp%2Fv2%2Fcomments&post=72644"}],"version-history":[{"count":1,"href":"https:\/\/lesvolcansnews.net\/index.php?rest_route=\/wp\/v2\/posts\/72644\/revisions"}],"predecessor-version":[{"id":72646,"href":"https:\/\/lesvolcansnews.net\/index.php?rest_route=\/wp\/v2\/posts\/72644\/revisions\/72646"}],"wp:featuredmedia":[{"embeddable":true,"href":"https:\/\/lesvolcansnews.net\/index.php?rest_route=\/wp\/v2\/media\/72645"}],"wp:attachment":[{"href":"https:\/\/lesvolcansnews.net\/index.php?rest_route=%2Fwp%2Fv2%2Fmedia&parent=72644"}],"wp:term":[{"taxonomy":"category","embeddable":true,"href":"https:\/\/lesvolcansnews.net\/index.php?rest_route=%2Fwp%2Fv2%2Fcategories&post=72644"},{"taxonomy":"post_tag","embeddable":true,"href":"https:\/\/lesvolcansnews.net\/index.php?rest_route=%2Fwp%2Fv2%2Ftags&post=72644"}],"curies":[{"name":"wp","href":"https:\/\/api.w.org\/{rel}","templated":true}]}}