{"id":72636,"date":"2026-02-13T20:13:18","date_gmt":"2026-02-13T18:13:18","guid":{"rendered":"https:\/\/lesvolcansnews.net\/?p=72636"},"modified":"2026-02-13T20:13:18","modified_gmt":"2026-02-13T18:13:18","slug":"necrologie-deces-du-patriarche-athanase-kahanya-kimuha-a-goma","status":"publish","type":"post","link":"https:\/\/lesvolcansnews.net\/?p=72636","title":{"rendered":"N\u00e9crologie : D\u00e9c\u00e8s du patriarche Athanase Kahanya Kimuha \u00e0 Goma"},"content":{"rendered":"<p><strong>D\u00e9c\u00e8s du patriarche Athanase Kahanya Kimuha \u00e0 Gom<\/strong><\/p>\n<p>Le patriarche Athanase Kahanya Kimuha, figure administrative de longue date en R\u00e9publique d\u00e9mocratique du Congo, est d\u00e9c\u00e9d\u00e9 vendredi apr\u00e8s-midi \u00e0 Goma, chef-lieu de la province du Nord-Kivu, a appris LesVolcansNews.net aupr\u00e8s de sa famille biologique.<\/p>\n<p>Il est d\u00e9c\u00e9d\u00e9 vers 15h00 \u00e0 l\u2019h\u00f4pital Heal Africa, des suites d\u2019une longue maladie, selon des sources familiales.<\/p>\n<p>Ancien directeur de province, Athanase Kahanya Kimuha \u00e9tait consid\u00e9r\u00e9 comme l\u2019une des m\u00e9moires administratives du Nord-Kivu, pour avoir servi durant plusieurs d\u00e9cennies dans l\u2019administration publique congolaise.<\/p>\n<p>En novembre 2024, le ministre du Commerce ext\u00e9rieur, Julien Paluku Kahongya, lui avait rendu une visite de courtoisie \u00e0 Goma, saluant son r\u00f4le de mentor dans la gestion administrative de la province.<\/p>\n<p>\u00ab Visite de r\u00e9confort \u00e0 l\u2019autre ic\u00f4ne, Papa Athanase Kahanya Kimuha Tasi, la m\u00e9moire administrative du Nord-Kivu qui nous a forg\u00e9 administrativement comme Administrateur de Territoire, Maire de Ville puis Gouverneur \u00bb, avait \u00e9crit Julien Paluku Kahongya sur son compte X.<\/p>\n<p>\u00ab Le tout puissant et chevronn\u00e9 Directeur de Province de tous les temps m\u00e9rite reconnaissance de son vivant \u00bb, avait-il ajout\u00e9.<\/p>\n<p>Selon ses proches, Kahanya \u00e9tait rest\u00e9 lucide malgr\u00e9 la maladie. Il reste et restera une grande valeur pour l\u2019honneur de l\u2019administration publique en RDC pour avoir fait le tour du territoire national.<\/p>\n<p>La r\u00e9daction<\/p>\n","protected":false},"excerpt":{"rendered":"<p>D\u00e9c\u00e8s du patriarche Athanase Kahanya Kimuha \u00e0 Gom Le patriarche Athanase Kahanya Kimuha, figure administrative de longue date en R\u00e9publique d\u00e9mocratique du Congo, est d\u00e9c\u00e9d\u00e9 vendredi apr\u00e8s-midi \u00e0 Goma, chef-lieu<\/p>\n","protected":false},"author":14,"featured_media":72637,"comment_status":"open","ping_status":"open","sticky":false,"template":"","format":"standard","meta":{"footnotes":""},"categories":[1],"tags":[],"class_list":["post-72636","post","type-post","status-publish","format-standard","has-post-thumbnail","hentry","category-actualite"],"yoast_head":"<!-- This site is optimized with the Yoast SEO plugin v27.3 - https:\/\/yoast.com\/product\/yoast-seo-wordpress\/ -->\n<title>N\u00e9crologie : D\u00e9c\u00e8s du patriarche Athanase Kahanya Kimuha \u00e0 Goma - LES VOLCANS NEWS<\/title>\n<meta name=\"robots\" content=\"index, follow, max-snippet:-1, max-image-preview:large, max-video-preview:-1\" \/>\n<link rel=\"canonical\" href=\"https:\/\/lesvolcansnews.net\/?p=72636\" \/>\n<meta property=\"og:locale\" content=\"fr_FR\" \/>\n<meta property=\"og:type\" content=\"article\" \/>\n<meta property=\"og:title\" content=\"N\u00e9crologie : D\u00e9c\u00e8s du patriarche Athanase Kahanya Kimuha \u00e0 Goma - LES VOLCANS NEWS\" \/>\n<meta property=\"og:description\" content=\"D\u00e9c\u00e8s du patriarche Athanase Kahanya Kimuha \u00e0 Gom Le patriarche Athanase Kahanya Kimuha, figure administrative de longue date en R\u00e9publique d\u00e9mocratique du Congo, est d\u00e9c\u00e9d\u00e9 vendredi apr\u00e8s-midi \u00e0 Goma, chef-lieu\" \/>\n<meta property=\"og:url\" content=\"https:\/\/lesvolcansnews.net\/?p=72636\" \/>\n<meta property=\"og:site_name\" content=\"LES VOLCANS NEWS\" \/>\n<meta property=\"article:published_time\" content=\"2026-02-13T18:13:18+00:00\" \/>\n<meta property=\"og:image\" content=\"https:\/\/lesvolcansnews.net\/wp-content\/uploads\/2026\/02\/FB_IMG_1771006270924.jpg\" \/>\n\t<meta property=\"og:image:width\" content=\"828\" \/>\n\t<meta property=\"og:image:height\" content=\"790\" \/>\n\t<meta property=\"og:image:type\" content=\"image\/jpeg\" \/>\n<meta name=\"author\" content=\"R\u00e9daction - Les Volcans News\" \/>\n<meta name=\"twitter:card\" content=\"summary_large_image\" \/>\n<meta name=\"twitter:label1\" content=\"\u00c9crit par\" \/>\n\t<meta name=\"twitter:data1\" content=\"R\u00e9daction - Les Volcans News\" \/>\n\t<meta name=\"twitter:label2\" content=\"Dur\u00e9e de lecture estim\u00e9e\" \/>\n\t<meta name=\"twitter:data2\" content=\"1 minute\" \/>\n<script type=\"application\/ld+json\" class=\"yoast-schema-graph\">{\"@context\":\"https:\\\/\\\/schema.org\",\"@graph\":[{\"@type\":\"Article\",\"@id\":\"https:\\\/\\\/lesvolcansnews.net\\\/?p=72636#article\",\"isPartOf\":{\"@id\":\"https:\\\/\\\/lesvolcansnews.net\\\/?p=72636\"},\"author\":{\"name\":\"R\u00e9daction - Les Volcans News\",\"@id\":\"https:\\\/\\\/lesvolcansnews.net\\\/#\\\/schema\\\/person\\\/82c8bed2e77879ecf6cca63441f57354\"},\"headline\":\"N\u00e9crologie : D\u00e9c\u00e8s du patriarche Athanase Kahanya Kimuha \u00e0 Goma\",\"datePublished\":\"2026-02-13T18:13:18+00:00\",\"mainEntityOfPage\":{\"@id\":\"https:\\\/\\\/lesvolcansnews.net\\\/?p=72636\"},\"wordCount\":245,\"commentCount\":0,\"image\":{\"@id\":\"https:\\\/\\\/lesvolcansnews.net\\\/?p=72636#primaryimage\"},\"thumbnailUrl\":\"https:\\\/\\\/lesvolcansnews.net\\\/wp-content\\\/uploads\\\/2026\\\/02\\\/FB_IMG_1771006270924.jpg\",\"articleSection\":[\"ACTUALIT\u00c9\"],\"inLanguage\":\"fr-FR\",\"potentialAction\":[{\"@type\":\"CommentAction\",\"name\":\"Comment\",\"target\":[\"https:\\\/\\\/lesvolcansnews.net\\\/?p=72636#respond\"]}]},{\"@type\":\"WebPage\",\"@id\":\"https:\\\/\\\/lesvolcansnews.net\\\/?p=72636\",\"url\":\"https:\\\/\\\/lesvolcansnews.net\\\/?p=72636\",\"name\":\"N\u00e9crologie : D\u00e9c\u00e8s du patriarche Athanase Kahanya Kimuha \u00e0 Goma - LES VOLCANS NEWS\",\"isPartOf\":{\"@id\":\"https:\\\/\\\/lesvolcansnews.net\\\/#website\"},\"primaryImageOfPage\":{\"@id\":\"https:\\\/\\\/lesvolcansnews.net\\\/?p=72636#primaryimage\"},\"image\":{\"@id\":\"https:\\\/\\\/lesvolcansnews.net\\\/?p=72636#primaryimage\"},\"thumbnailUrl\":\"https:\\\/\\\/lesvolcansnews.net\\\/wp-content\\\/uploads\\\/2026\\\/02\\\/FB_IMG_1771006270924.jpg\",\"datePublished\":\"2026-02-13T18:13:18+00:00\",\"author\":{\"@id\":\"https:\\\/\\\/lesvolcansnews.net\\\/#\\\/schema\\\/person\\\/82c8bed2e77879ecf6cca63441f57354\"},\"breadcrumb\":{\"@id\":\"https:\\\/\\\/lesvolcansnews.net\\\/?p=72636#breadcrumb\"},\"inLanguage\":\"fr-FR\",\"potentialAction\":[{\"@type\":\"ReadAction\",\"target\":[\"https:\\\/\\\/lesvolcansnews.net\\\/?p=72636\"]}]},{\"@type\":\"ImageObject\",\"inLanguage\":\"fr-FR\",\"@id\":\"https:\\\/\\\/lesvolcansnews.net\\\/?p=72636#primaryimage\",\"url\":\"https:\\\/\\\/lesvolcansnews.net\\\/wp-content\\\/uploads\\\/2026\\\/02\\\/FB_IMG_1771006270924.jpg\",\"contentUrl\":\"https:\\\/\\\/lesvolcansnews.net\\\/wp-content\\\/uploads\\\/2026\\\/02\\\/FB_IMG_1771006270924.jpg\",\"width\":828,\"height\":790},{\"@type\":\"BreadcrumbList\",\"@id\":\"https:\\\/\\\/lesvolcansnews.net\\\/?p=72636#breadcrumb\",\"itemListElement\":[{\"@type\":\"ListItem\",\"position\":1,\"name\":\"Accueil\",\"item\":\"https:\\\/\\\/lesvolcansnews.net\\\/\"},{\"@type\":\"ListItem\",\"position\":2,\"name\":\"N\u00e9crologie : D\u00e9c\u00e8s du patriarche Athanase Kahanya Kimuha \u00e0 Goma\"}]},{\"@type\":\"WebSite\",\"@id\":\"https:\\\/\\\/lesvolcansnews.net\\\/#website\",\"url\":\"https:\\\/\\\/lesvolcansnews.net\\\/\",\"name\":\"LES VOLCANS NEWS\",\"description\":\"L&#039;INFORMATION C&#039;EST NOUS\",\"potentialAction\":[{\"@type\":\"SearchAction\",\"target\":{\"@type\":\"EntryPoint\",\"urlTemplate\":\"https:\\\/\\\/lesvolcansnews.net\\\/?s={search_term_string}\"},\"query-input\":{\"@type\":\"PropertyValueSpecification\",\"valueRequired\":true,\"valueName\":\"search_term_string\"}}],\"inLanguage\":\"fr-FR\"},{\"@type\":\"Person\",\"@id\":\"https:\\\/\\\/lesvolcansnews.net\\\/#\\\/schema\\\/person\\\/82c8bed2e77879ecf6cca63441f57354\",\"name\":\"R\u00e9daction - Les Volcans News\",\"image\":{\"@type\":\"ImageObject\",\"inLanguage\":\"fr-FR\",\"@id\":\"https:\\\/\\\/secure.gravatar.com\\\/avatar\\\/8408942dd851e8a9c09f3d382a661bc05d2b3cd9002139bc1795b9528cdc6c80?s=96&d=mm&r=g\",\"url\":\"https:\\\/\\\/secure.gravatar.com\\\/avatar\\\/8408942dd851e8a9c09f3d382a661bc05d2b3cd9002139bc1795b9528cdc6c80?s=96&d=mm&r=g\",\"contentUrl\":\"https:\\\/\\\/secure.gravatar.com\\\/avatar\\\/8408942dd851e8a9c09f3d382a661bc05d2b3cd9002139bc1795b9528cdc6c80?s=96&d=mm&r=g\",\"caption\":\"R\u00e9daction - Les Volcans News\"},\"url\":\"https:\\\/\\\/lesvolcansnews.net\\\/?author=14\"}]}<\/script>\n<!-- \/ Yoast SEO plugin. -->","yoast_head_json":{"title":"N\u00e9crologie : D\u00e9c\u00e8s du patriarche Athanase Kahanya Kimuha \u00e0 Goma - LES VOLCANS NEWS","robots":{"index":"index","follow":"follow","max-snippet":"max-snippet:-1","max-image-preview":"max-image-preview:large","max-video-preview":"max-video-preview:-1"},"canonical":"https:\/\/lesvolcansnews.net\/?p=72636","og_locale":"fr_FR","og_type":"article","og_title":"N\u00e9crologie : D\u00e9c\u00e8s du patriarche Athanase Kahanya Kimuha \u00e0 Goma - LES VOLCANS NEWS","og_description":"D\u00e9c\u00e8s du patriarche Athanase Kahanya Kimuha \u00e0 Gom Le patriarche Athanase Kahanya Kimuha, figure administrative de longue date en R\u00e9publique d\u00e9mocratique du Congo, est d\u00e9c\u00e9d\u00e9 vendredi apr\u00e8s-midi \u00e0 Goma, chef-lieu","og_url":"https:\/\/lesvolcansnews.net\/?p=72636","og_site_name":"LES VOLCANS NEWS","article_published_time":"2026-02-13T18:13:18+00:00","og_image":[{"width":828,"height":790,"url":"https:\/\/lesvolcansnews.net\/wp-content\/uploads\/2026\/02\/FB_IMG_1771006270924.jpg","type":"image\/jpeg"}],"author":"R\u00e9daction - Les Volcans News","twitter_card":"summary_large_image","twitter_misc":{"\u00c9crit par":"R\u00e9daction - Les Volcans News","Dur\u00e9e de lecture estim\u00e9e":"1 minute"},"schema":{"@context":"https:\/\/schema.org","@graph":[{"@type":"Article","@id":"https:\/\/lesvolcansnews.net\/?p=72636#article","isPartOf":{"@id":"https:\/\/lesvolcansnews.net\/?p=72636"},"author":{"name":"R\u00e9daction - Les Volcans News","@id":"https:\/\/lesvolcansnews.net\/#\/schema\/person\/82c8bed2e77879ecf6cca63441f57354"},"headline":"N\u00e9crologie : D\u00e9c\u00e8s du patriarche Athanase Kahanya Kimuha \u00e0 Goma","datePublished":"2026-02-13T18:13:18+00:00","mainEntityOfPage":{"@id":"https:\/\/lesvolcansnews.net\/?p=72636"},"wordCount":245,"commentCount":0,"image":{"@id":"https:\/\/lesvolcansnews.net\/?p=72636#primaryimage"},"thumbnailUrl":"https:\/\/lesvolcansnews.net\/wp-content\/uploads\/2026\/02\/FB_IMG_1771006270924.jpg","articleSection":["ACTUALIT\u00c9"],"inLanguage":"fr-FR","potentialAction":[{"@type":"CommentAction","name":"Comment","target":["https:\/\/lesvolcansnews.net\/?p=72636#respond"]}]},{"@type":"WebPage","@id":"https:\/\/lesvolcansnews.net\/?p=72636","url":"https:\/\/lesvolcansnews.net\/?p=72636","name":"N\u00e9crologie : D\u00e9c\u00e8s du patriarche Athanase Kahanya Kimuha \u00e0 Goma - LES VOLCANS NEWS","isPartOf":{"@id":"https:\/\/lesvolcansnews.net\/#website"},"primaryImageOfPage":{"@id":"https:\/\/lesvolcansnews.net\/?p=72636#primaryimage"},"image":{"@id":"https:\/\/lesvolcansnews.net\/?p=72636#primaryimage"},"thumbnailUrl":"https:\/\/lesvolcansnews.net\/wp-content\/uploads\/2026\/02\/FB_IMG_1771006270924.jpg","datePublished":"2026-02-13T18:13:18+00:00","author":{"@id":"https:\/\/lesvolcansnews.net\/#\/schema\/person\/82c8bed2e77879ecf6cca63441f57354"},"breadcrumb":{"@id":"https:\/\/lesvolcansnews.net\/?p=72636#breadcrumb"},"inLanguage":"fr-FR","potentialAction":[{"@type":"ReadAction","target":["https:\/\/lesvolcansnews.net\/?p=72636"]}]},{"@type":"ImageObject","inLanguage":"fr-FR","@id":"https:\/\/lesvolcansnews.net\/?p=72636#primaryimage","url":"https:\/\/lesvolcansnews.net\/wp-content\/uploads\/2026\/02\/FB_IMG_1771006270924.jpg","contentUrl":"https:\/\/lesvolcansnews.net\/wp-content\/uploads\/2026\/02\/FB_IMG_1771006270924.jpg","width":828,"height":790},{"@type":"BreadcrumbList","@id":"https:\/\/lesvolcansnews.net\/?p=72636#breadcrumb","itemListElement":[{"@type":"ListItem","position":1,"name":"Accueil","item":"https:\/\/lesvolcansnews.net\/"},{"@type":"ListItem","position":2,"name":"N\u00e9crologie : D\u00e9c\u00e8s du patriarche Athanase Kahanya Kimuha \u00e0 Goma"}]},{"@type":"WebSite","@id":"https:\/\/lesvolcansnews.net\/#website","url":"https:\/\/lesvolcansnews.net\/","name":"LES VOLCANS NEWS","description":"L&#039;INFORMATION C&#039;EST NOUS","potentialAction":[{"@type":"SearchAction","target":{"@type":"EntryPoint","urlTemplate":"https:\/\/lesvolcansnews.net\/?s={search_term_string}"},"query-input":{"@type":"PropertyValueSpecification","valueRequired":true,"valueName":"search_term_string"}}],"inLanguage":"fr-FR"},{"@type":"Person","@id":"https:\/\/lesvolcansnews.net\/#\/schema\/person\/82c8bed2e77879ecf6cca63441f57354","name":"R\u00e9daction - Les Volcans News","image":{"@type":"ImageObject","inLanguage":"fr-FR","@id":"https:\/\/secure.gravatar.com\/avatar\/8408942dd851e8a9c09f3d382a661bc05d2b3cd9002139bc1795b9528cdc6c80?s=96&d=mm&r=g","url":"https:\/\/secure.gravatar.com\/avatar\/8408942dd851e8a9c09f3d382a661bc05d2b3cd9002139bc1795b9528cdc6c80?s=96&d=mm&r=g","contentUrl":"https:\/\/secure.gravatar.com\/avatar\/8408942dd851e8a9c09f3d382a661bc05d2b3cd9002139bc1795b9528cdc6c80?s=96&d=mm&r=g","caption":"R\u00e9daction - Les Volcans News"},"url":"https:\/\/lesvolcansnews.net\/?author=14"}]}},"_links":{"self":[{"href":"https:\/\/lesvolcansnews.net\/index.php?rest_route=\/wp\/v2\/posts\/72636","targetHints":{"allow":["GET"]}}],"collection":[{"href":"https:\/\/lesvolcansnews.net\/index.php?rest_route=\/wp\/v2\/posts"}],"about":[{"href":"https:\/\/lesvolcansnews.net\/index.php?rest_route=\/wp\/v2\/types\/post"}],"author":[{"embeddable":true,"href":"https:\/\/lesvolcansnews.net\/index.php?rest_route=\/wp\/v2\/users\/14"}],"replies":[{"embeddable":true,"href":"https:\/\/lesvolcansnews.net\/index.php?rest_route=%2Fwp%2Fv2%2Fcomments&post=72636"}],"version-history":[{"count":1,"href":"https:\/\/lesvolcansnews.net\/index.php?rest_route=\/wp\/v2\/posts\/72636\/revisions"}],"predecessor-version":[{"id":72638,"href":"https:\/\/lesvolcansnews.net\/index.php?rest_route=\/wp\/v2\/posts\/72636\/revisions\/72638"}],"wp:featuredmedia":[{"embeddable":true,"href":"https:\/\/lesvolcansnews.net\/index.php?rest_route=\/wp\/v2\/media\/72637"}],"wp:attachment":[{"href":"https:\/\/lesvolcansnews.net\/index.php?rest_route=%2Fwp%2Fv2%2Fmedia&parent=72636"}],"wp:term":[{"taxonomy":"category","embeddable":true,"href":"https:\/\/lesvolcansnews.net\/index.php?rest_route=%2Fwp%2Fv2%2Fcategories&post=72636"},{"taxonomy":"post_tag","embeddable":true,"href":"https:\/\/lesvolcansnews.net\/index.php?rest_route=%2Fwp%2Fv2%2Ftags&post=72636"}],"curies":[{"name":"wp","href":"https:\/\/api.w.org\/{rel}","templated":true}]}}