{"id":72616,"date":"2026-02-13T10:17:47","date_gmt":"2026-02-13T08:17:47","guid":{"rendered":"https:\/\/lesvolcansnews.net\/?p=72616"},"modified":"2026-02-13T10:17:47","modified_gmt":"2026-02-13T08:17:47","slug":"goma-un-deal-de-20-ans-entre-le-m23-afc-et-une-societe-privee-contraint-plus-de-menages-a-deguerpir-au-quartier-les-volcans","status":"publish","type":"post","link":"https:\/\/lesvolcansnews.net\/?p=72616","title":{"rendered":"Goma :Un deal de 20 ans entre le M23\/AFC et une soci\u00e9t\u00e9 priv\u00e9e contraint plus de m\u00e9nages \u00e0 d\u00e9guerpir au quartier Les Volcans"},"content":{"rendered":"<p><strong>Un deal de 20 ans entre le M23\/AFC et une soci\u00e9t\u00e9 priv\u00e9e contraint plus de m\u00e9nages \u00e0 d\u00e9guerpir au quartier Les Volcans \u00e0 Gom<\/strong><\/p>\n<p>Un contrat d\u2019exploitation conclu entre le Mouvement du 23 mars (M23\/AFC) et une soci\u00e9t\u00e9 priv\u00e9e active dans le secteur h\u00f4telier menace de d\u00e9guerpissement de plusieurs m\u00e9nages du quartier Les Volcans, dans la ville de Goma, selon des sources locales et des t\u00e9moins.<\/p>\n<p>Le site concern\u00e9 est le Cercle sportif, l\u2019un des plus anciens espaces publics \u00e0 vocation sportive de la capitale provinciale du Nord-Kivu.<\/p>\n<p>Depuis jeudi 12 f\u00e9vrier, des habitants qui occupaient les lieux ont commenc\u00e9 \u00e0 quitter leurs habitations, certains sous contrainte, apr\u00e8s r\u00e9ception de mises en demeure.<\/p>\n<p>D\u2019apr\u00e8s plusieurs sources concordantes, un op\u00e9rateur \u00e9conomique bien connu dans le domaine h\u00f4telier aurait approch\u00e9 le M23\/AFC, qui contr\u00f4le Goma et d\u2019autres entit\u00e9s de l\u2019est de la R\u00e9publique d\u00e9mocratique du Congo, pour obtenir un contrat d\u2019exploitation du site.<\/p>\n<p>Le projet pr\u00e9voit la construction d\u2019une grande salle de mariage ainsi que de plusieurs boutiques commerciales \u00e0 l\u2019int\u00e9rieur du Cercle sportif.<\/p>\n<p>Selon les termes \u00e9voqu\u00e9s par des responsables locaux, l\u2019entreprise priv\u00e9e exploiterait les infrastructures et reverserait une part\u00a0 non pr\u00e9cis\u00e9e aux autorit\u00e9s de fait une fois les maisons b\u00e2ties.<\/p>\n<p>Un responsable proche du dossier affirme que \u00ab le contrat existe bel et bien \u00bb et qu\u2019il aurait \u00e9t\u00e9 sign\u00e9 avec le gouvernorat provincial install\u00e9 par les nouvelles autorit\u00e9s du M23.<\/p>\n<p>\u00ab L\u2019entreprise construira des boutiques et, \u00e0 l\u2019int\u00e9rieur, une salle de f\u00eate. Les espaces seront lou\u00e9s et l\u2019entreprise r\u00e9cup\u00e9rera un pourcentage de son investissement, tandis que la mairie recevra \u00e9galement sa part pendant plusieurs ann\u00e9es \u00bb, a-t-il d\u00e9clar\u00e9, appelant \u00e0 ne pas \u00ab politiser \u00bb l\u2019affaire.<\/p>\n<p>La dur\u00e9e du contrat varierait, selon les sources, entre 15 et 25 ans.<\/p>\n<h3><\/h3>\n<p>Les personnes expuls\u00e9es affirment, pour leur part, qu\u2019elles occupaient l\u00e9galement les lieux avec l\u2019autorisation de la division provinciale des sports. Certaines sources indiquent toutefois que leurs accords d\u2019occupation seraient arriv\u00e9s \u00e0 \u00e9ch\u00e9ance.<\/p>\n<p>Le responsable de la soci\u00e9t\u00e9 priv\u00e9e assure avoir respect\u00e9 les d\u00e9lais l\u00e9gaux.\u00a0 Car ils leurs avaient donn\u00e9 un pr\u00e9avis de deux mois, ensuite prolong\u00e9 \u00e0 trois mois. Cela fait aujourd\u2019hui cinq mois que les occupants ont \u00e9t\u00e9 inform\u00e9s. Tous ont re\u00e7u une mise en demeure.<\/p>\n<p>Plusieurs m\u00e9nages d\u00e9plorent n\u00e9anmoins l\u2019absence d\u2019indemnisation, estimant que la l\u00e9gislation congolaise pr\u00e9voit des compensations en cas d\u2019\u00e9viction d\u2019un espace occup\u00e9 de longue date.<\/p>\n<p>D\u2019autres sources locales \u00e9voquent plut\u00f4t un accord d\u2019achat du site par la soci\u00e9t\u00e9 priv\u00e9e aupr\u00e8s du M23\/AFC, une version qui n\u2019a pas pu \u00eatre confirm\u00e9e de mani\u00e8re ind\u00e9pendante.<\/p>\n<p>La nature exacte du contrat, sa dur\u00e9e d\u00e9finitive et le statut juridique de l\u2019espace public concern\u00e9 restent flous.<\/p>\n<p>Des interrogations persistent \u00e9galement sur la validit\u00e9 d\u2019un engagement \u00e0 long terme conclu avec un mouvement arm\u00e9 que le gouvernement \u00e0 Kinshasa accuse d\u2019occupation ill\u00e9gale et de b\u00e9n\u00e9ficier de soutiens ext\u00e9rieurs dans le conflit en cours dans l\u2019est du pays.<\/p>\n<p>Aucune r\u00e9action officielle des autorit\u00e9s centrales n\u2019\u00e9tait disponible dans l\u2019imm\u00e9diat.<\/p>\n<p><em>La r\u00e9daction<\/em><\/p>\n","protected":false},"excerpt":{"rendered":"<p>Un deal de 20 ans entre le M23\/AFC et une soci\u00e9t\u00e9 priv\u00e9e contraint plus de m\u00e9nages \u00e0 d\u00e9guerpir au quartier Les Volcans \u00e0 Gom Un contrat d\u2019exploitation conclu entre le<\/p>\n","protected":false},"author":14,"featured_media":72617,"comment_status":"open","ping_status":"open","sticky":false,"template":"","format":"standard","meta":{"footnotes":""},"categories":[1],"tags":[],"class_list":["post-72616","post","type-post","status-publish","format-standard","has-post-thumbnail","hentry","category-actualite"],"yoast_head":"<!-- This site is optimized with the Yoast SEO plugin v27.5 - https:\/\/yoast.com\/product\/yoast-seo-wordpress\/ -->\n<title>Goma :Un deal de 20 ans entre le M23\/AFC et une soci\u00e9t\u00e9 priv\u00e9e contraint plus de m\u00e9nages \u00e0 d\u00e9guerpir au quartier Les Volcans - LES VOLCANS NEWS<\/title>\n<meta name=\"robots\" content=\"index, follow, max-snippet:-1, max-image-preview:large, max-video-preview:-1\" \/>\n<link rel=\"canonical\" href=\"https:\/\/lesvolcansnews.net\/?p=72616\" \/>\n<meta property=\"og:locale\" content=\"fr_FR\" \/>\n<meta property=\"og:type\" content=\"article\" \/>\n<meta property=\"og:title\" content=\"Goma :Un deal de 20 ans entre le M23\/AFC et une soci\u00e9t\u00e9 priv\u00e9e contraint plus de m\u00e9nages \u00e0 d\u00e9guerpir au quartier Les Volcans - LES VOLCANS NEWS\" \/>\n<meta property=\"og:description\" content=\"Un deal de 20 ans entre le M23\/AFC et une soci\u00e9t\u00e9 priv\u00e9e contraint plus de m\u00e9nages \u00e0 d\u00e9guerpir au quartier Les Volcans \u00e0 Gom Un contrat d\u2019exploitation conclu entre le\" \/>\n<meta property=\"og:url\" content=\"https:\/\/lesvolcansnews.net\/?p=72616\" \/>\n<meta property=\"og:site_name\" content=\"LES VOLCANS NEWS\" \/>\n<meta property=\"article:published_time\" content=\"2026-02-13T08:17:47+00:00\" \/>\n<meta property=\"og:image\" content=\"https:\/\/lesvolcansnews.net\/wp-content\/uploads\/2026\/02\/FB_IMG_1770970595675.jpg\" \/>\n\t<meta property=\"og:image:width\" content=\"800\" \/>\n\t<meta property=\"og:image:height\" content=\"559\" \/>\n\t<meta property=\"og:image:type\" content=\"image\/jpeg\" \/>\n<meta name=\"author\" content=\"R\u00e9daction - Les Volcans News\" \/>\n<meta name=\"twitter:card\" content=\"summary_large_image\" \/>\n<meta name=\"twitter:label1\" content=\"\u00c9crit par\" \/>\n\t<meta name=\"twitter:data1\" content=\"R\u00e9daction - Les Volcans News\" \/>\n\t<meta name=\"twitter:label2\" content=\"Dur\u00e9e de lecture estim\u00e9e\" \/>\n\t<meta name=\"twitter:data2\" content=\"3 minutes\" \/>\n<script type=\"application\/ld+json\" class=\"yoast-schema-graph\">{\"@context\":\"https:\\\/\\\/schema.org\",\"@graph\":[{\"@type\":\"Article\",\"@id\":\"https:\\\/\\\/lesvolcansnews.net\\\/?p=72616#article\",\"isPartOf\":{\"@id\":\"https:\\\/\\\/lesvolcansnews.net\\\/?p=72616\"},\"author\":{\"name\":\"R\u00e9daction - Les Volcans News\",\"@id\":\"https:\\\/\\\/lesvolcansnews.net\\\/#\\\/schema\\\/person\\\/82c8bed2e77879ecf6cca63441f57354\"},\"headline\":\"Goma :Un deal de 20 ans entre le M23\\\/AFC et une soci\u00e9t\u00e9 priv\u00e9e contraint plus de m\u00e9nages \u00e0 d\u00e9guerpir au quartier Les Volcans\",\"datePublished\":\"2026-02-13T08:17:47+00:00\",\"mainEntityOfPage\":{\"@id\":\"https:\\\/\\\/lesvolcansnews.net\\\/?p=72616\"},\"wordCount\":597,\"commentCount\":0,\"image\":{\"@id\":\"https:\\\/\\\/lesvolcansnews.net\\\/?p=72616#primaryimage\"},\"thumbnailUrl\":\"https:\\\/\\\/lesvolcansnews.net\\\/wp-content\\\/uploads\\\/2026\\\/02\\\/FB_IMG_1770970595675.jpg\",\"articleSection\":[\"ACTUALIT\u00c9\"],\"inLanguage\":\"fr-FR\",\"potentialAction\":[{\"@type\":\"CommentAction\",\"name\":\"Comment\",\"target\":[\"https:\\\/\\\/lesvolcansnews.net\\\/?p=72616#respond\"]}]},{\"@type\":\"WebPage\",\"@id\":\"https:\\\/\\\/lesvolcansnews.net\\\/?p=72616\",\"url\":\"https:\\\/\\\/lesvolcansnews.net\\\/?p=72616\",\"name\":\"Goma :Un deal de 20 ans entre le M23\\\/AFC et une soci\u00e9t\u00e9 priv\u00e9e contraint plus de m\u00e9nages \u00e0 d\u00e9guerpir au quartier Les Volcans - LES VOLCANS NEWS\",\"isPartOf\":{\"@id\":\"https:\\\/\\\/lesvolcansnews.net\\\/#website\"},\"primaryImageOfPage\":{\"@id\":\"https:\\\/\\\/lesvolcansnews.net\\\/?p=72616#primaryimage\"},\"image\":{\"@id\":\"https:\\\/\\\/lesvolcansnews.net\\\/?p=72616#primaryimage\"},\"thumbnailUrl\":\"https:\\\/\\\/lesvolcansnews.net\\\/wp-content\\\/uploads\\\/2026\\\/02\\\/FB_IMG_1770970595675.jpg\",\"datePublished\":\"2026-02-13T08:17:47+00:00\",\"author\":{\"@id\":\"https:\\\/\\\/lesvolcansnews.net\\\/#\\\/schema\\\/person\\\/82c8bed2e77879ecf6cca63441f57354\"},\"breadcrumb\":{\"@id\":\"https:\\\/\\\/lesvolcansnews.net\\\/?p=72616#breadcrumb\"},\"inLanguage\":\"fr-FR\",\"potentialAction\":[{\"@type\":\"ReadAction\",\"target\":[\"https:\\\/\\\/lesvolcansnews.net\\\/?p=72616\"]}]},{\"@type\":\"ImageObject\",\"inLanguage\":\"fr-FR\",\"@id\":\"https:\\\/\\\/lesvolcansnews.net\\\/?p=72616#primaryimage\",\"url\":\"https:\\\/\\\/lesvolcansnews.net\\\/wp-content\\\/uploads\\\/2026\\\/02\\\/FB_IMG_1770970595675.jpg\",\"contentUrl\":\"https:\\\/\\\/lesvolcansnews.net\\\/wp-content\\\/uploads\\\/2026\\\/02\\\/FB_IMG_1770970595675.jpg\",\"width\":800,\"height\":559},{\"@type\":\"BreadcrumbList\",\"@id\":\"https:\\\/\\\/lesvolcansnews.net\\\/?p=72616#breadcrumb\",\"itemListElement\":[{\"@type\":\"ListItem\",\"position\":1,\"name\":\"Accueil\",\"item\":\"https:\\\/\\\/lesvolcansnews.net\\\/\"},{\"@type\":\"ListItem\",\"position\":2,\"name\":\"Goma :Un deal de 20 ans entre le M23\\\/AFC et une soci\u00e9t\u00e9 priv\u00e9e contraint plus de m\u00e9nages \u00e0 d\u00e9guerpir au quartier Les Volcans\"}]},{\"@type\":\"WebSite\",\"@id\":\"https:\\\/\\\/lesvolcansnews.net\\\/#website\",\"url\":\"https:\\\/\\\/lesvolcansnews.net\\\/\",\"name\":\"LES VOLCANS NEWS\",\"description\":\"L&#039;INFORMATION C&#039;EST NOUS\",\"potentialAction\":[{\"@type\":\"SearchAction\",\"target\":{\"@type\":\"EntryPoint\",\"urlTemplate\":\"https:\\\/\\\/lesvolcansnews.net\\\/?s={search_term_string}\"},\"query-input\":{\"@type\":\"PropertyValueSpecification\",\"valueRequired\":true,\"valueName\":\"search_term_string\"}}],\"inLanguage\":\"fr-FR\"},{\"@type\":\"Person\",\"@id\":\"https:\\\/\\\/lesvolcansnews.net\\\/#\\\/schema\\\/person\\\/82c8bed2e77879ecf6cca63441f57354\",\"name\":\"R\u00e9daction - Les Volcans News\",\"image\":{\"@type\":\"ImageObject\",\"inLanguage\":\"fr-FR\",\"@id\":\"https:\\\/\\\/secure.gravatar.com\\\/avatar\\\/8408942dd851e8a9c09f3d382a661bc05d2b3cd9002139bc1795b9528cdc6c80?s=96&d=mm&r=g\",\"url\":\"https:\\\/\\\/secure.gravatar.com\\\/avatar\\\/8408942dd851e8a9c09f3d382a661bc05d2b3cd9002139bc1795b9528cdc6c80?s=96&d=mm&r=g\",\"contentUrl\":\"https:\\\/\\\/secure.gravatar.com\\\/avatar\\\/8408942dd851e8a9c09f3d382a661bc05d2b3cd9002139bc1795b9528cdc6c80?s=96&d=mm&r=g\",\"caption\":\"R\u00e9daction - Les Volcans News\"},\"url\":\"https:\\\/\\\/lesvolcansnews.net\\\/?author=14\"}]}<\/script>\n<!-- \/ Yoast SEO plugin. -->","yoast_head_json":{"title":"Goma :Un deal de 20 ans entre le M23\/AFC et une soci\u00e9t\u00e9 priv\u00e9e contraint plus de m\u00e9nages \u00e0 d\u00e9guerpir au quartier Les Volcans - LES VOLCANS NEWS","robots":{"index":"index","follow":"follow","max-snippet":"max-snippet:-1","max-image-preview":"max-image-preview:large","max-video-preview":"max-video-preview:-1"},"canonical":"https:\/\/lesvolcansnews.net\/?p=72616","og_locale":"fr_FR","og_type":"article","og_title":"Goma :Un deal de 20 ans entre le M23\/AFC et une soci\u00e9t\u00e9 priv\u00e9e contraint plus de m\u00e9nages \u00e0 d\u00e9guerpir au quartier Les Volcans - LES VOLCANS NEWS","og_description":"Un deal de 20 ans entre le M23\/AFC et une soci\u00e9t\u00e9 priv\u00e9e contraint plus de m\u00e9nages \u00e0 d\u00e9guerpir au quartier Les Volcans \u00e0 Gom Un contrat d\u2019exploitation conclu entre le","og_url":"https:\/\/lesvolcansnews.net\/?p=72616","og_site_name":"LES VOLCANS NEWS","article_published_time":"2026-02-13T08:17:47+00:00","og_image":[{"width":800,"height":559,"url":"https:\/\/lesvolcansnews.net\/wp-content\/uploads\/2026\/02\/FB_IMG_1770970595675.jpg","type":"image\/jpeg"}],"author":"R\u00e9daction - Les Volcans News","twitter_card":"summary_large_image","twitter_misc":{"\u00c9crit par":"R\u00e9daction - Les Volcans News","Dur\u00e9e de lecture estim\u00e9e":"3 minutes"},"schema":{"@context":"https:\/\/schema.org","@graph":[{"@type":"Article","@id":"https:\/\/lesvolcansnews.net\/?p=72616#article","isPartOf":{"@id":"https:\/\/lesvolcansnews.net\/?p=72616"},"author":{"name":"R\u00e9daction - Les Volcans News","@id":"https:\/\/lesvolcansnews.net\/#\/schema\/person\/82c8bed2e77879ecf6cca63441f57354"},"headline":"Goma :Un deal de 20 ans entre le M23\/AFC et une soci\u00e9t\u00e9 priv\u00e9e contraint plus de m\u00e9nages \u00e0 d\u00e9guerpir au quartier Les Volcans","datePublished":"2026-02-13T08:17:47+00:00","mainEntityOfPage":{"@id":"https:\/\/lesvolcansnews.net\/?p=72616"},"wordCount":597,"commentCount":0,"image":{"@id":"https:\/\/lesvolcansnews.net\/?p=72616#primaryimage"},"thumbnailUrl":"https:\/\/lesvolcansnews.net\/wp-content\/uploads\/2026\/02\/FB_IMG_1770970595675.jpg","articleSection":["ACTUALIT\u00c9"],"inLanguage":"fr-FR","potentialAction":[{"@type":"CommentAction","name":"Comment","target":["https:\/\/lesvolcansnews.net\/?p=72616#respond"]}]},{"@type":"WebPage","@id":"https:\/\/lesvolcansnews.net\/?p=72616","url":"https:\/\/lesvolcansnews.net\/?p=72616","name":"Goma :Un deal de 20 ans entre le M23\/AFC et une soci\u00e9t\u00e9 priv\u00e9e contraint plus de m\u00e9nages \u00e0 d\u00e9guerpir au quartier Les Volcans - LES VOLCANS NEWS","isPartOf":{"@id":"https:\/\/lesvolcansnews.net\/#website"},"primaryImageOfPage":{"@id":"https:\/\/lesvolcansnews.net\/?p=72616#primaryimage"},"image":{"@id":"https:\/\/lesvolcansnews.net\/?p=72616#primaryimage"},"thumbnailUrl":"https:\/\/lesvolcansnews.net\/wp-content\/uploads\/2026\/02\/FB_IMG_1770970595675.jpg","datePublished":"2026-02-13T08:17:47+00:00","author":{"@id":"https:\/\/lesvolcansnews.net\/#\/schema\/person\/82c8bed2e77879ecf6cca63441f57354"},"breadcrumb":{"@id":"https:\/\/lesvolcansnews.net\/?p=72616#breadcrumb"},"inLanguage":"fr-FR","potentialAction":[{"@type":"ReadAction","target":["https:\/\/lesvolcansnews.net\/?p=72616"]}]},{"@type":"ImageObject","inLanguage":"fr-FR","@id":"https:\/\/lesvolcansnews.net\/?p=72616#primaryimage","url":"https:\/\/lesvolcansnews.net\/wp-content\/uploads\/2026\/02\/FB_IMG_1770970595675.jpg","contentUrl":"https:\/\/lesvolcansnews.net\/wp-content\/uploads\/2026\/02\/FB_IMG_1770970595675.jpg","width":800,"height":559},{"@type":"BreadcrumbList","@id":"https:\/\/lesvolcansnews.net\/?p=72616#breadcrumb","itemListElement":[{"@type":"ListItem","position":1,"name":"Accueil","item":"https:\/\/lesvolcansnews.net\/"},{"@type":"ListItem","position":2,"name":"Goma :Un deal de 20 ans entre le M23\/AFC et une soci\u00e9t\u00e9 priv\u00e9e contraint plus de m\u00e9nages \u00e0 d\u00e9guerpir au quartier Les Volcans"}]},{"@type":"WebSite","@id":"https:\/\/lesvolcansnews.net\/#website","url":"https:\/\/lesvolcansnews.net\/","name":"LES VOLCANS NEWS","description":"L&#039;INFORMATION C&#039;EST NOUS","potentialAction":[{"@type":"SearchAction","target":{"@type":"EntryPoint","urlTemplate":"https:\/\/lesvolcansnews.net\/?s={search_term_string}"},"query-input":{"@type":"PropertyValueSpecification","valueRequired":true,"valueName":"search_term_string"}}],"inLanguage":"fr-FR"},{"@type":"Person","@id":"https:\/\/lesvolcansnews.net\/#\/schema\/person\/82c8bed2e77879ecf6cca63441f57354","name":"R\u00e9daction - Les Volcans News","image":{"@type":"ImageObject","inLanguage":"fr-FR","@id":"https:\/\/secure.gravatar.com\/avatar\/8408942dd851e8a9c09f3d382a661bc05d2b3cd9002139bc1795b9528cdc6c80?s=96&d=mm&r=g","url":"https:\/\/secure.gravatar.com\/avatar\/8408942dd851e8a9c09f3d382a661bc05d2b3cd9002139bc1795b9528cdc6c80?s=96&d=mm&r=g","contentUrl":"https:\/\/secure.gravatar.com\/avatar\/8408942dd851e8a9c09f3d382a661bc05d2b3cd9002139bc1795b9528cdc6c80?s=96&d=mm&r=g","caption":"R\u00e9daction - Les Volcans News"},"url":"https:\/\/lesvolcansnews.net\/?author=14"}]}},"_links":{"self":[{"href":"https:\/\/lesvolcansnews.net\/index.php?rest_route=\/wp\/v2\/posts\/72616","targetHints":{"allow":["GET"]}}],"collection":[{"href":"https:\/\/lesvolcansnews.net\/index.php?rest_route=\/wp\/v2\/posts"}],"about":[{"href":"https:\/\/lesvolcansnews.net\/index.php?rest_route=\/wp\/v2\/types\/post"}],"author":[{"embeddable":true,"href":"https:\/\/lesvolcansnews.net\/index.php?rest_route=\/wp\/v2\/users\/14"}],"replies":[{"embeddable":true,"href":"https:\/\/lesvolcansnews.net\/index.php?rest_route=%2Fwp%2Fv2%2Fcomments&post=72616"}],"version-history":[{"count":1,"href":"https:\/\/lesvolcansnews.net\/index.php?rest_route=\/wp\/v2\/posts\/72616\/revisions"}],"predecessor-version":[{"id":72618,"href":"https:\/\/lesvolcansnews.net\/index.php?rest_route=\/wp\/v2\/posts\/72616\/revisions\/72618"}],"wp:featuredmedia":[{"embeddable":true,"href":"https:\/\/lesvolcansnews.net\/index.php?rest_route=\/wp\/v2\/media\/72617"}],"wp:attachment":[{"href":"https:\/\/lesvolcansnews.net\/index.php?rest_route=%2Fwp%2Fv2%2Fmedia&parent=72616"}],"wp:term":[{"taxonomy":"category","embeddable":true,"href":"https:\/\/lesvolcansnews.net\/index.php?rest_route=%2Fwp%2Fv2%2Fcategories&post=72616"},{"taxonomy":"post_tag","embeddable":true,"href":"https:\/\/lesvolcansnews.net\/index.php?rest_route=%2Fwp%2Fv2%2Ftags&post=72616"}],"curies":[{"name":"wp","href":"https:\/\/api.w.org\/{rel}","templated":true}]}}