{"id":72604,"date":"2026-02-12T18:27:29","date_gmt":"2026-02-12T16:27:29","guid":{"rendered":"https:\/\/lesvolcansnews.net\/?p=72604"},"modified":"2026-02-12T18:32:50","modified_gmt":"2026-02-12T16:32:50","slug":"ituri-le-chef-detat-major-adjoint-des-fardc-en-mission-dinspection-a-mambasa-pour-renforcer-la-traque-des-adf","status":"publish","type":"post","link":"https:\/\/lesvolcansnews.net\/?p=72604","title":{"rendered":"Ituri : Le chef d\u2019\u00e9tat-major adjoint des FARDC en mission d\u2019inspection \u00e0 Mambasa pour renforcer la traque des ADF"},"content":{"rendered":"<p><strong>Le chef d\u2019\u00e9tat-major adjoint des FARDC en mission d\u2019inspection \u00e0 Mambasa pour renforcer la traque des AD<\/strong><\/p>\n<p><em>L<\/em>e chef d\u2019\u00e9tat-major g\u00e9n\u00e9ral adjoint des Forces arm\u00e9es de la R\u00e9publique d\u00e9mocratique du Congo (FARDC) en charge des op\u00e9rations et des renseignements, le lieutenant-g\u00e9n\u00e9ral Jacques Ychaligonza, est arriv\u00e9 \u00e0 Mambasa, dans la province de l\u2019Ituri (nord-est), dans le cadre d\u2019une mission de commandement et d\u2019inspection des troupes engag\u00e9es contre les rebelles des Forces d\u00e9mocratiques alli\u00e9es (ADF), a indiqu\u00e9 vendredi une source militaire.<\/p>\n<p>Selon le lieutenant Marc Elongo, porte-parole du secteur op\u00e9rationnel Sokola 1 Grand Nord et du gouverneur militaire du Nord-Kivu, cette visite vise \u00e0 \u00e9valuer les capacit\u00e9s op\u00e9rationnelles de la 31e brigade, d\u00e9ploy\u00e9e dans cette zone strat\u00e9gique r\u00e9guli\u00e8rement cibl\u00e9e par des incursions des ADF.<\/p>\n<p>\u00ab L\u2019objectif principal de cette visite est d\u2019\u00e9valuer les capacit\u00e9s op\u00e9rationnelles de la 31e brigade d\u00e9ploy\u00e9e dans cette zone strat\u00e9gique, en proie aux incursions r\u00e9p\u00e9t\u00e9es des ADF. Il s\u2019agit \u00e9galement de passer en revue les dispositifs s\u00e9curitaires d\u00e9j\u00e0 mis en place et d\u2019ajuster les strat\u00e9gies pour les op\u00e9rations futures \u00bb, a-t-il pr\u00e9cis\u00e9.<\/p>\n<p>D\u2019apr\u00e8s lui, le lieutenant-g\u00e9n\u00e9ral Ychaligonza, en tourn\u00e9e dans l\u2019est du pays depuis le 1er f\u00e9vrier, s\u2019est d\u2019abord rendu \u00e0 Beni, dans la province du Nord-Kivu, avant de rejoindre Mambasa.<\/p>\n<p>\u00ab Effectivement, nous sommes venus dans la d\u00e9l\u00e9gation du chef d\u2019\u00e9tat-major g\u00e9n\u00e9ral adjoint des FARDC en charge des op\u00e9rations et des renseignements. Depuis le 1er f\u00e9vrier, il est dans la partie Est du pays. Il a commenc\u00e9 par Beni avant d\u2019arriver ici \u00e0 Mambasa, au sein de la 31e brigade de d\u00e9fense principale, pour une mission de commandement et d\u2019inspection des troupes \u00bb, a expliqu\u00e9 le lieutenant Marc Elongo.<\/p>\n<h3>Coordination FARDC-UPDF<\/h3>\n<p>Le porte-parole a soulign\u00e9 que le haut grad\u00e9 congolais n\u2019\u00e9tait pas seul lors de cette mission.<\/p>\n<p>\u00ab Le lieutenant-g\u00e9n\u00e9ral Ychaligonza n\u2019est pas venu seul. Il est accompagn\u00e9 du g\u00e9n\u00e9ral-major Bruno Mandefu, commandant du secteur op\u00e9rationnel Ituri, du g\u00e9n\u00e9ral de brigade Joseph Mugisa, commandant du secteur op\u00e9rationnel Front Nord, ainsi que du commandant de la division de montagne de l\u2019UPDF, partenaire ougandais engag\u00e9 aux c\u00f4t\u00e9s des FARDC \u00bb, a-t-il indiqu\u00e9.<\/p>\n<p>Cette d\u00e9l\u00e9gation mixte FARDC-UPDF entend harmoniser les efforts sur le terrain afin de renforcer la traque des ADF, actifs aussi bien dans le Nord-Kivu que dans certaines zones de l\u2019Ituri.<\/p>\n<p>\u00ab La pr\u00e9sence du chef d\u2019\u00e9tat-major adjoint vise \u00e0 \u00e9valuer les actions men\u00e9es, identifier les faiblesses \u00e9ventuelles et peaufiner les strat\u00e9gies pour une efficacit\u00e9 accrue \u00bb, a soutenu le lieutenant Elongo, ajoutant que \u00ab les mesures sont d\u00e9j\u00e0 prises. Nos unit\u00e9s sont \u00e0 pied d\u2019\u0153uvre pour traquer ces terroristes \u00bb.<\/p>\n<h3>S\u00e9curisation de l\u2019axe Beni-Mambasa<\/h3>\n<p>Abordant la question de la s\u00e9curit\u00e9 sur la route Beni-Mambasa, r\u00e9guli\u00e8rement vis\u00e9e par des attaques et des embuscades, le porte-parole s\u2019est voulu rassurant.<\/p>\n<p>Il a affirm\u00e9 que la d\u00e9l\u00e9gation a emprunt\u00e9 cet axe par voie terrestre afin d\u2019en \u00e9valuer directement la praticabilit\u00e9 et le dispositif s\u00e9curitaire. Selon lui, des unit\u00e9s des FARDC et de l\u2019arm\u00e9e ougandaise (UPDF) sont d\u00e9ploy\u00e9es tout au long du trajet.<\/p>\n<p>\u00ab Des unit\u00e9s FARDC et UPDF sont visibles sur l\u2019ensemble du parcours, et nous avons constat\u00e9 que les motos et les v\u00e9hicules circulent normalement \u00bb, a-t-il d\u00e9clar\u00e9.<\/p>\n<p>Reconnaissant qu\u2019aucune zone ne peut garantir une s\u00e9curit\u00e9 \u00ab \u00e0 100 % \u00bb, il a estim\u00e9 que la situation actuelle permet aux commer\u00e7ants et aux populations de vaquer \u00e0 leurs occupations.<\/p>\n<p>\u00ab La pr\u00e9sence militaire, c\u2019est d\u00e9j\u00e0 une assurance \u00bb, a-t-il conclu, r\u00e9affirmant l\u2019engagement des FARDC \u00e0 demeurer \u00ab les sentinelles du peuple \u00bb afin de garantir la qui\u00e9tude des habitants.<\/p>\n<p>&nbsp;<\/p>\n<p>La r\u00e9daction<\/p>\n","protected":false},"excerpt":{"rendered":"<p>Le chef d\u2019\u00e9tat-major adjoint des FARDC en mission d\u2019inspection \u00e0 Mambasa pour renforcer la traque des AD Le chef d\u2019\u00e9tat-major g\u00e9n\u00e9ral adjoint des Forces arm\u00e9es de la R\u00e9publique d\u00e9mocratique du<\/p>\n","protected":false},"author":14,"featured_media":72606,"comment_status":"open","ping_status":"open","sticky":false,"template":"","format":"standard","meta":{"footnotes":""},"categories":[1],"tags":[],"class_list":["post-72604","post","type-post","status-publish","format-standard","has-post-thumbnail","hentry","category-actualite"],"yoast_head":"<!-- This site is optimized with the Yoast SEO plugin v27.5 - https:\/\/yoast.com\/product\/yoast-seo-wordpress\/ -->\n<title>Ituri : Le chef d\u2019\u00e9tat-major adjoint des FARDC en mission d\u2019inspection \u00e0 Mambasa pour renforcer la traque des ADF - LES VOLCANS NEWS<\/title>\n<meta name=\"robots\" content=\"index, follow, max-snippet:-1, max-image-preview:large, max-video-preview:-1\" \/>\n<link rel=\"canonical\" href=\"https:\/\/lesvolcansnews.net\/?p=72604\" \/>\n<meta property=\"og:locale\" content=\"fr_FR\" \/>\n<meta property=\"og:type\" content=\"article\" \/>\n<meta property=\"og:title\" content=\"Ituri : Le chef d\u2019\u00e9tat-major adjoint des FARDC en mission d\u2019inspection \u00e0 Mambasa pour renforcer la traque des ADF - LES VOLCANS NEWS\" \/>\n<meta property=\"og:description\" content=\"Le chef d\u2019\u00e9tat-major adjoint des FARDC en mission d\u2019inspection \u00e0 Mambasa pour renforcer la traque des AD Le chef d\u2019\u00e9tat-major g\u00e9n\u00e9ral adjoint des Forces arm\u00e9es de la R\u00e9publique d\u00e9mocratique du\" \/>\n<meta property=\"og:url\" content=\"https:\/\/lesvolcansnews.net\/?p=72604\" \/>\n<meta property=\"og:site_name\" content=\"LES VOLCANS NEWS\" \/>\n<meta property=\"article:published_time\" content=\"2026-02-12T16:27:29+00:00\" \/>\n<meta property=\"article:modified_time\" content=\"2026-02-12T16:32:50+00:00\" \/>\n<meta property=\"og:image\" content=\"https:\/\/lesvolcansnews.net\/wp-content\/uploads\/2026\/02\/bitmap_1200_nocrop_1_1_20250403080307028569_WhatsApp_Image_2025-04-02_at_16.55.37.jpeg\" \/>\n\t<meta property=\"og:image:width\" content=\"1200\" \/>\n\t<meta property=\"og:image:height\" content=\"800\" \/>\n\t<meta property=\"og:image:type\" content=\"image\/jpeg\" \/>\n<meta name=\"author\" content=\"R\u00e9daction - Les Volcans News\" \/>\n<meta name=\"twitter:card\" content=\"summary_large_image\" \/>\n<meta name=\"twitter:label1\" content=\"\u00c9crit par\" \/>\n\t<meta name=\"twitter:data1\" content=\"R\u00e9daction - Les Volcans News\" \/>\n\t<meta name=\"twitter:label2\" content=\"Dur\u00e9e de lecture estim\u00e9e\" \/>\n\t<meta name=\"twitter:data2\" content=\"3 minutes\" \/>\n<script type=\"application\/ld+json\" class=\"yoast-schema-graph\">{\"@context\":\"https:\\\/\\\/schema.org\",\"@graph\":[{\"@type\":\"Article\",\"@id\":\"https:\\\/\\\/lesvolcansnews.net\\\/?p=72604#article\",\"isPartOf\":{\"@id\":\"https:\\\/\\\/lesvolcansnews.net\\\/?p=72604\"},\"author\":{\"name\":\"R\u00e9daction - Les Volcans News\",\"@id\":\"https:\\\/\\\/lesvolcansnews.net\\\/#\\\/schema\\\/person\\\/82c8bed2e77879ecf6cca63441f57354\"},\"headline\":\"Ituri : Le chef d\u2019\u00e9tat-major adjoint des FARDC en mission d\u2019inspection \u00e0 Mambasa pour renforcer la traque des ADF\",\"datePublished\":\"2026-02-12T16:27:29+00:00\",\"dateModified\":\"2026-02-12T16:32:50+00:00\",\"mainEntityOfPage\":{\"@id\":\"https:\\\/\\\/lesvolcansnews.net\\\/?p=72604\"},\"wordCount\":685,\"commentCount\":0,\"image\":{\"@id\":\"https:\\\/\\\/lesvolcansnews.net\\\/?p=72604#primaryimage\"},\"thumbnailUrl\":\"https:\\\/\\\/lesvolcansnews.net\\\/wp-content\\\/uploads\\\/2026\\\/02\\\/bitmap_1200_nocrop_1_1_20250403080307028569_WhatsApp_Image_2025-04-02_at_16.55.37.jpeg\",\"articleSection\":[\"ACTUALIT\u00c9\"],\"inLanguage\":\"fr-FR\",\"potentialAction\":[{\"@type\":\"CommentAction\",\"name\":\"Comment\",\"target\":[\"https:\\\/\\\/lesvolcansnews.net\\\/?p=72604#respond\"]}]},{\"@type\":\"WebPage\",\"@id\":\"https:\\\/\\\/lesvolcansnews.net\\\/?p=72604\",\"url\":\"https:\\\/\\\/lesvolcansnews.net\\\/?p=72604\",\"name\":\"Ituri : Le chef d\u2019\u00e9tat-major adjoint des FARDC en mission d\u2019inspection \u00e0 Mambasa pour renforcer la traque des ADF - LES VOLCANS NEWS\",\"isPartOf\":{\"@id\":\"https:\\\/\\\/lesvolcansnews.net\\\/#website\"},\"primaryImageOfPage\":{\"@id\":\"https:\\\/\\\/lesvolcansnews.net\\\/?p=72604#primaryimage\"},\"image\":{\"@id\":\"https:\\\/\\\/lesvolcansnews.net\\\/?p=72604#primaryimage\"},\"thumbnailUrl\":\"https:\\\/\\\/lesvolcansnews.net\\\/wp-content\\\/uploads\\\/2026\\\/02\\\/bitmap_1200_nocrop_1_1_20250403080307028569_WhatsApp_Image_2025-04-02_at_16.55.37.jpeg\",\"datePublished\":\"2026-02-12T16:27:29+00:00\",\"dateModified\":\"2026-02-12T16:32:50+00:00\",\"author\":{\"@id\":\"https:\\\/\\\/lesvolcansnews.net\\\/#\\\/schema\\\/person\\\/82c8bed2e77879ecf6cca63441f57354\"},\"breadcrumb\":{\"@id\":\"https:\\\/\\\/lesvolcansnews.net\\\/?p=72604#breadcrumb\"},\"inLanguage\":\"fr-FR\",\"potentialAction\":[{\"@type\":\"ReadAction\",\"target\":[\"https:\\\/\\\/lesvolcansnews.net\\\/?p=72604\"]}]},{\"@type\":\"ImageObject\",\"inLanguage\":\"fr-FR\",\"@id\":\"https:\\\/\\\/lesvolcansnews.net\\\/?p=72604#primaryimage\",\"url\":\"https:\\\/\\\/lesvolcansnews.net\\\/wp-content\\\/uploads\\\/2026\\\/02\\\/bitmap_1200_nocrop_1_1_20250403080307028569_WhatsApp_Image_2025-04-02_at_16.55.37.jpeg\",\"contentUrl\":\"https:\\\/\\\/lesvolcansnews.net\\\/wp-content\\\/uploads\\\/2026\\\/02\\\/bitmap_1200_nocrop_1_1_20250403080307028569_WhatsApp_Image_2025-04-02_at_16.55.37.jpeg\",\"width\":1200,\"height\":800},{\"@type\":\"BreadcrumbList\",\"@id\":\"https:\\\/\\\/lesvolcansnews.net\\\/?p=72604#breadcrumb\",\"itemListElement\":[{\"@type\":\"ListItem\",\"position\":1,\"name\":\"Accueil\",\"item\":\"https:\\\/\\\/lesvolcansnews.net\\\/\"},{\"@type\":\"ListItem\",\"position\":2,\"name\":\"Ituri : Le chef d\u2019\u00e9tat-major adjoint des FARDC en mission d\u2019inspection \u00e0 Mambasa pour renforcer la traque des ADF\"}]},{\"@type\":\"WebSite\",\"@id\":\"https:\\\/\\\/lesvolcansnews.net\\\/#website\",\"url\":\"https:\\\/\\\/lesvolcansnews.net\\\/\",\"name\":\"LES VOLCANS NEWS\",\"description\":\"L&#039;INFORMATION C&#039;EST NOUS\",\"potentialAction\":[{\"@type\":\"SearchAction\",\"target\":{\"@type\":\"EntryPoint\",\"urlTemplate\":\"https:\\\/\\\/lesvolcansnews.net\\\/?s={search_term_string}\"},\"query-input\":{\"@type\":\"PropertyValueSpecification\",\"valueRequired\":true,\"valueName\":\"search_term_string\"}}],\"inLanguage\":\"fr-FR\"},{\"@type\":\"Person\",\"@id\":\"https:\\\/\\\/lesvolcansnews.net\\\/#\\\/schema\\\/person\\\/82c8bed2e77879ecf6cca63441f57354\",\"name\":\"R\u00e9daction - Les Volcans News\",\"image\":{\"@type\":\"ImageObject\",\"inLanguage\":\"fr-FR\",\"@id\":\"https:\\\/\\\/secure.gravatar.com\\\/avatar\\\/8408942dd851e8a9c09f3d382a661bc05d2b3cd9002139bc1795b9528cdc6c80?s=96&d=mm&r=g\",\"url\":\"https:\\\/\\\/secure.gravatar.com\\\/avatar\\\/8408942dd851e8a9c09f3d382a661bc05d2b3cd9002139bc1795b9528cdc6c80?s=96&d=mm&r=g\",\"contentUrl\":\"https:\\\/\\\/secure.gravatar.com\\\/avatar\\\/8408942dd851e8a9c09f3d382a661bc05d2b3cd9002139bc1795b9528cdc6c80?s=96&d=mm&r=g\",\"caption\":\"R\u00e9daction - Les Volcans News\"},\"url\":\"https:\\\/\\\/lesvolcansnews.net\\\/?author=14\"}]}<\/script>\n<!-- \/ Yoast SEO plugin. -->","yoast_head_json":{"title":"Ituri : Le chef d\u2019\u00e9tat-major adjoint des FARDC en mission d\u2019inspection \u00e0 Mambasa pour renforcer la traque des ADF - LES VOLCANS NEWS","robots":{"index":"index","follow":"follow","max-snippet":"max-snippet:-1","max-image-preview":"max-image-preview:large","max-video-preview":"max-video-preview:-1"},"canonical":"https:\/\/lesvolcansnews.net\/?p=72604","og_locale":"fr_FR","og_type":"article","og_title":"Ituri : Le chef d\u2019\u00e9tat-major adjoint des FARDC en mission d\u2019inspection \u00e0 Mambasa pour renforcer la traque des ADF - LES VOLCANS NEWS","og_description":"Le chef d\u2019\u00e9tat-major adjoint des FARDC en mission d\u2019inspection \u00e0 Mambasa pour renforcer la traque des AD Le chef d\u2019\u00e9tat-major g\u00e9n\u00e9ral adjoint des Forces arm\u00e9es de la R\u00e9publique d\u00e9mocratique du","og_url":"https:\/\/lesvolcansnews.net\/?p=72604","og_site_name":"LES VOLCANS NEWS","article_published_time":"2026-02-12T16:27:29+00:00","article_modified_time":"2026-02-12T16:32:50+00:00","og_image":[{"width":1200,"height":800,"url":"https:\/\/lesvolcansnews.net\/wp-content\/uploads\/2026\/02\/bitmap_1200_nocrop_1_1_20250403080307028569_WhatsApp_Image_2025-04-02_at_16.55.37.jpeg","type":"image\/jpeg"}],"author":"R\u00e9daction - Les Volcans News","twitter_card":"summary_large_image","twitter_misc":{"\u00c9crit par":"R\u00e9daction - Les Volcans News","Dur\u00e9e de lecture estim\u00e9e":"3 minutes"},"schema":{"@context":"https:\/\/schema.org","@graph":[{"@type":"Article","@id":"https:\/\/lesvolcansnews.net\/?p=72604#article","isPartOf":{"@id":"https:\/\/lesvolcansnews.net\/?p=72604"},"author":{"name":"R\u00e9daction - Les Volcans News","@id":"https:\/\/lesvolcansnews.net\/#\/schema\/person\/82c8bed2e77879ecf6cca63441f57354"},"headline":"Ituri : Le chef d\u2019\u00e9tat-major adjoint des FARDC en mission d\u2019inspection \u00e0 Mambasa pour renforcer la traque des ADF","datePublished":"2026-02-12T16:27:29+00:00","dateModified":"2026-02-12T16:32:50+00:00","mainEntityOfPage":{"@id":"https:\/\/lesvolcansnews.net\/?p=72604"},"wordCount":685,"commentCount":0,"image":{"@id":"https:\/\/lesvolcansnews.net\/?p=72604#primaryimage"},"thumbnailUrl":"https:\/\/lesvolcansnews.net\/wp-content\/uploads\/2026\/02\/bitmap_1200_nocrop_1_1_20250403080307028569_WhatsApp_Image_2025-04-02_at_16.55.37.jpeg","articleSection":["ACTUALIT\u00c9"],"inLanguage":"fr-FR","potentialAction":[{"@type":"CommentAction","name":"Comment","target":["https:\/\/lesvolcansnews.net\/?p=72604#respond"]}]},{"@type":"WebPage","@id":"https:\/\/lesvolcansnews.net\/?p=72604","url":"https:\/\/lesvolcansnews.net\/?p=72604","name":"Ituri : Le chef d\u2019\u00e9tat-major adjoint des FARDC en mission d\u2019inspection \u00e0 Mambasa pour renforcer la traque des ADF - LES VOLCANS NEWS","isPartOf":{"@id":"https:\/\/lesvolcansnews.net\/#website"},"primaryImageOfPage":{"@id":"https:\/\/lesvolcansnews.net\/?p=72604#primaryimage"},"image":{"@id":"https:\/\/lesvolcansnews.net\/?p=72604#primaryimage"},"thumbnailUrl":"https:\/\/lesvolcansnews.net\/wp-content\/uploads\/2026\/02\/bitmap_1200_nocrop_1_1_20250403080307028569_WhatsApp_Image_2025-04-02_at_16.55.37.jpeg","datePublished":"2026-02-12T16:27:29+00:00","dateModified":"2026-02-12T16:32:50+00:00","author":{"@id":"https:\/\/lesvolcansnews.net\/#\/schema\/person\/82c8bed2e77879ecf6cca63441f57354"},"breadcrumb":{"@id":"https:\/\/lesvolcansnews.net\/?p=72604#breadcrumb"},"inLanguage":"fr-FR","potentialAction":[{"@type":"ReadAction","target":["https:\/\/lesvolcansnews.net\/?p=72604"]}]},{"@type":"ImageObject","inLanguage":"fr-FR","@id":"https:\/\/lesvolcansnews.net\/?p=72604#primaryimage","url":"https:\/\/lesvolcansnews.net\/wp-content\/uploads\/2026\/02\/bitmap_1200_nocrop_1_1_20250403080307028569_WhatsApp_Image_2025-04-02_at_16.55.37.jpeg","contentUrl":"https:\/\/lesvolcansnews.net\/wp-content\/uploads\/2026\/02\/bitmap_1200_nocrop_1_1_20250403080307028569_WhatsApp_Image_2025-04-02_at_16.55.37.jpeg","width":1200,"height":800},{"@type":"BreadcrumbList","@id":"https:\/\/lesvolcansnews.net\/?p=72604#breadcrumb","itemListElement":[{"@type":"ListItem","position":1,"name":"Accueil","item":"https:\/\/lesvolcansnews.net\/"},{"@type":"ListItem","position":2,"name":"Ituri : Le chef d\u2019\u00e9tat-major adjoint des FARDC en mission d\u2019inspection \u00e0 Mambasa pour renforcer la traque des ADF"}]},{"@type":"WebSite","@id":"https:\/\/lesvolcansnews.net\/#website","url":"https:\/\/lesvolcansnews.net\/","name":"LES VOLCANS NEWS","description":"L&#039;INFORMATION C&#039;EST NOUS","potentialAction":[{"@type":"SearchAction","target":{"@type":"EntryPoint","urlTemplate":"https:\/\/lesvolcansnews.net\/?s={search_term_string}"},"query-input":{"@type":"PropertyValueSpecification","valueRequired":true,"valueName":"search_term_string"}}],"inLanguage":"fr-FR"},{"@type":"Person","@id":"https:\/\/lesvolcansnews.net\/#\/schema\/person\/82c8bed2e77879ecf6cca63441f57354","name":"R\u00e9daction - Les Volcans News","image":{"@type":"ImageObject","inLanguage":"fr-FR","@id":"https:\/\/secure.gravatar.com\/avatar\/8408942dd851e8a9c09f3d382a661bc05d2b3cd9002139bc1795b9528cdc6c80?s=96&d=mm&r=g","url":"https:\/\/secure.gravatar.com\/avatar\/8408942dd851e8a9c09f3d382a661bc05d2b3cd9002139bc1795b9528cdc6c80?s=96&d=mm&r=g","contentUrl":"https:\/\/secure.gravatar.com\/avatar\/8408942dd851e8a9c09f3d382a661bc05d2b3cd9002139bc1795b9528cdc6c80?s=96&d=mm&r=g","caption":"R\u00e9daction - Les Volcans News"},"url":"https:\/\/lesvolcansnews.net\/?author=14"}]}},"_links":{"self":[{"href":"https:\/\/lesvolcansnews.net\/index.php?rest_route=\/wp\/v2\/posts\/72604","targetHints":{"allow":["GET"]}}],"collection":[{"href":"https:\/\/lesvolcansnews.net\/index.php?rest_route=\/wp\/v2\/posts"}],"about":[{"href":"https:\/\/lesvolcansnews.net\/index.php?rest_route=\/wp\/v2\/types\/post"}],"author":[{"embeddable":true,"href":"https:\/\/lesvolcansnews.net\/index.php?rest_route=\/wp\/v2\/users\/14"}],"replies":[{"embeddable":true,"href":"https:\/\/lesvolcansnews.net\/index.php?rest_route=%2Fwp%2Fv2%2Fcomments&post=72604"}],"version-history":[{"count":1,"href":"https:\/\/lesvolcansnews.net\/index.php?rest_route=\/wp\/v2\/posts\/72604\/revisions"}],"predecessor-version":[{"id":72605,"href":"https:\/\/lesvolcansnews.net\/index.php?rest_route=\/wp\/v2\/posts\/72604\/revisions\/72605"}],"wp:featuredmedia":[{"embeddable":true,"href":"https:\/\/lesvolcansnews.net\/index.php?rest_route=\/wp\/v2\/media\/72606"}],"wp:attachment":[{"href":"https:\/\/lesvolcansnews.net\/index.php?rest_route=%2Fwp%2Fv2%2Fmedia&parent=72604"}],"wp:term":[{"taxonomy":"category","embeddable":true,"href":"https:\/\/lesvolcansnews.net\/index.php?rest_route=%2Fwp%2Fv2%2Fcategories&post=72604"},{"taxonomy":"post_tag","embeddable":true,"href":"https:\/\/lesvolcansnews.net\/index.php?rest_route=%2Fwp%2Fv2%2Ftags&post=72604"}],"curies":[{"name":"wp","href":"https:\/\/api.w.org\/{rel}","templated":true}]}}