{"id":72588,"date":"2026-02-11T23:06:08","date_gmt":"2026-02-11T21:06:08","guid":{"rendered":"https:\/\/lesvolcansnews.net\/?p=72588"},"modified":"2026-02-11T23:26:08","modified_gmt":"2026-02-11T21:26:08","slug":"langola-propose-un-cessez-le-feu-rdc-afc-m23-a-compter-du-18-fevrier-selon-la-presidence","status":"publish","type":"post","link":"https:\/\/lesvolcansnews.net\/?p=72588","title":{"rendered":"L\u2019Angola propose un cessez-le-feu RDC\u2013AFC\/M23 \u00e0 compter du 18 f\u00e9vrier, selon la pr\u00e9sidence"},"content":{"rendered":"<p>&nbsp;<\/p>\n<p><strong>L\u2019Angola a propos\u00e9 l\u2019entr\u00e9e en vigueur d\u2019un cessez-le-feu entre le gouvernement de la R\u00e9publique d\u00e9mocratique du Congo (RDC) et la r\u00e9bellion de l\u2019AFC\/M23 \u00e0 partir de midi le 18 f\u00e9vrier 2026, a annonc\u00e9 mardi la pr\u00e9sidence angolaise dans un communiqu\u00e9<\/strong>.<\/p>\n<p>La proposition fait suite \u00e0 une r\u00e9union tenue lundi \u00e0 Luanda entre le pr\u00e9sident angolais Jo\u00e3o Louren\u00e7o, le pr\u00e9sident togolais Faure Gnassingb\u00e9, m\u00e9diateur d\u00e9sign\u00e9 par l\u2019Union africaine, le pr\u00e9sident congolais F\u00e9lix Tshisekedi, et l\u2019ancien pr\u00e9sident nig\u00e9rian Olusegun Obasanjo, repr\u00e9sentant des facilitateurs du processus de paix en RDC.<\/p>\n<p>\u00ab Apr\u00e8s consultation des parties int\u00e9ress\u00e9es, la R\u00e9publique d\u2019Angola propose l\u2019entr\u00e9e en vigueur d\u2019un cessez-le-feu entre le gouvernement de la R\u00e9publique d\u00e9mocratique du Congo et le M23, \u00e0 compter du 18 de ce mois \u00e0 midi \u00bb, indique le communiqu\u00e9 de la pr\u00e9sidence angolaise.<\/p>\n<p>Selon la m\u00eame source, une d\u00e9claration publique ent\u00e9rinant cette date est attendue dans les prochains jours. La pr\u00e9sidence angolaise a \u00e9galement pr\u00e9cis\u00e9 que le lancement de la phase pr\u00e9paratoire du dialogue intercongolais, qui doit se tenir \u00e0 Luanda, sera annonc\u00e9 \u00ab en temps voulu \u00bb.<\/p>\n<p>Cette initiative intervient dans un contexte de violences persistantes dans l\u2019est de la RDC, o\u00f9 les combats opposant les forces gouvernementales et le mouvement AFC\/M23 ont provoqu\u00e9 des d\u00e9placements massifs de populations et accru les tensions diplomatiques dans la r\u00e9gion des Grands Lacs.<\/p>\n<p>Le pr\u00e9sident Tshisekedi a r\u00e9affirm\u00e9 ces derni\u00e8res semaines son ouverture \u00e0 un dialogue intercongolais, tout en soulignant que celui-ci ne saurait se faire au prix de l\u2019impunit\u00e9 ni \u00ab relativiser une agression \u00bb.<\/p>\n<p>De son c\u00f4t\u00e9, l\u2019Angola, qui assure actuellement la pr\u00e9sidence en exercice de l\u2019Union africaine, s\u2019est vu confier un r\u00f4le central de facilitation afin de cr\u00e9er les conditions d\u2019une d\u00e9sescalade durable et d\u2019un processus politique inclusif.<\/p>\n<p>Un haut responsable de l\u2019AFC\/M23 contact\u00e9 par la presse, a d\u00e9clar\u00e9 que le mouvement n\u2019avait pas \u00e9t\u00e9 officiellement saisi de cette initiative. Il a accus\u00e9 les autorit\u00e9s congolaises d\u2019avoir \u00ab viol\u00e9 \u00bb les diff\u00e9rents cessez-le-feu pr\u00e9c\u00e9demment d\u00e9cr\u00e9t\u00e9s.<\/p>\n<p>\u00ab Kinshasa et l\u2019AFC\/M23 sont les deux parties au conflit. Toute rencontre ou discussion o\u00f9 l\u2019AFC\/M23 n\u2019est pas directement impliqu\u00e9e ne nous engage pas \u00bb, a-t-il dit \u00e0 journaliste.<\/p>\n<p>La r\u00e9daction<\/p>\n","protected":false},"excerpt":{"rendered":"<p>&nbsp; L\u2019Angola a propos\u00e9 l\u2019entr\u00e9e en vigueur d\u2019un cessez-le-feu entre le gouvernement de la R\u00e9publique d\u00e9mocratique du Congo (RDC) et la r\u00e9bellion de l\u2019AFC\/M23 \u00e0 partir de midi le 18<\/p>\n","protected":false},"author":14,"featured_media":72592,"comment_status":"open","ping_status":"open","sticky":false,"template":"","format":"standard","meta":{"footnotes":""},"categories":[1],"tags":[],"class_list":["post-72588","post","type-post","status-publish","format-standard","has-post-thumbnail","hentry","category-actualite"],"yoast_head":"<!-- This site is optimized with the Yoast SEO plugin v27.5 - https:\/\/yoast.com\/product\/yoast-seo-wordpress\/ -->\n<title>L\u2019Angola propose un cessez-le-feu RDC\u2013AFC\/M23 \u00e0 compter du 18 f\u00e9vrier, selon la pr\u00e9sidence - LES VOLCANS NEWS<\/title>\n<meta name=\"robots\" content=\"index, follow, max-snippet:-1, max-image-preview:large, max-video-preview:-1\" \/>\n<link rel=\"canonical\" href=\"https:\/\/lesvolcansnews.net\/?p=72588\" \/>\n<meta property=\"og:locale\" content=\"fr_FR\" \/>\n<meta property=\"og:type\" content=\"article\" \/>\n<meta property=\"og:title\" content=\"L\u2019Angola propose un cessez-le-feu RDC\u2013AFC\/M23 \u00e0 compter du 18 f\u00e9vrier, selon la pr\u00e9sidence - LES VOLCANS NEWS\" \/>\n<meta property=\"og:description\" content=\"&nbsp; L\u2019Angola a propos\u00e9 l\u2019entr\u00e9e en vigueur d\u2019un cessez-le-feu entre le gouvernement de la R\u00e9publique d\u00e9mocratique du Congo (RDC) et la r\u00e9bellion de l\u2019AFC\/M23 \u00e0 partir de midi le 18\" \/>\n<meta property=\"og:url\" content=\"https:\/\/lesvolcansnews.net\/?p=72588\" \/>\n<meta property=\"og:site_name\" content=\"LES VOLCANS NEWS\" \/>\n<meta property=\"article:published_time\" content=\"2026-02-11T21:06:08+00:00\" \/>\n<meta property=\"article:modified_time\" content=\"2026-02-11T21:26:08+00:00\" \/>\n<meta property=\"og:image\" content=\"https:\/\/i0.wp.com\/lesvolcansnews.net\/wp-content\/uploads\/2026\/02\/FB_IMG_1770845096786.jpg?fit=958%2C710&ssl=1\" \/>\n\t<meta property=\"og:image:width\" content=\"958\" \/>\n\t<meta property=\"og:image:height\" content=\"710\" \/>\n\t<meta property=\"og:image:type\" content=\"image\/jpeg\" \/>\n<meta name=\"author\" content=\"R\u00e9daction - Les Volcans News\" \/>\n<meta name=\"twitter:card\" content=\"summary_large_image\" \/>\n<meta name=\"twitter:label1\" content=\"\u00c9crit par\" \/>\n\t<meta name=\"twitter:data1\" content=\"R\u00e9daction - Les Volcans News\" \/>\n\t<meta name=\"twitter:label2\" content=\"Dur\u00e9e de lecture estim\u00e9e\" \/>\n\t<meta name=\"twitter:data2\" content=\"2 minutes\" \/>\n<script type=\"application\/ld+json\" class=\"yoast-schema-graph\">{\"@context\":\"https:\\\/\\\/schema.org\",\"@graph\":[{\"@type\":\"Article\",\"@id\":\"https:\\\/\\\/lesvolcansnews.net\\\/?p=72588#article\",\"isPartOf\":{\"@id\":\"https:\\\/\\\/lesvolcansnews.net\\\/?p=72588\"},\"author\":{\"name\":\"R\u00e9daction - Les Volcans News\",\"@id\":\"https:\\\/\\\/lesvolcansnews.net\\\/#\\\/schema\\\/person\\\/82c8bed2e77879ecf6cca63441f57354\"},\"headline\":\"L\u2019Angola propose un cessez-le-feu RDC\u2013AFC\\\/M23 \u00e0 compter du 18 f\u00e9vrier, selon la pr\u00e9sidence\",\"datePublished\":\"2026-02-11T21:06:08+00:00\",\"dateModified\":\"2026-02-11T21:26:08+00:00\",\"mainEntityOfPage\":{\"@id\":\"https:\\\/\\\/lesvolcansnews.net\\\/?p=72588\"},\"wordCount\":430,\"commentCount\":0,\"image\":{\"@id\":\"https:\\\/\\\/lesvolcansnews.net\\\/?p=72588#primaryimage\"},\"thumbnailUrl\":\"https:\\\/\\\/lesvolcansnews.net\\\/wp-content\\\/uploads\\\/2026\\\/02\\\/FB_IMG_1770845096786.jpg\",\"articleSection\":[\"ACTUALIT\u00c9\"],\"inLanguage\":\"fr-FR\",\"potentialAction\":[{\"@type\":\"CommentAction\",\"name\":\"Comment\",\"target\":[\"https:\\\/\\\/lesvolcansnews.net\\\/?p=72588#respond\"]}]},{\"@type\":\"WebPage\",\"@id\":\"https:\\\/\\\/lesvolcansnews.net\\\/?p=72588\",\"url\":\"https:\\\/\\\/lesvolcansnews.net\\\/?p=72588\",\"name\":\"L\u2019Angola propose un cessez-le-feu RDC\u2013AFC\\\/M23 \u00e0 compter du 18 f\u00e9vrier, selon la pr\u00e9sidence - LES VOLCANS NEWS\",\"isPartOf\":{\"@id\":\"https:\\\/\\\/lesvolcansnews.net\\\/#website\"},\"primaryImageOfPage\":{\"@id\":\"https:\\\/\\\/lesvolcansnews.net\\\/?p=72588#primaryimage\"},\"image\":{\"@id\":\"https:\\\/\\\/lesvolcansnews.net\\\/?p=72588#primaryimage\"},\"thumbnailUrl\":\"https:\\\/\\\/lesvolcansnews.net\\\/wp-content\\\/uploads\\\/2026\\\/02\\\/FB_IMG_1770845096786.jpg\",\"datePublished\":\"2026-02-11T21:06:08+00:00\",\"dateModified\":\"2026-02-11T21:26:08+00:00\",\"author\":{\"@id\":\"https:\\\/\\\/lesvolcansnews.net\\\/#\\\/schema\\\/person\\\/82c8bed2e77879ecf6cca63441f57354\"},\"breadcrumb\":{\"@id\":\"https:\\\/\\\/lesvolcansnews.net\\\/?p=72588#breadcrumb\"},\"inLanguage\":\"fr-FR\",\"potentialAction\":[{\"@type\":\"ReadAction\",\"target\":[\"https:\\\/\\\/lesvolcansnews.net\\\/?p=72588\"]}]},{\"@type\":\"ImageObject\",\"inLanguage\":\"fr-FR\",\"@id\":\"https:\\\/\\\/lesvolcansnews.net\\\/?p=72588#primaryimage\",\"url\":\"https:\\\/\\\/lesvolcansnews.net\\\/wp-content\\\/uploads\\\/2026\\\/02\\\/FB_IMG_1770845096786.jpg\",\"contentUrl\":\"https:\\\/\\\/lesvolcansnews.net\\\/wp-content\\\/uploads\\\/2026\\\/02\\\/FB_IMG_1770845096786.jpg\",\"width\":958,\"height\":710},{\"@type\":\"BreadcrumbList\",\"@id\":\"https:\\\/\\\/lesvolcansnews.net\\\/?p=72588#breadcrumb\",\"itemListElement\":[{\"@type\":\"ListItem\",\"position\":1,\"name\":\"Accueil\",\"item\":\"https:\\\/\\\/lesvolcansnews.net\\\/\"},{\"@type\":\"ListItem\",\"position\":2,\"name\":\"L\u2019Angola propose un cessez-le-feu RDC\u2013AFC\\\/M23 \u00e0 compter du 18 f\u00e9vrier, selon la pr\u00e9sidence\"}]},{\"@type\":\"WebSite\",\"@id\":\"https:\\\/\\\/lesvolcansnews.net\\\/#website\",\"url\":\"https:\\\/\\\/lesvolcansnews.net\\\/\",\"name\":\"LES VOLCANS NEWS\",\"description\":\"L&#039;INFORMATION C&#039;EST NOUS\",\"potentialAction\":[{\"@type\":\"SearchAction\",\"target\":{\"@type\":\"EntryPoint\",\"urlTemplate\":\"https:\\\/\\\/lesvolcansnews.net\\\/?s={search_term_string}\"},\"query-input\":{\"@type\":\"PropertyValueSpecification\",\"valueRequired\":true,\"valueName\":\"search_term_string\"}}],\"inLanguage\":\"fr-FR\"},{\"@type\":\"Person\",\"@id\":\"https:\\\/\\\/lesvolcansnews.net\\\/#\\\/schema\\\/person\\\/82c8bed2e77879ecf6cca63441f57354\",\"name\":\"R\u00e9daction - Les Volcans News\",\"image\":{\"@type\":\"ImageObject\",\"inLanguage\":\"fr-FR\",\"@id\":\"https:\\\/\\\/secure.gravatar.com\\\/avatar\\\/8408942dd851e8a9c09f3d382a661bc05d2b3cd9002139bc1795b9528cdc6c80?s=96&d=mm&r=g\",\"url\":\"https:\\\/\\\/secure.gravatar.com\\\/avatar\\\/8408942dd851e8a9c09f3d382a661bc05d2b3cd9002139bc1795b9528cdc6c80?s=96&d=mm&r=g\",\"contentUrl\":\"https:\\\/\\\/secure.gravatar.com\\\/avatar\\\/8408942dd851e8a9c09f3d382a661bc05d2b3cd9002139bc1795b9528cdc6c80?s=96&d=mm&r=g\",\"caption\":\"R\u00e9daction - Les Volcans News\"},\"url\":\"https:\\\/\\\/lesvolcansnews.net\\\/?author=14\"}]}<\/script>\n<!-- \/ Yoast SEO plugin. -->","yoast_head_json":{"title":"L\u2019Angola propose un cessez-le-feu RDC\u2013AFC\/M23 \u00e0 compter du 18 f\u00e9vrier, selon la pr\u00e9sidence - LES VOLCANS NEWS","robots":{"index":"index","follow":"follow","max-snippet":"max-snippet:-1","max-image-preview":"max-image-preview:large","max-video-preview":"max-video-preview:-1"},"canonical":"https:\/\/lesvolcansnews.net\/?p=72588","og_locale":"fr_FR","og_type":"article","og_title":"L\u2019Angola propose un cessez-le-feu RDC\u2013AFC\/M23 \u00e0 compter du 18 f\u00e9vrier, selon la pr\u00e9sidence - LES VOLCANS NEWS","og_description":"&nbsp; L\u2019Angola a propos\u00e9 l\u2019entr\u00e9e en vigueur d\u2019un cessez-le-feu entre le gouvernement de la R\u00e9publique d\u00e9mocratique du Congo (RDC) et la r\u00e9bellion de l\u2019AFC\/M23 \u00e0 partir de midi le 18","og_url":"https:\/\/lesvolcansnews.net\/?p=72588","og_site_name":"LES VOLCANS NEWS","article_published_time":"2026-02-11T21:06:08+00:00","article_modified_time":"2026-02-11T21:26:08+00:00","og_image":[{"width":958,"height":710,"url":"https:\/\/i0.wp.com\/lesvolcansnews.net\/wp-content\/uploads\/2026\/02\/FB_IMG_1770845096786.jpg?fit=958%2C710&ssl=1","type":"image\/jpeg"}],"author":"R\u00e9daction - Les Volcans News","twitter_card":"summary_large_image","twitter_misc":{"\u00c9crit par":"R\u00e9daction - Les Volcans News","Dur\u00e9e de lecture estim\u00e9e":"2 minutes"},"schema":{"@context":"https:\/\/schema.org","@graph":[{"@type":"Article","@id":"https:\/\/lesvolcansnews.net\/?p=72588#article","isPartOf":{"@id":"https:\/\/lesvolcansnews.net\/?p=72588"},"author":{"name":"R\u00e9daction - Les Volcans News","@id":"https:\/\/lesvolcansnews.net\/#\/schema\/person\/82c8bed2e77879ecf6cca63441f57354"},"headline":"L\u2019Angola propose un cessez-le-feu RDC\u2013AFC\/M23 \u00e0 compter du 18 f\u00e9vrier, selon la pr\u00e9sidence","datePublished":"2026-02-11T21:06:08+00:00","dateModified":"2026-02-11T21:26:08+00:00","mainEntityOfPage":{"@id":"https:\/\/lesvolcansnews.net\/?p=72588"},"wordCount":430,"commentCount":0,"image":{"@id":"https:\/\/lesvolcansnews.net\/?p=72588#primaryimage"},"thumbnailUrl":"https:\/\/lesvolcansnews.net\/wp-content\/uploads\/2026\/02\/FB_IMG_1770845096786.jpg","articleSection":["ACTUALIT\u00c9"],"inLanguage":"fr-FR","potentialAction":[{"@type":"CommentAction","name":"Comment","target":["https:\/\/lesvolcansnews.net\/?p=72588#respond"]}]},{"@type":"WebPage","@id":"https:\/\/lesvolcansnews.net\/?p=72588","url":"https:\/\/lesvolcansnews.net\/?p=72588","name":"L\u2019Angola propose un cessez-le-feu RDC\u2013AFC\/M23 \u00e0 compter du 18 f\u00e9vrier, selon la pr\u00e9sidence - LES VOLCANS NEWS","isPartOf":{"@id":"https:\/\/lesvolcansnews.net\/#website"},"primaryImageOfPage":{"@id":"https:\/\/lesvolcansnews.net\/?p=72588#primaryimage"},"image":{"@id":"https:\/\/lesvolcansnews.net\/?p=72588#primaryimage"},"thumbnailUrl":"https:\/\/lesvolcansnews.net\/wp-content\/uploads\/2026\/02\/FB_IMG_1770845096786.jpg","datePublished":"2026-02-11T21:06:08+00:00","dateModified":"2026-02-11T21:26:08+00:00","author":{"@id":"https:\/\/lesvolcansnews.net\/#\/schema\/person\/82c8bed2e77879ecf6cca63441f57354"},"breadcrumb":{"@id":"https:\/\/lesvolcansnews.net\/?p=72588#breadcrumb"},"inLanguage":"fr-FR","potentialAction":[{"@type":"ReadAction","target":["https:\/\/lesvolcansnews.net\/?p=72588"]}]},{"@type":"ImageObject","inLanguage":"fr-FR","@id":"https:\/\/lesvolcansnews.net\/?p=72588#primaryimage","url":"https:\/\/lesvolcansnews.net\/wp-content\/uploads\/2026\/02\/FB_IMG_1770845096786.jpg","contentUrl":"https:\/\/lesvolcansnews.net\/wp-content\/uploads\/2026\/02\/FB_IMG_1770845096786.jpg","width":958,"height":710},{"@type":"BreadcrumbList","@id":"https:\/\/lesvolcansnews.net\/?p=72588#breadcrumb","itemListElement":[{"@type":"ListItem","position":1,"name":"Accueil","item":"https:\/\/lesvolcansnews.net\/"},{"@type":"ListItem","position":2,"name":"L\u2019Angola propose un cessez-le-feu RDC\u2013AFC\/M23 \u00e0 compter du 18 f\u00e9vrier, selon la pr\u00e9sidence"}]},{"@type":"WebSite","@id":"https:\/\/lesvolcansnews.net\/#website","url":"https:\/\/lesvolcansnews.net\/","name":"LES VOLCANS NEWS","description":"L&#039;INFORMATION C&#039;EST NOUS","potentialAction":[{"@type":"SearchAction","target":{"@type":"EntryPoint","urlTemplate":"https:\/\/lesvolcansnews.net\/?s={search_term_string}"},"query-input":{"@type":"PropertyValueSpecification","valueRequired":true,"valueName":"search_term_string"}}],"inLanguage":"fr-FR"},{"@type":"Person","@id":"https:\/\/lesvolcansnews.net\/#\/schema\/person\/82c8bed2e77879ecf6cca63441f57354","name":"R\u00e9daction - Les Volcans News","image":{"@type":"ImageObject","inLanguage":"fr-FR","@id":"https:\/\/secure.gravatar.com\/avatar\/8408942dd851e8a9c09f3d382a661bc05d2b3cd9002139bc1795b9528cdc6c80?s=96&d=mm&r=g","url":"https:\/\/secure.gravatar.com\/avatar\/8408942dd851e8a9c09f3d382a661bc05d2b3cd9002139bc1795b9528cdc6c80?s=96&d=mm&r=g","contentUrl":"https:\/\/secure.gravatar.com\/avatar\/8408942dd851e8a9c09f3d382a661bc05d2b3cd9002139bc1795b9528cdc6c80?s=96&d=mm&r=g","caption":"R\u00e9daction - Les Volcans News"},"url":"https:\/\/lesvolcansnews.net\/?author=14"}]}},"_links":{"self":[{"href":"https:\/\/lesvolcansnews.net\/index.php?rest_route=\/wp\/v2\/posts\/72588","targetHints":{"allow":["GET"]}}],"collection":[{"href":"https:\/\/lesvolcansnews.net\/index.php?rest_route=\/wp\/v2\/posts"}],"about":[{"href":"https:\/\/lesvolcansnews.net\/index.php?rest_route=\/wp\/v2\/types\/post"}],"author":[{"embeddable":true,"href":"https:\/\/lesvolcansnews.net\/index.php?rest_route=\/wp\/v2\/users\/14"}],"replies":[{"embeddable":true,"href":"https:\/\/lesvolcansnews.net\/index.php?rest_route=%2Fwp%2Fv2%2Fcomments&post=72588"}],"version-history":[{"count":3,"href":"https:\/\/lesvolcansnews.net\/index.php?rest_route=\/wp\/v2\/posts\/72588\/revisions"}],"predecessor-version":[{"id":72593,"href":"https:\/\/lesvolcansnews.net\/index.php?rest_route=\/wp\/v2\/posts\/72588\/revisions\/72593"}],"wp:featuredmedia":[{"embeddable":true,"href":"https:\/\/lesvolcansnews.net\/index.php?rest_route=\/wp\/v2\/media\/72592"}],"wp:attachment":[{"href":"https:\/\/lesvolcansnews.net\/index.php?rest_route=%2Fwp%2Fv2%2Fmedia&parent=72588"}],"wp:term":[{"taxonomy":"category","embeddable":true,"href":"https:\/\/lesvolcansnews.net\/index.php?rest_route=%2Fwp%2Fv2%2Fcategories&post=72588"},{"taxonomy":"post_tag","embeddable":true,"href":"https:\/\/lesvolcansnews.net\/index.php?rest_route=%2Fwp%2Fv2%2Ftags&post=72588"}],"curies":[{"name":"wp","href":"https:\/\/api.w.org\/{rel}","templated":true}]}}