{"id":72586,"date":"2026-02-11T23:00:39","date_gmt":"2026-02-11T21:00:39","guid":{"rendered":"https:\/\/lesvolcansnews.net\/?p=72586"},"modified":"2026-02-11T23:00:39","modified_gmt":"2026-02-11T21:00:39","slug":"rdc-education-cloture-des-examens-du-premier-semestre-les-eleves-en-conge-de-trois-jours","status":"publish","type":"post","link":"https:\/\/lesvolcansnews.net\/?p=72586","title":{"rendered":"RDC-\u00c9DUCATION : Cl\u00f4ture des examens du premier semestre , les \u00e9l\u00e8ves en cong\u00e9 de trois jours"},"content":{"rendered":"<p>&nbsp;<\/p>\n<p><strong>\u00a0La cl\u00f4ture des examens du premier semestre dans les \u00e9coles secondaires publiques et priv\u00e9es agr\u00e9\u00e9es de l\u2019\u00c9tat a \u00e9t\u00e9 effective \u00e0 Kindu, chef-lieu de la province du Maniema, dans le centre-est de la R\u00e9publique d\u00e9mocratique du Congo.<\/strong><\/p>\n<p>Ces \u00e9preuves, organis\u00e9es conform\u00e9ment au calendrier scolaire de l\u2019Enseignement primaire, secondaire et technique (EPST) en vigueur en RDC, se sont d\u00e9roul\u00e9es du 27 janvier au 11 f\u00e9vrier 2026 dans les provinces \u00e9ducationnelles Maniema 1 et Maniema 2.<\/p>\n<p>\u00ab Nous annon\u00e7ons la cl\u00f4ture des examens du premier semestre dans des \u00e9coles publiques et priv\u00e9es \u00e0 Kindu, chef-lieu de la province du Maniema, conform\u00e9ment au calendrier scolaire de l\u2019Enseignement primaire, secondaire et technique en vigueur en R\u00e9publique d\u00e9mocratique du Congo. Ces examens, qui se sont d\u00e9roul\u00e9s pendant deux semaines, avaient commenc\u00e9 depuis le mercredi 27 janvier jusqu\u2019au mercredi 11 f\u00e9vrier 2026, non seulement \u00e0 Kindu, mais sur toute l\u2019\u00e9tendue des provinces \u00e9ducationnelles Maniema 1 et 2 \u00bb, a d\u00e9clar\u00e9 Bernard Mashaka, sous-proved des \u00e9coles secondaires dans la commune de Kasuku.<\/p>\n<p>\u00c0 l\u2019issue de ces \u00e9valuations, les \u00e9l\u00e8ves b\u00e9n\u00e9ficient d\u2019un bref temps de repos avant la reprise des cours.<\/p>\n<p>\u00ab Les apprenants entrent dans une d\u00e9tente de trois jours, soit du jeudi 12 au samedi 14 f\u00e9vrier 2026, marquant ainsi le repos apr\u00e8s la passation desdits examens. La reprise des cours, qui marque le d\u00e9but du second semestre, est pr\u00e9vue pour le lundi 16 f\u00e9vrier 2026 \u00bb, a-t-il pr\u00e9cis\u00e9.<\/p>\n<p>La proclamation des r\u00e9sultats interviendra le samedi 21 f\u00e9vrier 2026 dans toutes les \u00e9coles situ\u00e9es au chef-lieu de la province, a-t-il ajout\u00e9.<\/p>\n<p>Les autorit\u00e9s scolaires ont par ailleurs appel\u00e9 les parents \u00e0 accompagner leurs enfants durant cette courte p\u00e9riode de cong\u00e9.<\/p>\n<p>Bernard Mashaka a ainsi sollicit\u00e9 \u00ab l\u2019implication des parents d\u2019\u00e9l\u00e8ves pour un bon encadrement de leurs enfants pendant cette p\u00e9riode de d\u00e9tente de trois jours, notamment par la r\u00e9vision des mati\u00e8res apprises \u00e0 l\u2019\u00e9cole, afin qu\u2019ils reviennent en bonne et due forme lundi prochain dans leurs \u00e9tablissements scolaires respectifs \u00bb.<\/p>\n<p>La cl\u00f4ture des examens \u00e0 Kindu intervient dans le m\u00eame contexte que dans d\u2019autres villes du pays, notamment \u00e0 Kinshasa, o\u00f9 le calendrier scolaire national est appliqu\u00e9 de mani\u00e8re uniforme.<\/p>\n","protected":false},"excerpt":{"rendered":"<p>&nbsp; \u00a0La cl\u00f4ture des examens du premier semestre dans les \u00e9coles secondaires publiques et priv\u00e9es agr\u00e9\u00e9es de l\u2019\u00c9tat a \u00e9t\u00e9 effective \u00e0 Kindu, chef-lieu de la province du Maniema, dans<\/p>\n","protected":false},"author":14,"featured_media":0,"comment_status":"open","ping_status":"open","sticky":false,"template":"","format":"standard","meta":{"footnotes":""},"categories":[1],"tags":[],"class_list":["post-72586","post","type-post","status-publish","format-standard","hentry","category-actualite"],"yoast_head":"<!-- This site is optimized with the Yoast SEO plugin v27.5 - https:\/\/yoast.com\/product\/yoast-seo-wordpress\/ -->\n<title>RDC-\u00c9DUCATION : Cl\u00f4ture des examens du premier semestre , les \u00e9l\u00e8ves en cong\u00e9 de trois jours - LES VOLCANS NEWS<\/title>\n<meta name=\"robots\" content=\"index, follow, max-snippet:-1, max-image-preview:large, max-video-preview:-1\" \/>\n<link rel=\"canonical\" href=\"https:\/\/lesvolcansnews.net\/?p=72586\" \/>\n<meta property=\"og:locale\" content=\"fr_FR\" \/>\n<meta property=\"og:type\" content=\"article\" \/>\n<meta property=\"og:title\" content=\"RDC-\u00c9DUCATION : Cl\u00f4ture des examens du premier semestre , les \u00e9l\u00e8ves en cong\u00e9 de trois jours - LES VOLCANS NEWS\" \/>\n<meta property=\"og:description\" content=\"&nbsp; \u00a0La cl\u00f4ture des examens du premier semestre dans les \u00e9coles secondaires publiques et priv\u00e9es agr\u00e9\u00e9es de l\u2019\u00c9tat a \u00e9t\u00e9 effective \u00e0 Kindu, chef-lieu de la province du Maniema, dans\" \/>\n<meta property=\"og:url\" content=\"https:\/\/lesvolcansnews.net\/?p=72586\" \/>\n<meta property=\"og:site_name\" content=\"LES VOLCANS NEWS\" \/>\n<meta property=\"article:published_time\" content=\"2026-02-11T21:00:39+00:00\" \/>\n<meta name=\"author\" content=\"R\u00e9daction - Les Volcans News\" \/>\n<meta name=\"twitter:card\" content=\"summary_large_image\" \/>\n<meta name=\"twitter:label1\" content=\"\u00c9crit par\" \/>\n\t<meta name=\"twitter:data1\" content=\"R\u00e9daction - Les Volcans News\" \/>\n\t<meta name=\"twitter:label2\" content=\"Dur\u00e9e de lecture estim\u00e9e\" \/>\n\t<meta name=\"twitter:data2\" content=\"2 minutes\" \/>\n<script type=\"application\/ld+json\" class=\"yoast-schema-graph\">{\"@context\":\"https:\\\/\\\/schema.org\",\"@graph\":[{\"@type\":\"Article\",\"@id\":\"https:\\\/\\\/lesvolcansnews.net\\\/?p=72586#article\",\"isPartOf\":{\"@id\":\"https:\\\/\\\/lesvolcansnews.net\\\/?p=72586\"},\"author\":{\"name\":\"R\u00e9daction - Les Volcans News\",\"@id\":\"https:\\\/\\\/lesvolcansnews.net\\\/#\\\/schema\\\/person\\\/82c8bed2e77879ecf6cca63441f57354\"},\"headline\":\"RDC-\u00c9DUCATION : Cl\u00f4ture des examens du premier semestre , les \u00e9l\u00e8ves en cong\u00e9 de trois jours\",\"datePublished\":\"2026-02-11T21:00:39+00:00\",\"mainEntityOfPage\":{\"@id\":\"https:\\\/\\\/lesvolcansnews.net\\\/?p=72586\"},\"wordCount\":396,\"commentCount\":0,\"articleSection\":[\"ACTUALIT\u00c9\"],\"inLanguage\":\"fr-FR\",\"potentialAction\":[{\"@type\":\"CommentAction\",\"name\":\"Comment\",\"target\":[\"https:\\\/\\\/lesvolcansnews.net\\\/?p=72586#respond\"]}]},{\"@type\":\"WebPage\",\"@id\":\"https:\\\/\\\/lesvolcansnews.net\\\/?p=72586\",\"url\":\"https:\\\/\\\/lesvolcansnews.net\\\/?p=72586\",\"name\":\"RDC-\u00c9DUCATION : Cl\u00f4ture des examens du premier semestre , les \u00e9l\u00e8ves en cong\u00e9 de trois jours - LES VOLCANS NEWS\",\"isPartOf\":{\"@id\":\"https:\\\/\\\/lesvolcansnews.net\\\/#website\"},\"datePublished\":\"2026-02-11T21:00:39+00:00\",\"author\":{\"@id\":\"https:\\\/\\\/lesvolcansnews.net\\\/#\\\/schema\\\/person\\\/82c8bed2e77879ecf6cca63441f57354\"},\"breadcrumb\":{\"@id\":\"https:\\\/\\\/lesvolcansnews.net\\\/?p=72586#breadcrumb\"},\"inLanguage\":\"fr-FR\",\"potentialAction\":[{\"@type\":\"ReadAction\",\"target\":[\"https:\\\/\\\/lesvolcansnews.net\\\/?p=72586\"]}]},{\"@type\":\"BreadcrumbList\",\"@id\":\"https:\\\/\\\/lesvolcansnews.net\\\/?p=72586#breadcrumb\",\"itemListElement\":[{\"@type\":\"ListItem\",\"position\":1,\"name\":\"Accueil\",\"item\":\"https:\\\/\\\/lesvolcansnews.net\\\/\"},{\"@type\":\"ListItem\",\"position\":2,\"name\":\"RDC-\u00c9DUCATION : Cl\u00f4ture des examens du premier semestre , les \u00e9l\u00e8ves en cong\u00e9 de trois jours\"}]},{\"@type\":\"WebSite\",\"@id\":\"https:\\\/\\\/lesvolcansnews.net\\\/#website\",\"url\":\"https:\\\/\\\/lesvolcansnews.net\\\/\",\"name\":\"LES VOLCANS NEWS\",\"description\":\"L&#039;INFORMATION C&#039;EST NOUS\",\"potentialAction\":[{\"@type\":\"SearchAction\",\"target\":{\"@type\":\"EntryPoint\",\"urlTemplate\":\"https:\\\/\\\/lesvolcansnews.net\\\/?s={search_term_string}\"},\"query-input\":{\"@type\":\"PropertyValueSpecification\",\"valueRequired\":true,\"valueName\":\"search_term_string\"}}],\"inLanguage\":\"fr-FR\"},{\"@type\":\"Person\",\"@id\":\"https:\\\/\\\/lesvolcansnews.net\\\/#\\\/schema\\\/person\\\/82c8bed2e77879ecf6cca63441f57354\",\"name\":\"R\u00e9daction - Les Volcans News\",\"image\":{\"@type\":\"ImageObject\",\"inLanguage\":\"fr-FR\",\"@id\":\"https:\\\/\\\/secure.gravatar.com\\\/avatar\\\/8408942dd851e8a9c09f3d382a661bc05d2b3cd9002139bc1795b9528cdc6c80?s=96&d=mm&r=g\",\"url\":\"https:\\\/\\\/secure.gravatar.com\\\/avatar\\\/8408942dd851e8a9c09f3d382a661bc05d2b3cd9002139bc1795b9528cdc6c80?s=96&d=mm&r=g\",\"contentUrl\":\"https:\\\/\\\/secure.gravatar.com\\\/avatar\\\/8408942dd851e8a9c09f3d382a661bc05d2b3cd9002139bc1795b9528cdc6c80?s=96&d=mm&r=g\",\"caption\":\"R\u00e9daction - Les Volcans News\"},\"url\":\"https:\\\/\\\/lesvolcansnews.net\\\/?author=14\"}]}<\/script>\n<!-- \/ Yoast SEO plugin. -->","yoast_head_json":{"title":"RDC-\u00c9DUCATION : Cl\u00f4ture des examens du premier semestre , les \u00e9l\u00e8ves en cong\u00e9 de trois jours - LES VOLCANS NEWS","robots":{"index":"index","follow":"follow","max-snippet":"max-snippet:-1","max-image-preview":"max-image-preview:large","max-video-preview":"max-video-preview:-1"},"canonical":"https:\/\/lesvolcansnews.net\/?p=72586","og_locale":"fr_FR","og_type":"article","og_title":"RDC-\u00c9DUCATION : Cl\u00f4ture des examens du premier semestre , les \u00e9l\u00e8ves en cong\u00e9 de trois jours - LES VOLCANS NEWS","og_description":"&nbsp; \u00a0La cl\u00f4ture des examens du premier semestre dans les \u00e9coles secondaires publiques et priv\u00e9es agr\u00e9\u00e9es de l\u2019\u00c9tat a \u00e9t\u00e9 effective \u00e0 Kindu, chef-lieu de la province du Maniema, dans","og_url":"https:\/\/lesvolcansnews.net\/?p=72586","og_site_name":"LES VOLCANS NEWS","article_published_time":"2026-02-11T21:00:39+00:00","author":"R\u00e9daction - Les Volcans News","twitter_card":"summary_large_image","twitter_misc":{"\u00c9crit par":"R\u00e9daction - Les Volcans News","Dur\u00e9e de lecture estim\u00e9e":"2 minutes"},"schema":{"@context":"https:\/\/schema.org","@graph":[{"@type":"Article","@id":"https:\/\/lesvolcansnews.net\/?p=72586#article","isPartOf":{"@id":"https:\/\/lesvolcansnews.net\/?p=72586"},"author":{"name":"R\u00e9daction - Les Volcans News","@id":"https:\/\/lesvolcansnews.net\/#\/schema\/person\/82c8bed2e77879ecf6cca63441f57354"},"headline":"RDC-\u00c9DUCATION : Cl\u00f4ture des examens du premier semestre , les \u00e9l\u00e8ves en cong\u00e9 de trois jours","datePublished":"2026-02-11T21:00:39+00:00","mainEntityOfPage":{"@id":"https:\/\/lesvolcansnews.net\/?p=72586"},"wordCount":396,"commentCount":0,"articleSection":["ACTUALIT\u00c9"],"inLanguage":"fr-FR","potentialAction":[{"@type":"CommentAction","name":"Comment","target":["https:\/\/lesvolcansnews.net\/?p=72586#respond"]}]},{"@type":"WebPage","@id":"https:\/\/lesvolcansnews.net\/?p=72586","url":"https:\/\/lesvolcansnews.net\/?p=72586","name":"RDC-\u00c9DUCATION : Cl\u00f4ture des examens du premier semestre , les \u00e9l\u00e8ves en cong\u00e9 de trois jours - LES VOLCANS NEWS","isPartOf":{"@id":"https:\/\/lesvolcansnews.net\/#website"},"datePublished":"2026-02-11T21:00:39+00:00","author":{"@id":"https:\/\/lesvolcansnews.net\/#\/schema\/person\/82c8bed2e77879ecf6cca63441f57354"},"breadcrumb":{"@id":"https:\/\/lesvolcansnews.net\/?p=72586#breadcrumb"},"inLanguage":"fr-FR","potentialAction":[{"@type":"ReadAction","target":["https:\/\/lesvolcansnews.net\/?p=72586"]}]},{"@type":"BreadcrumbList","@id":"https:\/\/lesvolcansnews.net\/?p=72586#breadcrumb","itemListElement":[{"@type":"ListItem","position":1,"name":"Accueil","item":"https:\/\/lesvolcansnews.net\/"},{"@type":"ListItem","position":2,"name":"RDC-\u00c9DUCATION : Cl\u00f4ture des examens du premier semestre , les \u00e9l\u00e8ves en cong\u00e9 de trois jours"}]},{"@type":"WebSite","@id":"https:\/\/lesvolcansnews.net\/#website","url":"https:\/\/lesvolcansnews.net\/","name":"LES VOLCANS NEWS","description":"L&#039;INFORMATION C&#039;EST NOUS","potentialAction":[{"@type":"SearchAction","target":{"@type":"EntryPoint","urlTemplate":"https:\/\/lesvolcansnews.net\/?s={search_term_string}"},"query-input":{"@type":"PropertyValueSpecification","valueRequired":true,"valueName":"search_term_string"}}],"inLanguage":"fr-FR"},{"@type":"Person","@id":"https:\/\/lesvolcansnews.net\/#\/schema\/person\/82c8bed2e77879ecf6cca63441f57354","name":"R\u00e9daction - Les Volcans News","image":{"@type":"ImageObject","inLanguage":"fr-FR","@id":"https:\/\/secure.gravatar.com\/avatar\/8408942dd851e8a9c09f3d382a661bc05d2b3cd9002139bc1795b9528cdc6c80?s=96&d=mm&r=g","url":"https:\/\/secure.gravatar.com\/avatar\/8408942dd851e8a9c09f3d382a661bc05d2b3cd9002139bc1795b9528cdc6c80?s=96&d=mm&r=g","contentUrl":"https:\/\/secure.gravatar.com\/avatar\/8408942dd851e8a9c09f3d382a661bc05d2b3cd9002139bc1795b9528cdc6c80?s=96&d=mm&r=g","caption":"R\u00e9daction - Les Volcans News"},"url":"https:\/\/lesvolcansnews.net\/?author=14"}]}},"_links":{"self":[{"href":"https:\/\/lesvolcansnews.net\/index.php?rest_route=\/wp\/v2\/posts\/72586","targetHints":{"allow":["GET"]}}],"collection":[{"href":"https:\/\/lesvolcansnews.net\/index.php?rest_route=\/wp\/v2\/posts"}],"about":[{"href":"https:\/\/lesvolcansnews.net\/index.php?rest_route=\/wp\/v2\/types\/post"}],"author":[{"embeddable":true,"href":"https:\/\/lesvolcansnews.net\/index.php?rest_route=\/wp\/v2\/users\/14"}],"replies":[{"embeddable":true,"href":"https:\/\/lesvolcansnews.net\/index.php?rest_route=%2Fwp%2Fv2%2Fcomments&post=72586"}],"version-history":[{"count":1,"href":"https:\/\/lesvolcansnews.net\/index.php?rest_route=\/wp\/v2\/posts\/72586\/revisions"}],"predecessor-version":[{"id":72587,"href":"https:\/\/lesvolcansnews.net\/index.php?rest_route=\/wp\/v2\/posts\/72586\/revisions\/72587"}],"wp:attachment":[{"href":"https:\/\/lesvolcansnews.net\/index.php?rest_route=%2Fwp%2Fv2%2Fmedia&parent=72586"}],"wp:term":[{"taxonomy":"category","embeddable":true,"href":"https:\/\/lesvolcansnews.net\/index.php?rest_route=%2Fwp%2Fv2%2Fcategories&post=72586"},{"taxonomy":"post_tag","embeddable":true,"href":"https:\/\/lesvolcansnews.net\/index.php?rest_route=%2Fwp%2Fv2%2Ftags&post=72586"}],"curies":[{"name":"wp","href":"https:\/\/api.w.org\/{rel}","templated":true}]}}