{"id":72572,"date":"2026-02-11T15:26:52","date_gmt":"2026-02-11T13:26:52","guid":{"rendered":"https:\/\/lesvolcansnews.net\/?p=72572"},"modified":"2026-02-11T15:40:54","modified_gmt":"2026-02-11T13:40:54","slug":"72572","status":"publish","type":"post","link":"https:\/\/lesvolcansnews.net\/?p=72572","title":{"rendered":"Minembwe: de violents combats \u00e9clatent \u00e0 nouveau entre les FARDC appuy\u00e9es par les Wazalendo et l\u2019AFC\/M23 soutenu par plusieurs pays (administrateur)"},"content":{"rendered":"<div class=\"tVu25\">\n<div class=\"nH\">\n<div class=\"nH\">\n<div class=\"nH aqk aql bkL\">\n<div class=\"nH bkK\">\n<div class=\"nH\">\n<div class=\"nH ar4 z\">\n<div class=\"\">\n<div class=\"AO\">\n<div id=\":3\" class=\"Tm aeJ bhAZTc\">\n<div id=\":1\" class=\"aeF\">\n<div class=\"nH\">\n<div class=\"nH\" role=\"main\">\n<div class=\"nH g id\">\n<div class=\"nH a98 iY\">\n<div class=\"nH\">\n<div class=\"aHU hx\">\n<div role=\"list\">\n<div class=\"h7 ie\" tabindex=\"-1\" role=\"listitem\" aria-expanded=\"true\">\n<div class=\"Bk\">\n<div class=\"G3 G2\">\n<div id=\"avWBGd-60\">\n<div id=\"avWBGd-61\">\n<div class=\"adn ads\" data-message-id=\"#msg-a:r1439540251167146840\" data-legacy-message-id=\"19c4ce605e45605e\">\n<div class=\"gs\">\n<div class=\"\">\n<div id=\":mj\" class=\"ii gt\">\n<div id=\":n0\" class=\"a3s aiL\">\n<div id=\"avWBGd-77\">\n<div dir=\"auto\">\n<div dir=\"auto\"><\/div>\n<div dir=\"auto\">\n<p><strong>Des d\u00e9tonations d\u2019armes lourdes ont \u00e9t\u00e9 entendues depuis mardi jusqu&#8217;\u00e0 ce mercredi 11 f\u00e9vrier autour de Minembwe et Mikenge, dans le territoire de Fizi, o\u00f9 les Forces arm\u00e9es de la R\u00e9publique d\u00e9mocratique du Congo (FARDC), appuy\u00e9es par des combattants Wazalendo, affrontent plusieurs groupes arm\u00e9s actifs dans la r\u00e9gion, ont indiqu\u00e9 mercredi des sources administratives locales.<\/strong><\/p>\n<div dir=\"auto\"><\/div>\n<div dir=\"auto\">Les combats se poursuivent notamment autour du village de Kalingi, selon l\u2019administration territoriale.<\/div>\n<div dir=\"auto\"><\/div>\n<div dir=\"auto\">\u00ab Les situations s\u00e9curitaires restent toujours pr\u00e9occupantes, mais nos efforts, appuy\u00e9s par les Wazalendo, prennent la supr\u00e9matie sur l\u2019ennemi \u00bb, a d\u00e9clar\u00e9 l\u2019administrateur du territoire de Fizi, Samy Kalonji.<\/div>\n<div dir=\"auto\"><\/div>\n<div dir=\"auto\">D\u2019apr\u00e8s lui, les FARDC auraient mis en difficult\u00e9 les groupes arm\u00e9s op\u00e9rant dans la zone, parmi lesquels il cite le Tabara, Twiraneo, Ngomino, Vijana Power, le FNL Zabara Ampema ainsi que des \u00e9l\u00e9ments qu\u2019il assimile aux forces soutenant le M23.<\/div>\n<div dir=\"auto\"><\/div>\n<div dir=\"auto\">\u00ab Depuis ce mardi de f\u00e9vrier 2026 et encore aujourd\u2019hui, mercredi 11 f\u00e9vrier, les combats se d\u00e9roulent autour de Minembwe et Mikenge. Nos forces progressent malgr\u00e9 la complexit\u00e9 de la situation \u00bb, a ajout\u00e9 Samy Kalonji.<\/div>\n<div dir=\"auto\"><\/div>\n<div dir=\"auto\">La r\u00e9gion de Minembwe, situ\u00e9e dans les hauts plateaux du Sud-Kivu, est le th\u00e9\u00e2tre r\u00e9current d\u2019affrontements impliquant l\u2019arm\u00e9e congolaise et divers groupes arm\u00e9s alli\u00e9s au M23.<\/div>\n<div dir=\"auto\"><\/div>\n<div dir=\"auto\">Selon l\u2019autorit\u00e9 territoriale, les civils paient un lourd tribut \u00e0 chaque escalade des violences.<\/div>\n<div dir=\"auto\"><\/div>\n<div dir=\"auto\">\u00ab \u00c0 chaque fois que ces forces s\u2019approchent des cibles, c\u2019est la population civile qui en subit les cons\u00e9quences. Des biens de valeur sont pill\u00e9s, des femmes sont viol\u00e9es. Ces actes sont utilis\u00e9s comme arme de guerre \u00bb, a affirm\u00e9 l\u2019administrateur.<\/div>\n<div dir=\"auto\"><\/div>\n<div dir=\"auto\">Les accusations visant le M23 et d\u2019autres groupes arm\u00e9s n\u2019ont pas pu \u00eatre v\u00e9rifi\u00e9es de mani\u00e8re ind\u00e9pendante dans l\u2019imm\u00e9diat comme la pr\u00e9sence de l&#8217;arm\u00e9e k\u00e9nyane et Somalienne.La situation humanitaire des d\u00e9plac\u00e9s internes demeure pr\u00e9occupante, a-t-il ajout\u00e9, soulignant que \u00ab la situation humanitaire reste inchang\u00e9e \u00bb malgr\u00e9 les op\u00e9rations militaires en cours.<\/div>\n<div dir=\"auto\"><\/div>\n<div dir=\"auto\"><\/div>\n<div dir=\"auto\">Aucune communication officielle n\u2019\u00e9tait disponible dans l\u2019imm\u00e9diat du c\u00f4t\u00e9 des groupes arm\u00e9s cit\u00e9s.<\/div>\n<div dir=\"auto\"><\/div>\n<div dir=\"auto\">Les autorit\u00e9s provinciales n\u2019avaient pas non plus publi\u00e9 de bilan officiel des affrontements au moment de la r\u00e9daction de cet article.<\/div>\n<div dir=\"auto\">\n<p>La r\u00e9daction<\/p>\n<div class=\"yj6qo\"><\/div>\n<div class=\"adL\"><\/div>\n<div class=\"adL\" dir=\"auto\"><\/div>\n<div class=\"adL\" dir=\"auto\"><\/div>\n<div class=\"adL\" dir=\"auto\"><\/div>\n<div class=\"adL\" dir=\"auto\"><\/div>\n<div class=\"adL\" dir=\"auto\"><\/div>\n<div class=\"adL\" dir=\"auto\"><\/div>\n<\/div>\n<\/div>\n<\/div>\n<div class=\"adL\"><\/div>\n<\/div>\n<\/div>\n<\/div>\n<div id=\"avWBGd-78\" class=\"WhmR8e\" data-hash=\"0\"><\/div>\n<\/div>\n<\/div>\n<div class=\"ajx\"><\/div>\n<\/div>\n<div class=\"gA gt acV\">\n<div class=\"gB xu\">\n<div class=\"mVCoBd\"><\/div>\n<div class=\"ip iq\">\n<div class=\"pLw6bb\"><\/div>\n<div id=\"avWBGd-79\" class=\"bJvOmf\"><\/div>\n<\/div>\n<\/div>\n<\/div>\n<\/div>\n<\/div>\n<\/div>\n<\/div>\n<\/div>\n<\/div>\n<div><\/div>\n<\/div>\n<\/div>\n<div class=\"nH btDi4d L5sLw\">\n<div>\n<div>\n<div class=\"amr\">\n<div class=\"nr wR\">\n<div class=\"amn\">\n<div class=\"wrsVRe\" data-position=\"dynamic\"><\/div>\n<\/div>\n<\/div>\n<\/div>\n<\/div>\n<\/div>\n<\/div>\n<div class=\"nH\">\n<div class=\"l2\"><\/div>\n<\/div>\n<\/div>\n<\/div>\n<\/div>\n<\/div>\n<\/div>\n<\/div>\n<\/div>\n<\/div>\n<\/div>\n<\/div>\n<\/div>\n<div class=\"nH\">\n<div class=\"aUx\">\n<div class=\"bAw bcf it\"><\/div>\n<\/div>\n<\/div>\n<\/div>\n<\/div>\n<\/div>\n<\/div>\n<div class=\"dw\">\n<div class=\"jvV5Me\">\n<div class=\"nH lFFILd\">\n<div class=\"nH\">\n<div class=\"no\">\n<div class=\"nH nn\">\n<div class=\"no\">\n<div class=\"nH nn\">\n<div class=\"AD\">\n<div class=\"Hd\">\n<div class=\"nH Hy aXJ\">\n<div class=\"nH\">\n<div class=\"l m\">\n<div class=\"l n\">\n<div class=\"k\">\n<div class=\"aCk\">\n<div class=\"nH Njo3Cf\"><\/div>\n<\/div>\n<\/div>\n<\/div>\n<\/div>\n<\/div>\n<\/div>\n<\/div>\n<\/div>\n<\/div>\n<\/div>\n<\/div>\n<\/div>\n<\/div>\n<\/div>\n<\/div>\n<\/div>\n","protected":false},"excerpt":{"rendered":"<p>Des d\u00e9tonations d\u2019armes lourdes ont \u00e9t\u00e9 entendues depuis mardi jusqu&#8217;\u00e0 ce mercredi 11 f\u00e9vrier autour de Minembwe et Mikenge, dans le territoire de Fizi, o\u00f9 les Forces arm\u00e9es de la<\/p>\n","protected":false},"author":14,"featured_media":72452,"comment_status":"open","ping_status":"open","sticky":false,"template":"","format":"standard","meta":{"footnotes":""},"categories":[1],"tags":[],"class_list":["post-72572","post","type-post","status-publish","format-standard","has-post-thumbnail","hentry","category-actualite"],"yoast_head":"<!-- This site is optimized with the Yoast SEO plugin v27.5 - https:\/\/yoast.com\/product\/yoast-seo-wordpress\/ -->\n<title>Minembwe: de violents combats \u00e9clatent \u00e0 nouveau entre les FARDC appuy\u00e9es par les Wazalendo et l\u2019AFC\/M23 soutenu par plusieurs pays (administrateur) - LES VOLCANS NEWS<\/title>\n<meta name=\"robots\" content=\"index, follow, max-snippet:-1, max-image-preview:large, max-video-preview:-1\" \/>\n<link rel=\"canonical\" href=\"https:\/\/lesvolcansnews.net\/?p=72572\" \/>\n<meta property=\"og:locale\" content=\"fr_FR\" \/>\n<meta property=\"og:type\" content=\"article\" \/>\n<meta property=\"og:title\" content=\"Minembwe: de violents combats \u00e9clatent \u00e0 nouveau entre les FARDC appuy\u00e9es par les Wazalendo et l\u2019AFC\/M23 soutenu par plusieurs pays (administrateur) - LES VOLCANS NEWS\" \/>\n<meta property=\"og:description\" content=\"Des d\u00e9tonations d\u2019armes lourdes ont \u00e9t\u00e9 entendues depuis mardi jusqu&#8217;\u00e0 ce mercredi 11 f\u00e9vrier autour de Minembwe et Mikenge, dans le territoire de Fizi, o\u00f9 les Forces arm\u00e9es de la\" \/>\n<meta property=\"og:url\" content=\"https:\/\/lesvolcansnews.net\/?p=72572\" \/>\n<meta property=\"og:site_name\" content=\"LES VOLCANS NEWS\" \/>\n<meta property=\"article:published_time\" content=\"2026-02-11T13:26:52+00:00\" \/>\n<meta property=\"article:modified_time\" content=\"2026-02-11T13:40:54+00:00\" \/>\n<meta property=\"og:image\" content=\"https:\/\/lesvolcansnews.net\/wp-content\/uploads\/2026\/02\/FB_IMG_1770253775432.jpg\" \/>\n\t<meta property=\"og:image:width\" content=\"1079\" \/>\n\t<meta property=\"og:image:height\" content=\"676\" \/>\n\t<meta property=\"og:image:type\" content=\"image\/jpeg\" \/>\n<meta name=\"author\" content=\"R\u00e9daction - Les Volcans News\" \/>\n<meta name=\"twitter:card\" content=\"summary_large_image\" \/>\n<meta name=\"twitter:label1\" content=\"\u00c9crit par\" \/>\n\t<meta name=\"twitter:data1\" content=\"R\u00e9daction - Les Volcans News\" \/>\n\t<meta name=\"twitter:label2\" content=\"Dur\u00e9e de lecture estim\u00e9e\" \/>\n\t<meta name=\"twitter:data2\" content=\"2 minutes\" \/>\n<script type=\"application\/ld+json\" class=\"yoast-schema-graph\">{\"@context\":\"https:\\\/\\\/schema.org\",\"@graph\":[{\"@type\":\"Article\",\"@id\":\"https:\\\/\\\/lesvolcansnews.net\\\/?p=72572#article\",\"isPartOf\":{\"@id\":\"https:\\\/\\\/lesvolcansnews.net\\\/?p=72572\"},\"author\":{\"name\":\"R\u00e9daction - Les Volcans News\",\"@id\":\"https:\\\/\\\/lesvolcansnews.net\\\/#\\\/schema\\\/person\\\/82c8bed2e77879ecf6cca63441f57354\"},\"headline\":\"Minembwe: de violents combats \u00e9clatent \u00e0 nouveau entre les FARDC appuy\u00e9es par les Wazalendo et l\u2019AFC\\\/M23 soutenu par plusieurs pays (administrateur)\",\"datePublished\":\"2026-02-11T13:26:52+00:00\",\"dateModified\":\"2026-02-11T13:40:54+00:00\",\"mainEntityOfPage\":{\"@id\":\"https:\\\/\\\/lesvolcansnews.net\\\/?p=72572\"},\"wordCount\":424,\"commentCount\":0,\"image\":{\"@id\":\"https:\\\/\\\/lesvolcansnews.net\\\/?p=72572#primaryimage\"},\"thumbnailUrl\":\"https:\\\/\\\/lesvolcansnews.net\\\/wp-content\\\/uploads\\\/2026\\\/02\\\/FB_IMG_1770253775432.jpg\",\"articleSection\":[\"ACTUALIT\u00c9\"],\"inLanguage\":\"fr-FR\",\"potentialAction\":[{\"@type\":\"CommentAction\",\"name\":\"Comment\",\"target\":[\"https:\\\/\\\/lesvolcansnews.net\\\/?p=72572#respond\"]}]},{\"@type\":\"WebPage\",\"@id\":\"https:\\\/\\\/lesvolcansnews.net\\\/?p=72572\",\"url\":\"https:\\\/\\\/lesvolcansnews.net\\\/?p=72572\",\"name\":\"Minembwe: de violents combats \u00e9clatent \u00e0 nouveau entre les FARDC appuy\u00e9es par les Wazalendo et l\u2019AFC\\\/M23 soutenu par plusieurs pays (administrateur) - LES VOLCANS NEWS\",\"isPartOf\":{\"@id\":\"https:\\\/\\\/lesvolcansnews.net\\\/#website\"},\"primaryImageOfPage\":{\"@id\":\"https:\\\/\\\/lesvolcansnews.net\\\/?p=72572#primaryimage\"},\"image\":{\"@id\":\"https:\\\/\\\/lesvolcansnews.net\\\/?p=72572#primaryimage\"},\"thumbnailUrl\":\"https:\\\/\\\/lesvolcansnews.net\\\/wp-content\\\/uploads\\\/2026\\\/02\\\/FB_IMG_1770253775432.jpg\",\"datePublished\":\"2026-02-11T13:26:52+00:00\",\"dateModified\":\"2026-02-11T13:40:54+00:00\",\"author\":{\"@id\":\"https:\\\/\\\/lesvolcansnews.net\\\/#\\\/schema\\\/person\\\/82c8bed2e77879ecf6cca63441f57354\"},\"breadcrumb\":{\"@id\":\"https:\\\/\\\/lesvolcansnews.net\\\/?p=72572#breadcrumb\"},\"inLanguage\":\"fr-FR\",\"potentialAction\":[{\"@type\":\"ReadAction\",\"target\":[\"https:\\\/\\\/lesvolcansnews.net\\\/?p=72572\"]}]},{\"@type\":\"ImageObject\",\"inLanguage\":\"fr-FR\",\"@id\":\"https:\\\/\\\/lesvolcansnews.net\\\/?p=72572#primaryimage\",\"url\":\"https:\\\/\\\/lesvolcansnews.net\\\/wp-content\\\/uploads\\\/2026\\\/02\\\/FB_IMG_1770253775432.jpg\",\"contentUrl\":\"https:\\\/\\\/lesvolcansnews.net\\\/wp-content\\\/uploads\\\/2026\\\/02\\\/FB_IMG_1770253775432.jpg\",\"width\":1079,\"height\":676},{\"@type\":\"BreadcrumbList\",\"@id\":\"https:\\\/\\\/lesvolcansnews.net\\\/?p=72572#breadcrumb\",\"itemListElement\":[{\"@type\":\"ListItem\",\"position\":1,\"name\":\"Accueil\",\"item\":\"https:\\\/\\\/lesvolcansnews.net\\\/\"},{\"@type\":\"ListItem\",\"position\":2,\"name\":\"Minembwe: de violents combats \u00e9clatent \u00e0 nouveau entre les FARDC appuy\u00e9es par les Wazalendo et l\u2019AFC\\\/M23 soutenu par plusieurs pays (administrateur)\"}]},{\"@type\":\"WebSite\",\"@id\":\"https:\\\/\\\/lesvolcansnews.net\\\/#website\",\"url\":\"https:\\\/\\\/lesvolcansnews.net\\\/\",\"name\":\"LES VOLCANS NEWS\",\"description\":\"L&#039;INFORMATION C&#039;EST NOUS\",\"potentialAction\":[{\"@type\":\"SearchAction\",\"target\":{\"@type\":\"EntryPoint\",\"urlTemplate\":\"https:\\\/\\\/lesvolcansnews.net\\\/?s={search_term_string}\"},\"query-input\":{\"@type\":\"PropertyValueSpecification\",\"valueRequired\":true,\"valueName\":\"search_term_string\"}}],\"inLanguage\":\"fr-FR\"},{\"@type\":\"Person\",\"@id\":\"https:\\\/\\\/lesvolcansnews.net\\\/#\\\/schema\\\/person\\\/82c8bed2e77879ecf6cca63441f57354\",\"name\":\"R\u00e9daction - Les Volcans News\",\"image\":{\"@type\":\"ImageObject\",\"inLanguage\":\"fr-FR\",\"@id\":\"https:\\\/\\\/secure.gravatar.com\\\/avatar\\\/8408942dd851e8a9c09f3d382a661bc05d2b3cd9002139bc1795b9528cdc6c80?s=96&d=mm&r=g\",\"url\":\"https:\\\/\\\/secure.gravatar.com\\\/avatar\\\/8408942dd851e8a9c09f3d382a661bc05d2b3cd9002139bc1795b9528cdc6c80?s=96&d=mm&r=g\",\"contentUrl\":\"https:\\\/\\\/secure.gravatar.com\\\/avatar\\\/8408942dd851e8a9c09f3d382a661bc05d2b3cd9002139bc1795b9528cdc6c80?s=96&d=mm&r=g\",\"caption\":\"R\u00e9daction - Les Volcans News\"},\"url\":\"https:\\\/\\\/lesvolcansnews.net\\\/?author=14\"}]}<\/script>\n<!-- \/ Yoast SEO plugin. -->","yoast_head_json":{"title":"Minembwe: de violents combats \u00e9clatent \u00e0 nouveau entre les FARDC appuy\u00e9es par les Wazalendo et l\u2019AFC\/M23 soutenu par plusieurs pays (administrateur) - LES VOLCANS NEWS","robots":{"index":"index","follow":"follow","max-snippet":"max-snippet:-1","max-image-preview":"max-image-preview:large","max-video-preview":"max-video-preview:-1"},"canonical":"https:\/\/lesvolcansnews.net\/?p=72572","og_locale":"fr_FR","og_type":"article","og_title":"Minembwe: de violents combats \u00e9clatent \u00e0 nouveau entre les FARDC appuy\u00e9es par les Wazalendo et l\u2019AFC\/M23 soutenu par plusieurs pays (administrateur) - LES VOLCANS NEWS","og_description":"Des d\u00e9tonations d\u2019armes lourdes ont \u00e9t\u00e9 entendues depuis mardi jusqu&#8217;\u00e0 ce mercredi 11 f\u00e9vrier autour de Minembwe et Mikenge, dans le territoire de Fizi, o\u00f9 les Forces arm\u00e9es de la","og_url":"https:\/\/lesvolcansnews.net\/?p=72572","og_site_name":"LES VOLCANS NEWS","article_published_time":"2026-02-11T13:26:52+00:00","article_modified_time":"2026-02-11T13:40:54+00:00","og_image":[{"width":1079,"height":676,"url":"https:\/\/lesvolcansnews.net\/wp-content\/uploads\/2026\/02\/FB_IMG_1770253775432.jpg","type":"image\/jpeg"}],"author":"R\u00e9daction - Les Volcans News","twitter_card":"summary_large_image","twitter_misc":{"\u00c9crit par":"R\u00e9daction - Les Volcans News","Dur\u00e9e de lecture estim\u00e9e":"2 minutes"},"schema":{"@context":"https:\/\/schema.org","@graph":[{"@type":"Article","@id":"https:\/\/lesvolcansnews.net\/?p=72572#article","isPartOf":{"@id":"https:\/\/lesvolcansnews.net\/?p=72572"},"author":{"name":"R\u00e9daction - Les Volcans News","@id":"https:\/\/lesvolcansnews.net\/#\/schema\/person\/82c8bed2e77879ecf6cca63441f57354"},"headline":"Minembwe: de violents combats \u00e9clatent \u00e0 nouveau entre les FARDC appuy\u00e9es par les Wazalendo et l\u2019AFC\/M23 soutenu par plusieurs pays (administrateur)","datePublished":"2026-02-11T13:26:52+00:00","dateModified":"2026-02-11T13:40:54+00:00","mainEntityOfPage":{"@id":"https:\/\/lesvolcansnews.net\/?p=72572"},"wordCount":424,"commentCount":0,"image":{"@id":"https:\/\/lesvolcansnews.net\/?p=72572#primaryimage"},"thumbnailUrl":"https:\/\/lesvolcansnews.net\/wp-content\/uploads\/2026\/02\/FB_IMG_1770253775432.jpg","articleSection":["ACTUALIT\u00c9"],"inLanguage":"fr-FR","potentialAction":[{"@type":"CommentAction","name":"Comment","target":["https:\/\/lesvolcansnews.net\/?p=72572#respond"]}]},{"@type":"WebPage","@id":"https:\/\/lesvolcansnews.net\/?p=72572","url":"https:\/\/lesvolcansnews.net\/?p=72572","name":"Minembwe: de violents combats \u00e9clatent \u00e0 nouveau entre les FARDC appuy\u00e9es par les Wazalendo et l\u2019AFC\/M23 soutenu par plusieurs pays (administrateur) - LES VOLCANS NEWS","isPartOf":{"@id":"https:\/\/lesvolcansnews.net\/#website"},"primaryImageOfPage":{"@id":"https:\/\/lesvolcansnews.net\/?p=72572#primaryimage"},"image":{"@id":"https:\/\/lesvolcansnews.net\/?p=72572#primaryimage"},"thumbnailUrl":"https:\/\/lesvolcansnews.net\/wp-content\/uploads\/2026\/02\/FB_IMG_1770253775432.jpg","datePublished":"2026-02-11T13:26:52+00:00","dateModified":"2026-02-11T13:40:54+00:00","author":{"@id":"https:\/\/lesvolcansnews.net\/#\/schema\/person\/82c8bed2e77879ecf6cca63441f57354"},"breadcrumb":{"@id":"https:\/\/lesvolcansnews.net\/?p=72572#breadcrumb"},"inLanguage":"fr-FR","potentialAction":[{"@type":"ReadAction","target":["https:\/\/lesvolcansnews.net\/?p=72572"]}]},{"@type":"ImageObject","inLanguage":"fr-FR","@id":"https:\/\/lesvolcansnews.net\/?p=72572#primaryimage","url":"https:\/\/lesvolcansnews.net\/wp-content\/uploads\/2026\/02\/FB_IMG_1770253775432.jpg","contentUrl":"https:\/\/lesvolcansnews.net\/wp-content\/uploads\/2026\/02\/FB_IMG_1770253775432.jpg","width":1079,"height":676},{"@type":"BreadcrumbList","@id":"https:\/\/lesvolcansnews.net\/?p=72572#breadcrumb","itemListElement":[{"@type":"ListItem","position":1,"name":"Accueil","item":"https:\/\/lesvolcansnews.net\/"},{"@type":"ListItem","position":2,"name":"Minembwe: de violents combats \u00e9clatent \u00e0 nouveau entre les FARDC appuy\u00e9es par les Wazalendo et l\u2019AFC\/M23 soutenu par plusieurs pays (administrateur)"}]},{"@type":"WebSite","@id":"https:\/\/lesvolcansnews.net\/#website","url":"https:\/\/lesvolcansnews.net\/","name":"LES VOLCANS NEWS","description":"L&#039;INFORMATION C&#039;EST NOUS","potentialAction":[{"@type":"SearchAction","target":{"@type":"EntryPoint","urlTemplate":"https:\/\/lesvolcansnews.net\/?s={search_term_string}"},"query-input":{"@type":"PropertyValueSpecification","valueRequired":true,"valueName":"search_term_string"}}],"inLanguage":"fr-FR"},{"@type":"Person","@id":"https:\/\/lesvolcansnews.net\/#\/schema\/person\/82c8bed2e77879ecf6cca63441f57354","name":"R\u00e9daction - Les Volcans News","image":{"@type":"ImageObject","inLanguage":"fr-FR","@id":"https:\/\/secure.gravatar.com\/avatar\/8408942dd851e8a9c09f3d382a661bc05d2b3cd9002139bc1795b9528cdc6c80?s=96&d=mm&r=g","url":"https:\/\/secure.gravatar.com\/avatar\/8408942dd851e8a9c09f3d382a661bc05d2b3cd9002139bc1795b9528cdc6c80?s=96&d=mm&r=g","contentUrl":"https:\/\/secure.gravatar.com\/avatar\/8408942dd851e8a9c09f3d382a661bc05d2b3cd9002139bc1795b9528cdc6c80?s=96&d=mm&r=g","caption":"R\u00e9daction - Les Volcans News"},"url":"https:\/\/lesvolcansnews.net\/?author=14"}]}},"_links":{"self":[{"href":"https:\/\/lesvolcansnews.net\/index.php?rest_route=\/wp\/v2\/posts\/72572","targetHints":{"allow":["GET"]}}],"collection":[{"href":"https:\/\/lesvolcansnews.net\/index.php?rest_route=\/wp\/v2\/posts"}],"about":[{"href":"https:\/\/lesvolcansnews.net\/index.php?rest_route=\/wp\/v2\/types\/post"}],"author":[{"embeddable":true,"href":"https:\/\/lesvolcansnews.net\/index.php?rest_route=\/wp\/v2\/users\/14"}],"replies":[{"embeddable":true,"href":"https:\/\/lesvolcansnews.net\/index.php?rest_route=%2Fwp%2Fv2%2Fcomments&post=72572"}],"version-history":[{"count":4,"href":"https:\/\/lesvolcansnews.net\/index.php?rest_route=\/wp\/v2\/posts\/72572\/revisions"}],"predecessor-version":[{"id":72576,"href":"https:\/\/lesvolcansnews.net\/index.php?rest_route=\/wp\/v2\/posts\/72572\/revisions\/72576"}],"wp:featuredmedia":[{"embeddable":true,"href":"https:\/\/lesvolcansnews.net\/index.php?rest_route=\/wp\/v2\/media\/72452"}],"wp:attachment":[{"href":"https:\/\/lesvolcansnews.net\/index.php?rest_route=%2Fwp%2Fv2%2Fmedia&parent=72572"}],"wp:term":[{"taxonomy":"category","embeddable":true,"href":"https:\/\/lesvolcansnews.net\/index.php?rest_route=%2Fwp%2Fv2%2Fcategories&post=72572"},{"taxonomy":"post_tag","embeddable":true,"href":"https:\/\/lesvolcansnews.net\/index.php?rest_route=%2Fwp%2Fv2%2Ftags&post=72572"}],"curies":[{"name":"wp","href":"https:\/\/api.w.org\/{rel}","templated":true}]}}