{"id":72560,"date":"2026-02-11T08:40:58","date_gmt":"2026-02-11T06:40:58","guid":{"rendered":"https:\/\/lesvolcansnews.net\/?p=72560"},"modified":"2026-02-11T08:40:58","modified_gmt":"2026-02-11T06:40:58","slug":"indaba-le-japon-annonce-35-milliards-usd-pour-soutenir-les-investissements-miniers-en-rdc","status":"publish","type":"post","link":"https:\/\/lesvolcansnews.net\/?p=72560","title":{"rendered":"Indaba : le Japon annonce 3,5 milliards USD pour soutenir les investissements miniers en RDC"},"content":{"rendered":"<p><strong>En marge du forum Mining Indaba \u00e0 Cape Town, en Afrique du Sud, Son Excellence Monsieur le Ministre des Mines, Louis Kabamba Watum, a men\u00e9 une intense activit\u00e9 diplomatique et strat\u00e9gique qui porte d\u00e9j\u00e0 des retomb\u00e9es majeures pour la R\u00e9publique d\u00e9mocratique du Congo.<\/strong><\/p>\n<p>Le mardi 10 f\u00e9vrier, le Ministre a successivement re\u00e7u plusieurs d\u00e9l\u00e9gations internationales de haut niveau, confirmant ainsi l\u2019attractivit\u00e9 croissante du secteur minier congolais et la cr\u00e9dibilit\u00e9 retrouv\u00e9e de la RDC sur la sc\u00e8ne internationale.<\/p>\n<p>Parmi les avanc\u00e9es notables, la rencontre avec la d\u00e9l\u00e9gation japonaise conduite par le Vice-ministre de la Coop\u00e9ration internationale a marqu\u00e9 une \u00e9tape importante. Cette derni\u00e8re a annonc\u00e9 la mise \u00e0 disposition d\u2019un investissement de 3,5 milliards de dollars am\u00e9ricains en soutien aux entreprises japonaises d\u00e9sireuses d\u2019investir en RDC dans le secteur minier. Cet engagement financier t\u00e9moigne de la confiance des partenaires internationaux dans les r\u00e9formes engag\u00e9es par le Gouvernement congolais.<\/p>\n<p>Le Ministre des Mines a \u00e9galement \u00e9chang\u00e9 avec la d\u00e9l\u00e9gation de l\u2019Union europ\u00e9enne autour des enjeux strat\u00e9giques li\u00e9s \u00e0 la transformation locale des minerais, au d\u00e9veloppement des cha\u00eenes de valeur, aux minerais critiques, \u00e0 la digitalisation des donn\u00e9es mini\u00e8res, ainsi qu\u2019\u00e0 l\u2019extension du projet Umicore\u2013STL, un projet structurant pour l\u2019industrialisation du secteur.<\/p>\n<p>\u00c0 travers ces \u00e9changes, Son Excellence Monsieur le Ministre des Mines a r\u00e9affirm\u00e9 la vision de Son Excellence Monsieur le Pr\u00e9sident de la R\u00e9publique, F\u00e9lix Antoine Tshisekedi Tshilombo, mise en \u0153uvre sous la conduite de Madame la Premi\u00e8re Ministre, Judith Suminwa Tuluka. Cette vision place la cr\u00e9ation de valeur ajout\u00e9e locale au c\u0153ur de la politique mini\u00e8re nationale, avec pour objectifs la transformation des minerais sur le sol congolais, la cr\u00e9ation massive d\u2019emplois et l\u2019acc\u00e9l\u00e9ration du d\u00e9veloppement \u00e9conomique du pays.<\/p>\n<p>Le travail abattu par le Ministre des Mines \u00e0 Indaba illustre une nouvelle dynamique de gouvernance mini\u00e8re, fond\u00e9e sur la diplomatie \u00e9conomique, la d\u00e9fense des int\u00e9r\u00eats nationaux et la construction de partenariats gagnant-gagnant. Il s\u2019agit d\u2019un signal fort envoy\u00e9 tant aux partenaires internationaux qu\u2019\u00e0 l\u2019opinion nationale : la RDC ne se contente plus d\u2019exporter ses ressources brutes, elle b\u00e2tit les bases d\u2019une \u00e9conomie mini\u00e8re souveraine, industrielle et cr\u00e9atrice de richesses pour son peuple.<\/p>\n<p>R\u00e9daction <\/p>\n","protected":false},"excerpt":{"rendered":"<p>En marge du forum Mining Indaba \u00e0 Cape Town, en Afrique du Sud, Son Excellence Monsieur le Ministre des Mines, Louis Kabamba Watum, a men\u00e9 une intense activit\u00e9 diplomatique et<\/p>\n","protected":false},"author":14,"featured_media":72562,"comment_status":"open","ping_status":"open","sticky":false,"template":"","format":"standard","meta":{"footnotes":""},"categories":[1,63],"tags":[],"class_list":["post-72560","post","type-post","status-publish","format-standard","has-post-thumbnail","hentry","category-actualite","category-mines"],"yoast_head":"<!-- This site is optimized with the Yoast SEO plugin v27.3 - https:\/\/yoast.com\/product\/yoast-seo-wordpress\/ -->\n<title>Indaba : le Japon annonce 3,5 milliards USD pour soutenir les investissements miniers en RDC - LES VOLCANS NEWS<\/title>\n<meta name=\"robots\" content=\"index, follow, max-snippet:-1, max-image-preview:large, max-video-preview:-1\" \/>\n<link rel=\"canonical\" href=\"https:\/\/lesvolcansnews.net\/?p=72560\" \/>\n<meta property=\"og:locale\" content=\"fr_FR\" \/>\n<meta property=\"og:type\" content=\"article\" \/>\n<meta property=\"og:title\" content=\"Indaba : le Japon annonce 3,5 milliards USD pour soutenir les investissements miniers en RDC - LES VOLCANS NEWS\" \/>\n<meta property=\"og:description\" content=\"En marge du forum Mining Indaba \u00e0 Cape Town, en Afrique du Sud, Son Excellence Monsieur le Ministre des Mines, Louis Kabamba Watum, a men\u00e9 une intense activit\u00e9 diplomatique et\" \/>\n<meta property=\"og:url\" content=\"https:\/\/lesvolcansnews.net\/?p=72560\" \/>\n<meta property=\"og:site_name\" content=\"LES VOLCANS NEWS\" \/>\n<meta property=\"article:published_time\" content=\"2026-02-11T06:40:58+00:00\" \/>\n<meta property=\"og:image\" content=\"https:\/\/lesvolcansnews.net\/wp-content\/uploads\/2026\/02\/IMG-20260211-WA0079.jpg\" \/>\n\t<meta property=\"og:image:width\" content=\"1080\" \/>\n\t<meta property=\"og:image:height\" content=\"720\" \/>\n\t<meta property=\"og:image:type\" content=\"image\/jpeg\" \/>\n<meta name=\"author\" content=\"R\u00e9daction - Les Volcans News\" \/>\n<meta name=\"twitter:card\" content=\"summary_large_image\" \/>\n<meta name=\"twitter:label1\" content=\"\u00c9crit par\" \/>\n\t<meta name=\"twitter:data1\" content=\"R\u00e9daction - Les Volcans News\" \/>\n\t<meta name=\"twitter:label2\" content=\"Dur\u00e9e de lecture estim\u00e9e\" \/>\n\t<meta name=\"twitter:data2\" content=\"2 minutes\" \/>\n<script type=\"application\/ld+json\" class=\"yoast-schema-graph\">{\"@context\":\"https:\\\/\\\/schema.org\",\"@graph\":[{\"@type\":\"Article\",\"@id\":\"https:\\\/\\\/lesvolcansnews.net\\\/?p=72560#article\",\"isPartOf\":{\"@id\":\"https:\\\/\\\/lesvolcansnews.net\\\/?p=72560\"},\"author\":{\"name\":\"R\u00e9daction - Les Volcans News\",\"@id\":\"https:\\\/\\\/lesvolcansnews.net\\\/#\\\/schema\\\/person\\\/82c8bed2e77879ecf6cca63441f57354\"},\"headline\":\"Indaba : le Japon annonce 3,5 milliards USD pour soutenir les investissements miniers en RDC\",\"datePublished\":\"2026-02-11T06:40:58+00:00\",\"mainEntityOfPage\":{\"@id\":\"https:\\\/\\\/lesvolcansnews.net\\\/?p=72560\"},\"wordCount\":424,\"commentCount\":0,\"image\":{\"@id\":\"https:\\\/\\\/lesvolcansnews.net\\\/?p=72560#primaryimage\"},\"thumbnailUrl\":\"https:\\\/\\\/lesvolcansnews.net\\\/wp-content\\\/uploads\\\/2026\\\/02\\\/IMG-20260211-WA0079.jpg\",\"articleSection\":[\"ACTUALIT\u00c9\",\"MINES\"],\"inLanguage\":\"fr-FR\",\"potentialAction\":[{\"@type\":\"CommentAction\",\"name\":\"Comment\",\"target\":[\"https:\\\/\\\/lesvolcansnews.net\\\/?p=72560#respond\"]}]},{\"@type\":\"WebPage\",\"@id\":\"https:\\\/\\\/lesvolcansnews.net\\\/?p=72560\",\"url\":\"https:\\\/\\\/lesvolcansnews.net\\\/?p=72560\",\"name\":\"Indaba : le Japon annonce 3,5 milliards USD pour soutenir les investissements miniers en RDC - LES VOLCANS NEWS\",\"isPartOf\":{\"@id\":\"https:\\\/\\\/lesvolcansnews.net\\\/#website\"},\"primaryImageOfPage\":{\"@id\":\"https:\\\/\\\/lesvolcansnews.net\\\/?p=72560#primaryimage\"},\"image\":{\"@id\":\"https:\\\/\\\/lesvolcansnews.net\\\/?p=72560#primaryimage\"},\"thumbnailUrl\":\"https:\\\/\\\/lesvolcansnews.net\\\/wp-content\\\/uploads\\\/2026\\\/02\\\/IMG-20260211-WA0079.jpg\",\"datePublished\":\"2026-02-11T06:40:58+00:00\",\"author\":{\"@id\":\"https:\\\/\\\/lesvolcansnews.net\\\/#\\\/schema\\\/person\\\/82c8bed2e77879ecf6cca63441f57354\"},\"breadcrumb\":{\"@id\":\"https:\\\/\\\/lesvolcansnews.net\\\/?p=72560#breadcrumb\"},\"inLanguage\":\"fr-FR\",\"potentialAction\":[{\"@type\":\"ReadAction\",\"target\":[\"https:\\\/\\\/lesvolcansnews.net\\\/?p=72560\"]}]},{\"@type\":\"ImageObject\",\"inLanguage\":\"fr-FR\",\"@id\":\"https:\\\/\\\/lesvolcansnews.net\\\/?p=72560#primaryimage\",\"url\":\"https:\\\/\\\/lesvolcansnews.net\\\/wp-content\\\/uploads\\\/2026\\\/02\\\/IMG-20260211-WA0079.jpg\",\"contentUrl\":\"https:\\\/\\\/lesvolcansnews.net\\\/wp-content\\\/uploads\\\/2026\\\/02\\\/IMG-20260211-WA0079.jpg\",\"width\":1080,\"height\":720},{\"@type\":\"BreadcrumbList\",\"@id\":\"https:\\\/\\\/lesvolcansnews.net\\\/?p=72560#breadcrumb\",\"itemListElement\":[{\"@type\":\"ListItem\",\"position\":1,\"name\":\"Accueil\",\"item\":\"https:\\\/\\\/lesvolcansnews.net\\\/\"},{\"@type\":\"ListItem\",\"position\":2,\"name\":\"Indaba : le Japon annonce 3,5 milliards USD pour soutenir les investissements miniers en RDC\"}]},{\"@type\":\"WebSite\",\"@id\":\"https:\\\/\\\/lesvolcansnews.net\\\/#website\",\"url\":\"https:\\\/\\\/lesvolcansnews.net\\\/\",\"name\":\"LES VOLCANS NEWS\",\"description\":\"L&#039;INFORMATION C&#039;EST NOUS\",\"potentialAction\":[{\"@type\":\"SearchAction\",\"target\":{\"@type\":\"EntryPoint\",\"urlTemplate\":\"https:\\\/\\\/lesvolcansnews.net\\\/?s={search_term_string}\"},\"query-input\":{\"@type\":\"PropertyValueSpecification\",\"valueRequired\":true,\"valueName\":\"search_term_string\"}}],\"inLanguage\":\"fr-FR\"},{\"@type\":\"Person\",\"@id\":\"https:\\\/\\\/lesvolcansnews.net\\\/#\\\/schema\\\/person\\\/82c8bed2e77879ecf6cca63441f57354\",\"name\":\"R\u00e9daction - Les Volcans News\",\"image\":{\"@type\":\"ImageObject\",\"inLanguage\":\"fr-FR\",\"@id\":\"https:\\\/\\\/secure.gravatar.com\\\/avatar\\\/8408942dd851e8a9c09f3d382a661bc05d2b3cd9002139bc1795b9528cdc6c80?s=96&d=mm&r=g\",\"url\":\"https:\\\/\\\/secure.gravatar.com\\\/avatar\\\/8408942dd851e8a9c09f3d382a661bc05d2b3cd9002139bc1795b9528cdc6c80?s=96&d=mm&r=g\",\"contentUrl\":\"https:\\\/\\\/secure.gravatar.com\\\/avatar\\\/8408942dd851e8a9c09f3d382a661bc05d2b3cd9002139bc1795b9528cdc6c80?s=96&d=mm&r=g\",\"caption\":\"R\u00e9daction - Les Volcans News\"},\"url\":\"https:\\\/\\\/lesvolcansnews.net\\\/?author=14\"}]}<\/script>\n<!-- \/ Yoast SEO plugin. -->","yoast_head_json":{"title":"Indaba : le Japon annonce 3,5 milliards USD pour soutenir les investissements miniers en RDC - LES VOLCANS NEWS","robots":{"index":"index","follow":"follow","max-snippet":"max-snippet:-1","max-image-preview":"max-image-preview:large","max-video-preview":"max-video-preview:-1"},"canonical":"https:\/\/lesvolcansnews.net\/?p=72560","og_locale":"fr_FR","og_type":"article","og_title":"Indaba : le Japon annonce 3,5 milliards USD pour soutenir les investissements miniers en RDC - LES VOLCANS NEWS","og_description":"En marge du forum Mining Indaba \u00e0 Cape Town, en Afrique du Sud, Son Excellence Monsieur le Ministre des Mines, Louis Kabamba Watum, a men\u00e9 une intense activit\u00e9 diplomatique et","og_url":"https:\/\/lesvolcansnews.net\/?p=72560","og_site_name":"LES VOLCANS NEWS","article_published_time":"2026-02-11T06:40:58+00:00","og_image":[{"width":1080,"height":720,"url":"https:\/\/lesvolcansnews.net\/wp-content\/uploads\/2026\/02\/IMG-20260211-WA0079.jpg","type":"image\/jpeg"}],"author":"R\u00e9daction - Les Volcans News","twitter_card":"summary_large_image","twitter_misc":{"\u00c9crit par":"R\u00e9daction - Les Volcans News","Dur\u00e9e de lecture estim\u00e9e":"2 minutes"},"schema":{"@context":"https:\/\/schema.org","@graph":[{"@type":"Article","@id":"https:\/\/lesvolcansnews.net\/?p=72560#article","isPartOf":{"@id":"https:\/\/lesvolcansnews.net\/?p=72560"},"author":{"name":"R\u00e9daction - Les Volcans News","@id":"https:\/\/lesvolcansnews.net\/#\/schema\/person\/82c8bed2e77879ecf6cca63441f57354"},"headline":"Indaba : le Japon annonce 3,5 milliards USD pour soutenir les investissements miniers en RDC","datePublished":"2026-02-11T06:40:58+00:00","mainEntityOfPage":{"@id":"https:\/\/lesvolcansnews.net\/?p=72560"},"wordCount":424,"commentCount":0,"image":{"@id":"https:\/\/lesvolcansnews.net\/?p=72560#primaryimage"},"thumbnailUrl":"https:\/\/lesvolcansnews.net\/wp-content\/uploads\/2026\/02\/IMG-20260211-WA0079.jpg","articleSection":["ACTUALIT\u00c9","MINES"],"inLanguage":"fr-FR","potentialAction":[{"@type":"CommentAction","name":"Comment","target":["https:\/\/lesvolcansnews.net\/?p=72560#respond"]}]},{"@type":"WebPage","@id":"https:\/\/lesvolcansnews.net\/?p=72560","url":"https:\/\/lesvolcansnews.net\/?p=72560","name":"Indaba : le Japon annonce 3,5 milliards USD pour soutenir les investissements miniers en RDC - LES VOLCANS NEWS","isPartOf":{"@id":"https:\/\/lesvolcansnews.net\/#website"},"primaryImageOfPage":{"@id":"https:\/\/lesvolcansnews.net\/?p=72560#primaryimage"},"image":{"@id":"https:\/\/lesvolcansnews.net\/?p=72560#primaryimage"},"thumbnailUrl":"https:\/\/lesvolcansnews.net\/wp-content\/uploads\/2026\/02\/IMG-20260211-WA0079.jpg","datePublished":"2026-02-11T06:40:58+00:00","author":{"@id":"https:\/\/lesvolcansnews.net\/#\/schema\/person\/82c8bed2e77879ecf6cca63441f57354"},"breadcrumb":{"@id":"https:\/\/lesvolcansnews.net\/?p=72560#breadcrumb"},"inLanguage":"fr-FR","potentialAction":[{"@type":"ReadAction","target":["https:\/\/lesvolcansnews.net\/?p=72560"]}]},{"@type":"ImageObject","inLanguage":"fr-FR","@id":"https:\/\/lesvolcansnews.net\/?p=72560#primaryimage","url":"https:\/\/lesvolcansnews.net\/wp-content\/uploads\/2026\/02\/IMG-20260211-WA0079.jpg","contentUrl":"https:\/\/lesvolcansnews.net\/wp-content\/uploads\/2026\/02\/IMG-20260211-WA0079.jpg","width":1080,"height":720},{"@type":"BreadcrumbList","@id":"https:\/\/lesvolcansnews.net\/?p=72560#breadcrumb","itemListElement":[{"@type":"ListItem","position":1,"name":"Accueil","item":"https:\/\/lesvolcansnews.net\/"},{"@type":"ListItem","position":2,"name":"Indaba : le Japon annonce 3,5 milliards USD pour soutenir les investissements miniers en RDC"}]},{"@type":"WebSite","@id":"https:\/\/lesvolcansnews.net\/#website","url":"https:\/\/lesvolcansnews.net\/","name":"LES VOLCANS NEWS","description":"L&#039;INFORMATION C&#039;EST NOUS","potentialAction":[{"@type":"SearchAction","target":{"@type":"EntryPoint","urlTemplate":"https:\/\/lesvolcansnews.net\/?s={search_term_string}"},"query-input":{"@type":"PropertyValueSpecification","valueRequired":true,"valueName":"search_term_string"}}],"inLanguage":"fr-FR"},{"@type":"Person","@id":"https:\/\/lesvolcansnews.net\/#\/schema\/person\/82c8bed2e77879ecf6cca63441f57354","name":"R\u00e9daction - Les Volcans News","image":{"@type":"ImageObject","inLanguage":"fr-FR","@id":"https:\/\/secure.gravatar.com\/avatar\/8408942dd851e8a9c09f3d382a661bc05d2b3cd9002139bc1795b9528cdc6c80?s=96&d=mm&r=g","url":"https:\/\/secure.gravatar.com\/avatar\/8408942dd851e8a9c09f3d382a661bc05d2b3cd9002139bc1795b9528cdc6c80?s=96&d=mm&r=g","contentUrl":"https:\/\/secure.gravatar.com\/avatar\/8408942dd851e8a9c09f3d382a661bc05d2b3cd9002139bc1795b9528cdc6c80?s=96&d=mm&r=g","caption":"R\u00e9daction - Les Volcans News"},"url":"https:\/\/lesvolcansnews.net\/?author=14"}]}},"_links":{"self":[{"href":"https:\/\/lesvolcansnews.net\/index.php?rest_route=\/wp\/v2\/posts\/72560","targetHints":{"allow":["GET"]}}],"collection":[{"href":"https:\/\/lesvolcansnews.net\/index.php?rest_route=\/wp\/v2\/posts"}],"about":[{"href":"https:\/\/lesvolcansnews.net\/index.php?rest_route=\/wp\/v2\/types\/post"}],"author":[{"embeddable":true,"href":"https:\/\/lesvolcansnews.net\/index.php?rest_route=\/wp\/v2\/users\/14"}],"replies":[{"embeddable":true,"href":"https:\/\/lesvolcansnews.net\/index.php?rest_route=%2Fwp%2Fv2%2Fcomments&post=72560"}],"version-history":[{"count":1,"href":"https:\/\/lesvolcansnews.net\/index.php?rest_route=\/wp\/v2\/posts\/72560\/revisions"}],"predecessor-version":[{"id":72561,"href":"https:\/\/lesvolcansnews.net\/index.php?rest_route=\/wp\/v2\/posts\/72560\/revisions\/72561"}],"wp:featuredmedia":[{"embeddable":true,"href":"https:\/\/lesvolcansnews.net\/index.php?rest_route=\/wp\/v2\/media\/72562"}],"wp:attachment":[{"href":"https:\/\/lesvolcansnews.net\/index.php?rest_route=%2Fwp%2Fv2%2Fmedia&parent=72560"}],"wp:term":[{"taxonomy":"category","embeddable":true,"href":"https:\/\/lesvolcansnews.net\/index.php?rest_route=%2Fwp%2Fv2%2Fcategories&post=72560"},{"taxonomy":"post_tag","embeddable":true,"href":"https:\/\/lesvolcansnews.net\/index.php?rest_route=%2Fwp%2Fv2%2Ftags&post=72560"}],"curies":[{"name":"wp","href":"https:\/\/api.w.org\/{rel}","templated":true}]}}