{"id":72469,"date":"2026-02-05T17:33:09","date_gmt":"2026-02-05T15:33:09","guid":{"rendered":"https:\/\/lesvolcansnews.net\/?p=72469"},"modified":"2026-02-05T17:33:09","modified_gmt":"2026-02-05T15:33:09","slug":"ituri-un-cadre-de-la-societe-civile-tue-a-djugu-des-forces-vives-exigent-justice","status":"publish","type":"post","link":"https:\/\/lesvolcansnews.net\/?p=72469","title":{"rendered":"Ituri : un cadre de la soci\u00e9t\u00e9 civile tu\u00e9 \u00e0 Djugu, des forces vives exigent \u00ab justice \u00bb"},"content":{"rendered":"<p><strong>Le pr\u00e9sident de la soci\u00e9t\u00e9 civile de la chefferie de Bahema Badjere, \u00e0 80 kilom\u00e8tres au nord de Bunia, en territoire de Djugu a \u00e9t\u00e9 assassin\u00e9 la nuit du 04 au 05 f\u00e9vrier 2026. Son corps sans souffle de vie a \u00e9t\u00e9 retrouv\u00e9 dans sa parcelle ce 05 f\u00e9vrier au lendemain des affrontements entre l&#8217;arm\u00e9e et la CRP \u00e0 Bule, la veille.<\/strong><\/p>\n<p>Jusqu&#8217;\u00e0 pr\u00e9sent, l&#8217;on ne sait identifier l&#8217;auteur de cet acte d&#8217;assassinat de ce cadre des forces vives \u00e0 Djugu mais plusieurs hypoth\u00e8ses parleraient d&#8217;un meurtre orchestr\u00e9 par des \u00e9l\u00e9ments CRP car la victime D\u00e9sir\u00e9 Malondra a \u00e9t\u00e9 parmi les leaders communautaires a avoir refus\u00e9 le recrutement des jeunes de Bule dans cette milice que l&#8217;arm\u00e9e attribue affectueusement \u00e0 Thomas Lubanga, pourtant ancien de la CPI. <\/p>\n<p>Richard Dheda, chef de la chefferie de Bahema Badjere, parle d&#8217;une grande perte et appelle les autorit\u00e9s militaires \u00e0 vite agir pour r\u00e9tablir la s\u00e9curit\u00e9 dans la zone de Bule et environs pour permettre la reprise des activit\u00e9s scolaires et \u00e9conomiques paralys\u00e9es depuis presque 2 mois.<\/p>\n<p>Face \u00e0 ce crime touchant son collaborateur, la coordination provinciale de la soci\u00e9t\u00e9 civile de l&#8217;Ituri exige l&#8217;ouverture imm\u00e9diate d&#8217;une enqu\u00eate ind\u00e9pendante suite \u00e0 l&#8217;assassinat de Malo Dra D\u00e9sir\u00e9, pr\u00e9sident de la soci\u00e9t\u00e9 civile de la chefferie des Bahema Badjere, et \u00e0 l&#8217;enl\u00e8vement du pr\u00e9sident de la F\u00e9d\u00e9ration des entreprises du Congo \u00e0 Bule. <\/p>\n<p>Dans une d\u00e9claration faite \u00e0 la presse ce 05 f\u00e9vrier, cette structure citoyenne pr\u00e9cise que Malo Dra a \u00e9t\u00e9 abattu le 4 f\u00e9vrier lors des heures vesperales et son corps a \u00e9t\u00e9 juste d\u00e9pos\u00e9 dans sa r\u00e9sidence.<\/p>\n<p>La soci\u00e9t\u00e9 civile appelle \u00e9galement la communaut\u00e9 internationale \u00e0 s&#8217;impliquer pour garantir l&#8217;aboutissement de l&#8217;enqu\u00eate et la protection des acteurs civils locaux. <\/p>\n<p>Cet assassinat vient prouver encore un degr\u00e9 de la situation s\u00e9curitaire qui semble ne pas \u00eatre bonne en territoire de Djugu malgr\u00e9 l&#8217;accalmie observ\u00e9e pendant pr\u00e8s de 4 mois.<\/p>\n<p>R\u00e9daction<\/p>\n","protected":false},"excerpt":{"rendered":"<p>Le pr\u00e9sident de la soci\u00e9t\u00e9 civile de la chefferie de Bahema Badjere, \u00e0 80 kilom\u00e8tres au nord de Bunia, en territoire de Djugu a \u00e9t\u00e9 assassin\u00e9 la nuit du 04<\/p>\n","protected":false},"author":14,"featured_media":72471,"comment_status":"open","ping_status":"open","sticky":false,"template":"","format":"standard","meta":{"footnotes":""},"categories":[1,32],"tags":[],"class_list":["post-72469","post","type-post","status-publish","format-standard","has-post-thumbnail","hentry","category-actualite","category-securite"],"yoast_head":"<!-- This site is optimized with the Yoast SEO plugin v27.5 - https:\/\/yoast.com\/product\/yoast-seo-wordpress\/ -->\n<title>Ituri : un cadre de la soci\u00e9t\u00e9 civile tu\u00e9 \u00e0 Djugu, des forces vives exigent \u00ab justice \u00bb - LES VOLCANS NEWS<\/title>\n<meta name=\"robots\" content=\"index, follow, max-snippet:-1, max-image-preview:large, max-video-preview:-1\" \/>\n<link rel=\"canonical\" href=\"https:\/\/lesvolcansnews.net\/?p=72469\" \/>\n<meta property=\"og:locale\" content=\"fr_FR\" \/>\n<meta property=\"og:type\" content=\"article\" \/>\n<meta property=\"og:title\" content=\"Ituri : un cadre de la soci\u00e9t\u00e9 civile tu\u00e9 \u00e0 Djugu, des forces vives exigent \u00ab justice \u00bb - LES VOLCANS NEWS\" \/>\n<meta property=\"og:description\" content=\"Le pr\u00e9sident de la soci\u00e9t\u00e9 civile de la chefferie de Bahema Badjere, \u00e0 80 kilom\u00e8tres au nord de Bunia, en territoire de Djugu a \u00e9t\u00e9 assassin\u00e9 la nuit du 04\" \/>\n<meta property=\"og:url\" content=\"https:\/\/lesvolcansnews.net\/?p=72469\" \/>\n<meta property=\"og:site_name\" content=\"LES VOLCANS NEWS\" \/>\n<meta property=\"article:published_time\" content=\"2026-02-05T15:33:09+00:00\" \/>\n<meta property=\"og:image\" content=\"https:\/\/lesvolcansnews.net\/wp-content\/uploads\/2026\/02\/IMG-20260205-WA0165.jpg\" \/>\n\t<meta property=\"og:image:width\" content=\"960\" \/>\n\t<meta property=\"og:image:height\" content=\"1280\" \/>\n\t<meta property=\"og:image:type\" content=\"image\/jpeg\" \/>\n<meta name=\"author\" content=\"R\u00e9daction - Les Volcans News\" \/>\n<meta name=\"twitter:card\" content=\"summary_large_image\" \/>\n<meta name=\"twitter:label1\" content=\"\u00c9crit par\" \/>\n\t<meta name=\"twitter:data1\" content=\"R\u00e9daction - Les Volcans News\" \/>\n\t<meta name=\"twitter:label2\" content=\"Dur\u00e9e de lecture estim\u00e9e\" \/>\n\t<meta name=\"twitter:data2\" content=\"2 minutes\" \/>\n<script type=\"application\/ld+json\" class=\"yoast-schema-graph\">{\"@context\":\"https:\\\/\\\/schema.org\",\"@graph\":[{\"@type\":\"Article\",\"@id\":\"https:\\\/\\\/lesvolcansnews.net\\\/?p=72469#article\",\"isPartOf\":{\"@id\":\"https:\\\/\\\/lesvolcansnews.net\\\/?p=72469\"},\"author\":{\"name\":\"R\u00e9daction - Les Volcans News\",\"@id\":\"https:\\\/\\\/lesvolcansnews.net\\\/#\\\/schema\\\/person\\\/82c8bed2e77879ecf6cca63441f57354\"},\"headline\":\"Ituri : un cadre de la soci\u00e9t\u00e9 civile tu\u00e9 \u00e0 Djugu, des forces vives exigent \u00ab justice \u00bb\",\"datePublished\":\"2026-02-05T15:33:09+00:00\",\"mainEntityOfPage\":{\"@id\":\"https:\\\/\\\/lesvolcansnews.net\\\/?p=72469\"},\"wordCount\":366,\"commentCount\":0,\"image\":{\"@id\":\"https:\\\/\\\/lesvolcansnews.net\\\/?p=72469#primaryimage\"},\"thumbnailUrl\":\"https:\\\/\\\/lesvolcansnews.net\\\/wp-content\\\/uploads\\\/2026\\\/02\\\/IMG-20260205-WA0165.jpg\",\"articleSection\":[\"ACTUALIT\u00c9\",\"S\u00c9CURIT\u00c9\"],\"inLanguage\":\"fr-FR\",\"potentialAction\":[{\"@type\":\"CommentAction\",\"name\":\"Comment\",\"target\":[\"https:\\\/\\\/lesvolcansnews.net\\\/?p=72469#respond\"]}]},{\"@type\":\"WebPage\",\"@id\":\"https:\\\/\\\/lesvolcansnews.net\\\/?p=72469\",\"url\":\"https:\\\/\\\/lesvolcansnews.net\\\/?p=72469\",\"name\":\"Ituri : un cadre de la soci\u00e9t\u00e9 civile tu\u00e9 \u00e0 Djugu, des forces vives exigent \u00ab justice \u00bb - LES VOLCANS NEWS\",\"isPartOf\":{\"@id\":\"https:\\\/\\\/lesvolcansnews.net\\\/#website\"},\"primaryImageOfPage\":{\"@id\":\"https:\\\/\\\/lesvolcansnews.net\\\/?p=72469#primaryimage\"},\"image\":{\"@id\":\"https:\\\/\\\/lesvolcansnews.net\\\/?p=72469#primaryimage\"},\"thumbnailUrl\":\"https:\\\/\\\/lesvolcansnews.net\\\/wp-content\\\/uploads\\\/2026\\\/02\\\/IMG-20260205-WA0165.jpg\",\"datePublished\":\"2026-02-05T15:33:09+00:00\",\"author\":{\"@id\":\"https:\\\/\\\/lesvolcansnews.net\\\/#\\\/schema\\\/person\\\/82c8bed2e77879ecf6cca63441f57354\"},\"breadcrumb\":{\"@id\":\"https:\\\/\\\/lesvolcansnews.net\\\/?p=72469#breadcrumb\"},\"inLanguage\":\"fr-FR\",\"potentialAction\":[{\"@type\":\"ReadAction\",\"target\":[\"https:\\\/\\\/lesvolcansnews.net\\\/?p=72469\"]}]},{\"@type\":\"ImageObject\",\"inLanguage\":\"fr-FR\",\"@id\":\"https:\\\/\\\/lesvolcansnews.net\\\/?p=72469#primaryimage\",\"url\":\"https:\\\/\\\/lesvolcansnews.net\\\/wp-content\\\/uploads\\\/2026\\\/02\\\/IMG-20260205-WA0165.jpg\",\"contentUrl\":\"https:\\\/\\\/lesvolcansnews.net\\\/wp-content\\\/uploads\\\/2026\\\/02\\\/IMG-20260205-WA0165.jpg\",\"width\":960,\"height\":1280},{\"@type\":\"BreadcrumbList\",\"@id\":\"https:\\\/\\\/lesvolcansnews.net\\\/?p=72469#breadcrumb\",\"itemListElement\":[{\"@type\":\"ListItem\",\"position\":1,\"name\":\"Accueil\",\"item\":\"https:\\\/\\\/lesvolcansnews.net\\\/\"},{\"@type\":\"ListItem\",\"position\":2,\"name\":\"Ituri : un cadre de la soci\u00e9t\u00e9 civile tu\u00e9 \u00e0 Djugu, des forces vives exigent \u00ab justice \u00bb\"}]},{\"@type\":\"WebSite\",\"@id\":\"https:\\\/\\\/lesvolcansnews.net\\\/#website\",\"url\":\"https:\\\/\\\/lesvolcansnews.net\\\/\",\"name\":\"LES VOLCANS NEWS\",\"description\":\"L&#039;INFORMATION C&#039;EST NOUS\",\"potentialAction\":[{\"@type\":\"SearchAction\",\"target\":{\"@type\":\"EntryPoint\",\"urlTemplate\":\"https:\\\/\\\/lesvolcansnews.net\\\/?s={search_term_string}\"},\"query-input\":{\"@type\":\"PropertyValueSpecification\",\"valueRequired\":true,\"valueName\":\"search_term_string\"}}],\"inLanguage\":\"fr-FR\"},{\"@type\":\"Person\",\"@id\":\"https:\\\/\\\/lesvolcansnews.net\\\/#\\\/schema\\\/person\\\/82c8bed2e77879ecf6cca63441f57354\",\"name\":\"R\u00e9daction - Les Volcans News\",\"image\":{\"@type\":\"ImageObject\",\"inLanguage\":\"fr-FR\",\"@id\":\"https:\\\/\\\/secure.gravatar.com\\\/avatar\\\/8408942dd851e8a9c09f3d382a661bc05d2b3cd9002139bc1795b9528cdc6c80?s=96&d=mm&r=g\",\"url\":\"https:\\\/\\\/secure.gravatar.com\\\/avatar\\\/8408942dd851e8a9c09f3d382a661bc05d2b3cd9002139bc1795b9528cdc6c80?s=96&d=mm&r=g\",\"contentUrl\":\"https:\\\/\\\/secure.gravatar.com\\\/avatar\\\/8408942dd851e8a9c09f3d382a661bc05d2b3cd9002139bc1795b9528cdc6c80?s=96&d=mm&r=g\",\"caption\":\"R\u00e9daction - Les Volcans News\"},\"url\":\"https:\\\/\\\/lesvolcansnews.net\\\/?author=14\"}]}<\/script>\n<!-- \/ Yoast SEO plugin. -->","yoast_head_json":{"title":"Ituri : un cadre de la soci\u00e9t\u00e9 civile tu\u00e9 \u00e0 Djugu, des forces vives exigent \u00ab justice \u00bb - LES VOLCANS NEWS","robots":{"index":"index","follow":"follow","max-snippet":"max-snippet:-1","max-image-preview":"max-image-preview:large","max-video-preview":"max-video-preview:-1"},"canonical":"https:\/\/lesvolcansnews.net\/?p=72469","og_locale":"fr_FR","og_type":"article","og_title":"Ituri : un cadre de la soci\u00e9t\u00e9 civile tu\u00e9 \u00e0 Djugu, des forces vives exigent \u00ab justice \u00bb - LES VOLCANS NEWS","og_description":"Le pr\u00e9sident de la soci\u00e9t\u00e9 civile de la chefferie de Bahema Badjere, \u00e0 80 kilom\u00e8tres au nord de Bunia, en territoire de Djugu a \u00e9t\u00e9 assassin\u00e9 la nuit du 04","og_url":"https:\/\/lesvolcansnews.net\/?p=72469","og_site_name":"LES VOLCANS NEWS","article_published_time":"2026-02-05T15:33:09+00:00","og_image":[{"width":960,"height":1280,"url":"https:\/\/lesvolcansnews.net\/wp-content\/uploads\/2026\/02\/IMG-20260205-WA0165.jpg","type":"image\/jpeg"}],"author":"R\u00e9daction - Les Volcans News","twitter_card":"summary_large_image","twitter_misc":{"\u00c9crit par":"R\u00e9daction - Les Volcans News","Dur\u00e9e de lecture estim\u00e9e":"2 minutes"},"schema":{"@context":"https:\/\/schema.org","@graph":[{"@type":"Article","@id":"https:\/\/lesvolcansnews.net\/?p=72469#article","isPartOf":{"@id":"https:\/\/lesvolcansnews.net\/?p=72469"},"author":{"name":"R\u00e9daction - Les Volcans News","@id":"https:\/\/lesvolcansnews.net\/#\/schema\/person\/82c8bed2e77879ecf6cca63441f57354"},"headline":"Ituri : un cadre de la soci\u00e9t\u00e9 civile tu\u00e9 \u00e0 Djugu, des forces vives exigent \u00ab justice \u00bb","datePublished":"2026-02-05T15:33:09+00:00","mainEntityOfPage":{"@id":"https:\/\/lesvolcansnews.net\/?p=72469"},"wordCount":366,"commentCount":0,"image":{"@id":"https:\/\/lesvolcansnews.net\/?p=72469#primaryimage"},"thumbnailUrl":"https:\/\/lesvolcansnews.net\/wp-content\/uploads\/2026\/02\/IMG-20260205-WA0165.jpg","articleSection":["ACTUALIT\u00c9","S\u00c9CURIT\u00c9"],"inLanguage":"fr-FR","potentialAction":[{"@type":"CommentAction","name":"Comment","target":["https:\/\/lesvolcansnews.net\/?p=72469#respond"]}]},{"@type":"WebPage","@id":"https:\/\/lesvolcansnews.net\/?p=72469","url":"https:\/\/lesvolcansnews.net\/?p=72469","name":"Ituri : un cadre de la soci\u00e9t\u00e9 civile tu\u00e9 \u00e0 Djugu, des forces vives exigent \u00ab justice \u00bb - LES VOLCANS NEWS","isPartOf":{"@id":"https:\/\/lesvolcansnews.net\/#website"},"primaryImageOfPage":{"@id":"https:\/\/lesvolcansnews.net\/?p=72469#primaryimage"},"image":{"@id":"https:\/\/lesvolcansnews.net\/?p=72469#primaryimage"},"thumbnailUrl":"https:\/\/lesvolcansnews.net\/wp-content\/uploads\/2026\/02\/IMG-20260205-WA0165.jpg","datePublished":"2026-02-05T15:33:09+00:00","author":{"@id":"https:\/\/lesvolcansnews.net\/#\/schema\/person\/82c8bed2e77879ecf6cca63441f57354"},"breadcrumb":{"@id":"https:\/\/lesvolcansnews.net\/?p=72469#breadcrumb"},"inLanguage":"fr-FR","potentialAction":[{"@type":"ReadAction","target":["https:\/\/lesvolcansnews.net\/?p=72469"]}]},{"@type":"ImageObject","inLanguage":"fr-FR","@id":"https:\/\/lesvolcansnews.net\/?p=72469#primaryimage","url":"https:\/\/lesvolcansnews.net\/wp-content\/uploads\/2026\/02\/IMG-20260205-WA0165.jpg","contentUrl":"https:\/\/lesvolcansnews.net\/wp-content\/uploads\/2026\/02\/IMG-20260205-WA0165.jpg","width":960,"height":1280},{"@type":"BreadcrumbList","@id":"https:\/\/lesvolcansnews.net\/?p=72469#breadcrumb","itemListElement":[{"@type":"ListItem","position":1,"name":"Accueil","item":"https:\/\/lesvolcansnews.net\/"},{"@type":"ListItem","position":2,"name":"Ituri : un cadre de la soci\u00e9t\u00e9 civile tu\u00e9 \u00e0 Djugu, des forces vives exigent \u00ab justice \u00bb"}]},{"@type":"WebSite","@id":"https:\/\/lesvolcansnews.net\/#website","url":"https:\/\/lesvolcansnews.net\/","name":"LES VOLCANS NEWS","description":"L&#039;INFORMATION C&#039;EST NOUS","potentialAction":[{"@type":"SearchAction","target":{"@type":"EntryPoint","urlTemplate":"https:\/\/lesvolcansnews.net\/?s={search_term_string}"},"query-input":{"@type":"PropertyValueSpecification","valueRequired":true,"valueName":"search_term_string"}}],"inLanguage":"fr-FR"},{"@type":"Person","@id":"https:\/\/lesvolcansnews.net\/#\/schema\/person\/82c8bed2e77879ecf6cca63441f57354","name":"R\u00e9daction - Les Volcans News","image":{"@type":"ImageObject","inLanguage":"fr-FR","@id":"https:\/\/secure.gravatar.com\/avatar\/8408942dd851e8a9c09f3d382a661bc05d2b3cd9002139bc1795b9528cdc6c80?s=96&d=mm&r=g","url":"https:\/\/secure.gravatar.com\/avatar\/8408942dd851e8a9c09f3d382a661bc05d2b3cd9002139bc1795b9528cdc6c80?s=96&d=mm&r=g","contentUrl":"https:\/\/secure.gravatar.com\/avatar\/8408942dd851e8a9c09f3d382a661bc05d2b3cd9002139bc1795b9528cdc6c80?s=96&d=mm&r=g","caption":"R\u00e9daction - Les Volcans News"},"url":"https:\/\/lesvolcansnews.net\/?author=14"}]}},"_links":{"self":[{"href":"https:\/\/lesvolcansnews.net\/index.php?rest_route=\/wp\/v2\/posts\/72469","targetHints":{"allow":["GET"]}}],"collection":[{"href":"https:\/\/lesvolcansnews.net\/index.php?rest_route=\/wp\/v2\/posts"}],"about":[{"href":"https:\/\/lesvolcansnews.net\/index.php?rest_route=\/wp\/v2\/types\/post"}],"author":[{"embeddable":true,"href":"https:\/\/lesvolcansnews.net\/index.php?rest_route=\/wp\/v2\/users\/14"}],"replies":[{"embeddable":true,"href":"https:\/\/lesvolcansnews.net\/index.php?rest_route=%2Fwp%2Fv2%2Fcomments&post=72469"}],"version-history":[{"count":1,"href":"https:\/\/lesvolcansnews.net\/index.php?rest_route=\/wp\/v2\/posts\/72469\/revisions"}],"predecessor-version":[{"id":72470,"href":"https:\/\/lesvolcansnews.net\/index.php?rest_route=\/wp\/v2\/posts\/72469\/revisions\/72470"}],"wp:featuredmedia":[{"embeddable":true,"href":"https:\/\/lesvolcansnews.net\/index.php?rest_route=\/wp\/v2\/media\/72471"}],"wp:attachment":[{"href":"https:\/\/lesvolcansnews.net\/index.php?rest_route=%2Fwp%2Fv2%2Fmedia&parent=72469"}],"wp:term":[{"taxonomy":"category","embeddable":true,"href":"https:\/\/lesvolcansnews.net\/index.php?rest_route=%2Fwp%2Fv2%2Fcategories&post=72469"},{"taxonomy":"post_tag","embeddable":true,"href":"https:\/\/lesvolcansnews.net\/index.php?rest_route=%2Fwp%2Fv2%2Ftags&post=72469"}],"curies":[{"name":"wp","href":"https:\/\/api.w.org\/{rel}","templated":true}]}}