{"id":72427,"date":"2026-02-03T13:30:17","date_gmt":"2026-02-03T11:30:17","guid":{"rendered":"https:\/\/lesvolcansnews.net\/?p=72427"},"modified":"2026-02-03T13:30:17","modified_gmt":"2026-02-03T11:30:17","slug":"emirats-arabes-unis-rdc-un-accord-de-partenariat-economique-notamment-sur-les-mines-signe","status":"publish","type":"post","link":"https:\/\/lesvolcansnews.net\/?p=72427","title":{"rendered":"Emirats Arabes Unis-RDC : un accord de partenariat \u00e9conomique notamment sur les mines sign\u00e9"},"content":{"rendered":"<p><strong>Sous le leadership du Pr\u00e9sident de la R\u00e9publique, F\u00e9lix-Antoine Tshisekedi Tshilombo, la R\u00e9publique D\u00e9mocratique du Congo franchit une nouvelle \u00e9tape majeure dans sa strat\u00e9gie d\u2019industrialisation et de valorisation responsable de ses ressources naturelles.<\/strong><\/p>\n<p>Le 2 f\u00e9vrier 2026, le ministre des mines avec ses homologues du commerce ext\u00e9rieur, le VPM en charge des transports et voies de communication, ainsi que la Vice-ministre des Affaires \u00e9trang\u00e8res, a sign\u00e9 l\u2019accord de partenariat \u00e9conomique global (APEG) entre la RDC et les \u00c9mirats arabes unis, marquant une avanc\u00e9e strat\u00e9gique pour notre \u00e9conomie et, en particulier, pour le secteur minier.<\/p>\n<p>Cet accord structurant repose sur trois axes majeurs, dont un pilier d\u00e9di\u00e9 aux mines et \u00e0 la diplomatie \u00e9conomique, avec des impacts concrets :<br \/>\n&#8211; le renforcement de la tra\u00e7abilit\u00e9 des minerais, pour garantir des cha\u00eenes d\u2019approvisionnement responsables, transparentes et align\u00e9es sur les standards internationaux,<\/p>\n<p>&#8211; la s\u00e9curisation des cha\u00eenes de valeur mini\u00e8res, appuy\u00e9e par des investissements coordonn\u00e9s, afin d\u2019attirer des partenaires fiables et d\u2019accro\u00eetre la valeur ajout\u00e9e locale, <\/p>\n<p>&#8211; la promotion de la transformation locale, au c\u0153ur de notre politique mini\u00e8re nationale, pour positionner la RDC comme acteur industriel r\u00e9gional, au-del\u00e0 de son r\u00f4le traditionnel de producteur de mati\u00e8res premi\u00e8res,<\/p>\n<p>&#8211; une coop\u00e9ration institutionnelle renforc\u00e9e, notamment \u00e0 travers le partenariat entre l\u2019Acad\u00e9mie diplomatique de la RDC et l\u2019Acad\u00e9mie Anwar Gargash des \u00c9mirats arabes unis, favorisant le partage d\u2019expertise, la formation et la recherche.<\/p>\n<p>L\u2019APEG ouvre ainsi la voie \u00e0 une nouvelle g\u00e9n\u00e9ration de partenariats \u00e9quilibr\u00e9s, orient\u00e9s vers l\u2019industrialisation, la cr\u00e9ation d\u2019emplois et le d\u00e9veloppement durable du secteur minier congolais. Il traduit notre engagement \u00e0 b\u00e2tir une industrie mini\u00e8re moderne, transparente et cr\u00e9atrice de valeur, au service du peuple congolais et de nos partenaires internationaux.<\/p>\n<p><strong>R\u00e9daction<\/strong><\/p>\n","protected":false},"excerpt":{"rendered":"<p>Sous le leadership du Pr\u00e9sident de la R\u00e9publique, F\u00e9lix-Antoine Tshisekedi Tshilombo, la R\u00e9publique D\u00e9mocratique du Congo franchit une nouvelle \u00e9tape majeure dans sa strat\u00e9gie d\u2019industrialisation et de valorisation responsable de<\/p>\n","protected":false},"author":14,"featured_media":72428,"comment_status":"open","ping_status":"open","sticky":false,"template":"","format":"standard","meta":{"footnotes":""},"categories":[63],"tags":[],"class_list":["post-72427","post","type-post","status-publish","format-standard","has-post-thumbnail","hentry","category-mines"],"yoast_head":"<!-- This site is optimized with the Yoast SEO plugin v27.5 - https:\/\/yoast.com\/product\/yoast-seo-wordpress\/ -->\n<title>Emirats Arabes Unis-RDC : un accord de partenariat \u00e9conomique notamment sur les mines sign\u00e9 - LES VOLCANS NEWS<\/title>\n<meta name=\"robots\" content=\"index, follow, max-snippet:-1, max-image-preview:large, max-video-preview:-1\" \/>\n<link rel=\"canonical\" href=\"https:\/\/lesvolcansnews.net\/?p=72427\" \/>\n<meta property=\"og:locale\" content=\"fr_FR\" \/>\n<meta property=\"og:type\" content=\"article\" \/>\n<meta property=\"og:title\" content=\"Emirats Arabes Unis-RDC : un accord de partenariat \u00e9conomique notamment sur les mines sign\u00e9 - LES VOLCANS NEWS\" \/>\n<meta property=\"og:description\" content=\"Sous le leadership du Pr\u00e9sident de la R\u00e9publique, F\u00e9lix-Antoine Tshisekedi Tshilombo, la R\u00e9publique D\u00e9mocratique du Congo franchit une nouvelle \u00e9tape majeure dans sa strat\u00e9gie d\u2019industrialisation et de valorisation responsable de\" \/>\n<meta property=\"og:url\" content=\"https:\/\/lesvolcansnews.net\/?p=72427\" \/>\n<meta property=\"og:site_name\" content=\"LES VOLCANS NEWS\" \/>\n<meta property=\"article:published_time\" content=\"2026-02-03T11:30:17+00:00\" \/>\n<meta property=\"og:image\" content=\"https:\/\/lesvolcansnews.net\/wp-content\/uploads\/2026\/02\/IMG-20260203-WA0138.jpg\" \/>\n\t<meta property=\"og:image:width\" content=\"2560\" \/>\n\t<meta property=\"og:image:height\" content=\"1707\" \/>\n\t<meta property=\"og:image:type\" content=\"image\/jpeg\" \/>\n<meta name=\"author\" content=\"R\u00e9daction - Les Volcans News\" \/>\n<meta name=\"twitter:card\" content=\"summary_large_image\" \/>\n<meta name=\"twitter:label1\" content=\"\u00c9crit par\" \/>\n\t<meta name=\"twitter:data1\" content=\"R\u00e9daction - Les Volcans News\" \/>\n\t<meta name=\"twitter:label2\" content=\"Dur\u00e9e de lecture estim\u00e9e\" \/>\n\t<meta name=\"twitter:data2\" content=\"2 minutes\" \/>\n<script type=\"application\/ld+json\" class=\"yoast-schema-graph\">{\"@context\":\"https:\\\/\\\/schema.org\",\"@graph\":[{\"@type\":\"Article\",\"@id\":\"https:\\\/\\\/lesvolcansnews.net\\\/?p=72427#article\",\"isPartOf\":{\"@id\":\"https:\\\/\\\/lesvolcansnews.net\\\/?p=72427\"},\"author\":{\"name\":\"R\u00e9daction - Les Volcans News\",\"@id\":\"https:\\\/\\\/lesvolcansnews.net\\\/#\\\/schema\\\/person\\\/82c8bed2e77879ecf6cca63441f57354\"},\"headline\":\"Emirats Arabes Unis-RDC : un accord de partenariat \u00e9conomique notamment sur les mines sign\u00e9\",\"datePublished\":\"2026-02-03T11:30:17+00:00\",\"mainEntityOfPage\":{\"@id\":\"https:\\\/\\\/lesvolcansnews.net\\\/?p=72427\"},\"wordCount\":339,\"commentCount\":0,\"image\":{\"@id\":\"https:\\\/\\\/lesvolcansnews.net\\\/?p=72427#primaryimage\"},\"thumbnailUrl\":\"https:\\\/\\\/lesvolcansnews.net\\\/wp-content\\\/uploads\\\/2026\\\/02\\\/IMG-20260203-WA0138.jpg\",\"articleSection\":[\"MINES\"],\"inLanguage\":\"fr-FR\",\"potentialAction\":[{\"@type\":\"CommentAction\",\"name\":\"Comment\",\"target\":[\"https:\\\/\\\/lesvolcansnews.net\\\/?p=72427#respond\"]}]},{\"@type\":\"WebPage\",\"@id\":\"https:\\\/\\\/lesvolcansnews.net\\\/?p=72427\",\"url\":\"https:\\\/\\\/lesvolcansnews.net\\\/?p=72427\",\"name\":\"Emirats Arabes Unis-RDC : un accord de partenariat \u00e9conomique notamment sur les mines sign\u00e9 - LES VOLCANS NEWS\",\"isPartOf\":{\"@id\":\"https:\\\/\\\/lesvolcansnews.net\\\/#website\"},\"primaryImageOfPage\":{\"@id\":\"https:\\\/\\\/lesvolcansnews.net\\\/?p=72427#primaryimage\"},\"image\":{\"@id\":\"https:\\\/\\\/lesvolcansnews.net\\\/?p=72427#primaryimage\"},\"thumbnailUrl\":\"https:\\\/\\\/lesvolcansnews.net\\\/wp-content\\\/uploads\\\/2026\\\/02\\\/IMG-20260203-WA0138.jpg\",\"datePublished\":\"2026-02-03T11:30:17+00:00\",\"author\":{\"@id\":\"https:\\\/\\\/lesvolcansnews.net\\\/#\\\/schema\\\/person\\\/82c8bed2e77879ecf6cca63441f57354\"},\"breadcrumb\":{\"@id\":\"https:\\\/\\\/lesvolcansnews.net\\\/?p=72427#breadcrumb\"},\"inLanguage\":\"fr-FR\",\"potentialAction\":[{\"@type\":\"ReadAction\",\"target\":[\"https:\\\/\\\/lesvolcansnews.net\\\/?p=72427\"]}]},{\"@type\":\"ImageObject\",\"inLanguage\":\"fr-FR\",\"@id\":\"https:\\\/\\\/lesvolcansnews.net\\\/?p=72427#primaryimage\",\"url\":\"https:\\\/\\\/lesvolcansnews.net\\\/wp-content\\\/uploads\\\/2026\\\/02\\\/IMG-20260203-WA0138.jpg\",\"contentUrl\":\"https:\\\/\\\/lesvolcansnews.net\\\/wp-content\\\/uploads\\\/2026\\\/02\\\/IMG-20260203-WA0138.jpg\",\"width\":2560,\"height\":1707},{\"@type\":\"BreadcrumbList\",\"@id\":\"https:\\\/\\\/lesvolcansnews.net\\\/?p=72427#breadcrumb\",\"itemListElement\":[{\"@type\":\"ListItem\",\"position\":1,\"name\":\"Accueil\",\"item\":\"https:\\\/\\\/lesvolcansnews.net\\\/\"},{\"@type\":\"ListItem\",\"position\":2,\"name\":\"Emirats Arabes Unis-RDC : un accord de partenariat \u00e9conomique notamment sur les mines sign\u00e9\"}]},{\"@type\":\"WebSite\",\"@id\":\"https:\\\/\\\/lesvolcansnews.net\\\/#website\",\"url\":\"https:\\\/\\\/lesvolcansnews.net\\\/\",\"name\":\"LES VOLCANS NEWS\",\"description\":\"L&#039;INFORMATION C&#039;EST NOUS\",\"potentialAction\":[{\"@type\":\"SearchAction\",\"target\":{\"@type\":\"EntryPoint\",\"urlTemplate\":\"https:\\\/\\\/lesvolcansnews.net\\\/?s={search_term_string}\"},\"query-input\":{\"@type\":\"PropertyValueSpecification\",\"valueRequired\":true,\"valueName\":\"search_term_string\"}}],\"inLanguage\":\"fr-FR\"},{\"@type\":\"Person\",\"@id\":\"https:\\\/\\\/lesvolcansnews.net\\\/#\\\/schema\\\/person\\\/82c8bed2e77879ecf6cca63441f57354\",\"name\":\"R\u00e9daction - Les Volcans News\",\"image\":{\"@type\":\"ImageObject\",\"inLanguage\":\"fr-FR\",\"@id\":\"https:\\\/\\\/secure.gravatar.com\\\/avatar\\\/8408942dd851e8a9c09f3d382a661bc05d2b3cd9002139bc1795b9528cdc6c80?s=96&d=mm&r=g\",\"url\":\"https:\\\/\\\/secure.gravatar.com\\\/avatar\\\/8408942dd851e8a9c09f3d382a661bc05d2b3cd9002139bc1795b9528cdc6c80?s=96&d=mm&r=g\",\"contentUrl\":\"https:\\\/\\\/secure.gravatar.com\\\/avatar\\\/8408942dd851e8a9c09f3d382a661bc05d2b3cd9002139bc1795b9528cdc6c80?s=96&d=mm&r=g\",\"caption\":\"R\u00e9daction - Les Volcans News\"},\"url\":\"https:\\\/\\\/lesvolcansnews.net\\\/?author=14\"}]}<\/script>\n<!-- \/ Yoast SEO plugin. -->","yoast_head_json":{"title":"Emirats Arabes Unis-RDC : un accord de partenariat \u00e9conomique notamment sur les mines sign\u00e9 - LES VOLCANS NEWS","robots":{"index":"index","follow":"follow","max-snippet":"max-snippet:-1","max-image-preview":"max-image-preview:large","max-video-preview":"max-video-preview:-1"},"canonical":"https:\/\/lesvolcansnews.net\/?p=72427","og_locale":"fr_FR","og_type":"article","og_title":"Emirats Arabes Unis-RDC : un accord de partenariat \u00e9conomique notamment sur les mines sign\u00e9 - LES VOLCANS NEWS","og_description":"Sous le leadership du Pr\u00e9sident de la R\u00e9publique, F\u00e9lix-Antoine Tshisekedi Tshilombo, la R\u00e9publique D\u00e9mocratique du Congo franchit une nouvelle \u00e9tape majeure dans sa strat\u00e9gie d\u2019industrialisation et de valorisation responsable de","og_url":"https:\/\/lesvolcansnews.net\/?p=72427","og_site_name":"LES VOLCANS NEWS","article_published_time":"2026-02-03T11:30:17+00:00","og_image":[{"width":2560,"height":1707,"url":"https:\/\/lesvolcansnews.net\/wp-content\/uploads\/2026\/02\/IMG-20260203-WA0138.jpg","type":"image\/jpeg"}],"author":"R\u00e9daction - Les Volcans News","twitter_card":"summary_large_image","twitter_misc":{"\u00c9crit par":"R\u00e9daction - Les Volcans News","Dur\u00e9e de lecture estim\u00e9e":"2 minutes"},"schema":{"@context":"https:\/\/schema.org","@graph":[{"@type":"Article","@id":"https:\/\/lesvolcansnews.net\/?p=72427#article","isPartOf":{"@id":"https:\/\/lesvolcansnews.net\/?p=72427"},"author":{"name":"R\u00e9daction - Les Volcans News","@id":"https:\/\/lesvolcansnews.net\/#\/schema\/person\/82c8bed2e77879ecf6cca63441f57354"},"headline":"Emirats Arabes Unis-RDC : un accord de partenariat \u00e9conomique notamment sur les mines sign\u00e9","datePublished":"2026-02-03T11:30:17+00:00","mainEntityOfPage":{"@id":"https:\/\/lesvolcansnews.net\/?p=72427"},"wordCount":339,"commentCount":0,"image":{"@id":"https:\/\/lesvolcansnews.net\/?p=72427#primaryimage"},"thumbnailUrl":"https:\/\/lesvolcansnews.net\/wp-content\/uploads\/2026\/02\/IMG-20260203-WA0138.jpg","articleSection":["MINES"],"inLanguage":"fr-FR","potentialAction":[{"@type":"CommentAction","name":"Comment","target":["https:\/\/lesvolcansnews.net\/?p=72427#respond"]}]},{"@type":"WebPage","@id":"https:\/\/lesvolcansnews.net\/?p=72427","url":"https:\/\/lesvolcansnews.net\/?p=72427","name":"Emirats Arabes Unis-RDC : un accord de partenariat \u00e9conomique notamment sur les mines sign\u00e9 - LES VOLCANS NEWS","isPartOf":{"@id":"https:\/\/lesvolcansnews.net\/#website"},"primaryImageOfPage":{"@id":"https:\/\/lesvolcansnews.net\/?p=72427#primaryimage"},"image":{"@id":"https:\/\/lesvolcansnews.net\/?p=72427#primaryimage"},"thumbnailUrl":"https:\/\/lesvolcansnews.net\/wp-content\/uploads\/2026\/02\/IMG-20260203-WA0138.jpg","datePublished":"2026-02-03T11:30:17+00:00","author":{"@id":"https:\/\/lesvolcansnews.net\/#\/schema\/person\/82c8bed2e77879ecf6cca63441f57354"},"breadcrumb":{"@id":"https:\/\/lesvolcansnews.net\/?p=72427#breadcrumb"},"inLanguage":"fr-FR","potentialAction":[{"@type":"ReadAction","target":["https:\/\/lesvolcansnews.net\/?p=72427"]}]},{"@type":"ImageObject","inLanguage":"fr-FR","@id":"https:\/\/lesvolcansnews.net\/?p=72427#primaryimage","url":"https:\/\/lesvolcansnews.net\/wp-content\/uploads\/2026\/02\/IMG-20260203-WA0138.jpg","contentUrl":"https:\/\/lesvolcansnews.net\/wp-content\/uploads\/2026\/02\/IMG-20260203-WA0138.jpg","width":2560,"height":1707},{"@type":"BreadcrumbList","@id":"https:\/\/lesvolcansnews.net\/?p=72427#breadcrumb","itemListElement":[{"@type":"ListItem","position":1,"name":"Accueil","item":"https:\/\/lesvolcansnews.net\/"},{"@type":"ListItem","position":2,"name":"Emirats Arabes Unis-RDC : un accord de partenariat \u00e9conomique notamment sur les mines sign\u00e9"}]},{"@type":"WebSite","@id":"https:\/\/lesvolcansnews.net\/#website","url":"https:\/\/lesvolcansnews.net\/","name":"LES VOLCANS NEWS","description":"L&#039;INFORMATION C&#039;EST NOUS","potentialAction":[{"@type":"SearchAction","target":{"@type":"EntryPoint","urlTemplate":"https:\/\/lesvolcansnews.net\/?s={search_term_string}"},"query-input":{"@type":"PropertyValueSpecification","valueRequired":true,"valueName":"search_term_string"}}],"inLanguage":"fr-FR"},{"@type":"Person","@id":"https:\/\/lesvolcansnews.net\/#\/schema\/person\/82c8bed2e77879ecf6cca63441f57354","name":"R\u00e9daction - Les Volcans News","image":{"@type":"ImageObject","inLanguage":"fr-FR","@id":"https:\/\/secure.gravatar.com\/avatar\/8408942dd851e8a9c09f3d382a661bc05d2b3cd9002139bc1795b9528cdc6c80?s=96&d=mm&r=g","url":"https:\/\/secure.gravatar.com\/avatar\/8408942dd851e8a9c09f3d382a661bc05d2b3cd9002139bc1795b9528cdc6c80?s=96&d=mm&r=g","contentUrl":"https:\/\/secure.gravatar.com\/avatar\/8408942dd851e8a9c09f3d382a661bc05d2b3cd9002139bc1795b9528cdc6c80?s=96&d=mm&r=g","caption":"R\u00e9daction - Les Volcans News"},"url":"https:\/\/lesvolcansnews.net\/?author=14"}]}},"_links":{"self":[{"href":"https:\/\/lesvolcansnews.net\/index.php?rest_route=\/wp\/v2\/posts\/72427","targetHints":{"allow":["GET"]}}],"collection":[{"href":"https:\/\/lesvolcansnews.net\/index.php?rest_route=\/wp\/v2\/posts"}],"about":[{"href":"https:\/\/lesvolcansnews.net\/index.php?rest_route=\/wp\/v2\/types\/post"}],"author":[{"embeddable":true,"href":"https:\/\/lesvolcansnews.net\/index.php?rest_route=\/wp\/v2\/users\/14"}],"replies":[{"embeddable":true,"href":"https:\/\/lesvolcansnews.net\/index.php?rest_route=%2Fwp%2Fv2%2Fcomments&post=72427"}],"version-history":[{"count":1,"href":"https:\/\/lesvolcansnews.net\/index.php?rest_route=\/wp\/v2\/posts\/72427\/revisions"}],"predecessor-version":[{"id":72429,"href":"https:\/\/lesvolcansnews.net\/index.php?rest_route=\/wp\/v2\/posts\/72427\/revisions\/72429"}],"wp:featuredmedia":[{"embeddable":true,"href":"https:\/\/lesvolcansnews.net\/index.php?rest_route=\/wp\/v2\/media\/72428"}],"wp:attachment":[{"href":"https:\/\/lesvolcansnews.net\/index.php?rest_route=%2Fwp%2Fv2%2Fmedia&parent=72427"}],"wp:term":[{"taxonomy":"category","embeddable":true,"href":"https:\/\/lesvolcansnews.net\/index.php?rest_route=%2Fwp%2Fv2%2Fcategories&post=72427"},{"taxonomy":"post_tag","embeddable":true,"href":"https:\/\/lesvolcansnews.net\/index.php?rest_route=%2Fwp%2Fv2%2Ftags&post=72427"}],"curies":[{"name":"wp","href":"https:\/\/api.w.org\/{rel}","templated":true}]}}