{"id":72362,"date":"2026-01-31T14:15:13","date_gmt":"2026-01-31T12:15:13","guid":{"rendered":"https:\/\/lesvolcansnews.net\/?p=72362"},"modified":"2026-01-31T14:15:13","modified_gmt":"2026-01-31T12:15:13","slug":"rdc-tshisekedi-se-rendra-a-abou-dhabi-aux-emirats-arabes","status":"publish","type":"post","link":"https:\/\/lesvolcansnews.net\/?p=72362","title":{"rendered":"RDC: Tshisekedi se rendra \u00e0 Abou Dhabi, aux \u00c9mirats arabes"},"content":{"rendered":"<p>&nbsp;<\/p>\n<p><strong>Le pr\u00e9sident de la R\u00e9publique d\u00e9mocratique du Congo, F\u00e9lix Antoine Tshisekedi Tshilombo, se rendra dans les prochains jours \u00e0 Abou Dhabi, aux \u00c9mirats arabes unis (EAU), o\u00f9 il doit s\u2019entretenir avec son homologue \u00e9mirien, Mohamed bin Zayed Al Nahyan, ont indiqu\u00e9 des sources proches de la pr\u00e9sidence. Une \u00e9quipe d\u2019avance congolaise est d\u00e9j\u00e0 arriv\u00e9e sur place pour pr\u00e9parer cette visite officielle.<\/strong><\/p>\n<p>Selon les m\u00eames sources, une rencontre avec le pr\u00e9sident \u00e9mirien est programm\u00e9e, au cours de laquelle le chef de l\u2019\u00c9tat congolais, accompagn\u00e9 de plusieurs ministres, devrait superviser la signature de plusieurs protocoles d\u2019accord. Les discussions devraient porter en priorit\u00e9 sur le secteur minier, dans l\u2019objectif de sceller un partenariat strat\u00e9gique entre Kinshasa et Abou Dhabi.<\/p>\n<p>Les \u00c9mirats arabes unis sont per\u00e7us par les autorit\u00e9s congolaises comme l\u2019une des principales destinations de l\u2019or issu de la contrebande dans l\u2019est de la RDC, une r\u00e9alit\u00e9 que Kinshasa cherche \u00e0 encadrer par des accords de coop\u00e9ration formels et des m\u00e9canismes de tra\u00e7abilit\u00e9 renforc\u00e9s.<\/p>\n<p>Depuis son arriv\u00e9e au pouvoir en 2019, le pr\u00e9sident Tshisekedi s\u2019est employ\u00e9 \u00e0 consolider les relations bilat\u00e9rales avec les \u00c9mirats arabes unis, qu\u2019il visite r\u00e9guli\u00e8rement, y compris \u00e0 titre priv\u00e9. Les deux pays entretiennent une coop\u00e9ration croissante que les autorit\u00e9s des deux capitales souhaitent \u00e9largir \u00e0 plusieurs secteurs strat\u00e9giques.<\/p>\n<p>En novembre 2025, lors d\u2019une audience tenue \u00e0 la Cit\u00e9 de l\u2019Union africaine \u00e0 Kinshasa, F\u00e9lix Tshisekedi avait re\u00e7u Sheikh Shakhboot Nahyan Al Nahyan, ministre d\u2019\u00c9tat et ministre des Affaires \u00e9trang\u00e8res des \u00c9mirats arabes unis. Les \u00e9changes avaient alors port\u00e9 sur la coop\u00e9ration d\u2019\u00c9tat \u00e0 \u00c9tat, notamment dans les domaines minier, de l\u2019\u00e9change de renseignements financiers pour lutter contre le blanchiment d\u2019argent et le financement du terrorisme, ainsi que sur la collaboration entre les banques centrales des deux pays.<\/p>\n<p>Les deux parties avaient \u00e9galement \u00e9voqu\u00e9 la finalisation d\u2019un accord de libre-\u00e9change, avec l\u2019ambition de le conclure avant la fin de l\u2019ann\u00e9e, tout en notant une augmentation de 27 % des \u00e9changes commerciaux entre 2023 et 2025. La tenue d\u2019un forum \u00c9mirats\u2013RDC avait aussi \u00e9t\u00e9 envisag\u00e9e afin de promouvoir les projets congolais et de mobiliser des financements internationaux.<\/p>\n<p>La coop\u00e9ration bilat\u00e9rale s\u2019\u00e9tend par ailleurs aux infrastructures, avec des projets incluant la ratification d\u2019un accord de services a\u00e9riens, la construction de deux ports secs et de routes dans le corridor de Lobito par le groupe Abu Dhabi Ports, ainsi que des investissements annonc\u00e9s dans les ports de Matadi et de Boma. Une collaboration entre l\u2019Acad\u00e9mie diplomatique Anwar Gargash des \u00c9mirats arabes unis et l\u2019Acad\u00e9mie diplomatique congolaise figure \u00e9galement parmi les axes discut\u00e9s.<\/p>\n<p>En juillet 2023, le pr\u00e9sident Tshisekedi avait d\u00e9j\u00e0 salu\u00e9 la signature d\u2019un partenariat minier avec une d\u00e9l\u00e9gation \u00e9mirienne conduite par Sheikh Shakhboot Nahyan Al Nahyan. Cet accord, portant sur l\u2019exploitation de minerais avec la Soci\u00e9t\u00e9 aurif\u00e8re du Kivu et du Maniema (Sakima), est estim\u00e9 \u00e0 plus de 1,9 milliard de dollars et pr\u00e9voit la mise en place de plusieurs mines industrielles dans l\u2019est de la RDC.<\/p>\n<p>la r\u00e9daction<\/p>\n","protected":false},"excerpt":{"rendered":"<p>&nbsp; Le pr\u00e9sident de la R\u00e9publique d\u00e9mocratique du Congo, F\u00e9lix Antoine Tshisekedi Tshilombo, se rendra dans les prochains jours \u00e0 Abou Dhabi, aux \u00c9mirats arabes unis (EAU), o\u00f9 il doit<\/p>\n","protected":false},"author":14,"featured_media":72363,"comment_status":"open","ping_status":"open","sticky":false,"template":"","format":"standard","meta":{"footnotes":""},"categories":[1],"tags":[],"class_list":["post-72362","post","type-post","status-publish","format-standard","has-post-thumbnail","hentry","category-actualite"],"yoast_head":"<!-- This site is optimized with the Yoast SEO plugin v27.3 - https:\/\/yoast.com\/product\/yoast-seo-wordpress\/ -->\n<title>RDC: Tshisekedi se rendra \u00e0 Abou Dhabi, aux \u00c9mirats arabes - LES VOLCANS NEWS<\/title>\n<meta name=\"robots\" content=\"index, follow, max-snippet:-1, max-image-preview:large, max-video-preview:-1\" \/>\n<link rel=\"canonical\" href=\"https:\/\/lesvolcansnews.net\/?p=72362\" \/>\n<meta property=\"og:locale\" content=\"fr_FR\" \/>\n<meta property=\"og:type\" content=\"article\" \/>\n<meta property=\"og:title\" content=\"RDC: Tshisekedi se rendra \u00e0 Abou Dhabi, aux \u00c9mirats arabes - LES VOLCANS NEWS\" \/>\n<meta property=\"og:description\" content=\"&nbsp; Le pr\u00e9sident de la R\u00e9publique d\u00e9mocratique du Congo, F\u00e9lix Antoine Tshisekedi Tshilombo, se rendra dans les prochains jours \u00e0 Abou Dhabi, aux \u00c9mirats arabes unis (EAU), o\u00f9 il doit\" \/>\n<meta property=\"og:url\" content=\"https:\/\/lesvolcansnews.net\/?p=72362\" \/>\n<meta property=\"og:site_name\" content=\"LES VOLCANS NEWS\" \/>\n<meta property=\"article:published_time\" content=\"2026-01-31T12:15:13+00:00\" \/>\n<meta property=\"og:image\" content=\"https:\/\/lesvolcansnews.net\/wp-content\/uploads\/2026\/01\/Screenshot-2026-01-31-131432.png\" \/>\n\t<meta property=\"og:image:width\" content=\"672\" \/>\n\t<meta property=\"og:image:height\" content=\"439\" \/>\n\t<meta property=\"og:image:type\" content=\"image\/png\" \/>\n<meta name=\"author\" content=\"R\u00e9daction - Les Volcans News\" \/>\n<meta name=\"twitter:card\" content=\"summary_large_image\" \/>\n<meta name=\"twitter:label1\" content=\"\u00c9crit par\" \/>\n\t<meta name=\"twitter:data1\" content=\"R\u00e9daction - Les Volcans News\" \/>\n\t<meta name=\"twitter:label2\" content=\"Dur\u00e9e de lecture estim\u00e9e\" \/>\n\t<meta name=\"twitter:data2\" content=\"3 minutes\" \/>\n<script type=\"application\/ld+json\" class=\"yoast-schema-graph\">{\"@context\":\"https:\\\/\\\/schema.org\",\"@graph\":[{\"@type\":\"Article\",\"@id\":\"https:\\\/\\\/lesvolcansnews.net\\\/?p=72362#article\",\"isPartOf\":{\"@id\":\"https:\\\/\\\/lesvolcansnews.net\\\/?p=72362\"},\"author\":{\"name\":\"R\u00e9daction - Les Volcans News\",\"@id\":\"https:\\\/\\\/lesvolcansnews.net\\\/#\\\/schema\\\/person\\\/82c8bed2e77879ecf6cca63441f57354\"},\"headline\":\"RDC: Tshisekedi se rendra \u00e0 Abou Dhabi, aux \u00c9mirats arabes\",\"datePublished\":\"2026-01-31T12:15:13+00:00\",\"mainEntityOfPage\":{\"@id\":\"https:\\\/\\\/lesvolcansnews.net\\\/?p=72362\"},\"wordCount\":558,\"commentCount\":0,\"image\":{\"@id\":\"https:\\\/\\\/lesvolcansnews.net\\\/?p=72362#primaryimage\"},\"thumbnailUrl\":\"https:\\\/\\\/lesvolcansnews.net\\\/wp-content\\\/uploads\\\/2026\\\/01\\\/Screenshot-2026-01-31-131432.png\",\"articleSection\":[\"ACTUALIT\u00c9\"],\"inLanguage\":\"fr-FR\",\"potentialAction\":[{\"@type\":\"CommentAction\",\"name\":\"Comment\",\"target\":[\"https:\\\/\\\/lesvolcansnews.net\\\/?p=72362#respond\"]}]},{\"@type\":\"WebPage\",\"@id\":\"https:\\\/\\\/lesvolcansnews.net\\\/?p=72362\",\"url\":\"https:\\\/\\\/lesvolcansnews.net\\\/?p=72362\",\"name\":\"RDC: Tshisekedi se rendra \u00e0 Abou Dhabi, aux \u00c9mirats arabes - LES VOLCANS NEWS\",\"isPartOf\":{\"@id\":\"https:\\\/\\\/lesvolcansnews.net\\\/#website\"},\"primaryImageOfPage\":{\"@id\":\"https:\\\/\\\/lesvolcansnews.net\\\/?p=72362#primaryimage\"},\"image\":{\"@id\":\"https:\\\/\\\/lesvolcansnews.net\\\/?p=72362#primaryimage\"},\"thumbnailUrl\":\"https:\\\/\\\/lesvolcansnews.net\\\/wp-content\\\/uploads\\\/2026\\\/01\\\/Screenshot-2026-01-31-131432.png\",\"datePublished\":\"2026-01-31T12:15:13+00:00\",\"author\":{\"@id\":\"https:\\\/\\\/lesvolcansnews.net\\\/#\\\/schema\\\/person\\\/82c8bed2e77879ecf6cca63441f57354\"},\"breadcrumb\":{\"@id\":\"https:\\\/\\\/lesvolcansnews.net\\\/?p=72362#breadcrumb\"},\"inLanguage\":\"fr-FR\",\"potentialAction\":[{\"@type\":\"ReadAction\",\"target\":[\"https:\\\/\\\/lesvolcansnews.net\\\/?p=72362\"]}]},{\"@type\":\"ImageObject\",\"inLanguage\":\"fr-FR\",\"@id\":\"https:\\\/\\\/lesvolcansnews.net\\\/?p=72362#primaryimage\",\"url\":\"https:\\\/\\\/lesvolcansnews.net\\\/wp-content\\\/uploads\\\/2026\\\/01\\\/Screenshot-2026-01-31-131432.png\",\"contentUrl\":\"https:\\\/\\\/lesvolcansnews.net\\\/wp-content\\\/uploads\\\/2026\\\/01\\\/Screenshot-2026-01-31-131432.png\",\"width\":672,\"height\":439},{\"@type\":\"BreadcrumbList\",\"@id\":\"https:\\\/\\\/lesvolcansnews.net\\\/?p=72362#breadcrumb\",\"itemListElement\":[{\"@type\":\"ListItem\",\"position\":1,\"name\":\"Accueil\",\"item\":\"https:\\\/\\\/lesvolcansnews.net\\\/\"},{\"@type\":\"ListItem\",\"position\":2,\"name\":\"RDC: Tshisekedi se rendra \u00e0 Abou Dhabi, aux \u00c9mirats arabes\"}]},{\"@type\":\"WebSite\",\"@id\":\"https:\\\/\\\/lesvolcansnews.net\\\/#website\",\"url\":\"https:\\\/\\\/lesvolcansnews.net\\\/\",\"name\":\"LES VOLCANS NEWS\",\"description\":\"L&#039;INFORMATION C&#039;EST NOUS\",\"potentialAction\":[{\"@type\":\"SearchAction\",\"target\":{\"@type\":\"EntryPoint\",\"urlTemplate\":\"https:\\\/\\\/lesvolcansnews.net\\\/?s={search_term_string}\"},\"query-input\":{\"@type\":\"PropertyValueSpecification\",\"valueRequired\":true,\"valueName\":\"search_term_string\"}}],\"inLanguage\":\"fr-FR\"},{\"@type\":\"Person\",\"@id\":\"https:\\\/\\\/lesvolcansnews.net\\\/#\\\/schema\\\/person\\\/82c8bed2e77879ecf6cca63441f57354\",\"name\":\"R\u00e9daction - Les Volcans News\",\"image\":{\"@type\":\"ImageObject\",\"inLanguage\":\"fr-FR\",\"@id\":\"https:\\\/\\\/secure.gravatar.com\\\/avatar\\\/8408942dd851e8a9c09f3d382a661bc05d2b3cd9002139bc1795b9528cdc6c80?s=96&d=mm&r=g\",\"url\":\"https:\\\/\\\/secure.gravatar.com\\\/avatar\\\/8408942dd851e8a9c09f3d382a661bc05d2b3cd9002139bc1795b9528cdc6c80?s=96&d=mm&r=g\",\"contentUrl\":\"https:\\\/\\\/secure.gravatar.com\\\/avatar\\\/8408942dd851e8a9c09f3d382a661bc05d2b3cd9002139bc1795b9528cdc6c80?s=96&d=mm&r=g\",\"caption\":\"R\u00e9daction - Les Volcans News\"},\"url\":\"https:\\\/\\\/lesvolcansnews.net\\\/?author=14\"}]}<\/script>\n<!-- \/ Yoast SEO plugin. -->","yoast_head_json":{"title":"RDC: Tshisekedi se rendra \u00e0 Abou Dhabi, aux \u00c9mirats arabes - LES VOLCANS NEWS","robots":{"index":"index","follow":"follow","max-snippet":"max-snippet:-1","max-image-preview":"max-image-preview:large","max-video-preview":"max-video-preview:-1"},"canonical":"https:\/\/lesvolcansnews.net\/?p=72362","og_locale":"fr_FR","og_type":"article","og_title":"RDC: Tshisekedi se rendra \u00e0 Abou Dhabi, aux \u00c9mirats arabes - LES VOLCANS NEWS","og_description":"&nbsp; Le pr\u00e9sident de la R\u00e9publique d\u00e9mocratique du Congo, F\u00e9lix Antoine Tshisekedi Tshilombo, se rendra dans les prochains jours \u00e0 Abou Dhabi, aux \u00c9mirats arabes unis (EAU), o\u00f9 il doit","og_url":"https:\/\/lesvolcansnews.net\/?p=72362","og_site_name":"LES VOLCANS NEWS","article_published_time":"2026-01-31T12:15:13+00:00","og_image":[{"width":672,"height":439,"url":"https:\/\/lesvolcansnews.net\/wp-content\/uploads\/2026\/01\/Screenshot-2026-01-31-131432.png","type":"image\/png"}],"author":"R\u00e9daction - Les Volcans News","twitter_card":"summary_large_image","twitter_misc":{"\u00c9crit par":"R\u00e9daction - Les Volcans News","Dur\u00e9e de lecture estim\u00e9e":"3 minutes"},"schema":{"@context":"https:\/\/schema.org","@graph":[{"@type":"Article","@id":"https:\/\/lesvolcansnews.net\/?p=72362#article","isPartOf":{"@id":"https:\/\/lesvolcansnews.net\/?p=72362"},"author":{"name":"R\u00e9daction - Les Volcans News","@id":"https:\/\/lesvolcansnews.net\/#\/schema\/person\/82c8bed2e77879ecf6cca63441f57354"},"headline":"RDC: Tshisekedi se rendra \u00e0 Abou Dhabi, aux \u00c9mirats arabes","datePublished":"2026-01-31T12:15:13+00:00","mainEntityOfPage":{"@id":"https:\/\/lesvolcansnews.net\/?p=72362"},"wordCount":558,"commentCount":0,"image":{"@id":"https:\/\/lesvolcansnews.net\/?p=72362#primaryimage"},"thumbnailUrl":"https:\/\/lesvolcansnews.net\/wp-content\/uploads\/2026\/01\/Screenshot-2026-01-31-131432.png","articleSection":["ACTUALIT\u00c9"],"inLanguage":"fr-FR","potentialAction":[{"@type":"CommentAction","name":"Comment","target":["https:\/\/lesvolcansnews.net\/?p=72362#respond"]}]},{"@type":"WebPage","@id":"https:\/\/lesvolcansnews.net\/?p=72362","url":"https:\/\/lesvolcansnews.net\/?p=72362","name":"RDC: Tshisekedi se rendra \u00e0 Abou Dhabi, aux \u00c9mirats arabes - LES VOLCANS NEWS","isPartOf":{"@id":"https:\/\/lesvolcansnews.net\/#website"},"primaryImageOfPage":{"@id":"https:\/\/lesvolcansnews.net\/?p=72362#primaryimage"},"image":{"@id":"https:\/\/lesvolcansnews.net\/?p=72362#primaryimage"},"thumbnailUrl":"https:\/\/lesvolcansnews.net\/wp-content\/uploads\/2026\/01\/Screenshot-2026-01-31-131432.png","datePublished":"2026-01-31T12:15:13+00:00","author":{"@id":"https:\/\/lesvolcansnews.net\/#\/schema\/person\/82c8bed2e77879ecf6cca63441f57354"},"breadcrumb":{"@id":"https:\/\/lesvolcansnews.net\/?p=72362#breadcrumb"},"inLanguage":"fr-FR","potentialAction":[{"@type":"ReadAction","target":["https:\/\/lesvolcansnews.net\/?p=72362"]}]},{"@type":"ImageObject","inLanguage":"fr-FR","@id":"https:\/\/lesvolcansnews.net\/?p=72362#primaryimage","url":"https:\/\/lesvolcansnews.net\/wp-content\/uploads\/2026\/01\/Screenshot-2026-01-31-131432.png","contentUrl":"https:\/\/lesvolcansnews.net\/wp-content\/uploads\/2026\/01\/Screenshot-2026-01-31-131432.png","width":672,"height":439},{"@type":"BreadcrumbList","@id":"https:\/\/lesvolcansnews.net\/?p=72362#breadcrumb","itemListElement":[{"@type":"ListItem","position":1,"name":"Accueil","item":"https:\/\/lesvolcansnews.net\/"},{"@type":"ListItem","position":2,"name":"RDC: Tshisekedi se rendra \u00e0 Abou Dhabi, aux \u00c9mirats arabes"}]},{"@type":"WebSite","@id":"https:\/\/lesvolcansnews.net\/#website","url":"https:\/\/lesvolcansnews.net\/","name":"LES VOLCANS NEWS","description":"L&#039;INFORMATION C&#039;EST NOUS","potentialAction":[{"@type":"SearchAction","target":{"@type":"EntryPoint","urlTemplate":"https:\/\/lesvolcansnews.net\/?s={search_term_string}"},"query-input":{"@type":"PropertyValueSpecification","valueRequired":true,"valueName":"search_term_string"}}],"inLanguage":"fr-FR"},{"@type":"Person","@id":"https:\/\/lesvolcansnews.net\/#\/schema\/person\/82c8bed2e77879ecf6cca63441f57354","name":"R\u00e9daction - Les Volcans News","image":{"@type":"ImageObject","inLanguage":"fr-FR","@id":"https:\/\/secure.gravatar.com\/avatar\/8408942dd851e8a9c09f3d382a661bc05d2b3cd9002139bc1795b9528cdc6c80?s=96&d=mm&r=g","url":"https:\/\/secure.gravatar.com\/avatar\/8408942dd851e8a9c09f3d382a661bc05d2b3cd9002139bc1795b9528cdc6c80?s=96&d=mm&r=g","contentUrl":"https:\/\/secure.gravatar.com\/avatar\/8408942dd851e8a9c09f3d382a661bc05d2b3cd9002139bc1795b9528cdc6c80?s=96&d=mm&r=g","caption":"R\u00e9daction - Les Volcans News"},"url":"https:\/\/lesvolcansnews.net\/?author=14"}]}},"_links":{"self":[{"href":"https:\/\/lesvolcansnews.net\/index.php?rest_route=\/wp\/v2\/posts\/72362","targetHints":{"allow":["GET"]}}],"collection":[{"href":"https:\/\/lesvolcansnews.net\/index.php?rest_route=\/wp\/v2\/posts"}],"about":[{"href":"https:\/\/lesvolcansnews.net\/index.php?rest_route=\/wp\/v2\/types\/post"}],"author":[{"embeddable":true,"href":"https:\/\/lesvolcansnews.net\/index.php?rest_route=\/wp\/v2\/users\/14"}],"replies":[{"embeddable":true,"href":"https:\/\/lesvolcansnews.net\/index.php?rest_route=%2Fwp%2Fv2%2Fcomments&post=72362"}],"version-history":[{"count":2,"href":"https:\/\/lesvolcansnews.net\/index.php?rest_route=\/wp\/v2\/posts\/72362\/revisions"}],"predecessor-version":[{"id":72365,"href":"https:\/\/lesvolcansnews.net\/index.php?rest_route=\/wp\/v2\/posts\/72362\/revisions\/72365"}],"wp:featuredmedia":[{"embeddable":true,"href":"https:\/\/lesvolcansnews.net\/index.php?rest_route=\/wp\/v2\/media\/72363"}],"wp:attachment":[{"href":"https:\/\/lesvolcansnews.net\/index.php?rest_route=%2Fwp%2Fv2%2Fmedia&parent=72362"}],"wp:term":[{"taxonomy":"category","embeddable":true,"href":"https:\/\/lesvolcansnews.net\/index.php?rest_route=%2Fwp%2Fv2%2Fcategories&post=72362"},{"taxonomy":"post_tag","embeddable":true,"href":"https:\/\/lesvolcansnews.net\/index.php?rest_route=%2Fwp%2Fv2%2Ftags&post=72362"}],"curies":[{"name":"wp","href":"https:\/\/api.w.org\/{rel}","templated":true}]}}