{"id":72354,"date":"2026-01-31T13:50:32","date_gmt":"2026-01-31T11:50:32","guid":{"rendered":"https:\/\/lesvolcansnews.net\/?p=72354"},"modified":"2026-01-31T13:50:32","modified_gmt":"2026-01-31T11:50:32","slug":"la-rdc-annonce-un-candidat-face-a-mushikiwabo-pour-la-direction-de-la-francophonie","status":"publish","type":"post","link":"https:\/\/lesvolcansnews.net\/?p=72354","title":{"rendered":"La RDC annonce un candidat face \u00e0 Mushikiwabo pour la direction de la Francophonie"},"content":{"rendered":"<p>&nbsp;<\/p>\n<p><strong>\u00a0La R\u00e9publique d\u00e9mocratique du Congo (RDC) a annonc\u00e9 qu\u2019elle pr\u00e9sentera un candidat au poste de secr\u00e9taire g\u00e9n\u00e9ral de l\u2019Organisation internationale de la Francophonie (OIF), entrant ainsi en lice face \u00e0 la candidature de la Rwandaise Louise Mushikiwabo, soutenue par Kigali pour un troisi\u00e8me mandat.<\/strong><\/p>\n<p>L\u2019\u00e9lection du secr\u00e9taire g\u00e9n\u00e9ral de l\u2019OIF est pr\u00e9vue pour novembre 2026, tandis que la date limite de d\u00e9p\u00f4t des candidatures est fix\u00e9e au 15 juin 2026. L\u2019annonce congolaise a \u00e9t\u00e9 faite vendredi lors de la r\u00e9union du Conseil des ministres par le ministre d\u00e9l\u00e9gu\u00e9 aupr\u00e8s de la ministre des Affaires \u00e9trang\u00e8res, charg\u00e9 de la Francophonie et de la diaspora, Crispin Mbadu.<\/p>\n<p>Selon le gouvernement, Kinshasa entend affirmer son r\u00f4le de premier plan au sein de l\u2019espace francophone, la RDC \u00e9tant le plus grand pays francophone au monde en nombre de locuteurs.<\/p>\n<p>\u00ab Au regard des \u00e9ch\u00e9ances du 15 juin 2026 pour le d\u00e9p\u00f4t des candidatures et de novembre 2026 pour l\u2019\u00e9lection du secr\u00e9taire g\u00e9n\u00e9ral de cette organisation, j\u2019ai pass\u00e9 en revue les actions engag\u00e9es jusque-l\u00e0 et celles en perspectives, tout en formulant des recommandations pertinentes visant \u00e0 permettre \u00e0 notre pays d\u2019assumer pleinement son leadership au sein de la Francophonie \u00bb, a d\u00e9clar\u00e9 Crispin Mbadu, selon le compte rendu du Conseil des ministres lu par le porte-parole du gouvernement, Patrick Muyaya, \u00e0 la t\u00e9l\u00e9vision nationale.<br \/>\n\u00ab Ainsi donc, la R\u00e9publique d\u00e9mocratique du Congo pr\u00e9sentera un candidat au poste de secr\u00e9taire g\u00e9n\u00e9ral de l\u2019Organisation internationale de la Francophonie \u00bb, a-t-il ajout\u00e9.<\/p>\n<p>Membre de l\u2019OIF depuis 1977, la RDC n\u2019a encore jamais occup\u00e9 le poste de secr\u00e9taire g\u00e9n\u00e9ral de cette organisation. La candidature congolaise viendra donc d\u00e9fier celle de Louise Mushikiwabo, actuelle secr\u00e9taire g\u00e9n\u00e9rale de l\u2019OIF, dont le Rwanda a soumis la candidature pour un nouveau mandat.<\/p>\n<p>La r\u00e9daction<\/p>\n","protected":false},"excerpt":{"rendered":"<p>&nbsp; \u00a0La R\u00e9publique d\u00e9mocratique du Congo (RDC) a annonc\u00e9 qu\u2019elle pr\u00e9sentera un candidat au poste de secr\u00e9taire g\u00e9n\u00e9ral de l\u2019Organisation internationale de la Francophonie (OIF), entrant ainsi en lice face<\/p>\n","protected":false},"author":14,"featured_media":72355,"comment_status":"open","ping_status":"open","sticky":false,"template":"","format":"standard","meta":{"footnotes":""},"categories":[27,9],"tags":[],"class_list":["post-72354","post","type-post","status-publish","format-standard","has-post-thumbnail","hentry","category-politique","category-societe"],"yoast_head":"<!-- This site is optimized with the Yoast SEO plugin v27.5 - https:\/\/yoast.com\/product\/yoast-seo-wordpress\/ -->\n<title>La RDC annonce un candidat face \u00e0 Mushikiwabo pour la direction de la Francophonie - LES VOLCANS NEWS<\/title>\n<meta name=\"robots\" content=\"index, follow, max-snippet:-1, max-image-preview:large, max-video-preview:-1\" \/>\n<link rel=\"canonical\" href=\"https:\/\/lesvolcansnews.net\/?p=72354\" \/>\n<meta property=\"og:locale\" content=\"fr_FR\" \/>\n<meta property=\"og:type\" content=\"article\" \/>\n<meta property=\"og:title\" content=\"La RDC annonce un candidat face \u00e0 Mushikiwabo pour la direction de la Francophonie - LES VOLCANS NEWS\" \/>\n<meta property=\"og:description\" content=\"&nbsp; \u00a0La R\u00e9publique d\u00e9mocratique du Congo (RDC) a annonc\u00e9 qu\u2019elle pr\u00e9sentera un candidat au poste de secr\u00e9taire g\u00e9n\u00e9ral de l\u2019Organisation internationale de la Francophonie (OIF), entrant ainsi en lice face\" \/>\n<meta property=\"og:url\" content=\"https:\/\/lesvolcansnews.net\/?p=72354\" \/>\n<meta property=\"og:site_name\" content=\"LES VOLCANS NEWS\" \/>\n<meta property=\"article:published_time\" content=\"2026-01-31T11:50:32+00:00\" \/>\n<meta property=\"og:image\" content=\"https:\/\/lesvolcansnews.net\/wp-content\/uploads\/2026\/01\/Screenshot-2026-01-31-124145.png\" \/>\n\t<meta property=\"og:image:width\" content=\"1491\" \/>\n\t<meta property=\"og:image:height\" content=\"963\" \/>\n\t<meta property=\"og:image:type\" content=\"image\/png\" \/>\n<meta name=\"author\" content=\"R\u00e9daction - Les Volcans News\" \/>\n<meta name=\"twitter:card\" content=\"summary_large_image\" \/>\n<meta name=\"twitter:label1\" content=\"\u00c9crit par\" \/>\n\t<meta name=\"twitter:data1\" content=\"R\u00e9daction - Les Volcans News\" \/>\n\t<meta name=\"twitter:label2\" content=\"Dur\u00e9e de lecture estim\u00e9e\" \/>\n\t<meta name=\"twitter:data2\" content=\"2 minutes\" \/>\n<script type=\"application\/ld+json\" class=\"yoast-schema-graph\">{\"@context\":\"https:\\\/\\\/schema.org\",\"@graph\":[{\"@type\":\"Article\",\"@id\":\"https:\\\/\\\/lesvolcansnews.net\\\/?p=72354#article\",\"isPartOf\":{\"@id\":\"https:\\\/\\\/lesvolcansnews.net\\\/?p=72354\"},\"author\":{\"name\":\"R\u00e9daction - Les Volcans News\",\"@id\":\"https:\\\/\\\/lesvolcansnews.net\\\/#\\\/schema\\\/person\\\/82c8bed2e77879ecf6cca63441f57354\"},\"headline\":\"La RDC annonce un candidat face \u00e0 Mushikiwabo pour la direction de la Francophonie\",\"datePublished\":\"2026-01-31T11:50:32+00:00\",\"mainEntityOfPage\":{\"@id\":\"https:\\\/\\\/lesvolcansnews.net\\\/?p=72354\"},\"wordCount\":347,\"commentCount\":0,\"image\":{\"@id\":\"https:\\\/\\\/lesvolcansnews.net\\\/?p=72354#primaryimage\"},\"thumbnailUrl\":\"https:\\\/\\\/lesvolcansnews.net\\\/wp-content\\\/uploads\\\/2026\\\/01\\\/Screenshot-2026-01-31-124145.png\",\"articleSection\":[\"POLITIQUE\",\"SOCIET\u00c9\"],\"inLanguage\":\"fr-FR\",\"potentialAction\":[{\"@type\":\"CommentAction\",\"name\":\"Comment\",\"target\":[\"https:\\\/\\\/lesvolcansnews.net\\\/?p=72354#respond\"]}]},{\"@type\":\"WebPage\",\"@id\":\"https:\\\/\\\/lesvolcansnews.net\\\/?p=72354\",\"url\":\"https:\\\/\\\/lesvolcansnews.net\\\/?p=72354\",\"name\":\"La RDC annonce un candidat face \u00e0 Mushikiwabo pour la direction de la Francophonie - LES VOLCANS NEWS\",\"isPartOf\":{\"@id\":\"https:\\\/\\\/lesvolcansnews.net\\\/#website\"},\"primaryImageOfPage\":{\"@id\":\"https:\\\/\\\/lesvolcansnews.net\\\/?p=72354#primaryimage\"},\"image\":{\"@id\":\"https:\\\/\\\/lesvolcansnews.net\\\/?p=72354#primaryimage\"},\"thumbnailUrl\":\"https:\\\/\\\/lesvolcansnews.net\\\/wp-content\\\/uploads\\\/2026\\\/01\\\/Screenshot-2026-01-31-124145.png\",\"datePublished\":\"2026-01-31T11:50:32+00:00\",\"author\":{\"@id\":\"https:\\\/\\\/lesvolcansnews.net\\\/#\\\/schema\\\/person\\\/82c8bed2e77879ecf6cca63441f57354\"},\"breadcrumb\":{\"@id\":\"https:\\\/\\\/lesvolcansnews.net\\\/?p=72354#breadcrumb\"},\"inLanguage\":\"fr-FR\",\"potentialAction\":[{\"@type\":\"ReadAction\",\"target\":[\"https:\\\/\\\/lesvolcansnews.net\\\/?p=72354\"]}]},{\"@type\":\"ImageObject\",\"inLanguage\":\"fr-FR\",\"@id\":\"https:\\\/\\\/lesvolcansnews.net\\\/?p=72354#primaryimage\",\"url\":\"https:\\\/\\\/lesvolcansnews.net\\\/wp-content\\\/uploads\\\/2026\\\/01\\\/Screenshot-2026-01-31-124145.png\",\"contentUrl\":\"https:\\\/\\\/lesvolcansnews.net\\\/wp-content\\\/uploads\\\/2026\\\/01\\\/Screenshot-2026-01-31-124145.png\",\"width\":1491,\"height\":963},{\"@type\":\"BreadcrumbList\",\"@id\":\"https:\\\/\\\/lesvolcansnews.net\\\/?p=72354#breadcrumb\",\"itemListElement\":[{\"@type\":\"ListItem\",\"position\":1,\"name\":\"Accueil\",\"item\":\"https:\\\/\\\/lesvolcansnews.net\\\/\"},{\"@type\":\"ListItem\",\"position\":2,\"name\":\"La RDC annonce un candidat face \u00e0 Mushikiwabo pour la direction de la Francophonie\"}]},{\"@type\":\"WebSite\",\"@id\":\"https:\\\/\\\/lesvolcansnews.net\\\/#website\",\"url\":\"https:\\\/\\\/lesvolcansnews.net\\\/\",\"name\":\"LES VOLCANS NEWS\",\"description\":\"L&#039;INFORMATION C&#039;EST NOUS\",\"potentialAction\":[{\"@type\":\"SearchAction\",\"target\":{\"@type\":\"EntryPoint\",\"urlTemplate\":\"https:\\\/\\\/lesvolcansnews.net\\\/?s={search_term_string}\"},\"query-input\":{\"@type\":\"PropertyValueSpecification\",\"valueRequired\":true,\"valueName\":\"search_term_string\"}}],\"inLanguage\":\"fr-FR\"},{\"@type\":\"Person\",\"@id\":\"https:\\\/\\\/lesvolcansnews.net\\\/#\\\/schema\\\/person\\\/82c8bed2e77879ecf6cca63441f57354\",\"name\":\"R\u00e9daction - Les Volcans News\",\"image\":{\"@type\":\"ImageObject\",\"inLanguage\":\"fr-FR\",\"@id\":\"https:\\\/\\\/secure.gravatar.com\\\/avatar\\\/8408942dd851e8a9c09f3d382a661bc05d2b3cd9002139bc1795b9528cdc6c80?s=96&d=mm&r=g\",\"url\":\"https:\\\/\\\/secure.gravatar.com\\\/avatar\\\/8408942dd851e8a9c09f3d382a661bc05d2b3cd9002139bc1795b9528cdc6c80?s=96&d=mm&r=g\",\"contentUrl\":\"https:\\\/\\\/secure.gravatar.com\\\/avatar\\\/8408942dd851e8a9c09f3d382a661bc05d2b3cd9002139bc1795b9528cdc6c80?s=96&d=mm&r=g\",\"caption\":\"R\u00e9daction - Les Volcans News\"},\"url\":\"https:\\\/\\\/lesvolcansnews.net\\\/?author=14\"}]}<\/script>\n<!-- \/ Yoast SEO plugin. -->","yoast_head_json":{"title":"La RDC annonce un candidat face \u00e0 Mushikiwabo pour la direction de la Francophonie - LES VOLCANS NEWS","robots":{"index":"index","follow":"follow","max-snippet":"max-snippet:-1","max-image-preview":"max-image-preview:large","max-video-preview":"max-video-preview:-1"},"canonical":"https:\/\/lesvolcansnews.net\/?p=72354","og_locale":"fr_FR","og_type":"article","og_title":"La RDC annonce un candidat face \u00e0 Mushikiwabo pour la direction de la Francophonie - LES VOLCANS NEWS","og_description":"&nbsp; \u00a0La R\u00e9publique d\u00e9mocratique du Congo (RDC) a annonc\u00e9 qu\u2019elle pr\u00e9sentera un candidat au poste de secr\u00e9taire g\u00e9n\u00e9ral de l\u2019Organisation internationale de la Francophonie (OIF), entrant ainsi en lice face","og_url":"https:\/\/lesvolcansnews.net\/?p=72354","og_site_name":"LES VOLCANS NEWS","article_published_time":"2026-01-31T11:50:32+00:00","og_image":[{"width":1491,"height":963,"url":"https:\/\/lesvolcansnews.net\/wp-content\/uploads\/2026\/01\/Screenshot-2026-01-31-124145.png","type":"image\/png"}],"author":"R\u00e9daction - Les Volcans News","twitter_card":"summary_large_image","twitter_misc":{"\u00c9crit par":"R\u00e9daction - Les Volcans News","Dur\u00e9e de lecture estim\u00e9e":"2 minutes"},"schema":{"@context":"https:\/\/schema.org","@graph":[{"@type":"Article","@id":"https:\/\/lesvolcansnews.net\/?p=72354#article","isPartOf":{"@id":"https:\/\/lesvolcansnews.net\/?p=72354"},"author":{"name":"R\u00e9daction - Les Volcans News","@id":"https:\/\/lesvolcansnews.net\/#\/schema\/person\/82c8bed2e77879ecf6cca63441f57354"},"headline":"La RDC annonce un candidat face \u00e0 Mushikiwabo pour la direction de la Francophonie","datePublished":"2026-01-31T11:50:32+00:00","mainEntityOfPage":{"@id":"https:\/\/lesvolcansnews.net\/?p=72354"},"wordCount":347,"commentCount":0,"image":{"@id":"https:\/\/lesvolcansnews.net\/?p=72354#primaryimage"},"thumbnailUrl":"https:\/\/lesvolcansnews.net\/wp-content\/uploads\/2026\/01\/Screenshot-2026-01-31-124145.png","articleSection":["POLITIQUE","SOCIET\u00c9"],"inLanguage":"fr-FR","potentialAction":[{"@type":"CommentAction","name":"Comment","target":["https:\/\/lesvolcansnews.net\/?p=72354#respond"]}]},{"@type":"WebPage","@id":"https:\/\/lesvolcansnews.net\/?p=72354","url":"https:\/\/lesvolcansnews.net\/?p=72354","name":"La RDC annonce un candidat face \u00e0 Mushikiwabo pour la direction de la Francophonie - LES VOLCANS NEWS","isPartOf":{"@id":"https:\/\/lesvolcansnews.net\/#website"},"primaryImageOfPage":{"@id":"https:\/\/lesvolcansnews.net\/?p=72354#primaryimage"},"image":{"@id":"https:\/\/lesvolcansnews.net\/?p=72354#primaryimage"},"thumbnailUrl":"https:\/\/lesvolcansnews.net\/wp-content\/uploads\/2026\/01\/Screenshot-2026-01-31-124145.png","datePublished":"2026-01-31T11:50:32+00:00","author":{"@id":"https:\/\/lesvolcansnews.net\/#\/schema\/person\/82c8bed2e77879ecf6cca63441f57354"},"breadcrumb":{"@id":"https:\/\/lesvolcansnews.net\/?p=72354#breadcrumb"},"inLanguage":"fr-FR","potentialAction":[{"@type":"ReadAction","target":["https:\/\/lesvolcansnews.net\/?p=72354"]}]},{"@type":"ImageObject","inLanguage":"fr-FR","@id":"https:\/\/lesvolcansnews.net\/?p=72354#primaryimage","url":"https:\/\/lesvolcansnews.net\/wp-content\/uploads\/2026\/01\/Screenshot-2026-01-31-124145.png","contentUrl":"https:\/\/lesvolcansnews.net\/wp-content\/uploads\/2026\/01\/Screenshot-2026-01-31-124145.png","width":1491,"height":963},{"@type":"BreadcrumbList","@id":"https:\/\/lesvolcansnews.net\/?p=72354#breadcrumb","itemListElement":[{"@type":"ListItem","position":1,"name":"Accueil","item":"https:\/\/lesvolcansnews.net\/"},{"@type":"ListItem","position":2,"name":"La RDC annonce un candidat face \u00e0 Mushikiwabo pour la direction de la Francophonie"}]},{"@type":"WebSite","@id":"https:\/\/lesvolcansnews.net\/#website","url":"https:\/\/lesvolcansnews.net\/","name":"LES VOLCANS NEWS","description":"L&#039;INFORMATION C&#039;EST NOUS","potentialAction":[{"@type":"SearchAction","target":{"@type":"EntryPoint","urlTemplate":"https:\/\/lesvolcansnews.net\/?s={search_term_string}"},"query-input":{"@type":"PropertyValueSpecification","valueRequired":true,"valueName":"search_term_string"}}],"inLanguage":"fr-FR"},{"@type":"Person","@id":"https:\/\/lesvolcansnews.net\/#\/schema\/person\/82c8bed2e77879ecf6cca63441f57354","name":"R\u00e9daction - Les Volcans News","image":{"@type":"ImageObject","inLanguage":"fr-FR","@id":"https:\/\/secure.gravatar.com\/avatar\/8408942dd851e8a9c09f3d382a661bc05d2b3cd9002139bc1795b9528cdc6c80?s=96&d=mm&r=g","url":"https:\/\/secure.gravatar.com\/avatar\/8408942dd851e8a9c09f3d382a661bc05d2b3cd9002139bc1795b9528cdc6c80?s=96&d=mm&r=g","contentUrl":"https:\/\/secure.gravatar.com\/avatar\/8408942dd851e8a9c09f3d382a661bc05d2b3cd9002139bc1795b9528cdc6c80?s=96&d=mm&r=g","caption":"R\u00e9daction - Les Volcans News"},"url":"https:\/\/lesvolcansnews.net\/?author=14"}]}},"_links":{"self":[{"href":"https:\/\/lesvolcansnews.net\/index.php?rest_route=\/wp\/v2\/posts\/72354","targetHints":{"allow":["GET"]}}],"collection":[{"href":"https:\/\/lesvolcansnews.net\/index.php?rest_route=\/wp\/v2\/posts"}],"about":[{"href":"https:\/\/lesvolcansnews.net\/index.php?rest_route=\/wp\/v2\/types\/post"}],"author":[{"embeddable":true,"href":"https:\/\/lesvolcansnews.net\/index.php?rest_route=\/wp\/v2\/users\/14"}],"replies":[{"embeddable":true,"href":"https:\/\/lesvolcansnews.net\/index.php?rest_route=%2Fwp%2Fv2%2Fcomments&post=72354"}],"version-history":[{"count":2,"href":"https:\/\/lesvolcansnews.net\/index.php?rest_route=\/wp\/v2\/posts\/72354\/revisions"}],"predecessor-version":[{"id":72357,"href":"https:\/\/lesvolcansnews.net\/index.php?rest_route=\/wp\/v2\/posts\/72354\/revisions\/72357"}],"wp:featuredmedia":[{"embeddable":true,"href":"https:\/\/lesvolcansnews.net\/index.php?rest_route=\/wp\/v2\/media\/72355"}],"wp:attachment":[{"href":"https:\/\/lesvolcansnews.net\/index.php?rest_route=%2Fwp%2Fv2%2Fmedia&parent=72354"}],"wp:term":[{"taxonomy":"category","embeddable":true,"href":"https:\/\/lesvolcansnews.net\/index.php?rest_route=%2Fwp%2Fv2%2Fcategories&post=72354"},{"taxonomy":"post_tag","embeddable":true,"href":"https:\/\/lesvolcansnews.net\/index.php?rest_route=%2Fwp%2Fv2%2Ftags&post=72354"}],"curies":[{"name":"wp","href":"https:\/\/api.w.org\/{rel}","templated":true}]}}