{"id":72342,"date":"2026-01-29T16:59:31","date_gmt":"2026-01-29T14:59:31","guid":{"rendered":"https:\/\/lesvolcansnews.net\/?p=72342"},"modified":"2026-01-29T16:59:31","modified_gmt":"2026-01-29T14:59:31","slug":"vers-la-cartographie-geophysique-aeroportee-et-geologique-de-la-rdc-louis-watum-paraphe-un-document-pour-la-cause","status":"publish","type":"post","link":"https:\/\/lesvolcansnews.net\/?p=72342","title":{"rendered":"Vers la cartographie g\u00e9ophysique a\u00e9roport\u00e9e et g\u00e9ologique de la RDC : Louis Watum paraphe un document pour la cause"},"content":{"rendered":"<p><strong>Kinshasa, 29 janvier 2026, Le Gouvernement de la R\u00e9publique d\u00e9mocratique du Congo, repr\u00e9sent\u00e9 par le ministre des mines, Louis Watum Kabamba, a proc\u00e9d\u00e9 \u00e0 la signature officielle du contrat avec la soci\u00e9t\u00e9 Xcalibur Multiphysics Group SL, portant sur la cartographie g\u00e9ophysique a\u00e9roport\u00e9e et g\u00e9ologique du territoire national.<\/strong><\/p>\n<p>Cette initiative strat\u00e9gique marque une \u00e9tape majeure dans la modernisation du secteur minier congolais. Elle vise \u00e0 doter le pays d\u2019une couverture g\u00e9ophysique et g\u00e9ologique moderne, reposant sur des lev\u00e9s a\u00e9roport\u00e9s \u00e0 haute r\u00e9solution, int\u00e9grant notamment des donn\u00e9es magn\u00e9tiques, radiom\u00e9triques et de t\u00e9l\u00e9d\u00e9tection, coupl\u00e9es \u00e0 une interpr\u00e9tation g\u00e9ologique et g\u00e9ochimique avanc\u00e9e.<\/p>\n<p>\u00c0 travers ce contrat, la RDC renforce ses capacit\u00e9s en mati\u00e8re de connaissance du sous-sol, d\u2019identification des ressources et des r\u00e9serves, tout en am\u00e9liorant l\u2019attractivit\u00e9 du pays pour les investissements miniers responsables.<\/p>\n<p>La R\u00e9publique d\u00e9mocratique du Congo se dote ainsi d\u2019un outil structurant d\u2019aide \u00e0 la d\u00e9cision, indispensable pour la d\u00e9couverte de nouveaux gisements, la certification des ressources et des r\u00e9serves, ainsi que le renforcement de la position de l\u2019\u00c9tat dans les n\u00e9gociations mini\u00e8res.<\/p>\n<p>Le Service g\u00e9ologique national du Congo (SGN-C) assurera la coordination scientifique et technique du projet, garantissant la centralisation des donn\u00e9es g\u00e9o-cientifiques et leur exploitation strat\u00e9gique au b\u00e9n\u00e9fice exclusif de l\u2019\u00c9tat congolais.<\/p>\n<p>Ce projet s\u2019inscrit pleinement dans la vision du Pr\u00e9sident de la R\u00e9publique, F\u00e9lix Tshisekedi Tshilombo, et dans le Programme d\u2019action du Gouvernement, sous la supervision de la Premi\u00e8re Ministre, Judith Suminwa Tuluka. Il r\u00e9pond \u00e9galement aux exigences actuelles li\u00e9es \u00e0 la transition \u00e9nerg\u00e9tique et num\u00e9rique, notamment pour l\u2019identification des min\u00e9raux critiques et strat\u00e9giques.<\/p>\n<p>Le Gouvernement r\u00e9affirme ainsi sa volont\u00e9 de faire du secteur minier un levier cl\u00e9 de croissance \u00e9conomique durable et de souverainet\u00e9 nationale.<\/p>\n<p>R\u00e9daction<\/p>\n","protected":false},"excerpt":{"rendered":"<p>Kinshasa, 29 janvier 2026, Le Gouvernement de la R\u00e9publique d\u00e9mocratique du Congo, repr\u00e9sent\u00e9 par le ministre des mines, Louis Watum Kabamba, a proc\u00e9d\u00e9 \u00e0 la signature officielle du contrat avec<\/p>\n","protected":false},"author":14,"featured_media":72343,"comment_status":"open","ping_status":"open","sticky":false,"template":"","format":"standard","meta":{"footnotes":""},"categories":[63],"tags":[],"class_list":["post-72342","post","type-post","status-publish","format-standard","has-post-thumbnail","hentry","category-mines"],"yoast_head":"<!-- This site is optimized with the Yoast SEO plugin v27.5 - https:\/\/yoast.com\/product\/yoast-seo-wordpress\/ -->\n<title>Vers la cartographie g\u00e9ophysique a\u00e9roport\u00e9e et g\u00e9ologique de la RDC : Louis Watum paraphe un document pour la cause - LES VOLCANS NEWS<\/title>\n<meta name=\"robots\" content=\"index, follow, max-snippet:-1, max-image-preview:large, max-video-preview:-1\" \/>\n<link rel=\"canonical\" href=\"https:\/\/lesvolcansnews.net\/?p=72342\" \/>\n<meta property=\"og:locale\" content=\"fr_FR\" \/>\n<meta property=\"og:type\" content=\"article\" \/>\n<meta property=\"og:title\" content=\"Vers la cartographie g\u00e9ophysique a\u00e9roport\u00e9e et g\u00e9ologique de la RDC : Louis Watum paraphe un document pour la cause - LES VOLCANS NEWS\" \/>\n<meta property=\"og:description\" content=\"Kinshasa, 29 janvier 2026, Le Gouvernement de la R\u00e9publique d\u00e9mocratique du Congo, repr\u00e9sent\u00e9 par le ministre des mines, Louis Watum Kabamba, a proc\u00e9d\u00e9 \u00e0 la signature officielle du contrat avec\" \/>\n<meta property=\"og:url\" content=\"https:\/\/lesvolcansnews.net\/?p=72342\" \/>\n<meta property=\"og:site_name\" content=\"LES VOLCANS NEWS\" \/>\n<meta property=\"article:published_time\" content=\"2026-01-29T14:59:31+00:00\" \/>\n<meta property=\"og:image\" content=\"https:\/\/lesvolcansnews.net\/wp-content\/uploads\/2026\/01\/IMG-20260129-WA0343.jpg\" \/>\n\t<meta property=\"og:image:width\" content=\"1280\" \/>\n\t<meta property=\"og:image:height\" content=\"853\" \/>\n\t<meta property=\"og:image:type\" content=\"image\/jpeg\" \/>\n<meta name=\"author\" content=\"R\u00e9daction - Les Volcans News\" \/>\n<meta name=\"twitter:card\" content=\"summary_large_image\" \/>\n<meta name=\"twitter:label1\" content=\"\u00c9crit par\" \/>\n\t<meta name=\"twitter:data1\" content=\"R\u00e9daction - Les Volcans News\" \/>\n\t<meta name=\"twitter:label2\" content=\"Dur\u00e9e de lecture estim\u00e9e\" \/>\n\t<meta name=\"twitter:data2\" content=\"2 minutes\" \/>\n<script type=\"application\/ld+json\" class=\"yoast-schema-graph\">{\"@context\":\"https:\\\/\\\/schema.org\",\"@graph\":[{\"@type\":\"Article\",\"@id\":\"https:\\\/\\\/lesvolcansnews.net\\\/?p=72342#article\",\"isPartOf\":{\"@id\":\"https:\\\/\\\/lesvolcansnews.net\\\/?p=72342\"},\"author\":{\"name\":\"R\u00e9daction - Les Volcans News\",\"@id\":\"https:\\\/\\\/lesvolcansnews.net\\\/#\\\/schema\\\/person\\\/82c8bed2e77879ecf6cca63441f57354\"},\"headline\":\"Vers la cartographie g\u00e9ophysique a\u00e9roport\u00e9e et g\u00e9ologique de la RDC : Louis Watum paraphe un document pour la cause\",\"datePublished\":\"2026-01-29T14:59:31+00:00\",\"mainEntityOfPage\":{\"@id\":\"https:\\\/\\\/lesvolcansnews.net\\\/?p=72342\"},\"wordCount\":359,\"commentCount\":0,\"image\":{\"@id\":\"https:\\\/\\\/lesvolcansnews.net\\\/?p=72342#primaryimage\"},\"thumbnailUrl\":\"https:\\\/\\\/lesvolcansnews.net\\\/wp-content\\\/uploads\\\/2026\\\/01\\\/IMG-20260129-WA0343.jpg\",\"articleSection\":[\"MINES\"],\"inLanguage\":\"fr-FR\",\"potentialAction\":[{\"@type\":\"CommentAction\",\"name\":\"Comment\",\"target\":[\"https:\\\/\\\/lesvolcansnews.net\\\/?p=72342#respond\"]}]},{\"@type\":\"WebPage\",\"@id\":\"https:\\\/\\\/lesvolcansnews.net\\\/?p=72342\",\"url\":\"https:\\\/\\\/lesvolcansnews.net\\\/?p=72342\",\"name\":\"Vers la cartographie g\u00e9ophysique a\u00e9roport\u00e9e et g\u00e9ologique de la RDC : Louis Watum paraphe un document pour la cause - LES VOLCANS NEWS\",\"isPartOf\":{\"@id\":\"https:\\\/\\\/lesvolcansnews.net\\\/#website\"},\"primaryImageOfPage\":{\"@id\":\"https:\\\/\\\/lesvolcansnews.net\\\/?p=72342#primaryimage\"},\"image\":{\"@id\":\"https:\\\/\\\/lesvolcansnews.net\\\/?p=72342#primaryimage\"},\"thumbnailUrl\":\"https:\\\/\\\/lesvolcansnews.net\\\/wp-content\\\/uploads\\\/2026\\\/01\\\/IMG-20260129-WA0343.jpg\",\"datePublished\":\"2026-01-29T14:59:31+00:00\",\"author\":{\"@id\":\"https:\\\/\\\/lesvolcansnews.net\\\/#\\\/schema\\\/person\\\/82c8bed2e77879ecf6cca63441f57354\"},\"breadcrumb\":{\"@id\":\"https:\\\/\\\/lesvolcansnews.net\\\/?p=72342#breadcrumb\"},\"inLanguage\":\"fr-FR\",\"potentialAction\":[{\"@type\":\"ReadAction\",\"target\":[\"https:\\\/\\\/lesvolcansnews.net\\\/?p=72342\"]}]},{\"@type\":\"ImageObject\",\"inLanguage\":\"fr-FR\",\"@id\":\"https:\\\/\\\/lesvolcansnews.net\\\/?p=72342#primaryimage\",\"url\":\"https:\\\/\\\/lesvolcansnews.net\\\/wp-content\\\/uploads\\\/2026\\\/01\\\/IMG-20260129-WA0343.jpg\",\"contentUrl\":\"https:\\\/\\\/lesvolcansnews.net\\\/wp-content\\\/uploads\\\/2026\\\/01\\\/IMG-20260129-WA0343.jpg\",\"width\":1280,\"height\":853},{\"@type\":\"BreadcrumbList\",\"@id\":\"https:\\\/\\\/lesvolcansnews.net\\\/?p=72342#breadcrumb\",\"itemListElement\":[{\"@type\":\"ListItem\",\"position\":1,\"name\":\"Accueil\",\"item\":\"https:\\\/\\\/lesvolcansnews.net\\\/\"},{\"@type\":\"ListItem\",\"position\":2,\"name\":\"Vers la cartographie g\u00e9ophysique a\u00e9roport\u00e9e et g\u00e9ologique de la RDC : Louis Watum paraphe un document pour la cause\"}]},{\"@type\":\"WebSite\",\"@id\":\"https:\\\/\\\/lesvolcansnews.net\\\/#website\",\"url\":\"https:\\\/\\\/lesvolcansnews.net\\\/\",\"name\":\"LES VOLCANS NEWS\",\"description\":\"L&#039;INFORMATION C&#039;EST NOUS\",\"potentialAction\":[{\"@type\":\"SearchAction\",\"target\":{\"@type\":\"EntryPoint\",\"urlTemplate\":\"https:\\\/\\\/lesvolcansnews.net\\\/?s={search_term_string}\"},\"query-input\":{\"@type\":\"PropertyValueSpecification\",\"valueRequired\":true,\"valueName\":\"search_term_string\"}}],\"inLanguage\":\"fr-FR\"},{\"@type\":\"Person\",\"@id\":\"https:\\\/\\\/lesvolcansnews.net\\\/#\\\/schema\\\/person\\\/82c8bed2e77879ecf6cca63441f57354\",\"name\":\"R\u00e9daction - Les Volcans News\",\"image\":{\"@type\":\"ImageObject\",\"inLanguage\":\"fr-FR\",\"@id\":\"https:\\\/\\\/secure.gravatar.com\\\/avatar\\\/8408942dd851e8a9c09f3d382a661bc05d2b3cd9002139bc1795b9528cdc6c80?s=96&d=mm&r=g\",\"url\":\"https:\\\/\\\/secure.gravatar.com\\\/avatar\\\/8408942dd851e8a9c09f3d382a661bc05d2b3cd9002139bc1795b9528cdc6c80?s=96&d=mm&r=g\",\"contentUrl\":\"https:\\\/\\\/secure.gravatar.com\\\/avatar\\\/8408942dd851e8a9c09f3d382a661bc05d2b3cd9002139bc1795b9528cdc6c80?s=96&d=mm&r=g\",\"caption\":\"R\u00e9daction - Les Volcans News\"},\"url\":\"https:\\\/\\\/lesvolcansnews.net\\\/?author=14\"}]}<\/script>\n<!-- \/ Yoast SEO plugin. -->","yoast_head_json":{"title":"Vers la cartographie g\u00e9ophysique a\u00e9roport\u00e9e et g\u00e9ologique de la RDC : Louis Watum paraphe un document pour la cause - LES VOLCANS NEWS","robots":{"index":"index","follow":"follow","max-snippet":"max-snippet:-1","max-image-preview":"max-image-preview:large","max-video-preview":"max-video-preview:-1"},"canonical":"https:\/\/lesvolcansnews.net\/?p=72342","og_locale":"fr_FR","og_type":"article","og_title":"Vers la cartographie g\u00e9ophysique a\u00e9roport\u00e9e et g\u00e9ologique de la RDC : Louis Watum paraphe un document pour la cause - LES VOLCANS NEWS","og_description":"Kinshasa, 29 janvier 2026, Le Gouvernement de la R\u00e9publique d\u00e9mocratique du Congo, repr\u00e9sent\u00e9 par le ministre des mines, Louis Watum Kabamba, a proc\u00e9d\u00e9 \u00e0 la signature officielle du contrat avec","og_url":"https:\/\/lesvolcansnews.net\/?p=72342","og_site_name":"LES VOLCANS NEWS","article_published_time":"2026-01-29T14:59:31+00:00","og_image":[{"width":1280,"height":853,"url":"https:\/\/lesvolcansnews.net\/wp-content\/uploads\/2026\/01\/IMG-20260129-WA0343.jpg","type":"image\/jpeg"}],"author":"R\u00e9daction - Les Volcans News","twitter_card":"summary_large_image","twitter_misc":{"\u00c9crit par":"R\u00e9daction - Les Volcans News","Dur\u00e9e de lecture estim\u00e9e":"2 minutes"},"schema":{"@context":"https:\/\/schema.org","@graph":[{"@type":"Article","@id":"https:\/\/lesvolcansnews.net\/?p=72342#article","isPartOf":{"@id":"https:\/\/lesvolcansnews.net\/?p=72342"},"author":{"name":"R\u00e9daction - Les Volcans News","@id":"https:\/\/lesvolcansnews.net\/#\/schema\/person\/82c8bed2e77879ecf6cca63441f57354"},"headline":"Vers la cartographie g\u00e9ophysique a\u00e9roport\u00e9e et g\u00e9ologique de la RDC : Louis Watum paraphe un document pour la cause","datePublished":"2026-01-29T14:59:31+00:00","mainEntityOfPage":{"@id":"https:\/\/lesvolcansnews.net\/?p=72342"},"wordCount":359,"commentCount":0,"image":{"@id":"https:\/\/lesvolcansnews.net\/?p=72342#primaryimage"},"thumbnailUrl":"https:\/\/lesvolcansnews.net\/wp-content\/uploads\/2026\/01\/IMG-20260129-WA0343.jpg","articleSection":["MINES"],"inLanguage":"fr-FR","potentialAction":[{"@type":"CommentAction","name":"Comment","target":["https:\/\/lesvolcansnews.net\/?p=72342#respond"]}]},{"@type":"WebPage","@id":"https:\/\/lesvolcansnews.net\/?p=72342","url":"https:\/\/lesvolcansnews.net\/?p=72342","name":"Vers la cartographie g\u00e9ophysique a\u00e9roport\u00e9e et g\u00e9ologique de la RDC : Louis Watum paraphe un document pour la cause - LES VOLCANS NEWS","isPartOf":{"@id":"https:\/\/lesvolcansnews.net\/#website"},"primaryImageOfPage":{"@id":"https:\/\/lesvolcansnews.net\/?p=72342#primaryimage"},"image":{"@id":"https:\/\/lesvolcansnews.net\/?p=72342#primaryimage"},"thumbnailUrl":"https:\/\/lesvolcansnews.net\/wp-content\/uploads\/2026\/01\/IMG-20260129-WA0343.jpg","datePublished":"2026-01-29T14:59:31+00:00","author":{"@id":"https:\/\/lesvolcansnews.net\/#\/schema\/person\/82c8bed2e77879ecf6cca63441f57354"},"breadcrumb":{"@id":"https:\/\/lesvolcansnews.net\/?p=72342#breadcrumb"},"inLanguage":"fr-FR","potentialAction":[{"@type":"ReadAction","target":["https:\/\/lesvolcansnews.net\/?p=72342"]}]},{"@type":"ImageObject","inLanguage":"fr-FR","@id":"https:\/\/lesvolcansnews.net\/?p=72342#primaryimage","url":"https:\/\/lesvolcansnews.net\/wp-content\/uploads\/2026\/01\/IMG-20260129-WA0343.jpg","contentUrl":"https:\/\/lesvolcansnews.net\/wp-content\/uploads\/2026\/01\/IMG-20260129-WA0343.jpg","width":1280,"height":853},{"@type":"BreadcrumbList","@id":"https:\/\/lesvolcansnews.net\/?p=72342#breadcrumb","itemListElement":[{"@type":"ListItem","position":1,"name":"Accueil","item":"https:\/\/lesvolcansnews.net\/"},{"@type":"ListItem","position":2,"name":"Vers la cartographie g\u00e9ophysique a\u00e9roport\u00e9e et g\u00e9ologique de la RDC : Louis Watum paraphe un document pour la cause"}]},{"@type":"WebSite","@id":"https:\/\/lesvolcansnews.net\/#website","url":"https:\/\/lesvolcansnews.net\/","name":"LES VOLCANS NEWS","description":"L&#039;INFORMATION C&#039;EST NOUS","potentialAction":[{"@type":"SearchAction","target":{"@type":"EntryPoint","urlTemplate":"https:\/\/lesvolcansnews.net\/?s={search_term_string}"},"query-input":{"@type":"PropertyValueSpecification","valueRequired":true,"valueName":"search_term_string"}}],"inLanguage":"fr-FR"},{"@type":"Person","@id":"https:\/\/lesvolcansnews.net\/#\/schema\/person\/82c8bed2e77879ecf6cca63441f57354","name":"R\u00e9daction - Les Volcans News","image":{"@type":"ImageObject","inLanguage":"fr-FR","@id":"https:\/\/secure.gravatar.com\/avatar\/8408942dd851e8a9c09f3d382a661bc05d2b3cd9002139bc1795b9528cdc6c80?s=96&d=mm&r=g","url":"https:\/\/secure.gravatar.com\/avatar\/8408942dd851e8a9c09f3d382a661bc05d2b3cd9002139bc1795b9528cdc6c80?s=96&d=mm&r=g","contentUrl":"https:\/\/secure.gravatar.com\/avatar\/8408942dd851e8a9c09f3d382a661bc05d2b3cd9002139bc1795b9528cdc6c80?s=96&d=mm&r=g","caption":"R\u00e9daction - Les Volcans News"},"url":"https:\/\/lesvolcansnews.net\/?author=14"}]}},"_links":{"self":[{"href":"https:\/\/lesvolcansnews.net\/index.php?rest_route=\/wp\/v2\/posts\/72342","targetHints":{"allow":["GET"]}}],"collection":[{"href":"https:\/\/lesvolcansnews.net\/index.php?rest_route=\/wp\/v2\/posts"}],"about":[{"href":"https:\/\/lesvolcansnews.net\/index.php?rest_route=\/wp\/v2\/types\/post"}],"author":[{"embeddable":true,"href":"https:\/\/lesvolcansnews.net\/index.php?rest_route=\/wp\/v2\/users\/14"}],"replies":[{"embeddable":true,"href":"https:\/\/lesvolcansnews.net\/index.php?rest_route=%2Fwp%2Fv2%2Fcomments&post=72342"}],"version-history":[{"count":1,"href":"https:\/\/lesvolcansnews.net\/index.php?rest_route=\/wp\/v2\/posts\/72342\/revisions"}],"predecessor-version":[{"id":72344,"href":"https:\/\/lesvolcansnews.net\/index.php?rest_route=\/wp\/v2\/posts\/72342\/revisions\/72344"}],"wp:featuredmedia":[{"embeddable":true,"href":"https:\/\/lesvolcansnews.net\/index.php?rest_route=\/wp\/v2\/media\/72343"}],"wp:attachment":[{"href":"https:\/\/lesvolcansnews.net\/index.php?rest_route=%2Fwp%2Fv2%2Fmedia&parent=72342"}],"wp:term":[{"taxonomy":"category","embeddable":true,"href":"https:\/\/lesvolcansnews.net\/index.php?rest_route=%2Fwp%2Fv2%2Fcategories&post=72342"},{"taxonomy":"post_tag","embeddable":true,"href":"https:\/\/lesvolcansnews.net\/index.php?rest_route=%2Fwp%2Fv2%2Ftags&post=72342"}],"curies":[{"name":"wp","href":"https:\/\/api.w.org\/{rel}","templated":true}]}}