{"id":72312,"date":"2026-01-28T21:10:03","date_gmt":"2026-01-28T19:10:03","guid":{"rendered":"https:\/\/lesvolcansnews.net\/?p=72312"},"modified":"2026-01-28T21:10:03","modified_gmt":"2026-01-28T19:10:03","slug":"rdc-louis-watum-ouvre-les-assises-de-la-gouvernance-miniere-et-la-transparence-dans-le-secteur-minier","status":"publish","type":"post","link":"https:\/\/lesvolcansnews.net\/?p=72312","title":{"rendered":"RDC : Louis Watum ouvre les assises de la gouvernance mini\u00e8re et la transparence dans le secteur minier"},"content":{"rendered":"<p><strong>Le Ministre des Mines a proc\u00e9d\u00e9 ce mercredi 28 janvier 2026 \u00e0 l\u2019ouverture officielle des assises sur la transparence et la bonne gouvernance du secteur minier, organis\u00e9es par l\u2019Institut R\u00e9publicain International (IRI), pr\u00e9vues du 28 au 29 janvier 2026. Ces travaux r\u00e9unissent les institutions publiques, le secteur priv\u00e9, la soci\u00e9t\u00e9 civile ainsi que les partenaires techniques et financiers.<\/strong><\/p>\n<p>Dans son allocution, Louis Watum a salu\u00e9 l\u2019initiative de l\u2019IRI et rappel\u00e9 la place strat\u00e9gique de la R\u00e9publique D\u00e9mocratique du Congo dans les cha\u00eenes de valeur mondiales li\u00e9es \u00e0 l\u2019industrialisation, \u00e0 la transition \u00e9nerg\u00e9tique et aux nouvelles technologies, soulignant la n\u00e9cessit\u00e9 d\u2019une gouvernance mini\u00e8re fond\u00e9e sur la transparence et la redevabilit\u00e9.<\/p>\n<p>S\u2019inscrivant dans la vision de Son Excellence Monsieur F\u00e9lix Antoine Tshisekedi Tshilombo, Pr\u00e9sident de la R\u00e9publique, et sous la conduite de Madame Judith Suminwa Tuluka, Premi\u00e8re Ministre, Cheffe du Gouvernement, le Gouvernement r\u00e9affirme son engagement \u00e0 moderniser la gouvernance du secteur minier \u00e0 travers la coordination institutionnelle, la clart\u00e9 des r\u00e8gles, le dialogue avec les op\u00e9rateurs \u00e9conomiques et les communaut\u00e9s locales, ainsi qu\u2019une interaction responsable avec la soci\u00e9t\u00e9 civile.<\/p>\n<p>Louis WATUM KABAMBA a appel\u00e9 l\u2019ensemble des participants \u00e0 faire preuve de pragmatisme et \u00e0 privil\u00e9gier des r\u00e9sultats concrets, souhaitant que ce forum se distingue des pr\u00e9c\u00e9dents en allant droit aux probl\u00e8mes qui rongent le secteur minier. Il a insist\u00e9 sur le renforcement de la tra\u00e7abilit\u00e9 et de la redevabilit\u00e9, exhortant les parties prenantes \u00e0 formuler des engagements clairs et op\u00e9rationnels \u00e0 l\u2019issue de ces assises.<\/p>\n<p>Le Ministre des Mines a par ailleurs r\u00e9affirm\u00e9 la vision du Gouvernement de faire du secteur minier un pilier de la souverainet\u00e9 \u00e9conomique nationale, un moteur de transformation industrielle et un facteur de stabilit\u00e9 sociale. Cl\u00f4turant son intervention, Louis WATUM KABAMBA a rappel\u00e9 qu\u2019\u00ab une gouvernance exigeante est la condition du d\u00e9veloppement \u00bb, avant de d\u00e9clarer officiellement ouverts les travaux.<\/p>\n<p>L\u2019Institut R\u00e9publicain International (IRI) est une organisation internationale \u0153uvrant pour le d\u00e9veloppement de la d\u00e9mocratie. Depuis 1983, cette institution non gouvernementale conduit des programmes de renforcement des capacit\u00e9s d\u00e9mocratiques dans plus de 100 pays \u00e0 travers l\u2019Afrique, l\u2019Asie, l\u2019Eurasie, l\u2019Europe, l\u2019Am\u00e9rique latine, les Cara\u00efbes, le Moyen-Orient et l\u2019Afrique du Nord. En R\u00e9publique D\u00e9mocratique du Congo, l\u2019IRI intervient depuis 2015, notamment \u00e0 travers une mission d\u2019observation \u00e9lectorale lors du scrutin de d\u00e9cembre 2018, ainsi que plusieurs programmes visant \u00e0 soutenir le processus \u00e9lectoral, promouvoir la redevabilit\u00e9 et renforcer les comp\u00e9tences des \u00e9lus, des partis politiques et de la soci\u00e9t\u00e9 civile. Depuis mai 2025, l\u2019IRI a orient\u00e9 ses actions vers les enjeux de gouvernance du secteur minier.<\/p>\n<p>R\u00e9daction <\/p>\n","protected":false},"excerpt":{"rendered":"<p>Le Ministre des Mines a proc\u00e9d\u00e9 ce mercredi 28 janvier 2026 \u00e0 l\u2019ouverture officielle des assises sur la transparence et la bonne gouvernance du secteur minier, organis\u00e9es par l\u2019Institut R\u00e9publicain<\/p>\n","protected":false},"author":14,"featured_media":72313,"comment_status":"open","ping_status":"open","sticky":false,"template":"","format":"standard","meta":{"footnotes":""},"categories":[63],"tags":[],"class_list":["post-72312","post","type-post","status-publish","format-standard","has-post-thumbnail","hentry","category-mines"],"yoast_head":"<!-- This site is optimized with the Yoast SEO plugin v27.3 - https:\/\/yoast.com\/product\/yoast-seo-wordpress\/ -->\n<title>RDC : Louis Watum ouvre les assises de la gouvernance mini\u00e8re et la transparence dans le secteur minier - LES VOLCANS NEWS<\/title>\n<meta name=\"robots\" content=\"index, follow, max-snippet:-1, max-image-preview:large, max-video-preview:-1\" \/>\n<link rel=\"canonical\" href=\"https:\/\/lesvolcansnews.net\/?p=72312\" \/>\n<meta property=\"og:locale\" content=\"fr_FR\" \/>\n<meta property=\"og:type\" content=\"article\" \/>\n<meta property=\"og:title\" content=\"RDC : Louis Watum ouvre les assises de la gouvernance mini\u00e8re et la transparence dans le secteur minier - LES VOLCANS NEWS\" \/>\n<meta property=\"og:description\" content=\"Le Ministre des Mines a proc\u00e9d\u00e9 ce mercredi 28 janvier 2026 \u00e0 l\u2019ouverture officielle des assises sur la transparence et la bonne gouvernance du secteur minier, organis\u00e9es par l\u2019Institut R\u00e9publicain\" \/>\n<meta property=\"og:url\" content=\"https:\/\/lesvolcansnews.net\/?p=72312\" \/>\n<meta property=\"og:site_name\" content=\"LES VOLCANS NEWS\" \/>\n<meta property=\"article:published_time\" content=\"2026-01-28T19:10:03+00:00\" \/>\n<meta property=\"og:image\" content=\"https:\/\/lesvolcansnews.net\/wp-content\/uploads\/2026\/01\/IMG-20260128-WA0258.jpg\" \/>\n\t<meta property=\"og:image:width\" content=\"1280\" \/>\n\t<meta property=\"og:image:height\" content=\"854\" \/>\n\t<meta property=\"og:image:type\" content=\"image\/jpeg\" \/>\n<meta name=\"author\" content=\"R\u00e9daction - Les Volcans News\" \/>\n<meta name=\"twitter:card\" content=\"summary_large_image\" \/>\n<meta name=\"twitter:label1\" content=\"\u00c9crit par\" \/>\n\t<meta name=\"twitter:data1\" content=\"R\u00e9daction - Les Volcans News\" \/>\n\t<meta name=\"twitter:label2\" content=\"Dur\u00e9e de lecture estim\u00e9e\" \/>\n\t<meta name=\"twitter:data2\" content=\"2 minutes\" \/>\n<script type=\"application\/ld+json\" class=\"yoast-schema-graph\">{\"@context\":\"https:\\\/\\\/schema.org\",\"@graph\":[{\"@type\":\"Article\",\"@id\":\"https:\\\/\\\/lesvolcansnews.net\\\/?p=72312#article\",\"isPartOf\":{\"@id\":\"https:\\\/\\\/lesvolcansnews.net\\\/?p=72312\"},\"author\":{\"name\":\"R\u00e9daction - Les Volcans News\",\"@id\":\"https:\\\/\\\/lesvolcansnews.net\\\/#\\\/schema\\\/person\\\/82c8bed2e77879ecf6cca63441f57354\"},\"headline\":\"RDC : Louis Watum ouvre les assises de la gouvernance mini\u00e8re et la transparence dans le secteur minier\",\"datePublished\":\"2026-01-28T19:10:03+00:00\",\"mainEntityOfPage\":{\"@id\":\"https:\\\/\\\/lesvolcansnews.net\\\/?p=72312\"},\"wordCount\":483,\"commentCount\":0,\"image\":{\"@id\":\"https:\\\/\\\/lesvolcansnews.net\\\/?p=72312#primaryimage\"},\"thumbnailUrl\":\"https:\\\/\\\/lesvolcansnews.net\\\/wp-content\\\/uploads\\\/2026\\\/01\\\/IMG-20260128-WA0258.jpg\",\"articleSection\":[\"MINES\"],\"inLanguage\":\"fr-FR\",\"potentialAction\":[{\"@type\":\"CommentAction\",\"name\":\"Comment\",\"target\":[\"https:\\\/\\\/lesvolcansnews.net\\\/?p=72312#respond\"]}]},{\"@type\":\"WebPage\",\"@id\":\"https:\\\/\\\/lesvolcansnews.net\\\/?p=72312\",\"url\":\"https:\\\/\\\/lesvolcansnews.net\\\/?p=72312\",\"name\":\"RDC : Louis Watum ouvre les assises de la gouvernance mini\u00e8re et la transparence dans le secteur minier - LES VOLCANS NEWS\",\"isPartOf\":{\"@id\":\"https:\\\/\\\/lesvolcansnews.net\\\/#website\"},\"primaryImageOfPage\":{\"@id\":\"https:\\\/\\\/lesvolcansnews.net\\\/?p=72312#primaryimage\"},\"image\":{\"@id\":\"https:\\\/\\\/lesvolcansnews.net\\\/?p=72312#primaryimage\"},\"thumbnailUrl\":\"https:\\\/\\\/lesvolcansnews.net\\\/wp-content\\\/uploads\\\/2026\\\/01\\\/IMG-20260128-WA0258.jpg\",\"datePublished\":\"2026-01-28T19:10:03+00:00\",\"author\":{\"@id\":\"https:\\\/\\\/lesvolcansnews.net\\\/#\\\/schema\\\/person\\\/82c8bed2e77879ecf6cca63441f57354\"},\"breadcrumb\":{\"@id\":\"https:\\\/\\\/lesvolcansnews.net\\\/?p=72312#breadcrumb\"},\"inLanguage\":\"fr-FR\",\"potentialAction\":[{\"@type\":\"ReadAction\",\"target\":[\"https:\\\/\\\/lesvolcansnews.net\\\/?p=72312\"]}]},{\"@type\":\"ImageObject\",\"inLanguage\":\"fr-FR\",\"@id\":\"https:\\\/\\\/lesvolcansnews.net\\\/?p=72312#primaryimage\",\"url\":\"https:\\\/\\\/lesvolcansnews.net\\\/wp-content\\\/uploads\\\/2026\\\/01\\\/IMG-20260128-WA0258.jpg\",\"contentUrl\":\"https:\\\/\\\/lesvolcansnews.net\\\/wp-content\\\/uploads\\\/2026\\\/01\\\/IMG-20260128-WA0258.jpg\",\"width\":1280,\"height\":854},{\"@type\":\"BreadcrumbList\",\"@id\":\"https:\\\/\\\/lesvolcansnews.net\\\/?p=72312#breadcrumb\",\"itemListElement\":[{\"@type\":\"ListItem\",\"position\":1,\"name\":\"Accueil\",\"item\":\"https:\\\/\\\/lesvolcansnews.net\\\/\"},{\"@type\":\"ListItem\",\"position\":2,\"name\":\"RDC : Louis Watum ouvre les assises de la gouvernance mini\u00e8re et la transparence dans le secteur minier\"}]},{\"@type\":\"WebSite\",\"@id\":\"https:\\\/\\\/lesvolcansnews.net\\\/#website\",\"url\":\"https:\\\/\\\/lesvolcansnews.net\\\/\",\"name\":\"LES VOLCANS NEWS\",\"description\":\"L&#039;INFORMATION C&#039;EST NOUS\",\"potentialAction\":[{\"@type\":\"SearchAction\",\"target\":{\"@type\":\"EntryPoint\",\"urlTemplate\":\"https:\\\/\\\/lesvolcansnews.net\\\/?s={search_term_string}\"},\"query-input\":{\"@type\":\"PropertyValueSpecification\",\"valueRequired\":true,\"valueName\":\"search_term_string\"}}],\"inLanguage\":\"fr-FR\"},{\"@type\":\"Person\",\"@id\":\"https:\\\/\\\/lesvolcansnews.net\\\/#\\\/schema\\\/person\\\/82c8bed2e77879ecf6cca63441f57354\",\"name\":\"R\u00e9daction - Les Volcans News\",\"image\":{\"@type\":\"ImageObject\",\"inLanguage\":\"fr-FR\",\"@id\":\"https:\\\/\\\/secure.gravatar.com\\\/avatar\\\/8408942dd851e8a9c09f3d382a661bc05d2b3cd9002139bc1795b9528cdc6c80?s=96&d=mm&r=g\",\"url\":\"https:\\\/\\\/secure.gravatar.com\\\/avatar\\\/8408942dd851e8a9c09f3d382a661bc05d2b3cd9002139bc1795b9528cdc6c80?s=96&d=mm&r=g\",\"contentUrl\":\"https:\\\/\\\/secure.gravatar.com\\\/avatar\\\/8408942dd851e8a9c09f3d382a661bc05d2b3cd9002139bc1795b9528cdc6c80?s=96&d=mm&r=g\",\"caption\":\"R\u00e9daction - Les Volcans News\"},\"url\":\"https:\\\/\\\/lesvolcansnews.net\\\/?author=14\"}]}<\/script>\n<!-- \/ Yoast SEO plugin. -->","yoast_head_json":{"title":"RDC : Louis Watum ouvre les assises de la gouvernance mini\u00e8re et la transparence dans le secteur minier - LES VOLCANS NEWS","robots":{"index":"index","follow":"follow","max-snippet":"max-snippet:-1","max-image-preview":"max-image-preview:large","max-video-preview":"max-video-preview:-1"},"canonical":"https:\/\/lesvolcansnews.net\/?p=72312","og_locale":"fr_FR","og_type":"article","og_title":"RDC : Louis Watum ouvre les assises de la gouvernance mini\u00e8re et la transparence dans le secteur minier - LES VOLCANS NEWS","og_description":"Le Ministre des Mines a proc\u00e9d\u00e9 ce mercredi 28 janvier 2026 \u00e0 l\u2019ouverture officielle des assises sur la transparence et la bonne gouvernance du secteur minier, organis\u00e9es par l\u2019Institut R\u00e9publicain","og_url":"https:\/\/lesvolcansnews.net\/?p=72312","og_site_name":"LES VOLCANS NEWS","article_published_time":"2026-01-28T19:10:03+00:00","og_image":[{"width":1280,"height":854,"url":"https:\/\/lesvolcansnews.net\/wp-content\/uploads\/2026\/01\/IMG-20260128-WA0258.jpg","type":"image\/jpeg"}],"author":"R\u00e9daction - Les Volcans News","twitter_card":"summary_large_image","twitter_misc":{"\u00c9crit par":"R\u00e9daction - Les Volcans News","Dur\u00e9e de lecture estim\u00e9e":"2 minutes"},"schema":{"@context":"https:\/\/schema.org","@graph":[{"@type":"Article","@id":"https:\/\/lesvolcansnews.net\/?p=72312#article","isPartOf":{"@id":"https:\/\/lesvolcansnews.net\/?p=72312"},"author":{"name":"R\u00e9daction - Les Volcans News","@id":"https:\/\/lesvolcansnews.net\/#\/schema\/person\/82c8bed2e77879ecf6cca63441f57354"},"headline":"RDC : Louis Watum ouvre les assises de la gouvernance mini\u00e8re et la transparence dans le secteur minier","datePublished":"2026-01-28T19:10:03+00:00","mainEntityOfPage":{"@id":"https:\/\/lesvolcansnews.net\/?p=72312"},"wordCount":483,"commentCount":0,"image":{"@id":"https:\/\/lesvolcansnews.net\/?p=72312#primaryimage"},"thumbnailUrl":"https:\/\/lesvolcansnews.net\/wp-content\/uploads\/2026\/01\/IMG-20260128-WA0258.jpg","articleSection":["MINES"],"inLanguage":"fr-FR","potentialAction":[{"@type":"CommentAction","name":"Comment","target":["https:\/\/lesvolcansnews.net\/?p=72312#respond"]}]},{"@type":"WebPage","@id":"https:\/\/lesvolcansnews.net\/?p=72312","url":"https:\/\/lesvolcansnews.net\/?p=72312","name":"RDC : Louis Watum ouvre les assises de la gouvernance mini\u00e8re et la transparence dans le secteur minier - LES VOLCANS NEWS","isPartOf":{"@id":"https:\/\/lesvolcansnews.net\/#website"},"primaryImageOfPage":{"@id":"https:\/\/lesvolcansnews.net\/?p=72312#primaryimage"},"image":{"@id":"https:\/\/lesvolcansnews.net\/?p=72312#primaryimage"},"thumbnailUrl":"https:\/\/lesvolcansnews.net\/wp-content\/uploads\/2026\/01\/IMG-20260128-WA0258.jpg","datePublished":"2026-01-28T19:10:03+00:00","author":{"@id":"https:\/\/lesvolcansnews.net\/#\/schema\/person\/82c8bed2e77879ecf6cca63441f57354"},"breadcrumb":{"@id":"https:\/\/lesvolcansnews.net\/?p=72312#breadcrumb"},"inLanguage":"fr-FR","potentialAction":[{"@type":"ReadAction","target":["https:\/\/lesvolcansnews.net\/?p=72312"]}]},{"@type":"ImageObject","inLanguage":"fr-FR","@id":"https:\/\/lesvolcansnews.net\/?p=72312#primaryimage","url":"https:\/\/lesvolcansnews.net\/wp-content\/uploads\/2026\/01\/IMG-20260128-WA0258.jpg","contentUrl":"https:\/\/lesvolcansnews.net\/wp-content\/uploads\/2026\/01\/IMG-20260128-WA0258.jpg","width":1280,"height":854},{"@type":"BreadcrumbList","@id":"https:\/\/lesvolcansnews.net\/?p=72312#breadcrumb","itemListElement":[{"@type":"ListItem","position":1,"name":"Accueil","item":"https:\/\/lesvolcansnews.net\/"},{"@type":"ListItem","position":2,"name":"RDC : Louis Watum ouvre les assises de la gouvernance mini\u00e8re et la transparence dans le secteur minier"}]},{"@type":"WebSite","@id":"https:\/\/lesvolcansnews.net\/#website","url":"https:\/\/lesvolcansnews.net\/","name":"LES VOLCANS NEWS","description":"L&#039;INFORMATION C&#039;EST NOUS","potentialAction":[{"@type":"SearchAction","target":{"@type":"EntryPoint","urlTemplate":"https:\/\/lesvolcansnews.net\/?s={search_term_string}"},"query-input":{"@type":"PropertyValueSpecification","valueRequired":true,"valueName":"search_term_string"}}],"inLanguage":"fr-FR"},{"@type":"Person","@id":"https:\/\/lesvolcansnews.net\/#\/schema\/person\/82c8bed2e77879ecf6cca63441f57354","name":"R\u00e9daction - Les Volcans News","image":{"@type":"ImageObject","inLanguage":"fr-FR","@id":"https:\/\/secure.gravatar.com\/avatar\/8408942dd851e8a9c09f3d382a661bc05d2b3cd9002139bc1795b9528cdc6c80?s=96&d=mm&r=g","url":"https:\/\/secure.gravatar.com\/avatar\/8408942dd851e8a9c09f3d382a661bc05d2b3cd9002139bc1795b9528cdc6c80?s=96&d=mm&r=g","contentUrl":"https:\/\/secure.gravatar.com\/avatar\/8408942dd851e8a9c09f3d382a661bc05d2b3cd9002139bc1795b9528cdc6c80?s=96&d=mm&r=g","caption":"R\u00e9daction - Les Volcans News"},"url":"https:\/\/lesvolcansnews.net\/?author=14"}]}},"_links":{"self":[{"href":"https:\/\/lesvolcansnews.net\/index.php?rest_route=\/wp\/v2\/posts\/72312","targetHints":{"allow":["GET"]}}],"collection":[{"href":"https:\/\/lesvolcansnews.net\/index.php?rest_route=\/wp\/v2\/posts"}],"about":[{"href":"https:\/\/lesvolcansnews.net\/index.php?rest_route=\/wp\/v2\/types\/post"}],"author":[{"embeddable":true,"href":"https:\/\/lesvolcansnews.net\/index.php?rest_route=\/wp\/v2\/users\/14"}],"replies":[{"embeddable":true,"href":"https:\/\/lesvolcansnews.net\/index.php?rest_route=%2Fwp%2Fv2%2Fcomments&post=72312"}],"version-history":[{"count":1,"href":"https:\/\/lesvolcansnews.net\/index.php?rest_route=\/wp\/v2\/posts\/72312\/revisions"}],"predecessor-version":[{"id":72314,"href":"https:\/\/lesvolcansnews.net\/index.php?rest_route=\/wp\/v2\/posts\/72312\/revisions\/72314"}],"wp:featuredmedia":[{"embeddable":true,"href":"https:\/\/lesvolcansnews.net\/index.php?rest_route=\/wp\/v2\/media\/72313"}],"wp:attachment":[{"href":"https:\/\/lesvolcansnews.net\/index.php?rest_route=%2Fwp%2Fv2%2Fmedia&parent=72312"}],"wp:term":[{"taxonomy":"category","embeddable":true,"href":"https:\/\/lesvolcansnews.net\/index.php?rest_route=%2Fwp%2Fv2%2Fcategories&post=72312"},{"taxonomy":"post_tag","embeddable":true,"href":"https:\/\/lesvolcansnews.net\/index.php?rest_route=%2Fwp%2Fv2%2Ftags&post=72312"}],"curies":[{"name":"wp","href":"https:\/\/api.w.org\/{rel}","templated":true}]}}