{"id":72290,"date":"2026-01-28T20:37:53","date_gmt":"2026-01-28T18:37:53","guid":{"rendered":"https:\/\/lesvolcansnews.net\/?p=72290"},"modified":"2026-01-28T20:37:53","modified_gmt":"2026-01-28T18:37:53","slug":"goma-le-maire-adjoint-appelle-les-eglises-a-travailler-dans-et-pour-lunite-des-fideles","status":"publish","type":"post","link":"https:\/\/lesvolcansnews.net\/?p=72290","title":{"rendered":"Goma : Le maire adjoint appelle les \u00e9glises \u00e0 travailler dans et pour l&#8217;unit\u00e9 des fid\u00e8les"},"content":{"rendered":"<p><strong>Le Maire adjoint D\u00e9sir\u00e9 NGABO KISUBA a appel\u00e9 les responsables des \u00e9glises de travailler dans l&#8217;unit\u00e9 et pour l&#8217;unit\u00e9 des fid\u00e8les, ce mardi \u00e0 l&#8217;issue d&#8217;un \u00e9change franc avec les responsables de la paroisse d&#8217;une \u00e9glise qu&#8217;il a fait taire le nom, mais qui sont en conflit de leadership.<\/strong><\/p>\n<p>&#8221; Le Mouvement r\u00e9volutionnaire AFC\/ M23, un mouvement qui pr\u00f4ne le changement, en apportant des solutions aux diff\u00e9rents probl\u00e8mes dans diff\u00e9rents secteurs de la vie de la population. Nous recevons des plaintes de la population par rapport aux conflits qui d\u00e9chirent les \u00e9glises. Voil\u00e0 pourquoi les \u00e9glises doivent travailler dans l&#8217;unit\u00e9 et pour l&#8217;unit\u00e9 des fid\u00e8les&#8221;, a-t-il d\u00e9clar\u00e9.<\/p>\n<p>Et d&#8217;ajouter: Nous ne voulons pas vivre de sc\u00e8nes de th\u00e9\u00e2tre de conflits entre les fid\u00e8les,  entre les responsables dans les \u00e9glises. Il y a une paroisse o\u00f9 un conflit de leadership d\u00e9chire.<\/p>\n<p>&#8221; Les uns ne veulent pas voir les autres pr\u00eacher, d&#8217;autres s&#8217;apprennent aux offrandes, crise d&#8217;identit\u00e9, et d&#8217;\u00e2ge. Ce conflit date de cela 8 mois. C&#8217;est pour cela que nous les avons invit\u00e9 \u00e0 nos bureaux pour qu&#8217;ils travaillent ensemble et pr\u00eacher le pardon et le vivre ensemble, si r\u00e9ellement sont-ils au service de l&#8217;\u00c9ternel Dieu&#8221;, a-t-il rench\u00e9ri.<\/p>\n<p>Par ailleurs D\u00e9sir\u00e9 Ngabo a recommande \u00e0 ses interlocuteurs de revenir vendredi prochain avec une solution \u00e0 main au diff\u00e9rend qui les oppose.<\/p>\n<p>Et par ricochet, a-t-il indiqu\u00e9, le pr\u00e9sent message d&#8217;adresse autant aux responsables des \u00e9glises en ville de Goma, des confessions religieuses qui entretiennent des divisions \u00e0 leur sein,<br \/>\nn&#8217;inspirent pas confiance et ne sont bonnes \u00e0 rien.<\/p>\n<p>&#8221; Pour des int\u00e9r\u00eats mesquins, les gens s&#8217;entre mangent comme des poules, se donnent du poison, bloquent l&#8217;avancement de l&#8217;\u0153uvre de Dieu, bref, cela doit prendre fin en ville de Goma&#8221;, a-t-il soulign\u00e9 avant de leur donner deux choix \u00e0 op\u00e9rer savoir, accorder leurs violons soit dans le cas \u00e9ch\u00e9ant, verrouiller la paroisse, en attendant \u00e0 ce que leur hi\u00e9rarchie envoie d&#8217;autres dirigeants&#8221;, a-t-il conclu, en disant que l&#8217;on ne peut pr\u00e9valoir \u00eatre pasteur alors que l&#8217;on ne sait pas pardonner ou s&#8217;humilier en travaillant avec d&#8217;autres serviteurs de Dieu.<\/p>\n<p>La r\u00e9daction<\/p>\n","protected":false},"excerpt":{"rendered":"<p>Le Maire adjoint D\u00e9sir\u00e9 NGABO KISUBA a appel\u00e9 les responsables des \u00e9glises de travailler dans l&#8217;unit\u00e9 et pour l&#8217;unit\u00e9 des fid\u00e8les, ce mardi \u00e0 l&#8217;issue d&#8217;un \u00e9change franc avec les<\/p>\n","protected":false},"author":14,"featured_media":72291,"comment_status":"open","ping_status":"open","sticky":false,"template":"","format":"standard","meta":{"footnotes":""},"categories":[56],"tags":[],"class_list":["post-72290","post","type-post","status-publish","format-standard","has-post-thumbnail","hentry","category-religion"],"yoast_head":"<!-- This site is optimized with the Yoast SEO plugin v27.5 - https:\/\/yoast.com\/product\/yoast-seo-wordpress\/ -->\n<title>Goma : Le maire adjoint appelle les \u00e9glises \u00e0 travailler dans et pour l&#039;unit\u00e9 des fid\u00e8les - LES VOLCANS NEWS<\/title>\n<meta name=\"robots\" content=\"index, follow, max-snippet:-1, max-image-preview:large, max-video-preview:-1\" \/>\n<link rel=\"canonical\" href=\"https:\/\/lesvolcansnews.net\/?p=72290\" \/>\n<meta property=\"og:locale\" content=\"fr_FR\" \/>\n<meta property=\"og:type\" content=\"article\" \/>\n<meta property=\"og:title\" content=\"Goma : Le maire adjoint appelle les \u00e9glises \u00e0 travailler dans et pour l&#039;unit\u00e9 des fid\u00e8les - LES VOLCANS NEWS\" \/>\n<meta property=\"og:description\" content=\"Le Maire adjoint D\u00e9sir\u00e9 NGABO KISUBA a appel\u00e9 les responsables des \u00e9glises de travailler dans l&#8217;unit\u00e9 et pour l&#8217;unit\u00e9 des fid\u00e8les, ce mardi \u00e0 l&#8217;issue d&#8217;un \u00e9change franc avec les\" \/>\n<meta property=\"og:url\" content=\"https:\/\/lesvolcansnews.net\/?p=72290\" \/>\n<meta property=\"og:site_name\" content=\"LES VOLCANS NEWS\" \/>\n<meta property=\"article:published_time\" content=\"2026-01-28T18:37:53+00:00\" \/>\n<meta property=\"og:image\" content=\"https:\/\/lesvolcansnews.net\/wp-content\/uploads\/2026\/01\/IMG-20260128-WA0340.jpg\" \/>\n\t<meta property=\"og:image:width\" content=\"2560\" \/>\n\t<meta property=\"og:image:height\" content=\"1441\" \/>\n\t<meta property=\"og:image:type\" content=\"image\/jpeg\" \/>\n<meta name=\"author\" content=\"R\u00e9daction - Les Volcans News\" \/>\n<meta name=\"twitter:card\" content=\"summary_large_image\" \/>\n<meta name=\"twitter:label1\" content=\"\u00c9crit par\" \/>\n\t<meta name=\"twitter:data1\" content=\"R\u00e9daction - Les Volcans News\" \/>\n\t<meta name=\"twitter:label2\" content=\"Dur\u00e9e de lecture estim\u00e9e\" \/>\n\t<meta name=\"twitter:data2\" content=\"2 minutes\" \/>\n<script type=\"application\/ld+json\" class=\"yoast-schema-graph\">{\"@context\":\"https:\\\/\\\/schema.org\",\"@graph\":[{\"@type\":\"Article\",\"@id\":\"https:\\\/\\\/lesvolcansnews.net\\\/?p=72290#article\",\"isPartOf\":{\"@id\":\"https:\\\/\\\/lesvolcansnews.net\\\/?p=72290\"},\"author\":{\"name\":\"R\u00e9daction - Les Volcans News\",\"@id\":\"https:\\\/\\\/lesvolcansnews.net\\\/#\\\/schema\\\/person\\\/82c8bed2e77879ecf6cca63441f57354\"},\"headline\":\"Goma : Le maire adjoint appelle les \u00e9glises \u00e0 travailler dans et pour l&#8217;unit\u00e9 des fid\u00e8les\",\"datePublished\":\"2026-01-28T18:37:53+00:00\",\"mainEntityOfPage\":{\"@id\":\"https:\\\/\\\/lesvolcansnews.net\\\/?p=72290\"},\"wordCount\":408,\"commentCount\":0,\"image\":{\"@id\":\"https:\\\/\\\/lesvolcansnews.net\\\/?p=72290#primaryimage\"},\"thumbnailUrl\":\"https:\\\/\\\/lesvolcansnews.net\\\/wp-content\\\/uploads\\\/2026\\\/01\\\/IMG-20260128-WA0340.jpg\",\"articleSection\":[\"RELIGION\"],\"inLanguage\":\"fr-FR\",\"potentialAction\":[{\"@type\":\"CommentAction\",\"name\":\"Comment\",\"target\":[\"https:\\\/\\\/lesvolcansnews.net\\\/?p=72290#respond\"]}]},{\"@type\":\"WebPage\",\"@id\":\"https:\\\/\\\/lesvolcansnews.net\\\/?p=72290\",\"url\":\"https:\\\/\\\/lesvolcansnews.net\\\/?p=72290\",\"name\":\"Goma : Le maire adjoint appelle les \u00e9glises \u00e0 travailler dans et pour l'unit\u00e9 des fid\u00e8les - LES VOLCANS NEWS\",\"isPartOf\":{\"@id\":\"https:\\\/\\\/lesvolcansnews.net\\\/#website\"},\"primaryImageOfPage\":{\"@id\":\"https:\\\/\\\/lesvolcansnews.net\\\/?p=72290#primaryimage\"},\"image\":{\"@id\":\"https:\\\/\\\/lesvolcansnews.net\\\/?p=72290#primaryimage\"},\"thumbnailUrl\":\"https:\\\/\\\/lesvolcansnews.net\\\/wp-content\\\/uploads\\\/2026\\\/01\\\/IMG-20260128-WA0340.jpg\",\"datePublished\":\"2026-01-28T18:37:53+00:00\",\"author\":{\"@id\":\"https:\\\/\\\/lesvolcansnews.net\\\/#\\\/schema\\\/person\\\/82c8bed2e77879ecf6cca63441f57354\"},\"breadcrumb\":{\"@id\":\"https:\\\/\\\/lesvolcansnews.net\\\/?p=72290#breadcrumb\"},\"inLanguage\":\"fr-FR\",\"potentialAction\":[{\"@type\":\"ReadAction\",\"target\":[\"https:\\\/\\\/lesvolcansnews.net\\\/?p=72290\"]}]},{\"@type\":\"ImageObject\",\"inLanguage\":\"fr-FR\",\"@id\":\"https:\\\/\\\/lesvolcansnews.net\\\/?p=72290#primaryimage\",\"url\":\"https:\\\/\\\/lesvolcansnews.net\\\/wp-content\\\/uploads\\\/2026\\\/01\\\/IMG-20260128-WA0340.jpg\",\"contentUrl\":\"https:\\\/\\\/lesvolcansnews.net\\\/wp-content\\\/uploads\\\/2026\\\/01\\\/IMG-20260128-WA0340.jpg\",\"width\":2560,\"height\":1441},{\"@type\":\"BreadcrumbList\",\"@id\":\"https:\\\/\\\/lesvolcansnews.net\\\/?p=72290#breadcrumb\",\"itemListElement\":[{\"@type\":\"ListItem\",\"position\":1,\"name\":\"Accueil\",\"item\":\"https:\\\/\\\/lesvolcansnews.net\\\/\"},{\"@type\":\"ListItem\",\"position\":2,\"name\":\"Goma : Le maire adjoint appelle les \u00e9glises \u00e0 travailler dans et pour l&#8217;unit\u00e9 des fid\u00e8les\"}]},{\"@type\":\"WebSite\",\"@id\":\"https:\\\/\\\/lesvolcansnews.net\\\/#website\",\"url\":\"https:\\\/\\\/lesvolcansnews.net\\\/\",\"name\":\"LES VOLCANS NEWS\",\"description\":\"L&#039;INFORMATION C&#039;EST NOUS\",\"potentialAction\":[{\"@type\":\"SearchAction\",\"target\":{\"@type\":\"EntryPoint\",\"urlTemplate\":\"https:\\\/\\\/lesvolcansnews.net\\\/?s={search_term_string}\"},\"query-input\":{\"@type\":\"PropertyValueSpecification\",\"valueRequired\":true,\"valueName\":\"search_term_string\"}}],\"inLanguage\":\"fr-FR\"},{\"@type\":\"Person\",\"@id\":\"https:\\\/\\\/lesvolcansnews.net\\\/#\\\/schema\\\/person\\\/82c8bed2e77879ecf6cca63441f57354\",\"name\":\"R\u00e9daction - Les Volcans News\",\"image\":{\"@type\":\"ImageObject\",\"inLanguage\":\"fr-FR\",\"@id\":\"https:\\\/\\\/secure.gravatar.com\\\/avatar\\\/8408942dd851e8a9c09f3d382a661bc05d2b3cd9002139bc1795b9528cdc6c80?s=96&d=mm&r=g\",\"url\":\"https:\\\/\\\/secure.gravatar.com\\\/avatar\\\/8408942dd851e8a9c09f3d382a661bc05d2b3cd9002139bc1795b9528cdc6c80?s=96&d=mm&r=g\",\"contentUrl\":\"https:\\\/\\\/secure.gravatar.com\\\/avatar\\\/8408942dd851e8a9c09f3d382a661bc05d2b3cd9002139bc1795b9528cdc6c80?s=96&d=mm&r=g\",\"caption\":\"R\u00e9daction - Les Volcans News\"},\"url\":\"https:\\\/\\\/lesvolcansnews.net\\\/?author=14\"}]}<\/script>\n<!-- \/ Yoast SEO plugin. -->","yoast_head_json":{"title":"Goma : Le maire adjoint appelle les \u00e9glises \u00e0 travailler dans et pour l'unit\u00e9 des fid\u00e8les - LES VOLCANS NEWS","robots":{"index":"index","follow":"follow","max-snippet":"max-snippet:-1","max-image-preview":"max-image-preview:large","max-video-preview":"max-video-preview:-1"},"canonical":"https:\/\/lesvolcansnews.net\/?p=72290","og_locale":"fr_FR","og_type":"article","og_title":"Goma : Le maire adjoint appelle les \u00e9glises \u00e0 travailler dans et pour l'unit\u00e9 des fid\u00e8les - LES VOLCANS NEWS","og_description":"Le Maire adjoint D\u00e9sir\u00e9 NGABO KISUBA a appel\u00e9 les responsables des \u00e9glises de travailler dans l&#8217;unit\u00e9 et pour l&#8217;unit\u00e9 des fid\u00e8les, ce mardi \u00e0 l&#8217;issue d&#8217;un \u00e9change franc avec les","og_url":"https:\/\/lesvolcansnews.net\/?p=72290","og_site_name":"LES VOLCANS NEWS","article_published_time":"2026-01-28T18:37:53+00:00","og_image":[{"width":2560,"height":1441,"url":"https:\/\/lesvolcansnews.net\/wp-content\/uploads\/2026\/01\/IMG-20260128-WA0340.jpg","type":"image\/jpeg"}],"author":"R\u00e9daction - Les Volcans News","twitter_card":"summary_large_image","twitter_misc":{"\u00c9crit par":"R\u00e9daction - Les Volcans News","Dur\u00e9e de lecture estim\u00e9e":"2 minutes"},"schema":{"@context":"https:\/\/schema.org","@graph":[{"@type":"Article","@id":"https:\/\/lesvolcansnews.net\/?p=72290#article","isPartOf":{"@id":"https:\/\/lesvolcansnews.net\/?p=72290"},"author":{"name":"R\u00e9daction - Les Volcans News","@id":"https:\/\/lesvolcansnews.net\/#\/schema\/person\/82c8bed2e77879ecf6cca63441f57354"},"headline":"Goma : Le maire adjoint appelle les \u00e9glises \u00e0 travailler dans et pour l&#8217;unit\u00e9 des fid\u00e8les","datePublished":"2026-01-28T18:37:53+00:00","mainEntityOfPage":{"@id":"https:\/\/lesvolcansnews.net\/?p=72290"},"wordCount":408,"commentCount":0,"image":{"@id":"https:\/\/lesvolcansnews.net\/?p=72290#primaryimage"},"thumbnailUrl":"https:\/\/lesvolcansnews.net\/wp-content\/uploads\/2026\/01\/IMG-20260128-WA0340.jpg","articleSection":["RELIGION"],"inLanguage":"fr-FR","potentialAction":[{"@type":"CommentAction","name":"Comment","target":["https:\/\/lesvolcansnews.net\/?p=72290#respond"]}]},{"@type":"WebPage","@id":"https:\/\/lesvolcansnews.net\/?p=72290","url":"https:\/\/lesvolcansnews.net\/?p=72290","name":"Goma : Le maire adjoint appelle les \u00e9glises \u00e0 travailler dans et pour l'unit\u00e9 des fid\u00e8les - LES VOLCANS NEWS","isPartOf":{"@id":"https:\/\/lesvolcansnews.net\/#website"},"primaryImageOfPage":{"@id":"https:\/\/lesvolcansnews.net\/?p=72290#primaryimage"},"image":{"@id":"https:\/\/lesvolcansnews.net\/?p=72290#primaryimage"},"thumbnailUrl":"https:\/\/lesvolcansnews.net\/wp-content\/uploads\/2026\/01\/IMG-20260128-WA0340.jpg","datePublished":"2026-01-28T18:37:53+00:00","author":{"@id":"https:\/\/lesvolcansnews.net\/#\/schema\/person\/82c8bed2e77879ecf6cca63441f57354"},"breadcrumb":{"@id":"https:\/\/lesvolcansnews.net\/?p=72290#breadcrumb"},"inLanguage":"fr-FR","potentialAction":[{"@type":"ReadAction","target":["https:\/\/lesvolcansnews.net\/?p=72290"]}]},{"@type":"ImageObject","inLanguage":"fr-FR","@id":"https:\/\/lesvolcansnews.net\/?p=72290#primaryimage","url":"https:\/\/lesvolcansnews.net\/wp-content\/uploads\/2026\/01\/IMG-20260128-WA0340.jpg","contentUrl":"https:\/\/lesvolcansnews.net\/wp-content\/uploads\/2026\/01\/IMG-20260128-WA0340.jpg","width":2560,"height":1441},{"@type":"BreadcrumbList","@id":"https:\/\/lesvolcansnews.net\/?p=72290#breadcrumb","itemListElement":[{"@type":"ListItem","position":1,"name":"Accueil","item":"https:\/\/lesvolcansnews.net\/"},{"@type":"ListItem","position":2,"name":"Goma : Le maire adjoint appelle les \u00e9glises \u00e0 travailler dans et pour l&#8217;unit\u00e9 des fid\u00e8les"}]},{"@type":"WebSite","@id":"https:\/\/lesvolcansnews.net\/#website","url":"https:\/\/lesvolcansnews.net\/","name":"LES VOLCANS NEWS","description":"L&#039;INFORMATION C&#039;EST NOUS","potentialAction":[{"@type":"SearchAction","target":{"@type":"EntryPoint","urlTemplate":"https:\/\/lesvolcansnews.net\/?s={search_term_string}"},"query-input":{"@type":"PropertyValueSpecification","valueRequired":true,"valueName":"search_term_string"}}],"inLanguage":"fr-FR"},{"@type":"Person","@id":"https:\/\/lesvolcansnews.net\/#\/schema\/person\/82c8bed2e77879ecf6cca63441f57354","name":"R\u00e9daction - Les Volcans News","image":{"@type":"ImageObject","inLanguage":"fr-FR","@id":"https:\/\/secure.gravatar.com\/avatar\/8408942dd851e8a9c09f3d382a661bc05d2b3cd9002139bc1795b9528cdc6c80?s=96&d=mm&r=g","url":"https:\/\/secure.gravatar.com\/avatar\/8408942dd851e8a9c09f3d382a661bc05d2b3cd9002139bc1795b9528cdc6c80?s=96&d=mm&r=g","contentUrl":"https:\/\/secure.gravatar.com\/avatar\/8408942dd851e8a9c09f3d382a661bc05d2b3cd9002139bc1795b9528cdc6c80?s=96&d=mm&r=g","caption":"R\u00e9daction - Les Volcans News"},"url":"https:\/\/lesvolcansnews.net\/?author=14"}]}},"_links":{"self":[{"href":"https:\/\/lesvolcansnews.net\/index.php?rest_route=\/wp\/v2\/posts\/72290","targetHints":{"allow":["GET"]}}],"collection":[{"href":"https:\/\/lesvolcansnews.net\/index.php?rest_route=\/wp\/v2\/posts"}],"about":[{"href":"https:\/\/lesvolcansnews.net\/index.php?rest_route=\/wp\/v2\/types\/post"}],"author":[{"embeddable":true,"href":"https:\/\/lesvolcansnews.net\/index.php?rest_route=\/wp\/v2\/users\/14"}],"replies":[{"embeddable":true,"href":"https:\/\/lesvolcansnews.net\/index.php?rest_route=%2Fwp%2Fv2%2Fcomments&post=72290"}],"version-history":[{"count":1,"href":"https:\/\/lesvolcansnews.net\/index.php?rest_route=\/wp\/v2\/posts\/72290\/revisions"}],"predecessor-version":[{"id":72292,"href":"https:\/\/lesvolcansnews.net\/index.php?rest_route=\/wp\/v2\/posts\/72290\/revisions\/72292"}],"wp:featuredmedia":[{"embeddable":true,"href":"https:\/\/lesvolcansnews.net\/index.php?rest_route=\/wp\/v2\/media\/72291"}],"wp:attachment":[{"href":"https:\/\/lesvolcansnews.net\/index.php?rest_route=%2Fwp%2Fv2%2Fmedia&parent=72290"}],"wp:term":[{"taxonomy":"category","embeddable":true,"href":"https:\/\/lesvolcansnews.net\/index.php?rest_route=%2Fwp%2Fv2%2Fcategories&post=72290"},{"taxonomy":"post_tag","embeddable":true,"href":"https:\/\/lesvolcansnews.net\/index.php?rest_route=%2Fwp%2Fv2%2Ftags&post=72290"}],"curies":[{"name":"wp","href":"https:\/\/api.w.org\/{rel}","templated":true}]}}