{"id":72208,"date":"2026-01-24T14:18:47","date_gmt":"2026-01-24T12:18:47","guid":{"rendered":"https:\/\/lesvolcansnews.net\/?p=72208"},"modified":"2026-01-24T14:18:47","modified_gmt":"2026-01-24T12:18:47","slug":"rdc-jean-pierre-bemba-suspend-le-directeur-general-de-logefrem-pour-des-irregularites-de-gestion","status":"publish","type":"post","link":"https:\/\/lesvolcansnews.net\/?p=72208","title":{"rendered":"RDC : Jean-Pierre Bemba suspend le directeur g\u00e9n\u00e9ral de l\u2019OGEFREM pour des irr\u00e9gularit\u00e9s de gestion"},"content":{"rendered":"<p>&nbsp;<\/p>\n<p><strong>\u00a0Le directeur g\u00e9n\u00e9ral de l\u2019Office de Gestion du Fret Multimodal (OGEFREM), William Kazumba Mayombo, a \u00e9t\u00e9 suspendu \u00e0 titre conservatoire de ses fonctions pour une dur\u00e9e de trois mois, selon un arr\u00eat\u00e9 minist\u00e9riel sign\u00e9 par le vice-Premier ministre et ministre des Transports, Jean-Pierre Bemba<\/strong>.<\/p>\n<p>La d\u00e9cision, rendue publique vendredi 24 janvier, reproche au responsable de cette entreprise publique plusieurs manquements, notamment des sorties r\u00e9currentes de fonds effectu\u00e9es sans information pr\u00e9alable du conseil d\u2019administration ni de l\u2019autorit\u00e9 de tutelle.<\/p>\n<p>Dans le m\u00eame arr\u00eat\u00e9, le vice-Premier ministre fait \u00e9tat de graves irr\u00e9gularit\u00e9s dans la gestion de l\u2019OGEFREM. Il cite en particulier le lancement, le 1er janvier dernier, d\u2019une plateforme logicielle qui n\u2019aurait pas re\u00e7u la validation du minist\u00e8re des Transports, en contradiction avec le \u00ab processus minist\u00e9riel en cours \u00bb.<\/p>\n<p>Jean-Pierre Bemba motive \u00e9galement sa d\u00e9cision par le refus du directeur g\u00e9n\u00e9ral suspendu de mettre en \u0153uvre les recommandations formul\u00e9es par le conseil d\u2019administration en mars dernier. Celles-ci portaient notamment sur la r\u00e9siliation d\u2019un contrat de gr\u00e9 \u00e0 gr\u00e9 conclu avec la soci\u00e9t\u00e9 Catalyst, jug\u00e9 non n\u00e9cessaire, selon une correspondance officielle datant de mai 2025.<\/p>\n<p>\u00ab Est suspendu \u00e0 titre conservatoire de toutes ses fonctions, Monsieur William Kazumba Mayombo, directeur g\u00e9n\u00e9ral de l\u2019Office de Gestion du Fret Multimodal (OGEFREM). La suspension vis\u00e9e \u00e0 l\u2019article premier est prononc\u00e9e pour une dur\u00e9e de trois mois, en attendant les conclusions d\u00e9finitives des enqu\u00eates ainsi que l\u2019issue d\u2019\u00e9ventuelles proc\u00e9dures judiciaires \u00bb, pr\u00e9cise l\u2019arr\u00eat\u00e9 minist\u00e9riel, qui confie l\u2019int\u00e9rim au directeur g\u00e9n\u00e9ral adjoint.<\/p>\n<p>Deux jours avant cette mesure, le vice-Premier ministre avait adress\u00e9 une lettre \u00e0 William Kazumba Mayombo lui demandant de fournir des explications sur des sorties de fonds qualifi\u00e9es de \u00ab fonds secrets de recherche \u00bb, \u00e9valu\u00e9es \u00e0 1,6 million de dollars am\u00e9ricains.<\/p>\n<p>Dans sa r\u00e9ponse, le directeur g\u00e9n\u00e9ral suspendu a affirm\u00e9 \u00eatre r\u00e9guli\u00e8rement sollicit\u00e9 pour contribuer \u00e0 l\u2019effort de guerre \u00ab depuis plus d\u2019une d\u00e9cennie \u00bb. Il a notamment \u00e9voqu\u00e9 une sortie de fonds d\u2019un million de dollars am\u00e9ricains effectu\u00e9e en f\u00e9vrier de l\u2019ann\u00e9e pr\u00e9c\u00e9dente, indiquant que celle-ci s\u2019\u00e9tait d\u00e9roul\u00e9e en pr\u00e9sence du vice-Premier ministre Jean-Pierre Bemba.<\/p>\n<p>la r\u00e9daction<\/p>\n","protected":false},"excerpt":{"rendered":"<p>&nbsp; \u00a0Le directeur g\u00e9n\u00e9ral de l\u2019Office de Gestion du Fret Multimodal (OGEFREM), William Kazumba Mayombo, a \u00e9t\u00e9 suspendu \u00e0 titre conservatoire de ses fonctions pour une dur\u00e9e de trois mois,<\/p>\n","protected":false},"author":14,"featured_media":72209,"comment_status":"open","ping_status":"open","sticky":false,"template":"","format":"standard","meta":{"footnotes":""},"categories":[1],"tags":[],"class_list":["post-72208","post","type-post","status-publish","format-standard","has-post-thumbnail","hentry","category-actualite"],"yoast_head":"<!-- This site is optimized with the Yoast SEO plugin v27.5 - https:\/\/yoast.com\/product\/yoast-seo-wordpress\/ -->\n<title>RDC : Jean-Pierre Bemba suspend le directeur g\u00e9n\u00e9ral de l\u2019OGEFREM pour des irr\u00e9gularit\u00e9s de gestion - LES VOLCANS NEWS<\/title>\n<meta name=\"robots\" content=\"index, follow, max-snippet:-1, max-image-preview:large, max-video-preview:-1\" \/>\n<link rel=\"canonical\" href=\"https:\/\/lesvolcansnews.net\/?p=72208\" \/>\n<meta property=\"og:locale\" content=\"fr_FR\" \/>\n<meta property=\"og:type\" content=\"article\" \/>\n<meta property=\"og:title\" content=\"RDC : Jean-Pierre Bemba suspend le directeur g\u00e9n\u00e9ral de l\u2019OGEFREM pour des irr\u00e9gularit\u00e9s de gestion - LES VOLCANS NEWS\" \/>\n<meta property=\"og:description\" content=\"&nbsp; \u00a0Le directeur g\u00e9n\u00e9ral de l\u2019Office de Gestion du Fret Multimodal (OGEFREM), William Kazumba Mayombo, a \u00e9t\u00e9 suspendu \u00e0 titre conservatoire de ses fonctions pour une dur\u00e9e de trois mois,\" \/>\n<meta property=\"og:url\" content=\"https:\/\/lesvolcansnews.net\/?p=72208\" \/>\n<meta property=\"og:site_name\" content=\"LES VOLCANS NEWS\" \/>\n<meta property=\"article:published_time\" content=\"2026-01-24T12:18:47+00:00\" \/>\n<meta property=\"og:image\" content=\"https:\/\/i0.wp.com\/lesvolcansnews.net\/wp-content\/uploads\/2026\/01\/ogefrem-siege-kin-1.webp?fit=1160%2C560&ssl=1\" \/>\n\t<meta property=\"og:image:width\" content=\"1160\" \/>\n\t<meta property=\"og:image:height\" content=\"560\" \/>\n\t<meta property=\"og:image:type\" content=\"image\/webp\" \/>\n<meta name=\"author\" content=\"R\u00e9daction - Les Volcans News\" \/>\n<meta name=\"twitter:card\" content=\"summary_large_image\" \/>\n<meta name=\"twitter:label1\" content=\"\u00c9crit par\" \/>\n\t<meta name=\"twitter:data1\" content=\"R\u00e9daction - Les Volcans News\" \/>\n\t<meta name=\"twitter:label2\" content=\"Dur\u00e9e de lecture estim\u00e9e\" \/>\n\t<meta name=\"twitter:data2\" content=\"2 minutes\" \/>\n<script type=\"application\/ld+json\" class=\"yoast-schema-graph\">{\"@context\":\"https:\\\/\\\/schema.org\",\"@graph\":[{\"@type\":\"Article\",\"@id\":\"https:\\\/\\\/lesvolcansnews.net\\\/?p=72208#article\",\"isPartOf\":{\"@id\":\"https:\\\/\\\/lesvolcansnews.net\\\/?p=72208\"},\"author\":{\"name\":\"R\u00e9daction - Les Volcans News\",\"@id\":\"https:\\\/\\\/lesvolcansnews.net\\\/#\\\/schema\\\/person\\\/82c8bed2e77879ecf6cca63441f57354\"},\"headline\":\"RDC : Jean-Pierre Bemba suspend le directeur g\u00e9n\u00e9ral de l\u2019OGEFREM pour des irr\u00e9gularit\u00e9s de gestion\",\"datePublished\":\"2026-01-24T12:18:47+00:00\",\"mainEntityOfPage\":{\"@id\":\"https:\\\/\\\/lesvolcansnews.net\\\/?p=72208\"},\"wordCount\":421,\"commentCount\":0,\"image\":{\"@id\":\"https:\\\/\\\/lesvolcansnews.net\\\/?p=72208#primaryimage\"},\"thumbnailUrl\":\"https:\\\/\\\/lesvolcansnews.net\\\/wp-content\\\/uploads\\\/2026\\\/01\\\/ogefrem-siege-kin-1.webp\",\"articleSection\":[\"ACTUALIT\u00c9\"],\"inLanguage\":\"fr-FR\",\"potentialAction\":[{\"@type\":\"CommentAction\",\"name\":\"Comment\",\"target\":[\"https:\\\/\\\/lesvolcansnews.net\\\/?p=72208#respond\"]}]},{\"@type\":\"WebPage\",\"@id\":\"https:\\\/\\\/lesvolcansnews.net\\\/?p=72208\",\"url\":\"https:\\\/\\\/lesvolcansnews.net\\\/?p=72208\",\"name\":\"RDC : Jean-Pierre Bemba suspend le directeur g\u00e9n\u00e9ral de l\u2019OGEFREM pour des irr\u00e9gularit\u00e9s de gestion - LES VOLCANS NEWS\",\"isPartOf\":{\"@id\":\"https:\\\/\\\/lesvolcansnews.net\\\/#website\"},\"primaryImageOfPage\":{\"@id\":\"https:\\\/\\\/lesvolcansnews.net\\\/?p=72208#primaryimage\"},\"image\":{\"@id\":\"https:\\\/\\\/lesvolcansnews.net\\\/?p=72208#primaryimage\"},\"thumbnailUrl\":\"https:\\\/\\\/lesvolcansnews.net\\\/wp-content\\\/uploads\\\/2026\\\/01\\\/ogefrem-siege-kin-1.webp\",\"datePublished\":\"2026-01-24T12:18:47+00:00\",\"author\":{\"@id\":\"https:\\\/\\\/lesvolcansnews.net\\\/#\\\/schema\\\/person\\\/82c8bed2e77879ecf6cca63441f57354\"},\"breadcrumb\":{\"@id\":\"https:\\\/\\\/lesvolcansnews.net\\\/?p=72208#breadcrumb\"},\"inLanguage\":\"fr-FR\",\"potentialAction\":[{\"@type\":\"ReadAction\",\"target\":[\"https:\\\/\\\/lesvolcansnews.net\\\/?p=72208\"]}]},{\"@type\":\"ImageObject\",\"inLanguage\":\"fr-FR\",\"@id\":\"https:\\\/\\\/lesvolcansnews.net\\\/?p=72208#primaryimage\",\"url\":\"https:\\\/\\\/lesvolcansnews.net\\\/wp-content\\\/uploads\\\/2026\\\/01\\\/ogefrem-siege-kin-1.webp\",\"contentUrl\":\"https:\\\/\\\/lesvolcansnews.net\\\/wp-content\\\/uploads\\\/2026\\\/01\\\/ogefrem-siege-kin-1.webp\",\"width\":1160,\"height\":560},{\"@type\":\"BreadcrumbList\",\"@id\":\"https:\\\/\\\/lesvolcansnews.net\\\/?p=72208#breadcrumb\",\"itemListElement\":[{\"@type\":\"ListItem\",\"position\":1,\"name\":\"Accueil\",\"item\":\"https:\\\/\\\/lesvolcansnews.net\\\/\"},{\"@type\":\"ListItem\",\"position\":2,\"name\":\"RDC : Jean-Pierre Bemba suspend le directeur g\u00e9n\u00e9ral de l\u2019OGEFREM pour des irr\u00e9gularit\u00e9s de gestion\"}]},{\"@type\":\"WebSite\",\"@id\":\"https:\\\/\\\/lesvolcansnews.net\\\/#website\",\"url\":\"https:\\\/\\\/lesvolcansnews.net\\\/\",\"name\":\"LES VOLCANS NEWS\",\"description\":\"L&#039;INFORMATION C&#039;EST NOUS\",\"potentialAction\":[{\"@type\":\"SearchAction\",\"target\":{\"@type\":\"EntryPoint\",\"urlTemplate\":\"https:\\\/\\\/lesvolcansnews.net\\\/?s={search_term_string}\"},\"query-input\":{\"@type\":\"PropertyValueSpecification\",\"valueRequired\":true,\"valueName\":\"search_term_string\"}}],\"inLanguage\":\"fr-FR\"},{\"@type\":\"Person\",\"@id\":\"https:\\\/\\\/lesvolcansnews.net\\\/#\\\/schema\\\/person\\\/82c8bed2e77879ecf6cca63441f57354\",\"name\":\"R\u00e9daction - Les Volcans News\",\"image\":{\"@type\":\"ImageObject\",\"inLanguage\":\"fr-FR\",\"@id\":\"https:\\\/\\\/secure.gravatar.com\\\/avatar\\\/8408942dd851e8a9c09f3d382a661bc05d2b3cd9002139bc1795b9528cdc6c80?s=96&d=mm&r=g\",\"url\":\"https:\\\/\\\/secure.gravatar.com\\\/avatar\\\/8408942dd851e8a9c09f3d382a661bc05d2b3cd9002139bc1795b9528cdc6c80?s=96&d=mm&r=g\",\"contentUrl\":\"https:\\\/\\\/secure.gravatar.com\\\/avatar\\\/8408942dd851e8a9c09f3d382a661bc05d2b3cd9002139bc1795b9528cdc6c80?s=96&d=mm&r=g\",\"caption\":\"R\u00e9daction - Les Volcans News\"},\"url\":\"https:\\\/\\\/lesvolcansnews.net\\\/?author=14\"}]}<\/script>\n<!-- \/ Yoast SEO plugin. -->","yoast_head_json":{"title":"RDC : Jean-Pierre Bemba suspend le directeur g\u00e9n\u00e9ral de l\u2019OGEFREM pour des irr\u00e9gularit\u00e9s de gestion - LES VOLCANS NEWS","robots":{"index":"index","follow":"follow","max-snippet":"max-snippet:-1","max-image-preview":"max-image-preview:large","max-video-preview":"max-video-preview:-1"},"canonical":"https:\/\/lesvolcansnews.net\/?p=72208","og_locale":"fr_FR","og_type":"article","og_title":"RDC : Jean-Pierre Bemba suspend le directeur g\u00e9n\u00e9ral de l\u2019OGEFREM pour des irr\u00e9gularit\u00e9s de gestion - LES VOLCANS NEWS","og_description":"&nbsp; \u00a0Le directeur g\u00e9n\u00e9ral de l\u2019Office de Gestion du Fret Multimodal (OGEFREM), William Kazumba Mayombo, a \u00e9t\u00e9 suspendu \u00e0 titre conservatoire de ses fonctions pour une dur\u00e9e de trois mois,","og_url":"https:\/\/lesvolcansnews.net\/?p=72208","og_site_name":"LES VOLCANS NEWS","article_published_time":"2026-01-24T12:18:47+00:00","og_image":[{"width":1160,"height":560,"url":"https:\/\/i0.wp.com\/lesvolcansnews.net\/wp-content\/uploads\/2026\/01\/ogefrem-siege-kin-1.webp?fit=1160%2C560&ssl=1","type":"image\/webp"}],"author":"R\u00e9daction - Les Volcans News","twitter_card":"summary_large_image","twitter_misc":{"\u00c9crit par":"R\u00e9daction - Les Volcans News","Dur\u00e9e de lecture estim\u00e9e":"2 minutes"},"schema":{"@context":"https:\/\/schema.org","@graph":[{"@type":"Article","@id":"https:\/\/lesvolcansnews.net\/?p=72208#article","isPartOf":{"@id":"https:\/\/lesvolcansnews.net\/?p=72208"},"author":{"name":"R\u00e9daction - Les Volcans News","@id":"https:\/\/lesvolcansnews.net\/#\/schema\/person\/82c8bed2e77879ecf6cca63441f57354"},"headline":"RDC : Jean-Pierre Bemba suspend le directeur g\u00e9n\u00e9ral de l\u2019OGEFREM pour des irr\u00e9gularit\u00e9s de gestion","datePublished":"2026-01-24T12:18:47+00:00","mainEntityOfPage":{"@id":"https:\/\/lesvolcansnews.net\/?p=72208"},"wordCount":421,"commentCount":0,"image":{"@id":"https:\/\/lesvolcansnews.net\/?p=72208#primaryimage"},"thumbnailUrl":"https:\/\/lesvolcansnews.net\/wp-content\/uploads\/2026\/01\/ogefrem-siege-kin-1.webp","articleSection":["ACTUALIT\u00c9"],"inLanguage":"fr-FR","potentialAction":[{"@type":"CommentAction","name":"Comment","target":["https:\/\/lesvolcansnews.net\/?p=72208#respond"]}]},{"@type":"WebPage","@id":"https:\/\/lesvolcansnews.net\/?p=72208","url":"https:\/\/lesvolcansnews.net\/?p=72208","name":"RDC : Jean-Pierre Bemba suspend le directeur g\u00e9n\u00e9ral de l\u2019OGEFREM pour des irr\u00e9gularit\u00e9s de gestion - LES VOLCANS NEWS","isPartOf":{"@id":"https:\/\/lesvolcansnews.net\/#website"},"primaryImageOfPage":{"@id":"https:\/\/lesvolcansnews.net\/?p=72208#primaryimage"},"image":{"@id":"https:\/\/lesvolcansnews.net\/?p=72208#primaryimage"},"thumbnailUrl":"https:\/\/lesvolcansnews.net\/wp-content\/uploads\/2026\/01\/ogefrem-siege-kin-1.webp","datePublished":"2026-01-24T12:18:47+00:00","author":{"@id":"https:\/\/lesvolcansnews.net\/#\/schema\/person\/82c8bed2e77879ecf6cca63441f57354"},"breadcrumb":{"@id":"https:\/\/lesvolcansnews.net\/?p=72208#breadcrumb"},"inLanguage":"fr-FR","potentialAction":[{"@type":"ReadAction","target":["https:\/\/lesvolcansnews.net\/?p=72208"]}]},{"@type":"ImageObject","inLanguage":"fr-FR","@id":"https:\/\/lesvolcansnews.net\/?p=72208#primaryimage","url":"https:\/\/lesvolcansnews.net\/wp-content\/uploads\/2026\/01\/ogefrem-siege-kin-1.webp","contentUrl":"https:\/\/lesvolcansnews.net\/wp-content\/uploads\/2026\/01\/ogefrem-siege-kin-1.webp","width":1160,"height":560},{"@type":"BreadcrumbList","@id":"https:\/\/lesvolcansnews.net\/?p=72208#breadcrumb","itemListElement":[{"@type":"ListItem","position":1,"name":"Accueil","item":"https:\/\/lesvolcansnews.net\/"},{"@type":"ListItem","position":2,"name":"RDC : Jean-Pierre Bemba suspend le directeur g\u00e9n\u00e9ral de l\u2019OGEFREM pour des irr\u00e9gularit\u00e9s de gestion"}]},{"@type":"WebSite","@id":"https:\/\/lesvolcansnews.net\/#website","url":"https:\/\/lesvolcansnews.net\/","name":"LES VOLCANS NEWS","description":"L&#039;INFORMATION C&#039;EST NOUS","potentialAction":[{"@type":"SearchAction","target":{"@type":"EntryPoint","urlTemplate":"https:\/\/lesvolcansnews.net\/?s={search_term_string}"},"query-input":{"@type":"PropertyValueSpecification","valueRequired":true,"valueName":"search_term_string"}}],"inLanguage":"fr-FR"},{"@type":"Person","@id":"https:\/\/lesvolcansnews.net\/#\/schema\/person\/82c8bed2e77879ecf6cca63441f57354","name":"R\u00e9daction - Les Volcans News","image":{"@type":"ImageObject","inLanguage":"fr-FR","@id":"https:\/\/secure.gravatar.com\/avatar\/8408942dd851e8a9c09f3d382a661bc05d2b3cd9002139bc1795b9528cdc6c80?s=96&d=mm&r=g","url":"https:\/\/secure.gravatar.com\/avatar\/8408942dd851e8a9c09f3d382a661bc05d2b3cd9002139bc1795b9528cdc6c80?s=96&d=mm&r=g","contentUrl":"https:\/\/secure.gravatar.com\/avatar\/8408942dd851e8a9c09f3d382a661bc05d2b3cd9002139bc1795b9528cdc6c80?s=96&d=mm&r=g","caption":"R\u00e9daction - Les Volcans News"},"url":"https:\/\/lesvolcansnews.net\/?author=14"}]}},"_links":{"self":[{"href":"https:\/\/lesvolcansnews.net\/index.php?rest_route=\/wp\/v2\/posts\/72208","targetHints":{"allow":["GET"]}}],"collection":[{"href":"https:\/\/lesvolcansnews.net\/index.php?rest_route=\/wp\/v2\/posts"}],"about":[{"href":"https:\/\/lesvolcansnews.net\/index.php?rest_route=\/wp\/v2\/types\/post"}],"author":[{"embeddable":true,"href":"https:\/\/lesvolcansnews.net\/index.php?rest_route=\/wp\/v2\/users\/14"}],"replies":[{"embeddable":true,"href":"https:\/\/lesvolcansnews.net\/index.php?rest_route=%2Fwp%2Fv2%2Fcomments&post=72208"}],"version-history":[{"count":1,"href":"https:\/\/lesvolcansnews.net\/index.php?rest_route=\/wp\/v2\/posts\/72208\/revisions"}],"predecessor-version":[{"id":72210,"href":"https:\/\/lesvolcansnews.net\/index.php?rest_route=\/wp\/v2\/posts\/72208\/revisions\/72210"}],"wp:featuredmedia":[{"embeddable":true,"href":"https:\/\/lesvolcansnews.net\/index.php?rest_route=\/wp\/v2\/media\/72209"}],"wp:attachment":[{"href":"https:\/\/lesvolcansnews.net\/index.php?rest_route=%2Fwp%2Fv2%2Fmedia&parent=72208"}],"wp:term":[{"taxonomy":"category","embeddable":true,"href":"https:\/\/lesvolcansnews.net\/index.php?rest_route=%2Fwp%2Fv2%2Fcategories&post=72208"},{"taxonomy":"post_tag","embeddable":true,"href":"https:\/\/lesvolcansnews.net\/index.php?rest_route=%2Fwp%2Fv2%2Ftags&post=72208"}],"curies":[{"name":"wp","href":"https:\/\/api.w.org\/{rel}","templated":true}]}}