{"id":72204,"date":"2026-01-24T14:10:20","date_gmt":"2026-01-24T12:10:20","guid":{"rendered":"https:\/\/lesvolcansnews.net\/?p=72204"},"modified":"2026-01-24T14:11:06","modified_gmt":"2026-01-24T12:11:06","slug":"kongo-central-la-justice-sollicite-lautorisation-denqueter-sur-des-detournements-visant-le-gouverneur-grace-bilolo","status":"publish","type":"post","link":"https:\/\/lesvolcansnews.net\/?p=72204","title":{"rendered":"Kongo Central : la justice sollicite l\u2019autorisation d\u2019enqu\u00eater sur des d\u00e9tournements visant le gouverneur Gr\u00e2ce Bilolo"},"content":{"rendered":"<p><strong>Le Procureur g\u00e9n\u00e9ral pr\u00e8s la Cour de cassation a saisi l\u2019Assembl\u00e9e provinciale du Kongo Central afin d\u2019obtenir l\u2019autorisation d\u2019ouvrir une instruction judiciaire contre le gouverneur Gr\u00e2ce Bilolo, soup\u00e7onn\u00e9 de d\u00e9tournements de deniers publics, a confirm\u00e9 vendredi le bureau de cet organe d\u00e9lib\u00e9rant.<\/strong><\/p>\n<p>Dans un communiqu\u00e9 officiel parvenu le m\u00eame jour \u00e0 nos confr\u00e8res de la Radio Okapi, le rapporteur de l\u2019Assembl\u00e9e provinciale, Billy Ntunga, a indiqu\u00e9 que le bureau de l\u2019institution devait se r\u00e9unir en urgence pour examiner le r\u00e9quisitoire transmis par le parquet.<\/p>\n<p>L\u2019affaire fait suite \u00e0 un audit men\u00e9 par l\u2019Inspection g\u00e9n\u00e9rale des finances (IGF), qui fait \u00e9tat d\u2019un manque \u00e0 gagner de plus d\u2019un million de dollars am\u00e9ricains dans la gestion des finances publiques provinciales.<\/p>\n<p>Selon des sources proches du dossier, la mission de contr\u00f4le de l\u2019IGF avait \u00e9t\u00e9 lanc\u00e9e le 15 ao\u00fbt 2025 sur instruction de la Pr\u00e9sidence de la R\u00e9publique. Elle portait notamment sur la gestion de la redevance p\u00e9troli\u00e8re ainsi que sur les recettes issues des postes de p\u00e9age dans la province du Kongo Central.<\/p>\n<p>Les conclusions des enqu\u00eateurs font \u00e9tat de d\u00e9tournements pr\u00e9sum\u00e9s portant sur plus d\u2019un million de dollars, selon les documents consult\u00e9s.<\/p>\n<p>L\u2019enqu\u00eate avait \u00e9t\u00e9 d\u00e9clench\u00e9e \u00e0 la suite de deux plaintes introduites par la <em>Coh\u00e9sion provinciale des notables issus des 366 groupements du Kongo Central<\/em>. Cette structure accuse les autorit\u00e9s provinciales de plusieurs malversations, dont une gestion jug\u00e9e opaque des fonds de redevance p\u00e9troli\u00e8re, le d\u00e9tournement de ressources destin\u00e9es aux entit\u00e9s territoriales d\u00e9centralis\u00e9es et l\u2019acquisition en Angola d\u2019engins et de tracteurs d\u2019occasion \u00e0 des prix jug\u00e9s excessifs.<\/p>\n<p>Malgr\u00e9 l\u2019ouverture de la proc\u00e9dure judiciaire, le pr\u00e9sident de cette plateforme de notables, Joseph Mabanga, estime que l\u2019enqu\u00eate men\u00e9e par l\u2019IGF reste insuffisante. Il affirme que le montant r\u00e9el des fonds d\u00e9tourn\u00e9s pourrait atteindre pr\u00e8s de 50 millions de dollars am\u00e9ricains.<\/p>\n<p>M. Mabanga a annonc\u00e9 son intention de saisir \u00e0 nouveau le Chef de l\u2019\u00c9tat ainsi que le Procureur g\u00e9n\u00e9ral afin d\u2019exiger l\u2019ouverture d\u2019une enqu\u00eate compl\u00e9mentaire, qu\u2019il souhaite \u00ab plus approfondie \u00bb.<\/p>\n<p>De son c\u00f4t\u00e9, l\u2019entourage du gouverneur assure que celui-ci se pr\u00e9pare \u00e0 r\u00e9pondre aux accusations. Dans une publication sur les r\u00e9seaux sociaux, le charg\u00e9 de communication de Gr\u00e2ce Bilolo, Martin Solo, a indiqu\u00e9 que le gouverneur avait \u00e9t\u00e9 officiellement inform\u00e9 de la proc\u00e9dure en cours.<\/p>\n<p>Il a ajout\u00e9 que le chef de l\u2019ex\u00e9cutif provincial \u00e9tait dispos\u00e9 \u00e0 pr\u00e9senter ses moyens de d\u00e9fense devant les d\u00e9put\u00e9s provinciaux d\u00e8s qu\u2019il sera formellement convoqu\u00e9 par l\u2019Assembl\u00e9e.<\/p>\n<p>La r\u00e9daction<\/p>\n","protected":false},"excerpt":{"rendered":"<p>Le Procureur g\u00e9n\u00e9ral pr\u00e8s la Cour de cassation a saisi l\u2019Assembl\u00e9e provinciale du Kongo Central afin d\u2019obtenir l\u2019autorisation d\u2019ouvrir une instruction judiciaire contre le gouverneur Gr\u00e2ce Bilolo, soup\u00e7onn\u00e9 de d\u00e9tournements<\/p>\n","protected":false},"author":14,"featured_media":72205,"comment_status":"open","ping_status":"open","sticky":false,"template":"","format":"standard","meta":{"footnotes":""},"categories":[27],"tags":[],"class_list":["post-72204","post","type-post","status-publish","format-standard","has-post-thumbnail","hentry","category-politique"],"yoast_head":"<!-- This site is optimized with the Yoast SEO plugin v27.5 - https:\/\/yoast.com\/product\/yoast-seo-wordpress\/ -->\n<title>Kongo Central : la justice sollicite l\u2019autorisation d\u2019enqu\u00eater sur des d\u00e9tournements visant le gouverneur Gr\u00e2ce Bilolo - LES VOLCANS NEWS<\/title>\n<meta name=\"robots\" content=\"index, follow, max-snippet:-1, max-image-preview:large, max-video-preview:-1\" \/>\n<link rel=\"canonical\" href=\"https:\/\/lesvolcansnews.net\/?p=72204\" \/>\n<meta property=\"og:locale\" content=\"fr_FR\" \/>\n<meta property=\"og:type\" content=\"article\" \/>\n<meta property=\"og:title\" content=\"Kongo Central : la justice sollicite l\u2019autorisation d\u2019enqu\u00eater sur des d\u00e9tournements visant le gouverneur Gr\u00e2ce Bilolo - LES VOLCANS NEWS\" \/>\n<meta property=\"og:description\" content=\"Le Procureur g\u00e9n\u00e9ral pr\u00e8s la Cour de cassation a saisi l\u2019Assembl\u00e9e provinciale du Kongo Central afin d\u2019obtenir l\u2019autorisation d\u2019ouvrir une instruction judiciaire contre le gouverneur Gr\u00e2ce Bilolo, soup\u00e7onn\u00e9 de d\u00e9tournements\" \/>\n<meta property=\"og:url\" content=\"https:\/\/lesvolcansnews.net\/?p=72204\" \/>\n<meta property=\"og:site_name\" content=\"LES VOLCANS NEWS\" \/>\n<meta property=\"article:published_time\" content=\"2026-01-24T12:10:20+00:00\" \/>\n<meta property=\"article:modified_time\" content=\"2026-01-24T12:11:06+00:00\" \/>\n<meta property=\"og:image\" content=\"https:\/\/lesvolcansnews.net\/wp-content\/uploads\/2026\/01\/kongo_central_grace_bilolo_devoile_son_equipe_gouvernementale_pht_ks_18_aout_2025.jpg\" \/>\n\t<meta property=\"og:image:width\" content=\"720\" \/>\n\t<meta property=\"og:image:height\" content=\"480\" \/>\n\t<meta property=\"og:image:type\" content=\"image\/jpeg\" \/>\n<meta name=\"author\" content=\"R\u00e9daction - Les Volcans News\" \/>\n<meta name=\"twitter:card\" content=\"summary_large_image\" \/>\n<meta name=\"twitter:label1\" content=\"\u00c9crit par\" \/>\n\t<meta name=\"twitter:data1\" content=\"R\u00e9daction - Les Volcans News\" \/>\n\t<meta name=\"twitter:label2\" content=\"Dur\u00e9e de lecture estim\u00e9e\" \/>\n\t<meta name=\"twitter:data2\" content=\"2 minutes\" \/>\n<script type=\"application\/ld+json\" class=\"yoast-schema-graph\">{\"@context\":\"https:\\\/\\\/schema.org\",\"@graph\":[{\"@type\":\"Article\",\"@id\":\"https:\\\/\\\/lesvolcansnews.net\\\/?p=72204#article\",\"isPartOf\":{\"@id\":\"https:\\\/\\\/lesvolcansnews.net\\\/?p=72204\"},\"author\":{\"name\":\"R\u00e9daction - Les Volcans News\",\"@id\":\"https:\\\/\\\/lesvolcansnews.net\\\/#\\\/schema\\\/person\\\/82c8bed2e77879ecf6cca63441f57354\"},\"headline\":\"Kongo Central : la justice sollicite l\u2019autorisation d\u2019enqu\u00eater sur des d\u00e9tournements visant le gouverneur Gr\u00e2ce Bilolo\",\"datePublished\":\"2026-01-24T12:10:20+00:00\",\"dateModified\":\"2026-01-24T12:11:06+00:00\",\"mainEntityOfPage\":{\"@id\":\"https:\\\/\\\/lesvolcansnews.net\\\/?p=72204\"},\"wordCount\":509,\"commentCount\":0,\"image\":{\"@id\":\"https:\\\/\\\/lesvolcansnews.net\\\/?p=72204#primaryimage\"},\"thumbnailUrl\":\"https:\\\/\\\/lesvolcansnews.net\\\/wp-content\\\/uploads\\\/2026\\\/01\\\/kongo_central_grace_bilolo_devoile_son_equipe_gouvernementale_pht_ks_18_aout_2025.jpg\",\"articleSection\":[\"POLITIQUE\"],\"inLanguage\":\"fr-FR\",\"potentialAction\":[{\"@type\":\"CommentAction\",\"name\":\"Comment\",\"target\":[\"https:\\\/\\\/lesvolcansnews.net\\\/?p=72204#respond\"]}]},{\"@type\":\"WebPage\",\"@id\":\"https:\\\/\\\/lesvolcansnews.net\\\/?p=72204\",\"url\":\"https:\\\/\\\/lesvolcansnews.net\\\/?p=72204\",\"name\":\"Kongo Central : la justice sollicite l\u2019autorisation d\u2019enqu\u00eater sur des d\u00e9tournements visant le gouverneur Gr\u00e2ce Bilolo - LES VOLCANS NEWS\",\"isPartOf\":{\"@id\":\"https:\\\/\\\/lesvolcansnews.net\\\/#website\"},\"primaryImageOfPage\":{\"@id\":\"https:\\\/\\\/lesvolcansnews.net\\\/?p=72204#primaryimage\"},\"image\":{\"@id\":\"https:\\\/\\\/lesvolcansnews.net\\\/?p=72204#primaryimage\"},\"thumbnailUrl\":\"https:\\\/\\\/lesvolcansnews.net\\\/wp-content\\\/uploads\\\/2026\\\/01\\\/kongo_central_grace_bilolo_devoile_son_equipe_gouvernementale_pht_ks_18_aout_2025.jpg\",\"datePublished\":\"2026-01-24T12:10:20+00:00\",\"dateModified\":\"2026-01-24T12:11:06+00:00\",\"author\":{\"@id\":\"https:\\\/\\\/lesvolcansnews.net\\\/#\\\/schema\\\/person\\\/82c8bed2e77879ecf6cca63441f57354\"},\"breadcrumb\":{\"@id\":\"https:\\\/\\\/lesvolcansnews.net\\\/?p=72204#breadcrumb\"},\"inLanguage\":\"fr-FR\",\"potentialAction\":[{\"@type\":\"ReadAction\",\"target\":[\"https:\\\/\\\/lesvolcansnews.net\\\/?p=72204\"]}]},{\"@type\":\"ImageObject\",\"inLanguage\":\"fr-FR\",\"@id\":\"https:\\\/\\\/lesvolcansnews.net\\\/?p=72204#primaryimage\",\"url\":\"https:\\\/\\\/lesvolcansnews.net\\\/wp-content\\\/uploads\\\/2026\\\/01\\\/kongo_central_grace_bilolo_devoile_son_equipe_gouvernementale_pht_ks_18_aout_2025.jpg\",\"contentUrl\":\"https:\\\/\\\/lesvolcansnews.net\\\/wp-content\\\/uploads\\\/2026\\\/01\\\/kongo_central_grace_bilolo_devoile_son_equipe_gouvernementale_pht_ks_18_aout_2025.jpg\",\"width\":720,\"height\":480},{\"@type\":\"BreadcrumbList\",\"@id\":\"https:\\\/\\\/lesvolcansnews.net\\\/?p=72204#breadcrumb\",\"itemListElement\":[{\"@type\":\"ListItem\",\"position\":1,\"name\":\"Accueil\",\"item\":\"https:\\\/\\\/lesvolcansnews.net\\\/\"},{\"@type\":\"ListItem\",\"position\":2,\"name\":\"Kongo Central : la justice sollicite l\u2019autorisation d\u2019enqu\u00eater sur des d\u00e9tournements visant le gouverneur Gr\u00e2ce Bilolo\"}]},{\"@type\":\"WebSite\",\"@id\":\"https:\\\/\\\/lesvolcansnews.net\\\/#website\",\"url\":\"https:\\\/\\\/lesvolcansnews.net\\\/\",\"name\":\"LES VOLCANS NEWS\",\"description\":\"L&#039;INFORMATION C&#039;EST NOUS\",\"potentialAction\":[{\"@type\":\"SearchAction\",\"target\":{\"@type\":\"EntryPoint\",\"urlTemplate\":\"https:\\\/\\\/lesvolcansnews.net\\\/?s={search_term_string}\"},\"query-input\":{\"@type\":\"PropertyValueSpecification\",\"valueRequired\":true,\"valueName\":\"search_term_string\"}}],\"inLanguage\":\"fr-FR\"},{\"@type\":\"Person\",\"@id\":\"https:\\\/\\\/lesvolcansnews.net\\\/#\\\/schema\\\/person\\\/82c8bed2e77879ecf6cca63441f57354\",\"name\":\"R\u00e9daction - Les Volcans News\",\"image\":{\"@type\":\"ImageObject\",\"inLanguage\":\"fr-FR\",\"@id\":\"https:\\\/\\\/secure.gravatar.com\\\/avatar\\\/8408942dd851e8a9c09f3d382a661bc05d2b3cd9002139bc1795b9528cdc6c80?s=96&d=mm&r=g\",\"url\":\"https:\\\/\\\/secure.gravatar.com\\\/avatar\\\/8408942dd851e8a9c09f3d382a661bc05d2b3cd9002139bc1795b9528cdc6c80?s=96&d=mm&r=g\",\"contentUrl\":\"https:\\\/\\\/secure.gravatar.com\\\/avatar\\\/8408942dd851e8a9c09f3d382a661bc05d2b3cd9002139bc1795b9528cdc6c80?s=96&d=mm&r=g\",\"caption\":\"R\u00e9daction - Les Volcans News\"},\"url\":\"https:\\\/\\\/lesvolcansnews.net\\\/?author=14\"}]}<\/script>\n<!-- \/ Yoast SEO plugin. -->","yoast_head_json":{"title":"Kongo Central : la justice sollicite l\u2019autorisation d\u2019enqu\u00eater sur des d\u00e9tournements visant le gouverneur Gr\u00e2ce Bilolo - LES VOLCANS NEWS","robots":{"index":"index","follow":"follow","max-snippet":"max-snippet:-1","max-image-preview":"max-image-preview:large","max-video-preview":"max-video-preview:-1"},"canonical":"https:\/\/lesvolcansnews.net\/?p=72204","og_locale":"fr_FR","og_type":"article","og_title":"Kongo Central : la justice sollicite l\u2019autorisation d\u2019enqu\u00eater sur des d\u00e9tournements visant le gouverneur Gr\u00e2ce Bilolo - LES VOLCANS NEWS","og_description":"Le Procureur g\u00e9n\u00e9ral pr\u00e8s la Cour de cassation a saisi l\u2019Assembl\u00e9e provinciale du Kongo Central afin d\u2019obtenir l\u2019autorisation d\u2019ouvrir une instruction judiciaire contre le gouverneur Gr\u00e2ce Bilolo, soup\u00e7onn\u00e9 de d\u00e9tournements","og_url":"https:\/\/lesvolcansnews.net\/?p=72204","og_site_name":"LES VOLCANS NEWS","article_published_time":"2026-01-24T12:10:20+00:00","article_modified_time":"2026-01-24T12:11:06+00:00","og_image":[{"width":720,"height":480,"url":"https:\/\/lesvolcansnews.net\/wp-content\/uploads\/2026\/01\/kongo_central_grace_bilolo_devoile_son_equipe_gouvernementale_pht_ks_18_aout_2025.jpg","type":"image\/jpeg"}],"author":"R\u00e9daction - Les Volcans News","twitter_card":"summary_large_image","twitter_misc":{"\u00c9crit par":"R\u00e9daction - Les Volcans News","Dur\u00e9e de lecture estim\u00e9e":"2 minutes"},"schema":{"@context":"https:\/\/schema.org","@graph":[{"@type":"Article","@id":"https:\/\/lesvolcansnews.net\/?p=72204#article","isPartOf":{"@id":"https:\/\/lesvolcansnews.net\/?p=72204"},"author":{"name":"R\u00e9daction - Les Volcans News","@id":"https:\/\/lesvolcansnews.net\/#\/schema\/person\/82c8bed2e77879ecf6cca63441f57354"},"headline":"Kongo Central : la justice sollicite l\u2019autorisation d\u2019enqu\u00eater sur des d\u00e9tournements visant le gouverneur Gr\u00e2ce Bilolo","datePublished":"2026-01-24T12:10:20+00:00","dateModified":"2026-01-24T12:11:06+00:00","mainEntityOfPage":{"@id":"https:\/\/lesvolcansnews.net\/?p=72204"},"wordCount":509,"commentCount":0,"image":{"@id":"https:\/\/lesvolcansnews.net\/?p=72204#primaryimage"},"thumbnailUrl":"https:\/\/lesvolcansnews.net\/wp-content\/uploads\/2026\/01\/kongo_central_grace_bilolo_devoile_son_equipe_gouvernementale_pht_ks_18_aout_2025.jpg","articleSection":["POLITIQUE"],"inLanguage":"fr-FR","potentialAction":[{"@type":"CommentAction","name":"Comment","target":["https:\/\/lesvolcansnews.net\/?p=72204#respond"]}]},{"@type":"WebPage","@id":"https:\/\/lesvolcansnews.net\/?p=72204","url":"https:\/\/lesvolcansnews.net\/?p=72204","name":"Kongo Central : la justice sollicite l\u2019autorisation d\u2019enqu\u00eater sur des d\u00e9tournements visant le gouverneur Gr\u00e2ce Bilolo - LES VOLCANS NEWS","isPartOf":{"@id":"https:\/\/lesvolcansnews.net\/#website"},"primaryImageOfPage":{"@id":"https:\/\/lesvolcansnews.net\/?p=72204#primaryimage"},"image":{"@id":"https:\/\/lesvolcansnews.net\/?p=72204#primaryimage"},"thumbnailUrl":"https:\/\/lesvolcansnews.net\/wp-content\/uploads\/2026\/01\/kongo_central_grace_bilolo_devoile_son_equipe_gouvernementale_pht_ks_18_aout_2025.jpg","datePublished":"2026-01-24T12:10:20+00:00","dateModified":"2026-01-24T12:11:06+00:00","author":{"@id":"https:\/\/lesvolcansnews.net\/#\/schema\/person\/82c8bed2e77879ecf6cca63441f57354"},"breadcrumb":{"@id":"https:\/\/lesvolcansnews.net\/?p=72204#breadcrumb"},"inLanguage":"fr-FR","potentialAction":[{"@type":"ReadAction","target":["https:\/\/lesvolcansnews.net\/?p=72204"]}]},{"@type":"ImageObject","inLanguage":"fr-FR","@id":"https:\/\/lesvolcansnews.net\/?p=72204#primaryimage","url":"https:\/\/lesvolcansnews.net\/wp-content\/uploads\/2026\/01\/kongo_central_grace_bilolo_devoile_son_equipe_gouvernementale_pht_ks_18_aout_2025.jpg","contentUrl":"https:\/\/lesvolcansnews.net\/wp-content\/uploads\/2026\/01\/kongo_central_grace_bilolo_devoile_son_equipe_gouvernementale_pht_ks_18_aout_2025.jpg","width":720,"height":480},{"@type":"BreadcrumbList","@id":"https:\/\/lesvolcansnews.net\/?p=72204#breadcrumb","itemListElement":[{"@type":"ListItem","position":1,"name":"Accueil","item":"https:\/\/lesvolcansnews.net\/"},{"@type":"ListItem","position":2,"name":"Kongo Central : la justice sollicite l\u2019autorisation d\u2019enqu\u00eater sur des d\u00e9tournements visant le gouverneur Gr\u00e2ce Bilolo"}]},{"@type":"WebSite","@id":"https:\/\/lesvolcansnews.net\/#website","url":"https:\/\/lesvolcansnews.net\/","name":"LES VOLCANS NEWS","description":"L&#039;INFORMATION C&#039;EST NOUS","potentialAction":[{"@type":"SearchAction","target":{"@type":"EntryPoint","urlTemplate":"https:\/\/lesvolcansnews.net\/?s={search_term_string}"},"query-input":{"@type":"PropertyValueSpecification","valueRequired":true,"valueName":"search_term_string"}}],"inLanguage":"fr-FR"},{"@type":"Person","@id":"https:\/\/lesvolcansnews.net\/#\/schema\/person\/82c8bed2e77879ecf6cca63441f57354","name":"R\u00e9daction - Les Volcans News","image":{"@type":"ImageObject","inLanguage":"fr-FR","@id":"https:\/\/secure.gravatar.com\/avatar\/8408942dd851e8a9c09f3d382a661bc05d2b3cd9002139bc1795b9528cdc6c80?s=96&d=mm&r=g","url":"https:\/\/secure.gravatar.com\/avatar\/8408942dd851e8a9c09f3d382a661bc05d2b3cd9002139bc1795b9528cdc6c80?s=96&d=mm&r=g","contentUrl":"https:\/\/secure.gravatar.com\/avatar\/8408942dd851e8a9c09f3d382a661bc05d2b3cd9002139bc1795b9528cdc6c80?s=96&d=mm&r=g","caption":"R\u00e9daction - Les Volcans News"},"url":"https:\/\/lesvolcansnews.net\/?author=14"}]}},"_links":{"self":[{"href":"https:\/\/lesvolcansnews.net\/index.php?rest_route=\/wp\/v2\/posts\/72204","targetHints":{"allow":["GET"]}}],"collection":[{"href":"https:\/\/lesvolcansnews.net\/index.php?rest_route=\/wp\/v2\/posts"}],"about":[{"href":"https:\/\/lesvolcansnews.net\/index.php?rest_route=\/wp\/v2\/types\/post"}],"author":[{"embeddable":true,"href":"https:\/\/lesvolcansnews.net\/index.php?rest_route=\/wp\/v2\/users\/14"}],"replies":[{"embeddable":true,"href":"https:\/\/lesvolcansnews.net\/index.php?rest_route=%2Fwp%2Fv2%2Fcomments&post=72204"}],"version-history":[{"count":2,"href":"https:\/\/lesvolcansnews.net\/index.php?rest_route=\/wp\/v2\/posts\/72204\/revisions"}],"predecessor-version":[{"id":72207,"href":"https:\/\/lesvolcansnews.net\/index.php?rest_route=\/wp\/v2\/posts\/72204\/revisions\/72207"}],"wp:featuredmedia":[{"embeddable":true,"href":"https:\/\/lesvolcansnews.net\/index.php?rest_route=\/wp\/v2\/media\/72205"}],"wp:attachment":[{"href":"https:\/\/lesvolcansnews.net\/index.php?rest_route=%2Fwp%2Fv2%2Fmedia&parent=72204"}],"wp:term":[{"taxonomy":"category","embeddable":true,"href":"https:\/\/lesvolcansnews.net\/index.php?rest_route=%2Fwp%2Fv2%2Fcategories&post=72204"},{"taxonomy":"post_tag","embeddable":true,"href":"https:\/\/lesvolcansnews.net\/index.php?rest_route=%2Fwp%2Fv2%2Ftags&post=72204"}],"curies":[{"name":"wp","href":"https:\/\/api.w.org\/{rel}","templated":true}]}}