{"id":72135,"date":"2026-01-20T16:46:14","date_gmt":"2026-01-20T14:46:14","guid":{"rendered":"https:\/\/lesvolcansnews.net\/?p=72135"},"modified":"2026-01-20T16:46:14","modified_gmt":"2026-01-20T14:46:14","slug":"a-davos-louis-watum-plaide-pour-le-calcul-des-risques-lies-a-linvestissement-dans-le-secteur-minier","status":"publish","type":"post","link":"https:\/\/lesvolcansnews.net\/?p=72135","title":{"rendered":"\u00c0 Davos, Louis Watum plaide pour le calcul des risques li\u00e9s \u00e0 l&#8217;investissement dans le secteur minier"},"content":{"rendered":"<p><strong>Louis Watum Kabamba, Ministre des Mines de la R\u00e9publique d\u00e9mocratique du Congo, a pris part ce mardi 20 janvier 2026, en tant que pan\u00e9liste, \u00e0 une table ronde de haut niveau organis\u00e9e par Africa Collective et la Banque africaine d\u2019import-export (Afreximbank), sous l\u2019\u00e9gide du Secr\u00e9tariat de la Zone de libre-\u00e9change continentale africaine (ZLECAf), en marge du Forum \u00e9conomique mondial 2026 tenu \u00e0 Davos.<\/strong><\/p>\n<p>Plac\u00e9e sous le th\u00e8me \u00ab La trajectoire de l\u2019Afrique vers un commerce strat\u00e9gique, une finance innovante et une transformation num\u00e9rique dans un contexte mondial en pleine mutation \u00bb, cette rencontre a mis en exergue le r\u00f4le d\u00e9terminant des minerais critiques dans la red\u00e9finition des cha\u00eenes de valeur mondiales, l\u2019acc\u00e9l\u00e9ration de la transition \u00e9nerg\u00e9tique et le renforcement de la comp\u00e9titivit\u00e9 \u00e9conomique du continent africain.<\/p>\n<p>Intervenant \u00e0 cette occasion, le Ministre des Mines a insist\u00e9 sur le fait que le d\u00e9bat ne doit pas se focaliser sur l\u2019existence des risques li\u00e9s \u00e0 l\u2019investissement dans le secteur minier africain, mais plut\u00f4t sur la mani\u00e8re de les appr\u00e9hender et de les g\u00e9rer efficacement. Il a rappel\u00e9 qu\u2019aucune destination d\u2019investissement n\u2019est d\u00e9pourvue de d\u00e9fis et que, l\u00e0 o\u00f9 certains per\u00e7oivent des contraintes, d\u2019autres savent d\u00e9celer des opportunit\u00e9s durables et porteuses de croissance.<\/p>\n<p>\u00c0 travers cette prise de parole, la R\u00e9publique d\u00e9mocratique du Congo a r\u00e9affirm\u00e9 son ambition de b\u00e2tir un secteur minier moderne, responsable et fortement cr\u00e9ateur de valeur, appuy\u00e9 par des m\u00e9canismes financiers innovants, des solutions technologiques adapt\u00e9es et une int\u00e9gration commerciale accrue, au service d\u2019un d\u00e9veloppement durable, inclusif et b\u00e9n\u00e9fique \u00e0 l\u2019ensemble du continent africain.<\/p>\n<p>R\u00e9daction <\/p>\n","protected":false},"excerpt":{"rendered":"<p>Louis Watum Kabamba, Ministre des Mines de la R\u00e9publique d\u00e9mocratique du Congo, a pris part ce mardi 20 janvier 2026, en tant que pan\u00e9liste, \u00e0 une table ronde de haut<\/p>\n","protected":false},"author":14,"featured_media":72136,"comment_status":"open","ping_status":"open","sticky":false,"template":"","format":"standard","meta":{"footnotes":""},"categories":[63],"tags":[],"class_list":["post-72135","post","type-post","status-publish","format-standard","has-post-thumbnail","hentry","category-mines"],"yoast_head":"<!-- This site is optimized with the Yoast SEO plugin v27.5 - https:\/\/yoast.com\/product\/yoast-seo-wordpress\/ -->\n<title>\u00c0 Davos, Louis Watum plaide pour le calcul des risques li\u00e9s \u00e0 l&#039;investissement dans le secteur minier - LES VOLCANS NEWS<\/title>\n<meta name=\"robots\" content=\"index, follow, max-snippet:-1, max-image-preview:large, max-video-preview:-1\" \/>\n<link rel=\"canonical\" href=\"https:\/\/lesvolcansnews.net\/?p=72135\" \/>\n<meta property=\"og:locale\" content=\"fr_FR\" \/>\n<meta property=\"og:type\" content=\"article\" \/>\n<meta property=\"og:title\" content=\"\u00c0 Davos, Louis Watum plaide pour le calcul des risques li\u00e9s \u00e0 l&#039;investissement dans le secteur minier - LES VOLCANS NEWS\" \/>\n<meta property=\"og:description\" content=\"Louis Watum Kabamba, Ministre des Mines de la R\u00e9publique d\u00e9mocratique du Congo, a pris part ce mardi 20 janvier 2026, en tant que pan\u00e9liste, \u00e0 une table ronde de haut\" \/>\n<meta property=\"og:url\" content=\"https:\/\/lesvolcansnews.net\/?p=72135\" \/>\n<meta property=\"og:site_name\" content=\"LES VOLCANS NEWS\" \/>\n<meta property=\"article:published_time\" content=\"2026-01-20T14:46:14+00:00\" \/>\n<meta property=\"og:image\" content=\"https:\/\/lesvolcansnews.net\/wp-content\/uploads\/2026\/01\/IMG-20260120-WA0413.jpg\" \/>\n\t<meta property=\"og:image:width\" content=\"2560\" \/>\n\t<meta property=\"og:image:height\" content=\"1706\" \/>\n\t<meta property=\"og:image:type\" content=\"image\/jpeg\" \/>\n<meta name=\"author\" content=\"R\u00e9daction - Les Volcans News\" \/>\n<meta name=\"twitter:card\" content=\"summary_large_image\" \/>\n<meta name=\"twitter:label1\" content=\"\u00c9crit par\" \/>\n\t<meta name=\"twitter:data1\" content=\"R\u00e9daction - Les Volcans News\" \/>\n\t<meta name=\"twitter:label2\" content=\"Dur\u00e9e de lecture estim\u00e9e\" \/>\n\t<meta name=\"twitter:data2\" content=\"1 minute\" \/>\n<script type=\"application\/ld+json\" class=\"yoast-schema-graph\">{\"@context\":\"https:\\\/\\\/schema.org\",\"@graph\":[{\"@type\":\"Article\",\"@id\":\"https:\\\/\\\/lesvolcansnews.net\\\/?p=72135#article\",\"isPartOf\":{\"@id\":\"https:\\\/\\\/lesvolcansnews.net\\\/?p=72135\"},\"author\":{\"name\":\"R\u00e9daction - Les Volcans News\",\"@id\":\"https:\\\/\\\/lesvolcansnews.net\\\/#\\\/schema\\\/person\\\/82c8bed2e77879ecf6cca63441f57354\"},\"headline\":\"\u00c0 Davos, Louis Watum plaide pour le calcul des risques li\u00e9s \u00e0 l&#8217;investissement dans le secteur minier\",\"datePublished\":\"2026-01-20T14:46:14+00:00\",\"mainEntityOfPage\":{\"@id\":\"https:\\\/\\\/lesvolcansnews.net\\\/?p=72135\"},\"wordCount\":315,\"commentCount\":0,\"image\":{\"@id\":\"https:\\\/\\\/lesvolcansnews.net\\\/?p=72135#primaryimage\"},\"thumbnailUrl\":\"https:\\\/\\\/lesvolcansnews.net\\\/wp-content\\\/uploads\\\/2026\\\/01\\\/IMG-20260120-WA0413.jpg\",\"articleSection\":[\"MINES\"],\"inLanguage\":\"fr-FR\",\"potentialAction\":[{\"@type\":\"CommentAction\",\"name\":\"Comment\",\"target\":[\"https:\\\/\\\/lesvolcansnews.net\\\/?p=72135#respond\"]}]},{\"@type\":\"WebPage\",\"@id\":\"https:\\\/\\\/lesvolcansnews.net\\\/?p=72135\",\"url\":\"https:\\\/\\\/lesvolcansnews.net\\\/?p=72135\",\"name\":\"\u00c0 Davos, Louis Watum plaide pour le calcul des risques li\u00e9s \u00e0 l'investissement dans le secteur minier - LES VOLCANS NEWS\",\"isPartOf\":{\"@id\":\"https:\\\/\\\/lesvolcansnews.net\\\/#website\"},\"primaryImageOfPage\":{\"@id\":\"https:\\\/\\\/lesvolcansnews.net\\\/?p=72135#primaryimage\"},\"image\":{\"@id\":\"https:\\\/\\\/lesvolcansnews.net\\\/?p=72135#primaryimage\"},\"thumbnailUrl\":\"https:\\\/\\\/lesvolcansnews.net\\\/wp-content\\\/uploads\\\/2026\\\/01\\\/IMG-20260120-WA0413.jpg\",\"datePublished\":\"2026-01-20T14:46:14+00:00\",\"author\":{\"@id\":\"https:\\\/\\\/lesvolcansnews.net\\\/#\\\/schema\\\/person\\\/82c8bed2e77879ecf6cca63441f57354\"},\"breadcrumb\":{\"@id\":\"https:\\\/\\\/lesvolcansnews.net\\\/?p=72135#breadcrumb\"},\"inLanguage\":\"fr-FR\",\"potentialAction\":[{\"@type\":\"ReadAction\",\"target\":[\"https:\\\/\\\/lesvolcansnews.net\\\/?p=72135\"]}]},{\"@type\":\"ImageObject\",\"inLanguage\":\"fr-FR\",\"@id\":\"https:\\\/\\\/lesvolcansnews.net\\\/?p=72135#primaryimage\",\"url\":\"https:\\\/\\\/lesvolcansnews.net\\\/wp-content\\\/uploads\\\/2026\\\/01\\\/IMG-20260120-WA0413.jpg\",\"contentUrl\":\"https:\\\/\\\/lesvolcansnews.net\\\/wp-content\\\/uploads\\\/2026\\\/01\\\/IMG-20260120-WA0413.jpg\",\"width\":2560,\"height\":1706},{\"@type\":\"BreadcrumbList\",\"@id\":\"https:\\\/\\\/lesvolcansnews.net\\\/?p=72135#breadcrumb\",\"itemListElement\":[{\"@type\":\"ListItem\",\"position\":1,\"name\":\"Accueil\",\"item\":\"https:\\\/\\\/lesvolcansnews.net\\\/\"},{\"@type\":\"ListItem\",\"position\":2,\"name\":\"\u00c0 Davos, Louis Watum plaide pour le calcul des risques li\u00e9s \u00e0 l&#8217;investissement dans le secteur minier\"}]},{\"@type\":\"WebSite\",\"@id\":\"https:\\\/\\\/lesvolcansnews.net\\\/#website\",\"url\":\"https:\\\/\\\/lesvolcansnews.net\\\/\",\"name\":\"LES VOLCANS NEWS\",\"description\":\"L&#039;INFORMATION C&#039;EST NOUS\",\"potentialAction\":[{\"@type\":\"SearchAction\",\"target\":{\"@type\":\"EntryPoint\",\"urlTemplate\":\"https:\\\/\\\/lesvolcansnews.net\\\/?s={search_term_string}\"},\"query-input\":{\"@type\":\"PropertyValueSpecification\",\"valueRequired\":true,\"valueName\":\"search_term_string\"}}],\"inLanguage\":\"fr-FR\"},{\"@type\":\"Person\",\"@id\":\"https:\\\/\\\/lesvolcansnews.net\\\/#\\\/schema\\\/person\\\/82c8bed2e77879ecf6cca63441f57354\",\"name\":\"R\u00e9daction - Les Volcans News\",\"image\":{\"@type\":\"ImageObject\",\"inLanguage\":\"fr-FR\",\"@id\":\"https:\\\/\\\/secure.gravatar.com\\\/avatar\\\/8408942dd851e8a9c09f3d382a661bc05d2b3cd9002139bc1795b9528cdc6c80?s=96&d=mm&r=g\",\"url\":\"https:\\\/\\\/secure.gravatar.com\\\/avatar\\\/8408942dd851e8a9c09f3d382a661bc05d2b3cd9002139bc1795b9528cdc6c80?s=96&d=mm&r=g\",\"contentUrl\":\"https:\\\/\\\/secure.gravatar.com\\\/avatar\\\/8408942dd851e8a9c09f3d382a661bc05d2b3cd9002139bc1795b9528cdc6c80?s=96&d=mm&r=g\",\"caption\":\"R\u00e9daction - Les Volcans News\"},\"url\":\"https:\\\/\\\/lesvolcansnews.net\\\/?author=14\"}]}<\/script>\n<!-- \/ Yoast SEO plugin. -->","yoast_head_json":{"title":"\u00c0 Davos, Louis Watum plaide pour le calcul des risques li\u00e9s \u00e0 l'investissement dans le secteur minier - LES VOLCANS NEWS","robots":{"index":"index","follow":"follow","max-snippet":"max-snippet:-1","max-image-preview":"max-image-preview:large","max-video-preview":"max-video-preview:-1"},"canonical":"https:\/\/lesvolcansnews.net\/?p=72135","og_locale":"fr_FR","og_type":"article","og_title":"\u00c0 Davos, Louis Watum plaide pour le calcul des risques li\u00e9s \u00e0 l'investissement dans le secteur minier - LES VOLCANS NEWS","og_description":"Louis Watum Kabamba, Ministre des Mines de la R\u00e9publique d\u00e9mocratique du Congo, a pris part ce mardi 20 janvier 2026, en tant que pan\u00e9liste, \u00e0 une table ronde de haut","og_url":"https:\/\/lesvolcansnews.net\/?p=72135","og_site_name":"LES VOLCANS NEWS","article_published_time":"2026-01-20T14:46:14+00:00","og_image":[{"width":2560,"height":1706,"url":"https:\/\/lesvolcansnews.net\/wp-content\/uploads\/2026\/01\/IMG-20260120-WA0413.jpg","type":"image\/jpeg"}],"author":"R\u00e9daction - Les Volcans News","twitter_card":"summary_large_image","twitter_misc":{"\u00c9crit par":"R\u00e9daction - Les Volcans News","Dur\u00e9e de lecture estim\u00e9e":"1 minute"},"schema":{"@context":"https:\/\/schema.org","@graph":[{"@type":"Article","@id":"https:\/\/lesvolcansnews.net\/?p=72135#article","isPartOf":{"@id":"https:\/\/lesvolcansnews.net\/?p=72135"},"author":{"name":"R\u00e9daction - Les Volcans News","@id":"https:\/\/lesvolcansnews.net\/#\/schema\/person\/82c8bed2e77879ecf6cca63441f57354"},"headline":"\u00c0 Davos, Louis Watum plaide pour le calcul des risques li\u00e9s \u00e0 l&#8217;investissement dans le secteur minier","datePublished":"2026-01-20T14:46:14+00:00","mainEntityOfPage":{"@id":"https:\/\/lesvolcansnews.net\/?p=72135"},"wordCount":315,"commentCount":0,"image":{"@id":"https:\/\/lesvolcansnews.net\/?p=72135#primaryimage"},"thumbnailUrl":"https:\/\/lesvolcansnews.net\/wp-content\/uploads\/2026\/01\/IMG-20260120-WA0413.jpg","articleSection":["MINES"],"inLanguage":"fr-FR","potentialAction":[{"@type":"CommentAction","name":"Comment","target":["https:\/\/lesvolcansnews.net\/?p=72135#respond"]}]},{"@type":"WebPage","@id":"https:\/\/lesvolcansnews.net\/?p=72135","url":"https:\/\/lesvolcansnews.net\/?p=72135","name":"\u00c0 Davos, Louis Watum plaide pour le calcul des risques li\u00e9s \u00e0 l'investissement dans le secteur minier - LES VOLCANS NEWS","isPartOf":{"@id":"https:\/\/lesvolcansnews.net\/#website"},"primaryImageOfPage":{"@id":"https:\/\/lesvolcansnews.net\/?p=72135#primaryimage"},"image":{"@id":"https:\/\/lesvolcansnews.net\/?p=72135#primaryimage"},"thumbnailUrl":"https:\/\/lesvolcansnews.net\/wp-content\/uploads\/2026\/01\/IMG-20260120-WA0413.jpg","datePublished":"2026-01-20T14:46:14+00:00","author":{"@id":"https:\/\/lesvolcansnews.net\/#\/schema\/person\/82c8bed2e77879ecf6cca63441f57354"},"breadcrumb":{"@id":"https:\/\/lesvolcansnews.net\/?p=72135#breadcrumb"},"inLanguage":"fr-FR","potentialAction":[{"@type":"ReadAction","target":["https:\/\/lesvolcansnews.net\/?p=72135"]}]},{"@type":"ImageObject","inLanguage":"fr-FR","@id":"https:\/\/lesvolcansnews.net\/?p=72135#primaryimage","url":"https:\/\/lesvolcansnews.net\/wp-content\/uploads\/2026\/01\/IMG-20260120-WA0413.jpg","contentUrl":"https:\/\/lesvolcansnews.net\/wp-content\/uploads\/2026\/01\/IMG-20260120-WA0413.jpg","width":2560,"height":1706},{"@type":"BreadcrumbList","@id":"https:\/\/lesvolcansnews.net\/?p=72135#breadcrumb","itemListElement":[{"@type":"ListItem","position":1,"name":"Accueil","item":"https:\/\/lesvolcansnews.net\/"},{"@type":"ListItem","position":2,"name":"\u00c0 Davos, Louis Watum plaide pour le calcul des risques li\u00e9s \u00e0 l&#8217;investissement dans le secteur minier"}]},{"@type":"WebSite","@id":"https:\/\/lesvolcansnews.net\/#website","url":"https:\/\/lesvolcansnews.net\/","name":"LES VOLCANS NEWS","description":"L&#039;INFORMATION C&#039;EST NOUS","potentialAction":[{"@type":"SearchAction","target":{"@type":"EntryPoint","urlTemplate":"https:\/\/lesvolcansnews.net\/?s={search_term_string}"},"query-input":{"@type":"PropertyValueSpecification","valueRequired":true,"valueName":"search_term_string"}}],"inLanguage":"fr-FR"},{"@type":"Person","@id":"https:\/\/lesvolcansnews.net\/#\/schema\/person\/82c8bed2e77879ecf6cca63441f57354","name":"R\u00e9daction - Les Volcans News","image":{"@type":"ImageObject","inLanguage":"fr-FR","@id":"https:\/\/secure.gravatar.com\/avatar\/8408942dd851e8a9c09f3d382a661bc05d2b3cd9002139bc1795b9528cdc6c80?s=96&d=mm&r=g","url":"https:\/\/secure.gravatar.com\/avatar\/8408942dd851e8a9c09f3d382a661bc05d2b3cd9002139bc1795b9528cdc6c80?s=96&d=mm&r=g","contentUrl":"https:\/\/secure.gravatar.com\/avatar\/8408942dd851e8a9c09f3d382a661bc05d2b3cd9002139bc1795b9528cdc6c80?s=96&d=mm&r=g","caption":"R\u00e9daction - Les Volcans News"},"url":"https:\/\/lesvolcansnews.net\/?author=14"}]}},"_links":{"self":[{"href":"https:\/\/lesvolcansnews.net\/index.php?rest_route=\/wp\/v2\/posts\/72135","targetHints":{"allow":["GET"]}}],"collection":[{"href":"https:\/\/lesvolcansnews.net\/index.php?rest_route=\/wp\/v2\/posts"}],"about":[{"href":"https:\/\/lesvolcansnews.net\/index.php?rest_route=\/wp\/v2\/types\/post"}],"author":[{"embeddable":true,"href":"https:\/\/lesvolcansnews.net\/index.php?rest_route=\/wp\/v2\/users\/14"}],"replies":[{"embeddable":true,"href":"https:\/\/lesvolcansnews.net\/index.php?rest_route=%2Fwp%2Fv2%2Fcomments&post=72135"}],"version-history":[{"count":1,"href":"https:\/\/lesvolcansnews.net\/index.php?rest_route=\/wp\/v2\/posts\/72135\/revisions"}],"predecessor-version":[{"id":72137,"href":"https:\/\/lesvolcansnews.net\/index.php?rest_route=\/wp\/v2\/posts\/72135\/revisions\/72137"}],"wp:featuredmedia":[{"embeddable":true,"href":"https:\/\/lesvolcansnews.net\/index.php?rest_route=\/wp\/v2\/media\/72136"}],"wp:attachment":[{"href":"https:\/\/lesvolcansnews.net\/index.php?rest_route=%2Fwp%2Fv2%2Fmedia&parent=72135"}],"wp:term":[{"taxonomy":"category","embeddable":true,"href":"https:\/\/lesvolcansnews.net\/index.php?rest_route=%2Fwp%2Fv2%2Fcategories&post=72135"},{"taxonomy":"post_tag","embeddable":true,"href":"https:\/\/lesvolcansnews.net\/index.php?rest_route=%2Fwp%2Fv2%2Ftags&post=72135"}],"curies":[{"name":"wp","href":"https:\/\/api.w.org\/{rel}","templated":true}]}}