{"id":72115,"date":"2026-01-20T14:43:31","date_gmt":"2026-01-20T12:43:31","guid":{"rendered":"https:\/\/lesvolcansnews.net\/?p=72115"},"modified":"2026-01-20T14:43:31","modified_gmt":"2026-01-20T12:43:31","slug":"lituri-brille-au-festival-tumaini-deo-bungamuzi-et-isaac-lebisabo-prechent-la-resilience-a-beni","status":"publish","type":"post","link":"https:\/\/lesvolcansnews.net\/?p=72115","title":{"rendered":"L&#8217;Ituri brille au Festival Tumaini : Deo Bungamuzi et Isaac Lebisabo pr\u00eachent la r\u00e9silience \u00e0 Beni"},"content":{"rendered":"<p><strong>Le Festival Tumaini, qui s&#8217;est tenu \u00e0 Beni du 17 au 18 janvier 2026, a \u00e9t\u00e9 l&#8217;occasion pour l&#8217;Ituri de pr\u00e9senter son exp\u00e9rience \u00e0 travers Deo Bungamuzi et le d\u00e9put\u00e9 provincial Isaac Lebisabo. Cet \u00e9v\u00e9nement culturel a r\u00e9uni des artistes et des personnalit\u00e9s politiques de diff\u00e9rentes provinces de la RDC, dont l&#8217;Ituri, pour promouvoir la paix et la coh\u00e9sion sociale<\/strong>.<\/p>\n<p><strong>Un th\u00e8me porteur : &#8220;Jeunesse, Paix et S\u00e9curit\u00e9&#8221;<\/strong><\/p>\n<p>Le th\u00e8me de cette 4\u00e8me \u00e9dition du Festival Tumaini \u00e9tait &#8220;Jeunesse, Paix et S\u00e9curit\u00e9&#8221;, un sujet tr\u00e8s pertinent dans un contexte de conflits arm\u00e9s persistants dans l&#8217;Est de la RDC. Les organisateurs ont voulu sensibiliser les jeunes \u00e0 l&#8217;importance de la paix et de la s\u00e9curit\u00e9 pour un avenir meilleur.<\/p>\n<p><strong>Des intervenants de marque<\/strong><\/p>\n<p>L&#8217;Ituri a \u00e9t\u00e9 repr\u00e9sent\u00e9 par Deo Bungamuzi, pr\u00e9sident du Conseil Provincial de la Jeunesse, et le d\u00e9put\u00e9 provincial Isaac Lebisabo, qui ont partag\u00e9 leur exp\u00e9rience et leur message de paix avec le public de Beni. L&#8217;autre iturien dans ce festival \u00e9tait l&#8217;artiste Jeune Soldat dit \u00ab Lokele Noir \u00bb.<\/p>\n<p>\u00ab <em>Nous sommes ici pour transmettre un message de paix et d&#8217;espoir aux jeunes de l&#8217;Ituri, du Nord-Kivu et de la RDC<\/em> \u00bb, a d\u00e9clar\u00e9 Deo Bungamuzi avant de poursuivre : \u00ab <em>La paix est possible, il faut juste y croire et travailler ensemble pour la construire<\/em> \u00bb.<\/p>\n<p>Il a soulign\u00e9 l&#8217;importance du r\u00f4le des jeunes dans la pr\u00e9vention des conflits et la consolidation de la paix, en r\u00e9f\u00e9rence \u00e0 la r\u00e9solution 2250 du Conseil de s\u00e9curit\u00e9 de l&#8217;ONU. Selon lui, la paix ne se n\u00e9gocie pas \u00e9ternellement avec ceux qui tuent, et il est crucial que les autorit\u00e9s congolaises planifient des actions militaires coordonn\u00e9es contre les groupes arm\u00e9s r\u00e9fractaires au processus de paix. Il a \u00e9galement appel\u00e9 les jeunes \u00e0 se mobiliser pour la paix et la s\u00e9curit\u00e9, et \u00e0 prendre part \u00e0 la construction d&#8217;un avenir meilleur pour l&#8217;Ituri et la RDC.<\/p>\n<p>Deogratias Bungamuzi a \u00e9galement mis en avant l&#8217;importance de l&#8217;\u00e9ducation, de la formation et de l&#8217;entrepreneuriat pour les jeunes, afin de les aider \u00e0 acqu\u00e9rir des comp\u00e9tences utiles pour le d\u00e9veloppement de la province. Il a lanc\u00e9 un appel aux autorit\u00e9s pour qu&#8217;elles investissent davantage dans ces domaines.<\/p>\n<p><strong>Le d\u00e9put\u00e9 Isaac Lebisabo : \u00ab La paix est un droit fondamental \u00bb<\/strong><\/p>\n<p>\u00ab <em>La paix est un droit fondamental pour tout \u00eatre humain<\/em> \u00bb, a ajout\u00e9 le d\u00e9put\u00e9 Isaac Lebisabo. Il reconna\u00eet clairement que les \u00e9lus ont une responsabilit\u00e9 de travailler pour la paix et la s\u00e9curit\u00e9 dans leurs \u00e9lecteurs diss\u00e9min\u00e9s dans diverses communaut\u00e9s.<\/p>\n<p>Le d\u00e9put\u00e9 Lebisabo a soulign\u00e9 que l&#8217;Ituri et le Nord-Kivu partagent des d\u00e9fis s\u00e9curitaires communs, notamment la pr\u00e9sence de groupes arm\u00e9s et la circulation des armes. Il a appel\u00e9 les autorit\u00e9s \u00e0 renforcer la coop\u00e9ration entre les deux provinces pour lutter contre ces menaces.<\/p>\n<p>Il a \u00e9galement mis en avant l&#8217;importance de la r\u00e9silience des communaut\u00e9s locales face aux d\u00e9fis s\u00e9curitaires. Selon lui, les communaut\u00e9s de l&#8217;Ituri et du Nord-Kivu ont d\u00e9montr\u00e9 leur capacit\u00e9 \u00e0 r\u00e9sister et \u00e0 se relever face aux crises, et il est important de renforcer cette r\u00e9silience.<\/p>\n<p><strong>Un panel riche en d\u00e9bats<\/strong><\/p>\n<p>Le panel a \u00e9t\u00e9 l&#8217;occasion de d\u00e9bats riches et anim\u00e9s sur la paix et la s\u00e9curit\u00e9 dans le Nord-Kivu, l&#8217;Ituri et en RDC. Les intervenants ont partag\u00e9 leurs exp\u00e9riences et leurs id\u00e9es pour promouvoir la paix et la coh\u00e9sion sociale. Les jeunes pr\u00e9sents au festival ont \u00e9t\u00e9 motiv\u00e9s par les messages de paix et d&#8217;espoir transmis par Deogratias Bungamuzi et le d\u00e9put\u00e9 provincial Isaac Lebisabo. Ils ont exprim\u00e9 leur engagement \u00e0 travailler pour la paix et la s\u00e9curit\u00e9 dans leurs communaut\u00e9s.<\/p>\n<p>Le festival a \u00e9galement \u00e9t\u00e9 l&#8217;occasion de pr\u00e9senter des initiatives concr\u00e8tes pour promouvoir la paix et la s\u00e9curit\u00e9, telles que des ateliers de sensibilisation, des expositions d&#8217;\u0153uvres d&#8217;art et des dialogues de coh\u00e9sion sociale.<\/p>\n<p><strong>L&#8217;Ituri, un exemple \u00e0 suivre<\/strong><\/p>\n<p>L&#8217;Ituri a montr\u00e9 l&#8217;exemple en participant activement \u00e0 ce festival, d\u00e9montrant ainsi son engagement pour la paix et la coh\u00e9sion sociale. Deogratias Bungamuzi et le d\u00e9put\u00e9 provincial Isaac Lebisabo ont contribu\u00e9 \u00e0 transmettre un message d&#8217;espoir et de r\u00e9silience, inspirant les jeunes \u00e0 prendre part \u00e0 la construction d&#8217;un avenir meilleur.<\/p>\n<p>\u00ab <em>Nous appelons les jeunes \u00e0 se mobiliser pour la paix et la s\u00e9curit\u00e9. Ensemble, nous pouvons construire un avenir meilleur pour la RDC<\/em> \u00bb, a d\u00e9clar\u00e9 Deo Bungamuzi \u00e0 la fin de son intervention.<\/p>\n<p>Le Festival Tumaini a \u00e9t\u00e9 un succ\u00e8s, r\u00e9unissant des artistes et des personnalit\u00e9s politiques de diff\u00e9rentes provinces de la RDC pour promouvoir la paix et la coh\u00e9sion sociale. L&#8217;Ituri a brillamment repr\u00e9sent\u00e9 la province, avec Deogratias Bungamuzi du conseil provincial de la jeunesse, de l&#8217;artiste Jeune Soldat et du d\u00e9put\u00e9 Isaac Lebisabo.<\/p>\n<p>Le Festival Tumaini a montr\u00e9 que la paix et la coh\u00e9sion sociale sont possibles en RDC. Nous esp\u00e9rons que cet \u00e9v\u00e9nement inspirera les jeunes \u00e0 prendre part \u00e0 la construction d&#8217;un avenir meilleur pour la RDC. <\/p>\n<p><strong>Nickson Manzekele de retour de Beni<\/strong><\/p>\n","protected":false},"excerpt":{"rendered":"<p>Le Festival Tumaini, qui s&#8217;est tenu \u00e0 Beni du 17 au 18 janvier 2026, a \u00e9t\u00e9 l&#8217;occasion pour l&#8217;Ituri de pr\u00e9senter son exp\u00e9rience \u00e0 travers Deo Bungamuzi et le d\u00e9put\u00e9<\/p>\n","protected":false},"author":14,"featured_media":72116,"comment_status":"open","ping_status":"open","sticky":false,"template":"","format":"standard","meta":{"footnotes":""},"categories":[12,32],"tags":[],"class_list":["post-72115","post","type-post","status-publish","format-standard","has-post-thumbnail","hentry","category-culture","category-securite"],"yoast_head":"<!-- This site is optimized with the Yoast SEO plugin v27.5 - https:\/\/yoast.com\/product\/yoast-seo-wordpress\/ -->\n<title>L&#039;Ituri brille au Festival Tumaini : Deo Bungamuzi et Isaac Lebisabo pr\u00eachent la r\u00e9silience \u00e0 Beni - LES VOLCANS NEWS<\/title>\n<meta name=\"robots\" content=\"index, follow, max-snippet:-1, max-image-preview:large, max-video-preview:-1\" \/>\n<link rel=\"canonical\" href=\"https:\/\/lesvolcansnews.net\/?p=72115\" \/>\n<meta property=\"og:locale\" content=\"fr_FR\" \/>\n<meta property=\"og:type\" content=\"article\" \/>\n<meta property=\"og:title\" content=\"L&#039;Ituri brille au Festival Tumaini : Deo Bungamuzi et Isaac Lebisabo pr\u00eachent la r\u00e9silience \u00e0 Beni - LES VOLCANS NEWS\" \/>\n<meta property=\"og:description\" content=\"Le Festival Tumaini, qui s&#8217;est tenu \u00e0 Beni du 17 au 18 janvier 2026, a \u00e9t\u00e9 l&#8217;occasion pour l&#8217;Ituri de pr\u00e9senter son exp\u00e9rience \u00e0 travers Deo Bungamuzi et le d\u00e9put\u00e9\" \/>\n<meta property=\"og:url\" content=\"https:\/\/lesvolcansnews.net\/?p=72115\" \/>\n<meta property=\"og:site_name\" content=\"LES VOLCANS NEWS\" \/>\n<meta property=\"article:published_time\" content=\"2026-01-20T12:43:31+00:00\" \/>\n<meta property=\"og:image\" content=\"https:\/\/lesvolcansnews.net\/wp-content\/uploads\/2026\/01\/20260120_141719-COLLAGE-scaled.jpg\" \/>\n\t<meta property=\"og:image:width\" content=\"2560\" \/>\n\t<meta property=\"og:image:height\" content=\"1922\" \/>\n\t<meta property=\"og:image:type\" content=\"image\/jpeg\" \/>\n<meta name=\"author\" content=\"R\u00e9daction - Les Volcans News\" \/>\n<meta name=\"twitter:card\" content=\"summary_large_image\" \/>\n<meta name=\"twitter:label1\" content=\"\u00c9crit par\" \/>\n\t<meta name=\"twitter:data1\" content=\"R\u00e9daction - Les Volcans News\" \/>\n\t<meta name=\"twitter:label2\" content=\"Dur\u00e9e de lecture estim\u00e9e\" \/>\n\t<meta name=\"twitter:data2\" content=\"4 minutes\" \/>\n<script type=\"application\/ld+json\" class=\"yoast-schema-graph\">{\"@context\":\"https:\\\/\\\/schema.org\",\"@graph\":[{\"@type\":\"Article\",\"@id\":\"https:\\\/\\\/lesvolcansnews.net\\\/?p=72115#article\",\"isPartOf\":{\"@id\":\"https:\\\/\\\/lesvolcansnews.net\\\/?p=72115\"},\"author\":{\"name\":\"R\u00e9daction - Les Volcans News\",\"@id\":\"https:\\\/\\\/lesvolcansnews.net\\\/#\\\/schema\\\/person\\\/82c8bed2e77879ecf6cca63441f57354\"},\"headline\":\"L&#8217;Ituri brille au Festival Tumaini : Deo Bungamuzi et Isaac Lebisabo pr\u00eachent la r\u00e9silience \u00e0 Beni\",\"datePublished\":\"2026-01-20T12:43:31+00:00\",\"mainEntityOfPage\":{\"@id\":\"https:\\\/\\\/lesvolcansnews.net\\\/?p=72115\"},\"wordCount\":917,\"commentCount\":0,\"image\":{\"@id\":\"https:\\\/\\\/lesvolcansnews.net\\\/?p=72115#primaryimage\"},\"thumbnailUrl\":\"https:\\\/\\\/lesvolcansnews.net\\\/wp-content\\\/uploads\\\/2026\\\/01\\\/20260120_141719-COLLAGE-scaled.jpg\",\"articleSection\":[\"CULTURE\",\"S\u00c9CURIT\u00c9\"],\"inLanguage\":\"fr-FR\",\"potentialAction\":[{\"@type\":\"CommentAction\",\"name\":\"Comment\",\"target\":[\"https:\\\/\\\/lesvolcansnews.net\\\/?p=72115#respond\"]}]},{\"@type\":\"WebPage\",\"@id\":\"https:\\\/\\\/lesvolcansnews.net\\\/?p=72115\",\"url\":\"https:\\\/\\\/lesvolcansnews.net\\\/?p=72115\",\"name\":\"L'Ituri brille au Festival Tumaini : Deo Bungamuzi et Isaac Lebisabo pr\u00eachent la r\u00e9silience \u00e0 Beni - LES VOLCANS NEWS\",\"isPartOf\":{\"@id\":\"https:\\\/\\\/lesvolcansnews.net\\\/#website\"},\"primaryImageOfPage\":{\"@id\":\"https:\\\/\\\/lesvolcansnews.net\\\/?p=72115#primaryimage\"},\"image\":{\"@id\":\"https:\\\/\\\/lesvolcansnews.net\\\/?p=72115#primaryimage\"},\"thumbnailUrl\":\"https:\\\/\\\/lesvolcansnews.net\\\/wp-content\\\/uploads\\\/2026\\\/01\\\/20260120_141719-COLLAGE-scaled.jpg\",\"datePublished\":\"2026-01-20T12:43:31+00:00\",\"author\":{\"@id\":\"https:\\\/\\\/lesvolcansnews.net\\\/#\\\/schema\\\/person\\\/82c8bed2e77879ecf6cca63441f57354\"},\"breadcrumb\":{\"@id\":\"https:\\\/\\\/lesvolcansnews.net\\\/?p=72115#breadcrumb\"},\"inLanguage\":\"fr-FR\",\"potentialAction\":[{\"@type\":\"ReadAction\",\"target\":[\"https:\\\/\\\/lesvolcansnews.net\\\/?p=72115\"]}]},{\"@type\":\"ImageObject\",\"inLanguage\":\"fr-FR\",\"@id\":\"https:\\\/\\\/lesvolcansnews.net\\\/?p=72115#primaryimage\",\"url\":\"https:\\\/\\\/lesvolcansnews.net\\\/wp-content\\\/uploads\\\/2026\\\/01\\\/20260120_141719-COLLAGE-scaled.jpg\",\"contentUrl\":\"https:\\\/\\\/lesvolcansnews.net\\\/wp-content\\\/uploads\\\/2026\\\/01\\\/20260120_141719-COLLAGE-scaled.jpg\",\"width\":2560,\"height\":1922},{\"@type\":\"BreadcrumbList\",\"@id\":\"https:\\\/\\\/lesvolcansnews.net\\\/?p=72115#breadcrumb\",\"itemListElement\":[{\"@type\":\"ListItem\",\"position\":1,\"name\":\"Accueil\",\"item\":\"https:\\\/\\\/lesvolcansnews.net\\\/\"},{\"@type\":\"ListItem\",\"position\":2,\"name\":\"L&#8217;Ituri brille au Festival Tumaini : Deo Bungamuzi et Isaac Lebisabo pr\u00eachent la r\u00e9silience \u00e0 Beni\"}]},{\"@type\":\"WebSite\",\"@id\":\"https:\\\/\\\/lesvolcansnews.net\\\/#website\",\"url\":\"https:\\\/\\\/lesvolcansnews.net\\\/\",\"name\":\"LES VOLCANS NEWS\",\"description\":\"L&#039;INFORMATION C&#039;EST NOUS\",\"potentialAction\":[{\"@type\":\"SearchAction\",\"target\":{\"@type\":\"EntryPoint\",\"urlTemplate\":\"https:\\\/\\\/lesvolcansnews.net\\\/?s={search_term_string}\"},\"query-input\":{\"@type\":\"PropertyValueSpecification\",\"valueRequired\":true,\"valueName\":\"search_term_string\"}}],\"inLanguage\":\"fr-FR\"},{\"@type\":\"Person\",\"@id\":\"https:\\\/\\\/lesvolcansnews.net\\\/#\\\/schema\\\/person\\\/82c8bed2e77879ecf6cca63441f57354\",\"name\":\"R\u00e9daction - Les Volcans News\",\"image\":{\"@type\":\"ImageObject\",\"inLanguage\":\"fr-FR\",\"@id\":\"https:\\\/\\\/secure.gravatar.com\\\/avatar\\\/8408942dd851e8a9c09f3d382a661bc05d2b3cd9002139bc1795b9528cdc6c80?s=96&d=mm&r=g\",\"url\":\"https:\\\/\\\/secure.gravatar.com\\\/avatar\\\/8408942dd851e8a9c09f3d382a661bc05d2b3cd9002139bc1795b9528cdc6c80?s=96&d=mm&r=g\",\"contentUrl\":\"https:\\\/\\\/secure.gravatar.com\\\/avatar\\\/8408942dd851e8a9c09f3d382a661bc05d2b3cd9002139bc1795b9528cdc6c80?s=96&d=mm&r=g\",\"caption\":\"R\u00e9daction - Les Volcans News\"},\"url\":\"https:\\\/\\\/lesvolcansnews.net\\\/?author=14\"}]}<\/script>\n<!-- \/ Yoast SEO plugin. -->","yoast_head_json":{"title":"L'Ituri brille au Festival Tumaini : Deo Bungamuzi et Isaac Lebisabo pr\u00eachent la r\u00e9silience \u00e0 Beni - LES VOLCANS NEWS","robots":{"index":"index","follow":"follow","max-snippet":"max-snippet:-1","max-image-preview":"max-image-preview:large","max-video-preview":"max-video-preview:-1"},"canonical":"https:\/\/lesvolcansnews.net\/?p=72115","og_locale":"fr_FR","og_type":"article","og_title":"L'Ituri brille au Festival Tumaini : Deo Bungamuzi et Isaac Lebisabo pr\u00eachent la r\u00e9silience \u00e0 Beni - LES VOLCANS NEWS","og_description":"Le Festival Tumaini, qui s&#8217;est tenu \u00e0 Beni du 17 au 18 janvier 2026, a \u00e9t\u00e9 l&#8217;occasion pour l&#8217;Ituri de pr\u00e9senter son exp\u00e9rience \u00e0 travers Deo Bungamuzi et le d\u00e9put\u00e9","og_url":"https:\/\/lesvolcansnews.net\/?p=72115","og_site_name":"LES VOLCANS NEWS","article_published_time":"2026-01-20T12:43:31+00:00","og_image":[{"width":2560,"height":1922,"url":"https:\/\/lesvolcansnews.net\/wp-content\/uploads\/2026\/01\/20260120_141719-COLLAGE-scaled.jpg","type":"image\/jpeg"}],"author":"R\u00e9daction - Les Volcans News","twitter_card":"summary_large_image","twitter_misc":{"\u00c9crit par":"R\u00e9daction - Les Volcans News","Dur\u00e9e de lecture estim\u00e9e":"4 minutes"},"schema":{"@context":"https:\/\/schema.org","@graph":[{"@type":"Article","@id":"https:\/\/lesvolcansnews.net\/?p=72115#article","isPartOf":{"@id":"https:\/\/lesvolcansnews.net\/?p=72115"},"author":{"name":"R\u00e9daction - Les Volcans News","@id":"https:\/\/lesvolcansnews.net\/#\/schema\/person\/82c8bed2e77879ecf6cca63441f57354"},"headline":"L&#8217;Ituri brille au Festival Tumaini : Deo Bungamuzi et Isaac Lebisabo pr\u00eachent la r\u00e9silience \u00e0 Beni","datePublished":"2026-01-20T12:43:31+00:00","mainEntityOfPage":{"@id":"https:\/\/lesvolcansnews.net\/?p=72115"},"wordCount":917,"commentCount":0,"image":{"@id":"https:\/\/lesvolcansnews.net\/?p=72115#primaryimage"},"thumbnailUrl":"https:\/\/lesvolcansnews.net\/wp-content\/uploads\/2026\/01\/20260120_141719-COLLAGE-scaled.jpg","articleSection":["CULTURE","S\u00c9CURIT\u00c9"],"inLanguage":"fr-FR","potentialAction":[{"@type":"CommentAction","name":"Comment","target":["https:\/\/lesvolcansnews.net\/?p=72115#respond"]}]},{"@type":"WebPage","@id":"https:\/\/lesvolcansnews.net\/?p=72115","url":"https:\/\/lesvolcansnews.net\/?p=72115","name":"L'Ituri brille au Festival Tumaini : Deo Bungamuzi et Isaac Lebisabo pr\u00eachent la r\u00e9silience \u00e0 Beni - LES VOLCANS NEWS","isPartOf":{"@id":"https:\/\/lesvolcansnews.net\/#website"},"primaryImageOfPage":{"@id":"https:\/\/lesvolcansnews.net\/?p=72115#primaryimage"},"image":{"@id":"https:\/\/lesvolcansnews.net\/?p=72115#primaryimage"},"thumbnailUrl":"https:\/\/lesvolcansnews.net\/wp-content\/uploads\/2026\/01\/20260120_141719-COLLAGE-scaled.jpg","datePublished":"2026-01-20T12:43:31+00:00","author":{"@id":"https:\/\/lesvolcansnews.net\/#\/schema\/person\/82c8bed2e77879ecf6cca63441f57354"},"breadcrumb":{"@id":"https:\/\/lesvolcansnews.net\/?p=72115#breadcrumb"},"inLanguage":"fr-FR","potentialAction":[{"@type":"ReadAction","target":["https:\/\/lesvolcansnews.net\/?p=72115"]}]},{"@type":"ImageObject","inLanguage":"fr-FR","@id":"https:\/\/lesvolcansnews.net\/?p=72115#primaryimage","url":"https:\/\/lesvolcansnews.net\/wp-content\/uploads\/2026\/01\/20260120_141719-COLLAGE-scaled.jpg","contentUrl":"https:\/\/lesvolcansnews.net\/wp-content\/uploads\/2026\/01\/20260120_141719-COLLAGE-scaled.jpg","width":2560,"height":1922},{"@type":"BreadcrumbList","@id":"https:\/\/lesvolcansnews.net\/?p=72115#breadcrumb","itemListElement":[{"@type":"ListItem","position":1,"name":"Accueil","item":"https:\/\/lesvolcansnews.net\/"},{"@type":"ListItem","position":2,"name":"L&#8217;Ituri brille au Festival Tumaini : Deo Bungamuzi et Isaac Lebisabo pr\u00eachent la r\u00e9silience \u00e0 Beni"}]},{"@type":"WebSite","@id":"https:\/\/lesvolcansnews.net\/#website","url":"https:\/\/lesvolcansnews.net\/","name":"LES VOLCANS NEWS","description":"L&#039;INFORMATION C&#039;EST NOUS","potentialAction":[{"@type":"SearchAction","target":{"@type":"EntryPoint","urlTemplate":"https:\/\/lesvolcansnews.net\/?s={search_term_string}"},"query-input":{"@type":"PropertyValueSpecification","valueRequired":true,"valueName":"search_term_string"}}],"inLanguage":"fr-FR"},{"@type":"Person","@id":"https:\/\/lesvolcansnews.net\/#\/schema\/person\/82c8bed2e77879ecf6cca63441f57354","name":"R\u00e9daction - Les Volcans News","image":{"@type":"ImageObject","inLanguage":"fr-FR","@id":"https:\/\/secure.gravatar.com\/avatar\/8408942dd851e8a9c09f3d382a661bc05d2b3cd9002139bc1795b9528cdc6c80?s=96&d=mm&r=g","url":"https:\/\/secure.gravatar.com\/avatar\/8408942dd851e8a9c09f3d382a661bc05d2b3cd9002139bc1795b9528cdc6c80?s=96&d=mm&r=g","contentUrl":"https:\/\/secure.gravatar.com\/avatar\/8408942dd851e8a9c09f3d382a661bc05d2b3cd9002139bc1795b9528cdc6c80?s=96&d=mm&r=g","caption":"R\u00e9daction - Les Volcans News"},"url":"https:\/\/lesvolcansnews.net\/?author=14"}]}},"_links":{"self":[{"href":"https:\/\/lesvolcansnews.net\/index.php?rest_route=\/wp\/v2\/posts\/72115","targetHints":{"allow":["GET"]}}],"collection":[{"href":"https:\/\/lesvolcansnews.net\/index.php?rest_route=\/wp\/v2\/posts"}],"about":[{"href":"https:\/\/lesvolcansnews.net\/index.php?rest_route=\/wp\/v2\/types\/post"}],"author":[{"embeddable":true,"href":"https:\/\/lesvolcansnews.net\/index.php?rest_route=\/wp\/v2\/users\/14"}],"replies":[{"embeddable":true,"href":"https:\/\/lesvolcansnews.net\/index.php?rest_route=%2Fwp%2Fv2%2Fcomments&post=72115"}],"version-history":[{"count":1,"href":"https:\/\/lesvolcansnews.net\/index.php?rest_route=\/wp\/v2\/posts\/72115\/revisions"}],"predecessor-version":[{"id":72117,"href":"https:\/\/lesvolcansnews.net\/index.php?rest_route=\/wp\/v2\/posts\/72115\/revisions\/72117"}],"wp:featuredmedia":[{"embeddable":true,"href":"https:\/\/lesvolcansnews.net\/index.php?rest_route=\/wp\/v2\/media\/72116"}],"wp:attachment":[{"href":"https:\/\/lesvolcansnews.net\/index.php?rest_route=%2Fwp%2Fv2%2Fmedia&parent=72115"}],"wp:term":[{"taxonomy":"category","embeddable":true,"href":"https:\/\/lesvolcansnews.net\/index.php?rest_route=%2Fwp%2Fv2%2Fcategories&post=72115"},{"taxonomy":"post_tag","embeddable":true,"href":"https:\/\/lesvolcansnews.net\/index.php?rest_route=%2Fwp%2Fv2%2Ftags&post=72115"}],"curies":[{"name":"wp","href":"https:\/\/api.w.org\/{rel}","templated":true}]}}