{"id":72112,"date":"2026-01-20T14:39:44","date_gmt":"2026-01-20T12:39:44","guid":{"rendered":"https:\/\/lesvolcansnews.net\/?p=72112"},"modified":"2026-01-20T16:06:53","modified_gmt":"2026-01-20T14:06:53","slug":"festival-tumaini-4-eme-edition-lest-de-la-rdc-vendu-autrement-a-travers-la-culture-la-resilience-a-beni","status":"publish","type":"post","link":"https:\/\/lesvolcansnews.net\/?p=72112","title":{"rendered":"Festival Tumaini 4 \u00e8me \u00e9dition : l&#8217;Est de la RDC vendu autrement \u00e0 travers la culture, la r\u00e9silience,&#8230;, \u00e0 Beni"},"content":{"rendered":"<p><strong>Tenue \u00e0 Beni, chef-lieu provisoire du Nord-Kivu, la 4 \u00e8me \u00e9dition du Festival Tumaini ou mieux \u00ab Esp\u00e9rance \u00bb s&#8217;est cl\u00f4tur\u00e9e le 18 janvier 2026. Durant deux jours soit du 17 au 18 janvier 2026, cette messe culturelle a \u00e9t\u00e9 consacr\u00e9e au panel sur la r\u00e9silience, sur la  promotion des produits et services des entreprises partenaires et la prestation des artistes \u00e0 l&#8217;affiche. <\/strong><\/p>\n<p>Sous le th\u00e8me \u00ab Jeunesse, Paix et S\u00e9curit\u00e9 \u00bb faisant allusion \u00e0 la r\u00e9solution 2250 des Nations-Unies, ce Festival a, autrement, vendu l&#8217;image de l&#8217;Est de la R\u00e9publique D\u00e9mocratique du Congo qualifi\u00e9e d&#8217;un \u00ab mouroir \u00bb suite l&#8217;activisme en outrance des groupes arm\u00e9s actifs dans la r\u00e9gion.<\/p>\n<p>Des artistes musiciens venus de plusieurs villes Congolaises notamment Jeune Soldat de Bunia (Ituri), Pis Mamba de Kisangani (Tshopo), Capita Amon de Bukavu (Sud-Kivu), un de Bujumbura et tant d&#8217;autres de Beni ont mis\u00e9 leur contenu artistique sur la paix, une mani\u00e8re d&#8217;interpeller les autorit\u00e9s Congolaises et la communaut\u00e9 internationale que \u00ab la paix est encore possible et la resilience de la population en est la preuve \u00bb.<\/p>\n<p>Benjamin Asimonie, Coordonnateur du Festival Tumaini, pense qu&#8217;avec cette organisation, le monde entier peut comprendre que l&#8217;Est de la RDC, particuli\u00e8rement Beni longtemps endeuill\u00e9 par des ADF, peut esp\u00e9rer \u00e0 une restauration progressive de la situation s\u00e9curitaire vu que les jeunes dz Beni et environs commencent \u00e0 prendre conscience sur le plan s\u00e9curitaire. Une prise de conscience qui passe pour la plupart de cas par l&#8217;enr\u00f4lement dans l&#8217;arm\u00e9e et la police, les deux services \u00e0 prot\u00e9ger la population et ses biens.<\/p>\n<p><strong>Le gouvernement sensibilise encore la jeunesse !<\/strong><\/p>\n<p>Ayant donn\u00e9 le go puis cl\u00f4tur\u00e9 le Festival Tumaini, Prisca Kamala, conseill\u00e8re du Gouverneur du Nord-Kivu en charge de la jeunesse a encourag\u00e9 la communaut\u00e9 locale \u00e0 plus de r\u00e9silience malgr\u00e9 des difficult\u00e9s d&#8217;ordre s\u00e9curitaire dans la province et sa voisine de l&#8217;Ituri.<\/p>\n<p>\u00ab <em>Comme vous le savez, la province du Nord-Kivu contient une population r\u00e9siliente et c&#8217;est dans ce cadre que les organisateurs de ce Festival ont tenu \u00e0 organiser cette messe culturelle pour rapprocher la population. On a vu les jeunes qui sont venus de Goma, de Kisangani, de Bunia,&#8230;, m\u00eame de Bujumbura qui sont venus participer pour faire voir au reste du monde que malgr\u00e9 l&#8217;ins\u00e9curit\u00e9 ici \u00e0 Beni, nous avons aussi la joie. Nous avons des exp\u00e9riences \u00e0 partager avec les jeunes pour leur montrer leur apport dans la r\u00e9solution des conflits arm\u00e9s<\/em> \u00bb, a reconnu Prisca Kamala dans des propos recueillis par Lesvolcansnews.net dont un reporter y a \u00e9t\u00e9 invit\u00e9. <\/p>\n<p>Les entreprises et organisations ayant pris part \u00e0 cette activit\u00e9 ont brav\u00e9 l&#8217;obscurit\u00e9. Au del\u00e0 de 21 heures, certaines \u00e9taient encore pr\u00e9sentes sur le lieu de l&#8217;\u00e9v\u00e9nement. Le festival TUMAINI a m\u00e9lang\u00e9 r\u00e9flexion, action, promotion, r\u00e9silience et divertissement. Une activit\u00e9 qui a, encore une fois, redonn\u00e9 sourire \u00e0 la jeunesse du Nord-Kivu et celle venue des autres provinces s\u0153urs. Signalons que cette messe culturelle a \u00e9t\u00e9 appuy\u00e9e financi\u00e8rement par le gouvernement et ses partenaires notamment l&#8217;organisation Ubuntu Panafrica, SOFEPADI, Bingwa, pour ne citer que ceux-ci. Ubuntu Panafrica a m\u00eame facilit\u00e9, lors de ce Festival, un panel dans lequel des exp\u00e9riences ont \u00e9t\u00e9 partag\u00e9es entre des jeunes venus de diverses structures de l&#8217;Ituri et du Nord-Kivu.<\/p>\n<p><strong>Nickson Manzekele de retour de Beni<\/strong><\/p>\n","protected":false},"excerpt":{"rendered":"<p>Tenue \u00e0 Beni, chef-lieu provisoire du Nord-Kivu, la 4 \u00e8me \u00e9dition du Festival Tumaini ou mieux \u00ab Esp\u00e9rance \u00bb s&#8217;est cl\u00f4tur\u00e9e le 18 janvier 2026. Durant deux jours soit du<\/p>\n","protected":false},"author":14,"featured_media":72113,"comment_status":"open","ping_status":"open","sticky":false,"template":"","format":"standard","meta":{"footnotes":""},"categories":[12],"tags":[],"class_list":["post-72112","post","type-post","status-publish","format-standard","has-post-thumbnail","hentry","category-culture"],"yoast_head":"<!-- This site is optimized with the Yoast SEO plugin v27.3 - https:\/\/yoast.com\/product\/yoast-seo-wordpress\/ -->\n<title>Festival Tumaini 4 \u00e8me \u00e9dition : l&#039;Est de la RDC vendu autrement \u00e0 travers la culture, la r\u00e9silience,..., \u00e0 Beni - LES VOLCANS NEWS<\/title>\n<meta name=\"robots\" content=\"index, follow, max-snippet:-1, max-image-preview:large, max-video-preview:-1\" \/>\n<link rel=\"canonical\" href=\"https:\/\/lesvolcansnews.net\/?p=72112\" \/>\n<meta property=\"og:locale\" content=\"fr_FR\" \/>\n<meta property=\"og:type\" content=\"article\" \/>\n<meta property=\"og:title\" content=\"Festival Tumaini 4 \u00e8me \u00e9dition : l&#039;Est de la RDC vendu autrement \u00e0 travers la culture, la r\u00e9silience,..., \u00e0 Beni - LES VOLCANS NEWS\" \/>\n<meta property=\"og:description\" content=\"Tenue \u00e0 Beni, chef-lieu provisoire du Nord-Kivu, la 4 \u00e8me \u00e9dition du Festival Tumaini ou mieux \u00ab Esp\u00e9rance \u00bb s&#8217;est cl\u00f4tur\u00e9e le 18 janvier 2026. Durant deux jours soit du\" \/>\n<meta property=\"og:url\" content=\"https:\/\/lesvolcansnews.net\/?p=72112\" \/>\n<meta property=\"og:site_name\" content=\"LES VOLCANS NEWS\" \/>\n<meta property=\"article:published_time\" content=\"2026-01-20T12:39:44+00:00\" \/>\n<meta property=\"article:modified_time\" content=\"2026-01-20T14:06:53+00:00\" \/>\n<meta property=\"og:image\" content=\"https:\/\/lesvolcansnews.net\/wp-content\/uploads\/2026\/01\/1768895159349.jpg\" \/>\n\t<meta property=\"og:image:width\" content=\"960\" \/>\n\t<meta property=\"og:image:height\" content=\"640\" \/>\n\t<meta property=\"og:image:type\" content=\"image\/jpeg\" \/>\n<meta name=\"author\" content=\"R\u00e9daction - Les Volcans News\" \/>\n<meta name=\"twitter:card\" content=\"summary_large_image\" \/>\n<meta name=\"twitter:label1\" content=\"\u00c9crit par\" \/>\n\t<meta name=\"twitter:data1\" content=\"R\u00e9daction - Les Volcans News\" \/>\n\t<meta name=\"twitter:label2\" content=\"Dur\u00e9e de lecture estim\u00e9e\" \/>\n\t<meta name=\"twitter:data2\" content=\"3 minutes\" \/>\n<script type=\"application\/ld+json\" class=\"yoast-schema-graph\">{\"@context\":\"https:\\\/\\\/schema.org\",\"@graph\":[{\"@type\":\"Article\",\"@id\":\"https:\\\/\\\/lesvolcansnews.net\\\/?p=72112#article\",\"isPartOf\":{\"@id\":\"https:\\\/\\\/lesvolcansnews.net\\\/?p=72112\"},\"author\":{\"name\":\"R\u00e9daction - Les Volcans News\",\"@id\":\"https:\\\/\\\/lesvolcansnews.net\\\/#\\\/schema\\\/person\\\/82c8bed2e77879ecf6cca63441f57354\"},\"headline\":\"Festival Tumaini 4 \u00e8me \u00e9dition : l&#8217;Est de la RDC vendu autrement \u00e0 travers la culture, la r\u00e9silience,&#8230;, \u00e0 Beni\",\"datePublished\":\"2026-01-20T12:39:44+00:00\",\"dateModified\":\"2026-01-20T14:06:53+00:00\",\"mainEntityOfPage\":{\"@id\":\"https:\\\/\\\/lesvolcansnews.net\\\/?p=72112\"},\"wordCount\":594,\"commentCount\":0,\"image\":{\"@id\":\"https:\\\/\\\/lesvolcansnews.net\\\/?p=72112#primaryimage\"},\"thumbnailUrl\":\"https:\\\/\\\/lesvolcansnews.net\\\/wp-content\\\/uploads\\\/2026\\\/01\\\/1768895159349.jpg\",\"articleSection\":[\"CULTURE\"],\"inLanguage\":\"fr-FR\",\"potentialAction\":[{\"@type\":\"CommentAction\",\"name\":\"Comment\",\"target\":[\"https:\\\/\\\/lesvolcansnews.net\\\/?p=72112#respond\"]}]},{\"@type\":\"WebPage\",\"@id\":\"https:\\\/\\\/lesvolcansnews.net\\\/?p=72112\",\"url\":\"https:\\\/\\\/lesvolcansnews.net\\\/?p=72112\",\"name\":\"Festival Tumaini 4 \u00e8me \u00e9dition : l'Est de la RDC vendu autrement \u00e0 travers la culture, la r\u00e9silience,..., \u00e0 Beni - LES VOLCANS NEWS\",\"isPartOf\":{\"@id\":\"https:\\\/\\\/lesvolcansnews.net\\\/#website\"},\"primaryImageOfPage\":{\"@id\":\"https:\\\/\\\/lesvolcansnews.net\\\/?p=72112#primaryimage\"},\"image\":{\"@id\":\"https:\\\/\\\/lesvolcansnews.net\\\/?p=72112#primaryimage\"},\"thumbnailUrl\":\"https:\\\/\\\/lesvolcansnews.net\\\/wp-content\\\/uploads\\\/2026\\\/01\\\/1768895159349.jpg\",\"datePublished\":\"2026-01-20T12:39:44+00:00\",\"dateModified\":\"2026-01-20T14:06:53+00:00\",\"author\":{\"@id\":\"https:\\\/\\\/lesvolcansnews.net\\\/#\\\/schema\\\/person\\\/82c8bed2e77879ecf6cca63441f57354\"},\"breadcrumb\":{\"@id\":\"https:\\\/\\\/lesvolcansnews.net\\\/?p=72112#breadcrumb\"},\"inLanguage\":\"fr-FR\",\"potentialAction\":[{\"@type\":\"ReadAction\",\"target\":[\"https:\\\/\\\/lesvolcansnews.net\\\/?p=72112\"]}]},{\"@type\":\"ImageObject\",\"inLanguage\":\"fr-FR\",\"@id\":\"https:\\\/\\\/lesvolcansnews.net\\\/?p=72112#primaryimage\",\"url\":\"https:\\\/\\\/lesvolcansnews.net\\\/wp-content\\\/uploads\\\/2026\\\/01\\\/1768895159349.jpg\",\"contentUrl\":\"https:\\\/\\\/lesvolcansnews.net\\\/wp-content\\\/uploads\\\/2026\\\/01\\\/1768895159349.jpg\",\"width\":960,\"height\":640},{\"@type\":\"BreadcrumbList\",\"@id\":\"https:\\\/\\\/lesvolcansnews.net\\\/?p=72112#breadcrumb\",\"itemListElement\":[{\"@type\":\"ListItem\",\"position\":1,\"name\":\"Accueil\",\"item\":\"https:\\\/\\\/lesvolcansnews.net\\\/\"},{\"@type\":\"ListItem\",\"position\":2,\"name\":\"Festival Tumaini 4 \u00e8me \u00e9dition : l&#8217;Est de la RDC vendu autrement \u00e0 travers la culture, la r\u00e9silience,&#8230;, \u00e0 Beni\"}]},{\"@type\":\"WebSite\",\"@id\":\"https:\\\/\\\/lesvolcansnews.net\\\/#website\",\"url\":\"https:\\\/\\\/lesvolcansnews.net\\\/\",\"name\":\"LES VOLCANS NEWS\",\"description\":\"L&#039;INFORMATION C&#039;EST NOUS\",\"potentialAction\":[{\"@type\":\"SearchAction\",\"target\":{\"@type\":\"EntryPoint\",\"urlTemplate\":\"https:\\\/\\\/lesvolcansnews.net\\\/?s={search_term_string}\"},\"query-input\":{\"@type\":\"PropertyValueSpecification\",\"valueRequired\":true,\"valueName\":\"search_term_string\"}}],\"inLanguage\":\"fr-FR\"},{\"@type\":\"Person\",\"@id\":\"https:\\\/\\\/lesvolcansnews.net\\\/#\\\/schema\\\/person\\\/82c8bed2e77879ecf6cca63441f57354\",\"name\":\"R\u00e9daction - Les Volcans News\",\"image\":{\"@type\":\"ImageObject\",\"inLanguage\":\"fr-FR\",\"@id\":\"https:\\\/\\\/secure.gravatar.com\\\/avatar\\\/8408942dd851e8a9c09f3d382a661bc05d2b3cd9002139bc1795b9528cdc6c80?s=96&d=mm&r=g\",\"url\":\"https:\\\/\\\/secure.gravatar.com\\\/avatar\\\/8408942dd851e8a9c09f3d382a661bc05d2b3cd9002139bc1795b9528cdc6c80?s=96&d=mm&r=g\",\"contentUrl\":\"https:\\\/\\\/secure.gravatar.com\\\/avatar\\\/8408942dd851e8a9c09f3d382a661bc05d2b3cd9002139bc1795b9528cdc6c80?s=96&d=mm&r=g\",\"caption\":\"R\u00e9daction - Les Volcans News\"},\"url\":\"https:\\\/\\\/lesvolcansnews.net\\\/?author=14\"}]}<\/script>\n<!-- \/ Yoast SEO plugin. -->","yoast_head_json":{"title":"Festival Tumaini 4 \u00e8me \u00e9dition : l'Est de la RDC vendu autrement \u00e0 travers la culture, la r\u00e9silience,..., \u00e0 Beni - LES VOLCANS NEWS","robots":{"index":"index","follow":"follow","max-snippet":"max-snippet:-1","max-image-preview":"max-image-preview:large","max-video-preview":"max-video-preview:-1"},"canonical":"https:\/\/lesvolcansnews.net\/?p=72112","og_locale":"fr_FR","og_type":"article","og_title":"Festival Tumaini 4 \u00e8me \u00e9dition : l'Est de la RDC vendu autrement \u00e0 travers la culture, la r\u00e9silience,..., \u00e0 Beni - LES VOLCANS NEWS","og_description":"Tenue \u00e0 Beni, chef-lieu provisoire du Nord-Kivu, la 4 \u00e8me \u00e9dition du Festival Tumaini ou mieux \u00ab Esp\u00e9rance \u00bb s&#8217;est cl\u00f4tur\u00e9e le 18 janvier 2026. Durant deux jours soit du","og_url":"https:\/\/lesvolcansnews.net\/?p=72112","og_site_name":"LES VOLCANS NEWS","article_published_time":"2026-01-20T12:39:44+00:00","article_modified_time":"2026-01-20T14:06:53+00:00","og_image":[{"width":960,"height":640,"url":"https:\/\/lesvolcansnews.net\/wp-content\/uploads\/2026\/01\/1768895159349.jpg","type":"image\/jpeg"}],"author":"R\u00e9daction - Les Volcans News","twitter_card":"summary_large_image","twitter_misc":{"\u00c9crit par":"R\u00e9daction - Les Volcans News","Dur\u00e9e de lecture estim\u00e9e":"3 minutes"},"schema":{"@context":"https:\/\/schema.org","@graph":[{"@type":"Article","@id":"https:\/\/lesvolcansnews.net\/?p=72112#article","isPartOf":{"@id":"https:\/\/lesvolcansnews.net\/?p=72112"},"author":{"name":"R\u00e9daction - Les Volcans News","@id":"https:\/\/lesvolcansnews.net\/#\/schema\/person\/82c8bed2e77879ecf6cca63441f57354"},"headline":"Festival Tumaini 4 \u00e8me \u00e9dition : l&#8217;Est de la RDC vendu autrement \u00e0 travers la culture, la r\u00e9silience,&#8230;, \u00e0 Beni","datePublished":"2026-01-20T12:39:44+00:00","dateModified":"2026-01-20T14:06:53+00:00","mainEntityOfPage":{"@id":"https:\/\/lesvolcansnews.net\/?p=72112"},"wordCount":594,"commentCount":0,"image":{"@id":"https:\/\/lesvolcansnews.net\/?p=72112#primaryimage"},"thumbnailUrl":"https:\/\/lesvolcansnews.net\/wp-content\/uploads\/2026\/01\/1768895159349.jpg","articleSection":["CULTURE"],"inLanguage":"fr-FR","potentialAction":[{"@type":"CommentAction","name":"Comment","target":["https:\/\/lesvolcansnews.net\/?p=72112#respond"]}]},{"@type":"WebPage","@id":"https:\/\/lesvolcansnews.net\/?p=72112","url":"https:\/\/lesvolcansnews.net\/?p=72112","name":"Festival Tumaini 4 \u00e8me \u00e9dition : l'Est de la RDC vendu autrement \u00e0 travers la culture, la r\u00e9silience,..., \u00e0 Beni - LES VOLCANS NEWS","isPartOf":{"@id":"https:\/\/lesvolcansnews.net\/#website"},"primaryImageOfPage":{"@id":"https:\/\/lesvolcansnews.net\/?p=72112#primaryimage"},"image":{"@id":"https:\/\/lesvolcansnews.net\/?p=72112#primaryimage"},"thumbnailUrl":"https:\/\/lesvolcansnews.net\/wp-content\/uploads\/2026\/01\/1768895159349.jpg","datePublished":"2026-01-20T12:39:44+00:00","dateModified":"2026-01-20T14:06:53+00:00","author":{"@id":"https:\/\/lesvolcansnews.net\/#\/schema\/person\/82c8bed2e77879ecf6cca63441f57354"},"breadcrumb":{"@id":"https:\/\/lesvolcansnews.net\/?p=72112#breadcrumb"},"inLanguage":"fr-FR","potentialAction":[{"@type":"ReadAction","target":["https:\/\/lesvolcansnews.net\/?p=72112"]}]},{"@type":"ImageObject","inLanguage":"fr-FR","@id":"https:\/\/lesvolcansnews.net\/?p=72112#primaryimage","url":"https:\/\/lesvolcansnews.net\/wp-content\/uploads\/2026\/01\/1768895159349.jpg","contentUrl":"https:\/\/lesvolcansnews.net\/wp-content\/uploads\/2026\/01\/1768895159349.jpg","width":960,"height":640},{"@type":"BreadcrumbList","@id":"https:\/\/lesvolcansnews.net\/?p=72112#breadcrumb","itemListElement":[{"@type":"ListItem","position":1,"name":"Accueil","item":"https:\/\/lesvolcansnews.net\/"},{"@type":"ListItem","position":2,"name":"Festival Tumaini 4 \u00e8me \u00e9dition : l&#8217;Est de la RDC vendu autrement \u00e0 travers la culture, la r\u00e9silience,&#8230;, \u00e0 Beni"}]},{"@type":"WebSite","@id":"https:\/\/lesvolcansnews.net\/#website","url":"https:\/\/lesvolcansnews.net\/","name":"LES VOLCANS NEWS","description":"L&#039;INFORMATION C&#039;EST NOUS","potentialAction":[{"@type":"SearchAction","target":{"@type":"EntryPoint","urlTemplate":"https:\/\/lesvolcansnews.net\/?s={search_term_string}"},"query-input":{"@type":"PropertyValueSpecification","valueRequired":true,"valueName":"search_term_string"}}],"inLanguage":"fr-FR"},{"@type":"Person","@id":"https:\/\/lesvolcansnews.net\/#\/schema\/person\/82c8bed2e77879ecf6cca63441f57354","name":"R\u00e9daction - Les Volcans News","image":{"@type":"ImageObject","inLanguage":"fr-FR","@id":"https:\/\/secure.gravatar.com\/avatar\/8408942dd851e8a9c09f3d382a661bc05d2b3cd9002139bc1795b9528cdc6c80?s=96&d=mm&r=g","url":"https:\/\/secure.gravatar.com\/avatar\/8408942dd851e8a9c09f3d382a661bc05d2b3cd9002139bc1795b9528cdc6c80?s=96&d=mm&r=g","contentUrl":"https:\/\/secure.gravatar.com\/avatar\/8408942dd851e8a9c09f3d382a661bc05d2b3cd9002139bc1795b9528cdc6c80?s=96&d=mm&r=g","caption":"R\u00e9daction - Les Volcans News"},"url":"https:\/\/lesvolcansnews.net\/?author=14"}]}},"_links":{"self":[{"href":"https:\/\/lesvolcansnews.net\/index.php?rest_route=\/wp\/v2\/posts\/72112","targetHints":{"allow":["GET"]}}],"collection":[{"href":"https:\/\/lesvolcansnews.net\/index.php?rest_route=\/wp\/v2\/posts"}],"about":[{"href":"https:\/\/lesvolcansnews.net\/index.php?rest_route=\/wp\/v2\/types\/post"}],"author":[{"embeddable":true,"href":"https:\/\/lesvolcansnews.net\/index.php?rest_route=\/wp\/v2\/users\/14"}],"replies":[{"embeddable":true,"href":"https:\/\/lesvolcansnews.net\/index.php?rest_route=%2Fwp%2Fv2%2Fcomments&post=72112"}],"version-history":[{"count":3,"href":"https:\/\/lesvolcansnews.net\/index.php?rest_route=\/wp\/v2\/posts\/72112\/revisions"}],"predecessor-version":[{"id":72132,"href":"https:\/\/lesvolcansnews.net\/index.php?rest_route=\/wp\/v2\/posts\/72112\/revisions\/72132"}],"wp:featuredmedia":[{"embeddable":true,"href":"https:\/\/lesvolcansnews.net\/index.php?rest_route=\/wp\/v2\/media\/72113"}],"wp:attachment":[{"href":"https:\/\/lesvolcansnews.net\/index.php?rest_route=%2Fwp%2Fv2%2Fmedia&parent=72112"}],"wp:term":[{"taxonomy":"category","embeddable":true,"href":"https:\/\/lesvolcansnews.net\/index.php?rest_route=%2Fwp%2Fv2%2Fcategories&post=72112"},{"taxonomy":"post_tag","embeddable":true,"href":"https:\/\/lesvolcansnews.net\/index.php?rest_route=%2Fwp%2Fv2%2Ftags&post=72112"}],"curies":[{"name":"wp","href":"https:\/\/api.w.org\/{rel}","templated":true}]}}