{"id":72109,"date":"2026-01-20T14:37:40","date_gmt":"2026-01-20T12:37:40","guid":{"rendered":"https:\/\/lesvolcansnews.net\/?p=72109"},"modified":"2026-01-20T14:37:40","modified_gmt":"2026-01-20T12:37:40","slug":"nord-kivu-4-morts-degats-materiels-importants-apres-lincendie-de-lhopital-general-de-masisi","status":"publish","type":"post","link":"https:\/\/lesvolcansnews.net\/?p=72109","title":{"rendered":"Nord-Kivu : 4 morts, d\u00e9g\u00e2ts mat\u00e9riels importants apr\u00e8s l&#8217;incendie de l&#8217;h\u00f4pital g\u00e9n\u00e9ral de Masisi"},"content":{"rendered":"<p><strong>Un vaste incendie s&#8217;est d\u00e9clar\u00e9 dans la nuit du lundi \u00e0 ce mardi 20 janvier 2026 dans le chef lieu de Masisi \u00e0 Masisi-Centre. Des informations \u00e0 notre possession, il s&#8217;agissait de l&#8217;h\u00f4pital g\u00e9n\u00e9ral de Masisi centre qui prenait feu dans un incendie d\u00e9clar\u00e9 aux environs de 23 heures heure locale. <\/strong><\/p>\n<p>D\u2019apr\u00e8s les premiers t\u00e9moignages recueillis sur place, les flammes ont d\u2019abord \u00e9t\u00e9 aper\u00e7ues dans les installations de la base logistique de l\u2019organisation internationale M\u00e9decins Sans Fronti\u00e8res (MSF), avant de se propager rapidement vers une grande partie de l\u2019H\u00f4pital.<\/p>\n<p>Suite \u00e0 l\u2019incendie, l&#8217;organisation M\u00e9decins Sans Fronti\u00e8res, d\u00e9plore le d\u00e9c\u00e8s de 4 patients, dont 3 enfants. D&#8217;autres patients ont \u00e9t\u00e9 \u00e9vacu\u00e9s la nuit suite \u00e0 la propagation du feu. <\/p>\n<p>L\u2019incendie serait li\u00e9 \u00e0 un dysfonctionnement \u00e9lectrique. Il a caus\u00e9 d\u2019importants d\u00e9g\u00e2ts mat\u00e9riels : destruction du garage et du syst\u00e8me \u00e9lectrique. Le feu a \u00e9t\u00e9 ma\u00eetris\u00e9 avant d\u2019atteindre les salles d\u2019hospitalisation. <\/p>\n<p>L&#8217;information est confirm\u00e9e par le M\u00e9decin Chef de Sant\u00e9 de Masisi. Le Docteur Lucien Kandundao, craint des cons\u00e9quences graves \u00e0 la suite de cet incident. Il indique qu&#8217;une enqu\u00eate sera men\u00e9e pour en d\u00e9terminer les causes m\u00eame si depuis le matin de ce mardi, l\u2019h\u00f4pital est de nouveau op\u00e9rationnel car les services se poursuivent dans d&#8217;autres pavillons non touch\u00e9s.<\/p>\n<p>&#8220;En tout cas, il y&#8217;aura des cons\u00e9quences graves s&#8217;il y&#8217;a pas une intervention urgente. Nous sommes en train de travailler afin de faire rapport \u00e0 qui de droit surtout aux autorit\u00e9s provinciales et aux partenaires&#8221; fait-il savoir \u00e0 lesvolcansnews.net <\/p>\n<p>Cette catastrophe arrive l&#8217;h\u00f4pital g\u00e9n\u00e9ral de Masisi accueillait d\u00e9j\u00e0 de nombreux malades, y compris les d\u00e9plac\u00e9s de guerre et d&#8217;autres victimes de violence dans la r\u00e9gion. Masisi-Centre, chef-lieu du territoire, est plong\u00e9 dans l\u2019angoisse alors que les capacit\u00e9s de lutte contre les incendies dans cette zone montagneuse sont quasi inexistantes. Plusieurs observateurs craignent pour les vies de victimes et en appellent \u00e0 l&#8217;intervention urgente des autorit\u00e9s. Ils r\u00e9clament aussi des dispositifs anti-incendies en faveur de cette cit\u00e9 o\u00f9 des cas d&#8217;incendies ont toujours \u00e9t\u00e9 enregistr\u00e9s et caus\u00e9 probl\u00e8mes avant d&#8217;\u00eatre ma\u00eetris\u00e9s. <\/p>\n<p><strong>Victoire Muliwavyo<\/strong><\/p>\n","protected":false},"excerpt":{"rendered":"<p>Un vaste incendie s&#8217;est d\u00e9clar\u00e9 dans la nuit du lundi \u00e0 ce mardi 20 janvier 2026 dans le chef lieu de Masisi \u00e0 Masisi-Centre. Des informations \u00e0 notre possession, il<\/p>\n","protected":false},"author":14,"featured_media":72111,"comment_status":"open","ping_status":"open","sticky":false,"template":"","format":"standard","meta":{"footnotes":""},"categories":[1,67],"tags":[],"class_list":["post-72109","post","type-post","status-publish","format-standard","has-post-thumbnail","hentry","category-actualite","category-catastrophe"],"yoast_head":"<!-- This site is optimized with the Yoast SEO plugin v27.5 - https:\/\/yoast.com\/product\/yoast-seo-wordpress\/ -->\n<title>Nord-Kivu : 4 morts, d\u00e9g\u00e2ts mat\u00e9riels importants apr\u00e8s l&#039;incendie de l&#039;h\u00f4pital g\u00e9n\u00e9ral de Masisi - LES VOLCANS NEWS<\/title>\n<meta name=\"robots\" content=\"index, follow, max-snippet:-1, max-image-preview:large, max-video-preview:-1\" \/>\n<link rel=\"canonical\" href=\"https:\/\/lesvolcansnews.net\/?p=72109\" \/>\n<meta property=\"og:locale\" content=\"fr_FR\" \/>\n<meta property=\"og:type\" content=\"article\" \/>\n<meta property=\"og:title\" content=\"Nord-Kivu : 4 morts, d\u00e9g\u00e2ts mat\u00e9riels importants apr\u00e8s l&#039;incendie de l&#039;h\u00f4pital g\u00e9n\u00e9ral de Masisi - LES VOLCANS NEWS\" \/>\n<meta property=\"og:description\" content=\"Un vaste incendie s&#8217;est d\u00e9clar\u00e9 dans la nuit du lundi \u00e0 ce mardi 20 janvier 2026 dans le chef lieu de Masisi \u00e0 Masisi-Centre. Des informations \u00e0 notre possession, il\" \/>\n<meta property=\"og:url\" content=\"https:\/\/lesvolcansnews.net\/?p=72109\" \/>\n<meta property=\"og:site_name\" content=\"LES VOLCANS NEWS\" \/>\n<meta property=\"article:published_time\" content=\"2026-01-20T12:37:40+00:00\" \/>\n<meta property=\"og:image\" content=\"https:\/\/lesvolcansnews.net\/wp-content\/uploads\/2026\/01\/IMG-20260120-WA0370.jpg\" \/>\n\t<meta property=\"og:image:width\" content=\"675\" \/>\n\t<meta property=\"og:image:height\" content=\"450\" \/>\n\t<meta property=\"og:image:type\" content=\"image\/jpeg\" \/>\n<meta name=\"author\" content=\"R\u00e9daction - Les Volcans News\" \/>\n<meta name=\"twitter:card\" content=\"summary_large_image\" \/>\n<meta name=\"twitter:label1\" content=\"\u00c9crit par\" \/>\n\t<meta name=\"twitter:data1\" content=\"R\u00e9daction - Les Volcans News\" \/>\n\t<meta name=\"twitter:label2\" content=\"Dur\u00e9e de lecture estim\u00e9e\" \/>\n\t<meta name=\"twitter:data2\" content=\"2 minutes\" \/>\n<script type=\"application\/ld+json\" class=\"yoast-schema-graph\">{\"@context\":\"https:\\\/\\\/schema.org\",\"@graph\":[{\"@type\":\"Article\",\"@id\":\"https:\\\/\\\/lesvolcansnews.net\\\/?p=72109#article\",\"isPartOf\":{\"@id\":\"https:\\\/\\\/lesvolcansnews.net\\\/?p=72109\"},\"author\":{\"name\":\"R\u00e9daction - Les Volcans News\",\"@id\":\"https:\\\/\\\/lesvolcansnews.net\\\/#\\\/schema\\\/person\\\/82c8bed2e77879ecf6cca63441f57354\"},\"headline\":\"Nord-Kivu : 4 morts, d\u00e9g\u00e2ts mat\u00e9riels importants apr\u00e8s l&#8217;incendie de l&#8217;h\u00f4pital g\u00e9n\u00e9ral de Masisi\",\"datePublished\":\"2026-01-20T12:37:40+00:00\",\"mainEntityOfPage\":{\"@id\":\"https:\\\/\\\/lesvolcansnews.net\\\/?p=72109\"},\"wordCount\":421,\"commentCount\":0,\"image\":{\"@id\":\"https:\\\/\\\/lesvolcansnews.net\\\/?p=72109#primaryimage\"},\"thumbnailUrl\":\"https:\\\/\\\/lesvolcansnews.net\\\/wp-content\\\/uploads\\\/2026\\\/01\\\/IMG-20260120-WA0370.jpg\",\"articleSection\":[\"ACTUALIT\u00c9\",\"CATASTROPHE\"],\"inLanguage\":\"fr-FR\",\"potentialAction\":[{\"@type\":\"CommentAction\",\"name\":\"Comment\",\"target\":[\"https:\\\/\\\/lesvolcansnews.net\\\/?p=72109#respond\"]}]},{\"@type\":\"WebPage\",\"@id\":\"https:\\\/\\\/lesvolcansnews.net\\\/?p=72109\",\"url\":\"https:\\\/\\\/lesvolcansnews.net\\\/?p=72109\",\"name\":\"Nord-Kivu : 4 morts, d\u00e9g\u00e2ts mat\u00e9riels importants apr\u00e8s l'incendie de l'h\u00f4pital g\u00e9n\u00e9ral de Masisi - LES VOLCANS NEWS\",\"isPartOf\":{\"@id\":\"https:\\\/\\\/lesvolcansnews.net\\\/#website\"},\"primaryImageOfPage\":{\"@id\":\"https:\\\/\\\/lesvolcansnews.net\\\/?p=72109#primaryimage\"},\"image\":{\"@id\":\"https:\\\/\\\/lesvolcansnews.net\\\/?p=72109#primaryimage\"},\"thumbnailUrl\":\"https:\\\/\\\/lesvolcansnews.net\\\/wp-content\\\/uploads\\\/2026\\\/01\\\/IMG-20260120-WA0370.jpg\",\"datePublished\":\"2026-01-20T12:37:40+00:00\",\"author\":{\"@id\":\"https:\\\/\\\/lesvolcansnews.net\\\/#\\\/schema\\\/person\\\/82c8bed2e77879ecf6cca63441f57354\"},\"breadcrumb\":{\"@id\":\"https:\\\/\\\/lesvolcansnews.net\\\/?p=72109#breadcrumb\"},\"inLanguage\":\"fr-FR\",\"potentialAction\":[{\"@type\":\"ReadAction\",\"target\":[\"https:\\\/\\\/lesvolcansnews.net\\\/?p=72109\"]}]},{\"@type\":\"ImageObject\",\"inLanguage\":\"fr-FR\",\"@id\":\"https:\\\/\\\/lesvolcansnews.net\\\/?p=72109#primaryimage\",\"url\":\"https:\\\/\\\/lesvolcansnews.net\\\/wp-content\\\/uploads\\\/2026\\\/01\\\/IMG-20260120-WA0370.jpg\",\"contentUrl\":\"https:\\\/\\\/lesvolcansnews.net\\\/wp-content\\\/uploads\\\/2026\\\/01\\\/IMG-20260120-WA0370.jpg\",\"width\":675,\"height\":450},{\"@type\":\"BreadcrumbList\",\"@id\":\"https:\\\/\\\/lesvolcansnews.net\\\/?p=72109#breadcrumb\",\"itemListElement\":[{\"@type\":\"ListItem\",\"position\":1,\"name\":\"Accueil\",\"item\":\"https:\\\/\\\/lesvolcansnews.net\\\/\"},{\"@type\":\"ListItem\",\"position\":2,\"name\":\"Nord-Kivu : 4 morts, d\u00e9g\u00e2ts mat\u00e9riels importants apr\u00e8s l&#8217;incendie de l&#8217;h\u00f4pital g\u00e9n\u00e9ral de Masisi\"}]},{\"@type\":\"WebSite\",\"@id\":\"https:\\\/\\\/lesvolcansnews.net\\\/#website\",\"url\":\"https:\\\/\\\/lesvolcansnews.net\\\/\",\"name\":\"LES VOLCANS NEWS\",\"description\":\"L&#039;INFORMATION C&#039;EST NOUS\",\"potentialAction\":[{\"@type\":\"SearchAction\",\"target\":{\"@type\":\"EntryPoint\",\"urlTemplate\":\"https:\\\/\\\/lesvolcansnews.net\\\/?s={search_term_string}\"},\"query-input\":{\"@type\":\"PropertyValueSpecification\",\"valueRequired\":true,\"valueName\":\"search_term_string\"}}],\"inLanguage\":\"fr-FR\"},{\"@type\":\"Person\",\"@id\":\"https:\\\/\\\/lesvolcansnews.net\\\/#\\\/schema\\\/person\\\/82c8bed2e77879ecf6cca63441f57354\",\"name\":\"R\u00e9daction - Les Volcans News\",\"image\":{\"@type\":\"ImageObject\",\"inLanguage\":\"fr-FR\",\"@id\":\"https:\\\/\\\/secure.gravatar.com\\\/avatar\\\/8408942dd851e8a9c09f3d382a661bc05d2b3cd9002139bc1795b9528cdc6c80?s=96&d=mm&r=g\",\"url\":\"https:\\\/\\\/secure.gravatar.com\\\/avatar\\\/8408942dd851e8a9c09f3d382a661bc05d2b3cd9002139bc1795b9528cdc6c80?s=96&d=mm&r=g\",\"contentUrl\":\"https:\\\/\\\/secure.gravatar.com\\\/avatar\\\/8408942dd851e8a9c09f3d382a661bc05d2b3cd9002139bc1795b9528cdc6c80?s=96&d=mm&r=g\",\"caption\":\"R\u00e9daction - Les Volcans News\"},\"url\":\"https:\\\/\\\/lesvolcansnews.net\\\/?author=14\"}]}<\/script>\n<!-- \/ Yoast SEO plugin. -->","yoast_head_json":{"title":"Nord-Kivu : 4 morts, d\u00e9g\u00e2ts mat\u00e9riels importants apr\u00e8s l'incendie de l'h\u00f4pital g\u00e9n\u00e9ral de Masisi - LES VOLCANS NEWS","robots":{"index":"index","follow":"follow","max-snippet":"max-snippet:-1","max-image-preview":"max-image-preview:large","max-video-preview":"max-video-preview:-1"},"canonical":"https:\/\/lesvolcansnews.net\/?p=72109","og_locale":"fr_FR","og_type":"article","og_title":"Nord-Kivu : 4 morts, d\u00e9g\u00e2ts mat\u00e9riels importants apr\u00e8s l'incendie de l'h\u00f4pital g\u00e9n\u00e9ral de Masisi - LES VOLCANS NEWS","og_description":"Un vaste incendie s&#8217;est d\u00e9clar\u00e9 dans la nuit du lundi \u00e0 ce mardi 20 janvier 2026 dans le chef lieu de Masisi \u00e0 Masisi-Centre. Des informations \u00e0 notre possession, il","og_url":"https:\/\/lesvolcansnews.net\/?p=72109","og_site_name":"LES VOLCANS NEWS","article_published_time":"2026-01-20T12:37:40+00:00","og_image":[{"width":675,"height":450,"url":"https:\/\/lesvolcansnews.net\/wp-content\/uploads\/2026\/01\/IMG-20260120-WA0370.jpg","type":"image\/jpeg"}],"author":"R\u00e9daction - Les Volcans News","twitter_card":"summary_large_image","twitter_misc":{"\u00c9crit par":"R\u00e9daction - Les Volcans News","Dur\u00e9e de lecture estim\u00e9e":"2 minutes"},"schema":{"@context":"https:\/\/schema.org","@graph":[{"@type":"Article","@id":"https:\/\/lesvolcansnews.net\/?p=72109#article","isPartOf":{"@id":"https:\/\/lesvolcansnews.net\/?p=72109"},"author":{"name":"R\u00e9daction - Les Volcans News","@id":"https:\/\/lesvolcansnews.net\/#\/schema\/person\/82c8bed2e77879ecf6cca63441f57354"},"headline":"Nord-Kivu : 4 morts, d\u00e9g\u00e2ts mat\u00e9riels importants apr\u00e8s l&#8217;incendie de l&#8217;h\u00f4pital g\u00e9n\u00e9ral de Masisi","datePublished":"2026-01-20T12:37:40+00:00","mainEntityOfPage":{"@id":"https:\/\/lesvolcansnews.net\/?p=72109"},"wordCount":421,"commentCount":0,"image":{"@id":"https:\/\/lesvolcansnews.net\/?p=72109#primaryimage"},"thumbnailUrl":"https:\/\/lesvolcansnews.net\/wp-content\/uploads\/2026\/01\/IMG-20260120-WA0370.jpg","articleSection":["ACTUALIT\u00c9","CATASTROPHE"],"inLanguage":"fr-FR","potentialAction":[{"@type":"CommentAction","name":"Comment","target":["https:\/\/lesvolcansnews.net\/?p=72109#respond"]}]},{"@type":"WebPage","@id":"https:\/\/lesvolcansnews.net\/?p=72109","url":"https:\/\/lesvolcansnews.net\/?p=72109","name":"Nord-Kivu : 4 morts, d\u00e9g\u00e2ts mat\u00e9riels importants apr\u00e8s l'incendie de l'h\u00f4pital g\u00e9n\u00e9ral de Masisi - LES VOLCANS NEWS","isPartOf":{"@id":"https:\/\/lesvolcansnews.net\/#website"},"primaryImageOfPage":{"@id":"https:\/\/lesvolcansnews.net\/?p=72109#primaryimage"},"image":{"@id":"https:\/\/lesvolcansnews.net\/?p=72109#primaryimage"},"thumbnailUrl":"https:\/\/lesvolcansnews.net\/wp-content\/uploads\/2026\/01\/IMG-20260120-WA0370.jpg","datePublished":"2026-01-20T12:37:40+00:00","author":{"@id":"https:\/\/lesvolcansnews.net\/#\/schema\/person\/82c8bed2e77879ecf6cca63441f57354"},"breadcrumb":{"@id":"https:\/\/lesvolcansnews.net\/?p=72109#breadcrumb"},"inLanguage":"fr-FR","potentialAction":[{"@type":"ReadAction","target":["https:\/\/lesvolcansnews.net\/?p=72109"]}]},{"@type":"ImageObject","inLanguage":"fr-FR","@id":"https:\/\/lesvolcansnews.net\/?p=72109#primaryimage","url":"https:\/\/lesvolcansnews.net\/wp-content\/uploads\/2026\/01\/IMG-20260120-WA0370.jpg","contentUrl":"https:\/\/lesvolcansnews.net\/wp-content\/uploads\/2026\/01\/IMG-20260120-WA0370.jpg","width":675,"height":450},{"@type":"BreadcrumbList","@id":"https:\/\/lesvolcansnews.net\/?p=72109#breadcrumb","itemListElement":[{"@type":"ListItem","position":1,"name":"Accueil","item":"https:\/\/lesvolcansnews.net\/"},{"@type":"ListItem","position":2,"name":"Nord-Kivu : 4 morts, d\u00e9g\u00e2ts mat\u00e9riels importants apr\u00e8s l&#8217;incendie de l&#8217;h\u00f4pital g\u00e9n\u00e9ral de Masisi"}]},{"@type":"WebSite","@id":"https:\/\/lesvolcansnews.net\/#website","url":"https:\/\/lesvolcansnews.net\/","name":"LES VOLCANS NEWS","description":"L&#039;INFORMATION C&#039;EST NOUS","potentialAction":[{"@type":"SearchAction","target":{"@type":"EntryPoint","urlTemplate":"https:\/\/lesvolcansnews.net\/?s={search_term_string}"},"query-input":{"@type":"PropertyValueSpecification","valueRequired":true,"valueName":"search_term_string"}}],"inLanguage":"fr-FR"},{"@type":"Person","@id":"https:\/\/lesvolcansnews.net\/#\/schema\/person\/82c8bed2e77879ecf6cca63441f57354","name":"R\u00e9daction - Les Volcans News","image":{"@type":"ImageObject","inLanguage":"fr-FR","@id":"https:\/\/secure.gravatar.com\/avatar\/8408942dd851e8a9c09f3d382a661bc05d2b3cd9002139bc1795b9528cdc6c80?s=96&d=mm&r=g","url":"https:\/\/secure.gravatar.com\/avatar\/8408942dd851e8a9c09f3d382a661bc05d2b3cd9002139bc1795b9528cdc6c80?s=96&d=mm&r=g","contentUrl":"https:\/\/secure.gravatar.com\/avatar\/8408942dd851e8a9c09f3d382a661bc05d2b3cd9002139bc1795b9528cdc6c80?s=96&d=mm&r=g","caption":"R\u00e9daction - Les Volcans News"},"url":"https:\/\/lesvolcansnews.net\/?author=14"}]}},"_links":{"self":[{"href":"https:\/\/lesvolcansnews.net\/index.php?rest_route=\/wp\/v2\/posts\/72109","targetHints":{"allow":["GET"]}}],"collection":[{"href":"https:\/\/lesvolcansnews.net\/index.php?rest_route=\/wp\/v2\/posts"}],"about":[{"href":"https:\/\/lesvolcansnews.net\/index.php?rest_route=\/wp\/v2\/types\/post"}],"author":[{"embeddable":true,"href":"https:\/\/lesvolcansnews.net\/index.php?rest_route=\/wp\/v2\/users\/14"}],"replies":[{"embeddable":true,"href":"https:\/\/lesvolcansnews.net\/index.php?rest_route=%2Fwp%2Fv2%2Fcomments&post=72109"}],"version-history":[{"count":1,"href":"https:\/\/lesvolcansnews.net\/index.php?rest_route=\/wp\/v2\/posts\/72109\/revisions"}],"predecessor-version":[{"id":72110,"href":"https:\/\/lesvolcansnews.net\/index.php?rest_route=\/wp\/v2\/posts\/72109\/revisions\/72110"}],"wp:featuredmedia":[{"embeddable":true,"href":"https:\/\/lesvolcansnews.net\/index.php?rest_route=\/wp\/v2\/media\/72111"}],"wp:attachment":[{"href":"https:\/\/lesvolcansnews.net\/index.php?rest_route=%2Fwp%2Fv2%2Fmedia&parent=72109"}],"wp:term":[{"taxonomy":"category","embeddable":true,"href":"https:\/\/lesvolcansnews.net\/index.php?rest_route=%2Fwp%2Fv2%2Fcategories&post=72109"},{"taxonomy":"post_tag","embeddable":true,"href":"https:\/\/lesvolcansnews.net\/index.php?rest_route=%2Fwp%2Fv2%2Ftags&post=72109"}],"curies":[{"name":"wp","href":"https:\/\/api.w.org\/{rel}","templated":true}]}}