{"id":71960,"date":"2026-01-13T13:12:45","date_gmt":"2026-01-13T11:12:45","guid":{"rendered":"https:\/\/lesvolcansnews.net\/?p=71960"},"modified":"2026-01-13T13:12:45","modified_gmt":"2026-01-13T11:12:45","slug":"ituri-tombes-sur-le-front-contre-les-adf-le-06-janvier-une-dizaine-de-militaires-fardc-inhumes-le-12-janvier-a-mambasa","status":"publish","type":"post","link":"https:\/\/lesvolcansnews.net\/?p=71960","title":{"rendered":"Ituri : tomb\u00e9s sur le front contre les ADF le 06 janvier, une dizaine de militaires FARDC inhum\u00e9s le 12 janvier \u00e0 Mambasa"},"content":{"rendered":"<p><strong>Les Forces arm\u00e9es de la R\u00e9publique d\u00e9mocratique du Congo (FARDC) ont rendu, lundi 12 janvier 2026, un dernier hommage solennel \u00e0 treize militaires de la 31\u1d49 Brigade de D\u00e9fense Principale (DP) tomb\u00e9s lors de combats contre les rebelles ADF-NALU dans le territoire de Mambasa, en province de l\u2019Ituri.<\/strong><\/p>\n<p>Les c\u00e9r\u00e9monies fun\u00e9raires se sont d\u00e9roul\u00e9es du dimanche 11 au lundi 12 janvier 2026, \u00e0 la suite des affrontements survenus le 6 janvier dans la zone de Banju-Banju, au sud du village Babungwe, en chefferie de Babila-Bakwanza. Les combats avaient oppos\u00e9 les forces loyalistes aux combattants ADF-NALU dans la profondeur des for\u00eats de Kpolo-Kpolo et Banju-Banju, une zone situ\u00e9e \u00e0 environ cinq heures de marche de Babungwe.<\/p>\n<p>Selon des sources militaires, les soldats ont \u00e9t\u00e9 attaqu\u00e9s alors qu\u2019ils occupaient une position avanc\u00e9e, o\u00f9 ils assuraient des missions de couverture et de surveillance. Les treize militaires ont \u00e9t\u00e9 inhum\u00e9s avec honneur, en pr\u00e9sence des autorit\u00e9s politico-militaires et administratives locales.<\/p>\n<p>Pr\u00e9sidant la c\u00e9r\u00e9monie, le colonel Patrick Bangamoze, commandant de la 31\u1d49 Brigade DP et de l\u2019axe op\u00e9rationnel Komanda-Luna, a salu\u00e9 la m\u00e9moire des soldats \u00ab tomb\u00e9s armes \u00e0 la main au champ d\u2019honneur \u00bb. Dans son adresse aux troupes, il a rappel\u00e9 l\u2019importance de la discipline militaire et assur\u00e9 que la mort de ces militaires \u00ab ne restera pas impunie \u00bb.<\/p>\n<p>Le colonel Bangamoze a \u00e9galement lanc\u00e9 un appel \u00e0 la jeunesse de Babungwe et des villages environnants, dont Bandibwame, Lumalisa, Babofi, Bahaha, Bandisangu et Toly-Toly  \u00e0 se d\u00e9solidariser des groupes arm\u00e9s, nationaux comme \u00e9trangers, et \u00e0 collaborer avec les forces de d\u00e9fense et de s\u00e9curit\u00e9, notamment par la d\u00e9nonciation de tout mouvement suspect.<\/p>\n<p>S\u2019adressant aux familles endeuill\u00e9es, l\u2019officier sup\u00e9rieur a tenu \u00e0 les rassurer sur la poursuite du paiement de la solde et des primes, conform\u00e9ment aux dispositions en vigueur au sein des FARDC.<\/p>\n<p>De son c\u00f4t\u00e9, le Conseil local de la jeunesse du groupement Babila-Bakwanza a condamn\u00e9 avec fermet\u00e9 l\u2019attaque, qualifi\u00e9e de crime de guerre attribu\u00e9 aux ADF-NALU. Dans un message sign\u00e9 par son pr\u00e9sident, Tuaye Tumbuwazi Adolphe Tata Bamiki Edo, la structure a pr\u00e9sent\u00e9 ses condol\u00e9ances aux familles des victimes et salu\u00e9 l\u2019engagement patriotique des jeunes lors des travaux communautaires li\u00e9s \u00e0 l\u2019enterrement.<\/p>\n<p>Le Conseil de la jeunesse a \u00e9galement exprim\u00e9 sa reconnaissance aux autorit\u00e9s militaires et administratives, notamment l\u2019Administrateur du territoire (AT), son adjoint (ATA) ainsi que le commandement de la 31\u1d49 Brigade DP, pour leur pr\u00e9sence jug\u00e9e r\u00e9confortante et mobilisatrice.<\/p>\n<p>Par ailleurs, les travaux d\u2019am\u00e9nagement du cimeti\u00e8re militaire de Mambasa se poursuivent. Ce site est financ\u00e9 par le gouverneur militaire de l\u2019Ituri, le lieutenant-g\u00e9n\u00e9ral Johnny Luboya N\u2019kashama, dans le cadre des efforts visant \u00e0 honorer durablement les militaires tomb\u00e9s au front.<\/p>\n<p>Avec Buniaactualite.cd <\/p>\n","protected":false},"excerpt":{"rendered":"<p>Les Forces arm\u00e9es de la R\u00e9publique d\u00e9mocratique du Congo (FARDC) ont rendu, lundi 12 janvier 2026, un dernier hommage solennel \u00e0 treize militaires de la 31\u1d49 Brigade de D\u00e9fense Principale<\/p>\n","protected":false},"author":14,"featured_media":26233,"comment_status":"open","ping_status":"open","sticky":false,"template":"","format":"standard","meta":{"footnotes":""},"categories":[32],"tags":[],"class_list":["post-71960","post","type-post","status-publish","format-standard","has-post-thumbnail","hentry","category-securite"],"yoast_head":"<!-- This site is optimized with the Yoast SEO plugin v27.3 - https:\/\/yoast.com\/product\/yoast-seo-wordpress\/ -->\n<title>Ituri : tomb\u00e9s sur le front contre les ADF le 06 janvier, une dizaine de militaires FARDC inhum\u00e9s le 12 janvier \u00e0 Mambasa - LES VOLCANS NEWS<\/title>\n<meta name=\"robots\" content=\"index, follow, max-snippet:-1, max-image-preview:large, max-video-preview:-1\" \/>\n<link rel=\"canonical\" href=\"https:\/\/lesvolcansnews.net\/?p=71960\" \/>\n<meta property=\"og:locale\" content=\"fr_FR\" \/>\n<meta property=\"og:type\" content=\"article\" \/>\n<meta property=\"og:title\" content=\"Ituri : tomb\u00e9s sur le front contre les ADF le 06 janvier, une dizaine de militaires FARDC inhum\u00e9s le 12 janvier \u00e0 Mambasa - LES VOLCANS NEWS\" \/>\n<meta property=\"og:description\" content=\"Les Forces arm\u00e9es de la R\u00e9publique d\u00e9mocratique du Congo (FARDC) ont rendu, lundi 12 janvier 2026, un dernier hommage solennel \u00e0 treize militaires de la 31\u1d49 Brigade de D\u00e9fense Principale\" \/>\n<meta property=\"og:url\" content=\"https:\/\/lesvolcansnews.net\/?p=71960\" \/>\n<meta property=\"og:site_name\" content=\"LES VOLCANS NEWS\" \/>\n<meta property=\"article:published_time\" content=\"2026-01-13T11:12:45+00:00\" \/>\n<meta property=\"og:image\" content=\"https:\/\/i0.wp.com\/lesvolcansnews.net\/wp-content\/uploads\/2022\/01\/721443-soldats-fardc-deployes-pres-munigi.jpg?fit=922%2C615&ssl=1\" \/>\n\t<meta property=\"og:image:width\" content=\"922\" \/>\n\t<meta property=\"og:image:height\" content=\"615\" \/>\n\t<meta property=\"og:image:type\" content=\"image\/jpeg\" \/>\n<meta name=\"author\" content=\"R\u00e9daction - Les Volcans News\" \/>\n<meta name=\"twitter:card\" content=\"summary_large_image\" \/>\n<meta name=\"twitter:label1\" content=\"\u00c9crit par\" \/>\n\t<meta name=\"twitter:data1\" content=\"R\u00e9daction - Les Volcans News\" \/>\n\t<meta name=\"twitter:label2\" content=\"Dur\u00e9e de lecture estim\u00e9e\" \/>\n\t<meta name=\"twitter:data2\" content=\"2 minutes\" \/>\n<script type=\"application\/ld+json\" class=\"yoast-schema-graph\">{\"@context\":\"https:\\\/\\\/schema.org\",\"@graph\":[{\"@type\":\"Article\",\"@id\":\"https:\\\/\\\/lesvolcansnews.net\\\/?p=71960#article\",\"isPartOf\":{\"@id\":\"https:\\\/\\\/lesvolcansnews.net\\\/?p=71960\"},\"author\":{\"name\":\"R\u00e9daction - Les Volcans News\",\"@id\":\"https:\\\/\\\/lesvolcansnews.net\\\/#\\\/schema\\\/person\\\/82c8bed2e77879ecf6cca63441f57354\"},\"headline\":\"Ituri : tomb\u00e9s sur le front contre les ADF le 06 janvier, une dizaine de militaires FARDC inhum\u00e9s le 12 janvier \u00e0 Mambasa\",\"datePublished\":\"2026-01-13T11:12:45+00:00\",\"mainEntityOfPage\":{\"@id\":\"https:\\\/\\\/lesvolcansnews.net\\\/?p=71960\"},\"wordCount\":503,\"commentCount\":0,\"image\":{\"@id\":\"https:\\\/\\\/lesvolcansnews.net\\\/?p=71960#primaryimage\"},\"thumbnailUrl\":\"https:\\\/\\\/lesvolcansnews.net\\\/wp-content\\\/uploads\\\/2022\\\/01\\\/721443-soldats-fardc-deployes-pres-munigi.jpg\",\"articleSection\":[\"S\u00c9CURIT\u00c9\"],\"inLanguage\":\"fr-FR\",\"potentialAction\":[{\"@type\":\"CommentAction\",\"name\":\"Comment\",\"target\":[\"https:\\\/\\\/lesvolcansnews.net\\\/?p=71960#respond\"]}]},{\"@type\":\"WebPage\",\"@id\":\"https:\\\/\\\/lesvolcansnews.net\\\/?p=71960\",\"url\":\"https:\\\/\\\/lesvolcansnews.net\\\/?p=71960\",\"name\":\"Ituri : tomb\u00e9s sur le front contre les ADF le 06 janvier, une dizaine de militaires FARDC inhum\u00e9s le 12 janvier \u00e0 Mambasa - LES VOLCANS NEWS\",\"isPartOf\":{\"@id\":\"https:\\\/\\\/lesvolcansnews.net\\\/#website\"},\"primaryImageOfPage\":{\"@id\":\"https:\\\/\\\/lesvolcansnews.net\\\/?p=71960#primaryimage\"},\"image\":{\"@id\":\"https:\\\/\\\/lesvolcansnews.net\\\/?p=71960#primaryimage\"},\"thumbnailUrl\":\"https:\\\/\\\/lesvolcansnews.net\\\/wp-content\\\/uploads\\\/2022\\\/01\\\/721443-soldats-fardc-deployes-pres-munigi.jpg\",\"datePublished\":\"2026-01-13T11:12:45+00:00\",\"author\":{\"@id\":\"https:\\\/\\\/lesvolcansnews.net\\\/#\\\/schema\\\/person\\\/82c8bed2e77879ecf6cca63441f57354\"},\"breadcrumb\":{\"@id\":\"https:\\\/\\\/lesvolcansnews.net\\\/?p=71960#breadcrumb\"},\"inLanguage\":\"fr-FR\",\"potentialAction\":[{\"@type\":\"ReadAction\",\"target\":[\"https:\\\/\\\/lesvolcansnews.net\\\/?p=71960\"]}]},{\"@type\":\"ImageObject\",\"inLanguage\":\"fr-FR\",\"@id\":\"https:\\\/\\\/lesvolcansnews.net\\\/?p=71960#primaryimage\",\"url\":\"https:\\\/\\\/lesvolcansnews.net\\\/wp-content\\\/uploads\\\/2022\\\/01\\\/721443-soldats-fardc-deployes-pres-munigi.jpg\",\"contentUrl\":\"https:\\\/\\\/lesvolcansnews.net\\\/wp-content\\\/uploads\\\/2022\\\/01\\\/721443-soldats-fardc-deployes-pres-munigi.jpg\",\"width\":922,\"height\":615},{\"@type\":\"BreadcrumbList\",\"@id\":\"https:\\\/\\\/lesvolcansnews.net\\\/?p=71960#breadcrumb\",\"itemListElement\":[{\"@type\":\"ListItem\",\"position\":1,\"name\":\"Accueil\",\"item\":\"https:\\\/\\\/lesvolcansnews.net\\\/\"},{\"@type\":\"ListItem\",\"position\":2,\"name\":\"Ituri : tomb\u00e9s sur le front contre les ADF le 06 janvier, une dizaine de militaires FARDC inhum\u00e9s le 12 janvier \u00e0 Mambasa\"}]},{\"@type\":\"WebSite\",\"@id\":\"https:\\\/\\\/lesvolcansnews.net\\\/#website\",\"url\":\"https:\\\/\\\/lesvolcansnews.net\\\/\",\"name\":\"LES VOLCANS NEWS\",\"description\":\"L&#039;INFORMATION C&#039;EST NOUS\",\"potentialAction\":[{\"@type\":\"SearchAction\",\"target\":{\"@type\":\"EntryPoint\",\"urlTemplate\":\"https:\\\/\\\/lesvolcansnews.net\\\/?s={search_term_string}\"},\"query-input\":{\"@type\":\"PropertyValueSpecification\",\"valueRequired\":true,\"valueName\":\"search_term_string\"}}],\"inLanguage\":\"fr-FR\"},{\"@type\":\"Person\",\"@id\":\"https:\\\/\\\/lesvolcansnews.net\\\/#\\\/schema\\\/person\\\/82c8bed2e77879ecf6cca63441f57354\",\"name\":\"R\u00e9daction - Les Volcans News\",\"image\":{\"@type\":\"ImageObject\",\"inLanguage\":\"fr-FR\",\"@id\":\"https:\\\/\\\/secure.gravatar.com\\\/avatar\\\/8408942dd851e8a9c09f3d382a661bc05d2b3cd9002139bc1795b9528cdc6c80?s=96&d=mm&r=g\",\"url\":\"https:\\\/\\\/secure.gravatar.com\\\/avatar\\\/8408942dd851e8a9c09f3d382a661bc05d2b3cd9002139bc1795b9528cdc6c80?s=96&d=mm&r=g\",\"contentUrl\":\"https:\\\/\\\/secure.gravatar.com\\\/avatar\\\/8408942dd851e8a9c09f3d382a661bc05d2b3cd9002139bc1795b9528cdc6c80?s=96&d=mm&r=g\",\"caption\":\"R\u00e9daction - Les Volcans News\"},\"url\":\"https:\\\/\\\/lesvolcansnews.net\\\/?author=14\"}]}<\/script>\n<!-- \/ Yoast SEO plugin. -->","yoast_head_json":{"title":"Ituri : tomb\u00e9s sur le front contre les ADF le 06 janvier, une dizaine de militaires FARDC inhum\u00e9s le 12 janvier \u00e0 Mambasa - LES VOLCANS NEWS","robots":{"index":"index","follow":"follow","max-snippet":"max-snippet:-1","max-image-preview":"max-image-preview:large","max-video-preview":"max-video-preview:-1"},"canonical":"https:\/\/lesvolcansnews.net\/?p=71960","og_locale":"fr_FR","og_type":"article","og_title":"Ituri : tomb\u00e9s sur le front contre les ADF le 06 janvier, une dizaine de militaires FARDC inhum\u00e9s le 12 janvier \u00e0 Mambasa - LES VOLCANS NEWS","og_description":"Les Forces arm\u00e9es de la R\u00e9publique d\u00e9mocratique du Congo (FARDC) ont rendu, lundi 12 janvier 2026, un dernier hommage solennel \u00e0 treize militaires de la 31\u1d49 Brigade de D\u00e9fense Principale","og_url":"https:\/\/lesvolcansnews.net\/?p=71960","og_site_name":"LES VOLCANS NEWS","article_published_time":"2026-01-13T11:12:45+00:00","og_image":[{"width":922,"height":615,"url":"https:\/\/i0.wp.com\/lesvolcansnews.net\/wp-content\/uploads\/2022\/01\/721443-soldats-fardc-deployes-pres-munigi.jpg?fit=922%2C615&ssl=1","type":"image\/jpeg"}],"author":"R\u00e9daction - Les Volcans News","twitter_card":"summary_large_image","twitter_misc":{"\u00c9crit par":"R\u00e9daction - Les Volcans News","Dur\u00e9e de lecture estim\u00e9e":"2 minutes"},"schema":{"@context":"https:\/\/schema.org","@graph":[{"@type":"Article","@id":"https:\/\/lesvolcansnews.net\/?p=71960#article","isPartOf":{"@id":"https:\/\/lesvolcansnews.net\/?p=71960"},"author":{"name":"R\u00e9daction - Les Volcans News","@id":"https:\/\/lesvolcansnews.net\/#\/schema\/person\/82c8bed2e77879ecf6cca63441f57354"},"headline":"Ituri : tomb\u00e9s sur le front contre les ADF le 06 janvier, une dizaine de militaires FARDC inhum\u00e9s le 12 janvier \u00e0 Mambasa","datePublished":"2026-01-13T11:12:45+00:00","mainEntityOfPage":{"@id":"https:\/\/lesvolcansnews.net\/?p=71960"},"wordCount":503,"commentCount":0,"image":{"@id":"https:\/\/lesvolcansnews.net\/?p=71960#primaryimage"},"thumbnailUrl":"https:\/\/lesvolcansnews.net\/wp-content\/uploads\/2022\/01\/721443-soldats-fardc-deployes-pres-munigi.jpg","articleSection":["S\u00c9CURIT\u00c9"],"inLanguage":"fr-FR","potentialAction":[{"@type":"CommentAction","name":"Comment","target":["https:\/\/lesvolcansnews.net\/?p=71960#respond"]}]},{"@type":"WebPage","@id":"https:\/\/lesvolcansnews.net\/?p=71960","url":"https:\/\/lesvolcansnews.net\/?p=71960","name":"Ituri : tomb\u00e9s sur le front contre les ADF le 06 janvier, une dizaine de militaires FARDC inhum\u00e9s le 12 janvier \u00e0 Mambasa - LES VOLCANS NEWS","isPartOf":{"@id":"https:\/\/lesvolcansnews.net\/#website"},"primaryImageOfPage":{"@id":"https:\/\/lesvolcansnews.net\/?p=71960#primaryimage"},"image":{"@id":"https:\/\/lesvolcansnews.net\/?p=71960#primaryimage"},"thumbnailUrl":"https:\/\/lesvolcansnews.net\/wp-content\/uploads\/2022\/01\/721443-soldats-fardc-deployes-pres-munigi.jpg","datePublished":"2026-01-13T11:12:45+00:00","author":{"@id":"https:\/\/lesvolcansnews.net\/#\/schema\/person\/82c8bed2e77879ecf6cca63441f57354"},"breadcrumb":{"@id":"https:\/\/lesvolcansnews.net\/?p=71960#breadcrumb"},"inLanguage":"fr-FR","potentialAction":[{"@type":"ReadAction","target":["https:\/\/lesvolcansnews.net\/?p=71960"]}]},{"@type":"ImageObject","inLanguage":"fr-FR","@id":"https:\/\/lesvolcansnews.net\/?p=71960#primaryimage","url":"https:\/\/lesvolcansnews.net\/wp-content\/uploads\/2022\/01\/721443-soldats-fardc-deployes-pres-munigi.jpg","contentUrl":"https:\/\/lesvolcansnews.net\/wp-content\/uploads\/2022\/01\/721443-soldats-fardc-deployes-pres-munigi.jpg","width":922,"height":615},{"@type":"BreadcrumbList","@id":"https:\/\/lesvolcansnews.net\/?p=71960#breadcrumb","itemListElement":[{"@type":"ListItem","position":1,"name":"Accueil","item":"https:\/\/lesvolcansnews.net\/"},{"@type":"ListItem","position":2,"name":"Ituri : tomb\u00e9s sur le front contre les ADF le 06 janvier, une dizaine de militaires FARDC inhum\u00e9s le 12 janvier \u00e0 Mambasa"}]},{"@type":"WebSite","@id":"https:\/\/lesvolcansnews.net\/#website","url":"https:\/\/lesvolcansnews.net\/","name":"LES VOLCANS NEWS","description":"L&#039;INFORMATION C&#039;EST NOUS","potentialAction":[{"@type":"SearchAction","target":{"@type":"EntryPoint","urlTemplate":"https:\/\/lesvolcansnews.net\/?s={search_term_string}"},"query-input":{"@type":"PropertyValueSpecification","valueRequired":true,"valueName":"search_term_string"}}],"inLanguage":"fr-FR"},{"@type":"Person","@id":"https:\/\/lesvolcansnews.net\/#\/schema\/person\/82c8bed2e77879ecf6cca63441f57354","name":"R\u00e9daction - Les Volcans News","image":{"@type":"ImageObject","inLanguage":"fr-FR","@id":"https:\/\/secure.gravatar.com\/avatar\/8408942dd851e8a9c09f3d382a661bc05d2b3cd9002139bc1795b9528cdc6c80?s=96&d=mm&r=g","url":"https:\/\/secure.gravatar.com\/avatar\/8408942dd851e8a9c09f3d382a661bc05d2b3cd9002139bc1795b9528cdc6c80?s=96&d=mm&r=g","contentUrl":"https:\/\/secure.gravatar.com\/avatar\/8408942dd851e8a9c09f3d382a661bc05d2b3cd9002139bc1795b9528cdc6c80?s=96&d=mm&r=g","caption":"R\u00e9daction - Les Volcans News"},"url":"https:\/\/lesvolcansnews.net\/?author=14"}]}},"_links":{"self":[{"href":"https:\/\/lesvolcansnews.net\/index.php?rest_route=\/wp\/v2\/posts\/71960","targetHints":{"allow":["GET"]}}],"collection":[{"href":"https:\/\/lesvolcansnews.net\/index.php?rest_route=\/wp\/v2\/posts"}],"about":[{"href":"https:\/\/lesvolcansnews.net\/index.php?rest_route=\/wp\/v2\/types\/post"}],"author":[{"embeddable":true,"href":"https:\/\/lesvolcansnews.net\/index.php?rest_route=\/wp\/v2\/users\/14"}],"replies":[{"embeddable":true,"href":"https:\/\/lesvolcansnews.net\/index.php?rest_route=%2Fwp%2Fv2%2Fcomments&post=71960"}],"version-history":[{"count":1,"href":"https:\/\/lesvolcansnews.net\/index.php?rest_route=\/wp\/v2\/posts\/71960\/revisions"}],"predecessor-version":[{"id":71961,"href":"https:\/\/lesvolcansnews.net\/index.php?rest_route=\/wp\/v2\/posts\/71960\/revisions\/71961"}],"wp:featuredmedia":[{"embeddable":true,"href":"https:\/\/lesvolcansnews.net\/index.php?rest_route=\/wp\/v2\/media\/26233"}],"wp:attachment":[{"href":"https:\/\/lesvolcansnews.net\/index.php?rest_route=%2Fwp%2Fv2%2Fmedia&parent=71960"}],"wp:term":[{"taxonomy":"category","embeddable":true,"href":"https:\/\/lesvolcansnews.net\/index.php?rest_route=%2Fwp%2Fv2%2Fcategories&post=71960"},{"taxonomy":"post_tag","embeddable":true,"href":"https:\/\/lesvolcansnews.net\/index.php?rest_route=%2Fwp%2Fv2%2Ftags&post=71960"}],"curies":[{"name":"wp","href":"https:\/\/api.w.org\/{rel}","templated":true}]}}