{"id":71952,"date":"2026-01-13T07:16:29","date_gmt":"2026-01-13T05:16:29","guid":{"rendered":"https:\/\/lesvolcansnews.net\/2026\/01\/13\/rdc-josep-kabila-serait-il-de-nouveau-a-goma-une-annonce-de-corneille-nanga-fait-la-une\/"},"modified":"2026-01-13T07:16:29","modified_gmt":"2026-01-13T05:16:29","slug":"rdc-josep-kabila-serait-il-de-nouveau-a-goma-une-annonce-de-corneille-nanga-fait-la-une","status":"publish","type":"post","link":"https:\/\/lesvolcansnews.net\/?p=71952","title":{"rendered":"RDC : Josep Kabila serait-il, de nouveau, \u00e0 Goma ? Une annonce de Corneille Nanga fait la une"},"content":{"rendered":"\n<p><\/p>\n\n\n\n<p><strong>Le coordonnateur de l\u2019Alliance Fleuve Congo (AFC), Corneille Nangaa, a \u00e9voqu\u00e9 lundi 12 janvier 2026 la possibilit\u00e9 d\u2019un retour de l\u2019ancien pr\u00e9sident de la R\u00e9publique d\u00e9mocratique du Congo (RDC), Joseph Kabila Kabange, au Nord-Kivu, sans toutefois fournir de calendrier ni de d\u00e9tails op\u00e9rationnels.<\/strong><\/p>\n\n\n\n<p>L\u2019annonce a \u00e9t\u00e9 faite devant plusieurs notables de la province lors d\u2019un \u00e9change \u00e0 caract\u00e8re politique et communautaire.<\/p>\n\n\n\n<p>\u00ab Nous avons un visiteur ici, c\u2019est l\u2019ancien pr\u00e9sident de la R\u00e9publique, Joseph Kabila. Un jour, nous l\u2019am\u00e8nerons ici pour qu\u2019il vienne vous saluer \u00bb, a d\u00e9clar\u00e9 Corneille Nangaa, selon une vid\u00e9o devenue virale.<\/p>\n\n\n\n<p>Ces d\u00e9clarations, br\u00e8ves mais symboliquement fortes, ont imm\u00e9diatement suscit\u00e9 interrogations et r\u00e9actions au sein de l\u2019opinion publique locale et de la classe politique nationale.<\/p>\n\n\n\n<p>S\u2019exprimant face \u00e0 des repr\u00e9sentants communautaires, Corneille Nangaa a pr\u00e9sent\u00e9 cette \u00e9ventuelle visite comme s\u2019inscrivant dans une dynamique de rapprochement avec les populations vivant dans les zones sous influence de l\u2019AFC-M23.<\/p>\n\n\n\n<p>Aucune pr\u00e9cision n\u2019a cependant \u00e9t\u00e9 donn\u00e9e sur le cadre politique ou protocolaire d\u2019une telle visite. Aucune date officielle, aucun itin\u00e9raire pr\u00e9cis ni aucun dispositif s\u00e9curitaire n\u2019ont \u00e9t\u00e9 communiqu\u00e9s. Les propos de Corneille Nangaa restent donc au stade de d\u00e9claration, dans un contexte s\u00e9curitaire et politique particuli\u00e8rement sensible \u00e0 l\u2019est de la RDC, marqu\u00e9 par des affrontements arm\u00e9s, des d\u00e9placements massifs de populations et des tensions diplomatiques persistantes.<\/p>\n\n\n\n<p>Figure centrale et clivante de la sc\u00e8ne politique congolaise, Joseph Kabila continue d\u2019occuper une place importante dans les d\u00e9bats nationaux. Son \u00e9ventuelle apparition dans des zones sous contr\u00f4le de l\u2019AFC-M23 pourrait \u00eatre interpr\u00e9t\u00e9e comme un signal politique fort, susceptible de raviver les discussions autour de son r\u00f4le, de ses alliances suppos\u00e9es et de l\u2019\u00e9volution du conflit \u00e0 l\u2019Est du pays.<\/p>\n\n\n\n<p>Pour l\u2019heure, les autorit\u00e9s congolaises n\u2019ont pas r\u00e9agi officiellement \u00e0 cette annonce mais le ministre de la communication pourrait se prononcer quant-\u00e0 ce comme il est de coutume pour des sujets qui d\u00e9frayent la chronique.<\/p>\n\n\n\n<p>La r\u00e9daction<\/p>\n","protected":false},"excerpt":{"rendered":"<p>Le coordonnateur de l\u2019Alliance Fleuve Congo (AFC), Corneille Nangaa, a \u00e9voqu\u00e9 lundi 12 janvier 2026 la possibilit\u00e9 d\u2019un retour de l\u2019ancien pr\u00e9sident de la R\u00e9publique d\u00e9mocratique du Congo (RDC), Joseph<\/p>\n","protected":false},"author":14,"featured_media":71951,"comment_status":"open","ping_status":"open","sticky":false,"template":"","format":"standard","meta":{"footnotes":""},"categories":[1],"tags":[],"class_list":["post-71952","post","type-post","status-publish","format-standard","has-post-thumbnail","hentry","category-actualite"],"yoast_head":"<!-- This site is optimized with the Yoast SEO plugin v27.3 - https:\/\/yoast.com\/product\/yoast-seo-wordpress\/ -->\n<title>RDC : Josep Kabila serait-il, de nouveau, \u00e0 Goma ? Une annonce de Corneille Nanga fait la une - LES VOLCANS NEWS<\/title>\n<meta name=\"robots\" content=\"index, follow, max-snippet:-1, max-image-preview:large, max-video-preview:-1\" \/>\n<link rel=\"canonical\" href=\"https:\/\/lesvolcansnews.net\/?p=71952\" \/>\n<meta property=\"og:locale\" content=\"fr_FR\" \/>\n<meta property=\"og:type\" content=\"article\" \/>\n<meta property=\"og:title\" content=\"RDC : Josep Kabila serait-il, de nouveau, \u00e0 Goma ? Une annonce de Corneille Nanga fait la une - LES VOLCANS NEWS\" \/>\n<meta property=\"og:description\" content=\"Le coordonnateur de l\u2019Alliance Fleuve Congo (AFC), Corneille Nangaa, a \u00e9voqu\u00e9 lundi 12 janvier 2026 la possibilit\u00e9 d\u2019un retour de l\u2019ancien pr\u00e9sident de la R\u00e9publique d\u00e9mocratique du Congo (RDC), Joseph\" \/>\n<meta property=\"og:url\" content=\"https:\/\/lesvolcansnews.net\/?p=71952\" \/>\n<meta property=\"og:site_name\" content=\"LES VOLCANS NEWS\" \/>\n<meta property=\"article:published_time\" content=\"2026-01-13T05:16:29+00:00\" \/>\n<meta property=\"og:image\" content=\"https:\/\/lesvolcansnews.net\/wp-content\/uploads\/2026\/01\/FB_IMG_1768281333164.jpg\" \/>\n\t<meta property=\"og:image:width\" content=\"1600\" \/>\n\t<meta property=\"og:image:height\" content=\"1200\" \/>\n\t<meta property=\"og:image:type\" content=\"image\/jpeg\" \/>\n<meta name=\"author\" content=\"R\u00e9daction - Les Volcans News\" \/>\n<meta name=\"twitter:card\" content=\"summary_large_image\" \/>\n<meta name=\"twitter:label1\" content=\"\u00c9crit par\" \/>\n\t<meta name=\"twitter:data1\" content=\"R\u00e9daction - Les Volcans News\" \/>\n\t<meta name=\"twitter:label2\" content=\"Dur\u00e9e de lecture estim\u00e9e\" \/>\n\t<meta name=\"twitter:data2\" content=\"2 minutes\" \/>\n<script type=\"application\/ld+json\" class=\"yoast-schema-graph\">{\"@context\":\"https:\\\/\\\/schema.org\",\"@graph\":[{\"@type\":\"Article\",\"@id\":\"https:\\\/\\\/lesvolcansnews.net\\\/?p=71952#article\",\"isPartOf\":{\"@id\":\"https:\\\/\\\/lesvolcansnews.net\\\/?p=71952\"},\"author\":{\"name\":\"R\u00e9daction - Les Volcans News\",\"@id\":\"https:\\\/\\\/lesvolcansnews.net\\\/#\\\/schema\\\/person\\\/82c8bed2e77879ecf6cca63441f57354\"},\"headline\":\"RDC : Josep Kabila serait-il, de nouveau, \u00e0 Goma ? Une annonce de Corneille Nanga fait la une\",\"datePublished\":\"2026-01-13T05:16:29+00:00\",\"mainEntityOfPage\":{\"@id\":\"https:\\\/\\\/lesvolcansnews.net\\\/?p=71952\"},\"wordCount\":382,\"commentCount\":0,\"image\":{\"@id\":\"https:\\\/\\\/lesvolcansnews.net\\\/?p=71952#primaryimage\"},\"thumbnailUrl\":\"https:\\\/\\\/lesvolcansnews.net\\\/wp-content\\\/uploads\\\/2026\\\/01\\\/FB_IMG_1768281333164.jpg\",\"articleSection\":[\"ACTUALIT\u00c9\"],\"inLanguage\":\"fr-FR\",\"potentialAction\":[{\"@type\":\"CommentAction\",\"name\":\"Comment\",\"target\":[\"https:\\\/\\\/lesvolcansnews.net\\\/?p=71952#respond\"]}]},{\"@type\":\"WebPage\",\"@id\":\"https:\\\/\\\/lesvolcansnews.net\\\/?p=71952\",\"url\":\"https:\\\/\\\/lesvolcansnews.net\\\/?p=71952\",\"name\":\"RDC : Josep Kabila serait-il, de nouveau, \u00e0 Goma ? Une annonce de Corneille Nanga fait la une - LES VOLCANS NEWS\",\"isPartOf\":{\"@id\":\"https:\\\/\\\/lesvolcansnews.net\\\/#website\"},\"primaryImageOfPage\":{\"@id\":\"https:\\\/\\\/lesvolcansnews.net\\\/?p=71952#primaryimage\"},\"image\":{\"@id\":\"https:\\\/\\\/lesvolcansnews.net\\\/?p=71952#primaryimage\"},\"thumbnailUrl\":\"https:\\\/\\\/lesvolcansnews.net\\\/wp-content\\\/uploads\\\/2026\\\/01\\\/FB_IMG_1768281333164.jpg\",\"datePublished\":\"2026-01-13T05:16:29+00:00\",\"author\":{\"@id\":\"https:\\\/\\\/lesvolcansnews.net\\\/#\\\/schema\\\/person\\\/82c8bed2e77879ecf6cca63441f57354\"},\"breadcrumb\":{\"@id\":\"https:\\\/\\\/lesvolcansnews.net\\\/?p=71952#breadcrumb\"},\"inLanguage\":\"fr-FR\",\"potentialAction\":[{\"@type\":\"ReadAction\",\"target\":[\"https:\\\/\\\/lesvolcansnews.net\\\/?p=71952\"]}]},{\"@type\":\"ImageObject\",\"inLanguage\":\"fr-FR\",\"@id\":\"https:\\\/\\\/lesvolcansnews.net\\\/?p=71952#primaryimage\",\"url\":\"https:\\\/\\\/lesvolcansnews.net\\\/wp-content\\\/uploads\\\/2026\\\/01\\\/FB_IMG_1768281333164.jpg\",\"contentUrl\":\"https:\\\/\\\/lesvolcansnews.net\\\/wp-content\\\/uploads\\\/2026\\\/01\\\/FB_IMG_1768281333164.jpg\",\"width\":1600,\"height\":1200},{\"@type\":\"BreadcrumbList\",\"@id\":\"https:\\\/\\\/lesvolcansnews.net\\\/?p=71952#breadcrumb\",\"itemListElement\":[{\"@type\":\"ListItem\",\"position\":1,\"name\":\"Accueil\",\"item\":\"https:\\\/\\\/lesvolcansnews.net\\\/\"},{\"@type\":\"ListItem\",\"position\":2,\"name\":\"RDC : Josep Kabila serait-il, de nouveau, \u00e0 Goma ? Une annonce de Corneille Nanga fait la une\"}]},{\"@type\":\"WebSite\",\"@id\":\"https:\\\/\\\/lesvolcansnews.net\\\/#website\",\"url\":\"https:\\\/\\\/lesvolcansnews.net\\\/\",\"name\":\"LES VOLCANS NEWS\",\"description\":\"L&#039;INFORMATION C&#039;EST NOUS\",\"potentialAction\":[{\"@type\":\"SearchAction\",\"target\":{\"@type\":\"EntryPoint\",\"urlTemplate\":\"https:\\\/\\\/lesvolcansnews.net\\\/?s={search_term_string}\"},\"query-input\":{\"@type\":\"PropertyValueSpecification\",\"valueRequired\":true,\"valueName\":\"search_term_string\"}}],\"inLanguage\":\"fr-FR\"},{\"@type\":\"Person\",\"@id\":\"https:\\\/\\\/lesvolcansnews.net\\\/#\\\/schema\\\/person\\\/82c8bed2e77879ecf6cca63441f57354\",\"name\":\"R\u00e9daction - Les Volcans News\",\"image\":{\"@type\":\"ImageObject\",\"inLanguage\":\"fr-FR\",\"@id\":\"https:\\\/\\\/secure.gravatar.com\\\/avatar\\\/8408942dd851e8a9c09f3d382a661bc05d2b3cd9002139bc1795b9528cdc6c80?s=96&d=mm&r=g\",\"url\":\"https:\\\/\\\/secure.gravatar.com\\\/avatar\\\/8408942dd851e8a9c09f3d382a661bc05d2b3cd9002139bc1795b9528cdc6c80?s=96&d=mm&r=g\",\"contentUrl\":\"https:\\\/\\\/secure.gravatar.com\\\/avatar\\\/8408942dd851e8a9c09f3d382a661bc05d2b3cd9002139bc1795b9528cdc6c80?s=96&d=mm&r=g\",\"caption\":\"R\u00e9daction - Les Volcans News\"},\"url\":\"https:\\\/\\\/lesvolcansnews.net\\\/?author=14\"}]}<\/script>\n<!-- \/ Yoast SEO plugin. -->","yoast_head_json":{"title":"RDC : Josep Kabila serait-il, de nouveau, \u00e0 Goma ? Une annonce de Corneille Nanga fait la une - LES VOLCANS NEWS","robots":{"index":"index","follow":"follow","max-snippet":"max-snippet:-1","max-image-preview":"max-image-preview:large","max-video-preview":"max-video-preview:-1"},"canonical":"https:\/\/lesvolcansnews.net\/?p=71952","og_locale":"fr_FR","og_type":"article","og_title":"RDC : Josep Kabila serait-il, de nouveau, \u00e0 Goma ? Une annonce de Corneille Nanga fait la une - LES VOLCANS NEWS","og_description":"Le coordonnateur de l\u2019Alliance Fleuve Congo (AFC), Corneille Nangaa, a \u00e9voqu\u00e9 lundi 12 janvier 2026 la possibilit\u00e9 d\u2019un retour de l\u2019ancien pr\u00e9sident de la R\u00e9publique d\u00e9mocratique du Congo (RDC), Joseph","og_url":"https:\/\/lesvolcansnews.net\/?p=71952","og_site_name":"LES VOLCANS NEWS","article_published_time":"2026-01-13T05:16:29+00:00","og_image":[{"width":1600,"height":1200,"url":"https:\/\/lesvolcansnews.net\/wp-content\/uploads\/2026\/01\/FB_IMG_1768281333164.jpg","type":"image\/jpeg"}],"author":"R\u00e9daction - Les Volcans News","twitter_card":"summary_large_image","twitter_misc":{"\u00c9crit par":"R\u00e9daction - Les Volcans News","Dur\u00e9e de lecture estim\u00e9e":"2 minutes"},"schema":{"@context":"https:\/\/schema.org","@graph":[{"@type":"Article","@id":"https:\/\/lesvolcansnews.net\/?p=71952#article","isPartOf":{"@id":"https:\/\/lesvolcansnews.net\/?p=71952"},"author":{"name":"R\u00e9daction - Les Volcans News","@id":"https:\/\/lesvolcansnews.net\/#\/schema\/person\/82c8bed2e77879ecf6cca63441f57354"},"headline":"RDC : Josep Kabila serait-il, de nouveau, \u00e0 Goma ? Une annonce de Corneille Nanga fait la une","datePublished":"2026-01-13T05:16:29+00:00","mainEntityOfPage":{"@id":"https:\/\/lesvolcansnews.net\/?p=71952"},"wordCount":382,"commentCount":0,"image":{"@id":"https:\/\/lesvolcansnews.net\/?p=71952#primaryimage"},"thumbnailUrl":"https:\/\/lesvolcansnews.net\/wp-content\/uploads\/2026\/01\/FB_IMG_1768281333164.jpg","articleSection":["ACTUALIT\u00c9"],"inLanguage":"fr-FR","potentialAction":[{"@type":"CommentAction","name":"Comment","target":["https:\/\/lesvolcansnews.net\/?p=71952#respond"]}]},{"@type":"WebPage","@id":"https:\/\/lesvolcansnews.net\/?p=71952","url":"https:\/\/lesvolcansnews.net\/?p=71952","name":"RDC : Josep Kabila serait-il, de nouveau, \u00e0 Goma ? Une annonce de Corneille Nanga fait la une - LES VOLCANS NEWS","isPartOf":{"@id":"https:\/\/lesvolcansnews.net\/#website"},"primaryImageOfPage":{"@id":"https:\/\/lesvolcansnews.net\/?p=71952#primaryimage"},"image":{"@id":"https:\/\/lesvolcansnews.net\/?p=71952#primaryimage"},"thumbnailUrl":"https:\/\/lesvolcansnews.net\/wp-content\/uploads\/2026\/01\/FB_IMG_1768281333164.jpg","datePublished":"2026-01-13T05:16:29+00:00","author":{"@id":"https:\/\/lesvolcansnews.net\/#\/schema\/person\/82c8bed2e77879ecf6cca63441f57354"},"breadcrumb":{"@id":"https:\/\/lesvolcansnews.net\/?p=71952#breadcrumb"},"inLanguage":"fr-FR","potentialAction":[{"@type":"ReadAction","target":["https:\/\/lesvolcansnews.net\/?p=71952"]}]},{"@type":"ImageObject","inLanguage":"fr-FR","@id":"https:\/\/lesvolcansnews.net\/?p=71952#primaryimage","url":"https:\/\/lesvolcansnews.net\/wp-content\/uploads\/2026\/01\/FB_IMG_1768281333164.jpg","contentUrl":"https:\/\/lesvolcansnews.net\/wp-content\/uploads\/2026\/01\/FB_IMG_1768281333164.jpg","width":1600,"height":1200},{"@type":"BreadcrumbList","@id":"https:\/\/lesvolcansnews.net\/?p=71952#breadcrumb","itemListElement":[{"@type":"ListItem","position":1,"name":"Accueil","item":"https:\/\/lesvolcansnews.net\/"},{"@type":"ListItem","position":2,"name":"RDC : Josep Kabila serait-il, de nouveau, \u00e0 Goma ? Une annonce de Corneille Nanga fait la une"}]},{"@type":"WebSite","@id":"https:\/\/lesvolcansnews.net\/#website","url":"https:\/\/lesvolcansnews.net\/","name":"LES VOLCANS NEWS","description":"L&#039;INFORMATION C&#039;EST NOUS","potentialAction":[{"@type":"SearchAction","target":{"@type":"EntryPoint","urlTemplate":"https:\/\/lesvolcansnews.net\/?s={search_term_string}"},"query-input":{"@type":"PropertyValueSpecification","valueRequired":true,"valueName":"search_term_string"}}],"inLanguage":"fr-FR"},{"@type":"Person","@id":"https:\/\/lesvolcansnews.net\/#\/schema\/person\/82c8bed2e77879ecf6cca63441f57354","name":"R\u00e9daction - Les Volcans News","image":{"@type":"ImageObject","inLanguage":"fr-FR","@id":"https:\/\/secure.gravatar.com\/avatar\/8408942dd851e8a9c09f3d382a661bc05d2b3cd9002139bc1795b9528cdc6c80?s=96&d=mm&r=g","url":"https:\/\/secure.gravatar.com\/avatar\/8408942dd851e8a9c09f3d382a661bc05d2b3cd9002139bc1795b9528cdc6c80?s=96&d=mm&r=g","contentUrl":"https:\/\/secure.gravatar.com\/avatar\/8408942dd851e8a9c09f3d382a661bc05d2b3cd9002139bc1795b9528cdc6c80?s=96&d=mm&r=g","caption":"R\u00e9daction - Les Volcans News"},"url":"https:\/\/lesvolcansnews.net\/?author=14"}]}},"_links":{"self":[{"href":"https:\/\/lesvolcansnews.net\/index.php?rest_route=\/wp\/v2\/posts\/71952","targetHints":{"allow":["GET"]}}],"collection":[{"href":"https:\/\/lesvolcansnews.net\/index.php?rest_route=\/wp\/v2\/posts"}],"about":[{"href":"https:\/\/lesvolcansnews.net\/index.php?rest_route=\/wp\/v2\/types\/post"}],"author":[{"embeddable":true,"href":"https:\/\/lesvolcansnews.net\/index.php?rest_route=\/wp\/v2\/users\/14"}],"replies":[{"embeddable":true,"href":"https:\/\/lesvolcansnews.net\/index.php?rest_route=%2Fwp%2Fv2%2Fcomments&post=71952"}],"version-history":[{"count":0,"href":"https:\/\/lesvolcansnews.net\/index.php?rest_route=\/wp\/v2\/posts\/71952\/revisions"}],"wp:featuredmedia":[{"embeddable":true,"href":"https:\/\/lesvolcansnews.net\/index.php?rest_route=\/wp\/v2\/media\/71951"}],"wp:attachment":[{"href":"https:\/\/lesvolcansnews.net\/index.php?rest_route=%2Fwp%2Fv2%2Fmedia&parent=71952"}],"wp:term":[{"taxonomy":"category","embeddable":true,"href":"https:\/\/lesvolcansnews.net\/index.php?rest_route=%2Fwp%2Fv2%2Fcategories&post=71952"},{"taxonomy":"post_tag","embeddable":true,"href":"https:\/\/lesvolcansnews.net\/index.php?rest_route=%2Fwp%2Fv2%2Ftags&post=71952"}],"curies":[{"name":"wp","href":"https:\/\/api.w.org\/{rel}","templated":true}]}}