{"id":71945,"date":"2026-01-12T18:00:58","date_gmt":"2026-01-12T16:00:58","guid":{"rendered":"https:\/\/lesvolcansnews.net\/2026\/01\/12\/education-la-rentree-du-deuxieme-trimestre-reportee-au-19-janvier-dans-le-kwilu-2\/"},"modified":"2026-01-12T18:00:58","modified_gmt":"2026-01-12T16:00:58","slug":"education-la-rentree-du-deuxieme-trimestre-reportee-au-19-janvier-dans-le-kwilu-2","status":"publish","type":"post","link":"https:\/\/lesvolcansnews.net\/?p=71945","title":{"rendered":"\u00c9ducation : la rentr\u00e9e du deuxi\u00e8me trimestre report\u00e9e au 19 janvier dans le Kwilu 2"},"content":{"rendered":"\n<p><\/p>\n\n\n\n<p> <strong>La rentr\u00e9e scolaire du deuxi\u00e8me trimestre, initialement pr\u00e9vue le 5 janvier, est report\u00e9e au 19 janvier prochain dans la province \u00e9ducationnelle du Kwilu 2, dont le si\u00e8ge se trouve \u00e0 Kikwit, dans le sud-ouest de la R\u00e9publique d\u00e9mocratique du Congo (RDC), a annonc\u00e9 lundi l\u2019intersyndicale des enseignants \u00e0 l\u2019issue d\u2019une assembl\u00e9e g\u00e9n\u00e9rale tenue dans cette ville.<\/strong><\/p>\n\n\n\n<p>\u00ab Apr\u00e8s notre assembl\u00e9e g\u00e9n\u00e9rale tenue ce lundi, nous avons d\u00e9cid\u00e9 de repousser la rentr\u00e9e scolaire du deuxi\u00e8me trimestre au 19 janvier au lieu du 5 janvier comme pr\u00e9vu initialement, parce que c\u2019est le 5 janvier 2026 que les banques ont commenc\u00e9 \u00e0 payer nos salaires du mois de d\u00e9cembre \u00bb, a d\u00e9clar\u00e9 Beno\u00eet Kasiama, pr\u00e9sident de l\u2019intersyndicale des enseignants de la province \u00e9ducationnelle du Kwilu 2.<\/p>\n\n\n\n<p>Selon lui, la reprise effective des cours d\u00e9pendra du paiement int\u00e9gral des salaires de tous les enseignants concern\u00e9s. \u00ab La rentr\u00e9e ne sera effective que lorsque les derniers enseignants auront \u00e9t\u00e9 pay\u00e9s \u00bb, a-t-il soulign\u00e9.<\/p>\n\n\n\n<p>Le responsable syndical a par ailleurs appel\u00e9 les parents \u00e0 la patience. \u00ab Nous demandons aux parents de garder leurs enfants \u00e0 la maison jusqu\u2019\u00e0 lundi prochain, le temps que la situation se r\u00e9gularise \u00bb, a-t-il ajout\u00e9.<\/p>\n\n\n\n<p>Outre la question de la rentr\u00e9e scolaire, l\u2019assembl\u00e9e g\u00e9n\u00e9rale a formul\u00e9 plusieurs recommandations \u00e0 l\u2019endroit des autorit\u00e9s comp\u00e9tentes. Les enseignants ont notamment insist\u00e9 sur le respect strict du calendrier de paie, qui devrait s\u2019effectuer entre le 20 et le 30 de chaque mois, la m\u00e9canisation des nouvelles unit\u00e9s, ainsi que le paiement des frais d\u2019itin\u00e9raire aux inspecteurs de l\u2019enseignement.<\/p>\n\n\n\n<p>Parmi les autres recommandations figurent la mise \u00e0 la retraite des enseignants \u00e2g\u00e9s de plus de 70 ans, l\u2019envoi des bulletins scolaires d\u00e8s le premier mois de la reprise des cours, ainsi que la remise des brevets, certificats et dipl\u00f4mes au plus tard un mois apr\u00e8s la proclamation des r\u00e9sultats.<\/p>\n\n\n\n<p>La province \u00e9ducationnelle du Kwilu 2, comme plusieurs autres entit\u00e9s scolaires du pays, est r\u00e9guli\u00e8rement confront\u00e9e \u00e0 des perturbations li\u00e9es aux retards de paiement des salaires, une situation qui affecte le calendrier scolaire et la continuit\u00e9 des enseignements.<\/p>\n\n\n\n<p>La r\u00e9daction <\/p>\n","protected":false},"excerpt":{"rendered":"<p>La rentr\u00e9e scolaire du deuxi\u00e8me trimestre, initialement pr\u00e9vue le 5 janvier, est report\u00e9e au 19 janvier prochain dans la province \u00e9ducationnelle du Kwilu 2, dont le si\u00e8ge se trouve \u00e0<\/p>\n","protected":false},"author":14,"featured_media":71944,"comment_status":"open","ping_status":"open","sticky":false,"template":"","format":"standard","meta":{"footnotes":""},"categories":[30],"tags":[],"class_list":["post-71945","post","type-post","status-publish","format-standard","has-post-thumbnail","hentry","category-education"],"yoast_head":"<!-- This site is optimized with the Yoast SEO plugin v27.3 - https:\/\/yoast.com\/product\/yoast-seo-wordpress\/ -->\n<title>\u00c9ducation : la rentr\u00e9e du deuxi\u00e8me trimestre report\u00e9e au 19 janvier dans le Kwilu 2 - LES VOLCANS NEWS<\/title>\n<meta name=\"robots\" content=\"index, follow, max-snippet:-1, max-image-preview:large, max-video-preview:-1\" \/>\n<link rel=\"canonical\" href=\"https:\/\/lesvolcansnews.net\/?p=71945\" \/>\n<meta property=\"og:locale\" content=\"fr_FR\" \/>\n<meta property=\"og:type\" content=\"article\" \/>\n<meta property=\"og:title\" content=\"\u00c9ducation : la rentr\u00e9e du deuxi\u00e8me trimestre report\u00e9e au 19 janvier dans le Kwilu 2 - LES VOLCANS NEWS\" \/>\n<meta property=\"og:description\" content=\"La rentr\u00e9e scolaire du deuxi\u00e8me trimestre, initialement pr\u00e9vue le 5 janvier, est report\u00e9e au 19 janvier prochain dans la province \u00e9ducationnelle du Kwilu 2, dont le si\u00e8ge se trouve \u00e0\" \/>\n<meta property=\"og:url\" content=\"https:\/\/lesvolcansnews.net\/?p=71945\" \/>\n<meta property=\"og:site_name\" content=\"LES VOLCANS NEWS\" \/>\n<meta property=\"article:published_time\" content=\"2026-01-12T16:00:58+00:00\" \/>\n<meta property=\"og:image\" content=\"https:\/\/lesvolcansnews.net\/wp-content\/uploads\/2026\/01\/Polish_20250702_113303140-scaled-1.jpg\" \/>\n\t<meta property=\"og:image:width\" content=\"1520\" \/>\n\t<meta property=\"og:image:height\" content=\"855\" \/>\n\t<meta property=\"og:image:type\" content=\"image\/jpeg\" \/>\n<meta name=\"author\" content=\"R\u00e9daction - Les Volcans News\" \/>\n<meta name=\"twitter:card\" content=\"summary_large_image\" \/>\n<meta name=\"twitter:label1\" content=\"\u00c9crit par\" \/>\n\t<meta name=\"twitter:data1\" content=\"R\u00e9daction - Les Volcans News\" \/>\n\t<meta name=\"twitter:label2\" content=\"Dur\u00e9e de lecture estim\u00e9e\" \/>\n\t<meta name=\"twitter:data2\" content=\"2 minutes\" \/>\n<script type=\"application\/ld+json\" class=\"yoast-schema-graph\">{\"@context\":\"https:\\\/\\\/schema.org\",\"@graph\":[{\"@type\":\"Article\",\"@id\":\"https:\\\/\\\/lesvolcansnews.net\\\/?p=71945#article\",\"isPartOf\":{\"@id\":\"https:\\\/\\\/lesvolcansnews.net\\\/?p=71945\"},\"author\":{\"name\":\"R\u00e9daction - Les Volcans News\",\"@id\":\"https:\\\/\\\/lesvolcansnews.net\\\/#\\\/schema\\\/person\\\/82c8bed2e77879ecf6cca63441f57354\"},\"headline\":\"\u00c9ducation : la rentr\u00e9e du deuxi\u00e8me trimestre report\u00e9e au 19 janvier dans le Kwilu 2\",\"datePublished\":\"2026-01-12T16:00:58+00:00\",\"mainEntityOfPage\":{\"@id\":\"https:\\\/\\\/lesvolcansnews.net\\\/?p=71945\"},\"wordCount\":392,\"commentCount\":0,\"image\":{\"@id\":\"https:\\\/\\\/lesvolcansnews.net\\\/?p=71945#primaryimage\"},\"thumbnailUrl\":\"https:\\\/\\\/lesvolcansnews.net\\\/wp-content\\\/uploads\\\/2026\\\/01\\\/Polish_20250702_113303140-scaled-1.jpg\",\"articleSection\":[\"\u00c9DUCATION\"],\"inLanguage\":\"fr-FR\",\"potentialAction\":[{\"@type\":\"CommentAction\",\"name\":\"Comment\",\"target\":[\"https:\\\/\\\/lesvolcansnews.net\\\/?p=71945#respond\"]}]},{\"@type\":\"WebPage\",\"@id\":\"https:\\\/\\\/lesvolcansnews.net\\\/?p=71945\",\"url\":\"https:\\\/\\\/lesvolcansnews.net\\\/?p=71945\",\"name\":\"\u00c9ducation : la rentr\u00e9e du deuxi\u00e8me trimestre report\u00e9e au 19 janvier dans le Kwilu 2 - LES VOLCANS NEWS\",\"isPartOf\":{\"@id\":\"https:\\\/\\\/lesvolcansnews.net\\\/#website\"},\"primaryImageOfPage\":{\"@id\":\"https:\\\/\\\/lesvolcansnews.net\\\/?p=71945#primaryimage\"},\"image\":{\"@id\":\"https:\\\/\\\/lesvolcansnews.net\\\/?p=71945#primaryimage\"},\"thumbnailUrl\":\"https:\\\/\\\/lesvolcansnews.net\\\/wp-content\\\/uploads\\\/2026\\\/01\\\/Polish_20250702_113303140-scaled-1.jpg\",\"datePublished\":\"2026-01-12T16:00:58+00:00\",\"author\":{\"@id\":\"https:\\\/\\\/lesvolcansnews.net\\\/#\\\/schema\\\/person\\\/82c8bed2e77879ecf6cca63441f57354\"},\"breadcrumb\":{\"@id\":\"https:\\\/\\\/lesvolcansnews.net\\\/?p=71945#breadcrumb\"},\"inLanguage\":\"fr-FR\",\"potentialAction\":[{\"@type\":\"ReadAction\",\"target\":[\"https:\\\/\\\/lesvolcansnews.net\\\/?p=71945\"]}]},{\"@type\":\"ImageObject\",\"inLanguage\":\"fr-FR\",\"@id\":\"https:\\\/\\\/lesvolcansnews.net\\\/?p=71945#primaryimage\",\"url\":\"https:\\\/\\\/lesvolcansnews.net\\\/wp-content\\\/uploads\\\/2026\\\/01\\\/Polish_20250702_113303140-scaled-1.jpg\",\"contentUrl\":\"https:\\\/\\\/lesvolcansnews.net\\\/wp-content\\\/uploads\\\/2026\\\/01\\\/Polish_20250702_113303140-scaled-1.jpg\",\"width\":1520,\"height\":855},{\"@type\":\"BreadcrumbList\",\"@id\":\"https:\\\/\\\/lesvolcansnews.net\\\/?p=71945#breadcrumb\",\"itemListElement\":[{\"@type\":\"ListItem\",\"position\":1,\"name\":\"Accueil\",\"item\":\"https:\\\/\\\/lesvolcansnews.net\\\/\"},{\"@type\":\"ListItem\",\"position\":2,\"name\":\"\u00c9ducation : la rentr\u00e9e du deuxi\u00e8me trimestre report\u00e9e au 19 janvier dans le Kwilu 2\"}]},{\"@type\":\"WebSite\",\"@id\":\"https:\\\/\\\/lesvolcansnews.net\\\/#website\",\"url\":\"https:\\\/\\\/lesvolcansnews.net\\\/\",\"name\":\"LES VOLCANS NEWS\",\"description\":\"L&#039;INFORMATION C&#039;EST NOUS\",\"potentialAction\":[{\"@type\":\"SearchAction\",\"target\":{\"@type\":\"EntryPoint\",\"urlTemplate\":\"https:\\\/\\\/lesvolcansnews.net\\\/?s={search_term_string}\"},\"query-input\":{\"@type\":\"PropertyValueSpecification\",\"valueRequired\":true,\"valueName\":\"search_term_string\"}}],\"inLanguage\":\"fr-FR\"},{\"@type\":\"Person\",\"@id\":\"https:\\\/\\\/lesvolcansnews.net\\\/#\\\/schema\\\/person\\\/82c8bed2e77879ecf6cca63441f57354\",\"name\":\"R\u00e9daction - Les Volcans News\",\"image\":{\"@type\":\"ImageObject\",\"inLanguage\":\"fr-FR\",\"@id\":\"https:\\\/\\\/secure.gravatar.com\\\/avatar\\\/8408942dd851e8a9c09f3d382a661bc05d2b3cd9002139bc1795b9528cdc6c80?s=96&d=mm&r=g\",\"url\":\"https:\\\/\\\/secure.gravatar.com\\\/avatar\\\/8408942dd851e8a9c09f3d382a661bc05d2b3cd9002139bc1795b9528cdc6c80?s=96&d=mm&r=g\",\"contentUrl\":\"https:\\\/\\\/secure.gravatar.com\\\/avatar\\\/8408942dd851e8a9c09f3d382a661bc05d2b3cd9002139bc1795b9528cdc6c80?s=96&d=mm&r=g\",\"caption\":\"R\u00e9daction - Les Volcans News\"},\"url\":\"https:\\\/\\\/lesvolcansnews.net\\\/?author=14\"}]}<\/script>\n<!-- \/ Yoast SEO plugin. -->","yoast_head_json":{"title":"\u00c9ducation : la rentr\u00e9e du deuxi\u00e8me trimestre report\u00e9e au 19 janvier dans le Kwilu 2 - LES VOLCANS NEWS","robots":{"index":"index","follow":"follow","max-snippet":"max-snippet:-1","max-image-preview":"max-image-preview:large","max-video-preview":"max-video-preview:-1"},"canonical":"https:\/\/lesvolcansnews.net\/?p=71945","og_locale":"fr_FR","og_type":"article","og_title":"\u00c9ducation : la rentr\u00e9e du deuxi\u00e8me trimestre report\u00e9e au 19 janvier dans le Kwilu 2 - LES VOLCANS NEWS","og_description":"La rentr\u00e9e scolaire du deuxi\u00e8me trimestre, initialement pr\u00e9vue le 5 janvier, est report\u00e9e au 19 janvier prochain dans la province \u00e9ducationnelle du Kwilu 2, dont le si\u00e8ge se trouve \u00e0","og_url":"https:\/\/lesvolcansnews.net\/?p=71945","og_site_name":"LES VOLCANS NEWS","article_published_time":"2026-01-12T16:00:58+00:00","og_image":[{"width":1520,"height":855,"url":"https:\/\/lesvolcansnews.net\/wp-content\/uploads\/2026\/01\/Polish_20250702_113303140-scaled-1.jpg","type":"image\/jpeg"}],"author":"R\u00e9daction - Les Volcans News","twitter_card":"summary_large_image","twitter_misc":{"\u00c9crit par":"R\u00e9daction - Les Volcans News","Dur\u00e9e de lecture estim\u00e9e":"2 minutes"},"schema":{"@context":"https:\/\/schema.org","@graph":[{"@type":"Article","@id":"https:\/\/lesvolcansnews.net\/?p=71945#article","isPartOf":{"@id":"https:\/\/lesvolcansnews.net\/?p=71945"},"author":{"name":"R\u00e9daction - Les Volcans News","@id":"https:\/\/lesvolcansnews.net\/#\/schema\/person\/82c8bed2e77879ecf6cca63441f57354"},"headline":"\u00c9ducation : la rentr\u00e9e du deuxi\u00e8me trimestre report\u00e9e au 19 janvier dans le Kwilu 2","datePublished":"2026-01-12T16:00:58+00:00","mainEntityOfPage":{"@id":"https:\/\/lesvolcansnews.net\/?p=71945"},"wordCount":392,"commentCount":0,"image":{"@id":"https:\/\/lesvolcansnews.net\/?p=71945#primaryimage"},"thumbnailUrl":"https:\/\/lesvolcansnews.net\/wp-content\/uploads\/2026\/01\/Polish_20250702_113303140-scaled-1.jpg","articleSection":["\u00c9DUCATION"],"inLanguage":"fr-FR","potentialAction":[{"@type":"CommentAction","name":"Comment","target":["https:\/\/lesvolcansnews.net\/?p=71945#respond"]}]},{"@type":"WebPage","@id":"https:\/\/lesvolcansnews.net\/?p=71945","url":"https:\/\/lesvolcansnews.net\/?p=71945","name":"\u00c9ducation : la rentr\u00e9e du deuxi\u00e8me trimestre report\u00e9e au 19 janvier dans le Kwilu 2 - LES VOLCANS NEWS","isPartOf":{"@id":"https:\/\/lesvolcansnews.net\/#website"},"primaryImageOfPage":{"@id":"https:\/\/lesvolcansnews.net\/?p=71945#primaryimage"},"image":{"@id":"https:\/\/lesvolcansnews.net\/?p=71945#primaryimage"},"thumbnailUrl":"https:\/\/lesvolcansnews.net\/wp-content\/uploads\/2026\/01\/Polish_20250702_113303140-scaled-1.jpg","datePublished":"2026-01-12T16:00:58+00:00","author":{"@id":"https:\/\/lesvolcansnews.net\/#\/schema\/person\/82c8bed2e77879ecf6cca63441f57354"},"breadcrumb":{"@id":"https:\/\/lesvolcansnews.net\/?p=71945#breadcrumb"},"inLanguage":"fr-FR","potentialAction":[{"@type":"ReadAction","target":["https:\/\/lesvolcansnews.net\/?p=71945"]}]},{"@type":"ImageObject","inLanguage":"fr-FR","@id":"https:\/\/lesvolcansnews.net\/?p=71945#primaryimage","url":"https:\/\/lesvolcansnews.net\/wp-content\/uploads\/2026\/01\/Polish_20250702_113303140-scaled-1.jpg","contentUrl":"https:\/\/lesvolcansnews.net\/wp-content\/uploads\/2026\/01\/Polish_20250702_113303140-scaled-1.jpg","width":1520,"height":855},{"@type":"BreadcrumbList","@id":"https:\/\/lesvolcansnews.net\/?p=71945#breadcrumb","itemListElement":[{"@type":"ListItem","position":1,"name":"Accueil","item":"https:\/\/lesvolcansnews.net\/"},{"@type":"ListItem","position":2,"name":"\u00c9ducation : la rentr\u00e9e du deuxi\u00e8me trimestre report\u00e9e au 19 janvier dans le Kwilu 2"}]},{"@type":"WebSite","@id":"https:\/\/lesvolcansnews.net\/#website","url":"https:\/\/lesvolcansnews.net\/","name":"LES VOLCANS NEWS","description":"L&#039;INFORMATION C&#039;EST NOUS","potentialAction":[{"@type":"SearchAction","target":{"@type":"EntryPoint","urlTemplate":"https:\/\/lesvolcansnews.net\/?s={search_term_string}"},"query-input":{"@type":"PropertyValueSpecification","valueRequired":true,"valueName":"search_term_string"}}],"inLanguage":"fr-FR"},{"@type":"Person","@id":"https:\/\/lesvolcansnews.net\/#\/schema\/person\/82c8bed2e77879ecf6cca63441f57354","name":"R\u00e9daction - Les Volcans News","image":{"@type":"ImageObject","inLanguage":"fr-FR","@id":"https:\/\/secure.gravatar.com\/avatar\/8408942dd851e8a9c09f3d382a661bc05d2b3cd9002139bc1795b9528cdc6c80?s=96&d=mm&r=g","url":"https:\/\/secure.gravatar.com\/avatar\/8408942dd851e8a9c09f3d382a661bc05d2b3cd9002139bc1795b9528cdc6c80?s=96&d=mm&r=g","contentUrl":"https:\/\/secure.gravatar.com\/avatar\/8408942dd851e8a9c09f3d382a661bc05d2b3cd9002139bc1795b9528cdc6c80?s=96&d=mm&r=g","caption":"R\u00e9daction - Les Volcans News"},"url":"https:\/\/lesvolcansnews.net\/?author=14"}]}},"_links":{"self":[{"href":"https:\/\/lesvolcansnews.net\/index.php?rest_route=\/wp\/v2\/posts\/71945","targetHints":{"allow":["GET"]}}],"collection":[{"href":"https:\/\/lesvolcansnews.net\/index.php?rest_route=\/wp\/v2\/posts"}],"about":[{"href":"https:\/\/lesvolcansnews.net\/index.php?rest_route=\/wp\/v2\/types\/post"}],"author":[{"embeddable":true,"href":"https:\/\/lesvolcansnews.net\/index.php?rest_route=\/wp\/v2\/users\/14"}],"replies":[{"embeddable":true,"href":"https:\/\/lesvolcansnews.net\/index.php?rest_route=%2Fwp%2Fv2%2Fcomments&post=71945"}],"version-history":[{"count":0,"href":"https:\/\/lesvolcansnews.net\/index.php?rest_route=\/wp\/v2\/posts\/71945\/revisions"}],"wp:featuredmedia":[{"embeddable":true,"href":"https:\/\/lesvolcansnews.net\/index.php?rest_route=\/wp\/v2\/media\/71944"}],"wp:attachment":[{"href":"https:\/\/lesvolcansnews.net\/index.php?rest_route=%2Fwp%2Fv2%2Fmedia&parent=71945"}],"wp:term":[{"taxonomy":"category","embeddable":true,"href":"https:\/\/lesvolcansnews.net\/index.php?rest_route=%2Fwp%2Fv2%2Fcategories&post=71945"},{"taxonomy":"post_tag","embeddable":true,"href":"https:\/\/lesvolcansnews.net\/index.php?rest_route=%2Fwp%2Fv2%2Ftags&post=71945"}],"curies":[{"name":"wp","href":"https:\/\/api.w.org\/{rel}","templated":true}]}}